{"id":2127584,"date":"2026-09-03T14:22:09","date_gmt":"2026-09-03T11:22:09","guid":{"rendered":"https:\/\/analyse.optim.biz\/?p=2127584"},"modified":"2026-09-03T14:22:09","modified_gmt":"2026-09-03T11:22:09","slug":"exclusiv-toate-cele-600-de-oi-din-focarul-de-variola-vor-fi-ucise-proprietarul-este-distrus-o-nenorocire-nu-stiu-daca-o-sa-o-iau-de-la-capat","status":"publish","type":"post","link":"https:\/\/analyse.optim.biz\/?p=2127584","title":{"rendered":"EXCLUSIV: Toate cele 600 de oi din focarul de variol\u0103 vor fi ucise. Proprietarul este distrus: \u201eO nenorocire. Nu \u0219tiu dac\u0103 o s\u0103 o iau de la cap\u0103t\u201d"},"content":{"rendered":"<p>[analyse_image type=&#8221;featured&#8221; src=&#8221;https:\/\/sansanews.ro\/wp-content\/uploads\/2026\/09\/WhatsApp-Image-2026-06-26-at-06.19.18.jpeghttps:\/\/sansanews.ro\/wp-content\/uploads\/2026\/09\/WhatsApp-Image-2026-06-26-at-06.19.18.jpeg&#8221;]<\/p>\n<div class=\"entry-content herald-entry-content\">\n<div class=\"herald-ad herald-ad-above-single\"><a href=\"https:\/\/buzau.21k.ro\/\"><img loading=\"lazy\" decoding=\"async\" src=\"https:\/\/sansanews.ro\/wp-content\/uploads\/2026\/08\/300x300-k21.gif\" alt width=\"300\" height=\"300\" class=\"aligncenter size-full wp-image-124436\"><\/a><\/div>\n<p>Toate cele 600 de oi din focarul de variol\u0103 de la<br \/>\nLuciu vor fi ucise m\u00e2ine. Proprietarul este distrus \u0219i spune c\u0103 animalele<br \/>\nreprezint\u0103 pasiunea pe care familia sa o duce mai departe de trei genera\u021bii.<br \/>\nB\u0103rbatul a povestit, pentru SansaNews, c\u0103 a cerut autorit\u0103\u021bilor s\u0103 \u00eei permit\u0103<br \/>\ns\u0103 \u021bin\u0103 animalele \u00een carantin\u0103 cel pu\u021bin o lun\u0103, \u00een speran\u021ba c\u0103 le-ar putea<br \/>\nsalva, \u00eens\u0103 solicitarea nu a fost acceptat\u0103. Astfel, m\u00e2ine echipele de medici<br \/>\nveterinari se vor deplasa la Luciu pentru a pune \u00een aplicare decizia Comitetului<br \/>\nLocal de Combatere a Bolilor.<\/p>\n<blockquote class=\"wp-block-quote\">\n<p>\u201eSe aprob\u0103 uciderea ovinelor \u0219i caprinelor din exploata\u021bia afectat\u0103 de \u00eendat\u0103, sub control oficial \u0219i \u00eentr-un mod prin care s\u0103 se evite orice risc de propagare a virusului \u00een timpul uciderii\u201d, se arat\u0103 \u00een decizia Comitetului Local de Combatere a Bolilor.<\/p>\n<\/blockquote>\n<h4>Primele dou\u0103 oi bolnave au fost g\u0103site duminic\u0103<\/h4>\n<p>Marian Constanda, proprietarul animalelor, spune c\u0103<br \/>\nprimele semne de boal\u0103 au ap\u0103rut duminic\u0103, la dou\u0103 oi. Imediat, cresc\u0103torul a<br \/>\nprocedat ca la carte. A separate animalele bolnave de cele s\u0103n\u0103toase, a anun\u021bat<br \/>\nmedicul veterinar care a recoltat probe pentru analizele de laborator.<\/p>\n<blockquote class=\"wp-block-quote\">\n<p>\u201eDe duminic\u0103 am b\u0103gat de seama la dou\u0103 oi. Le-am b\u0103gat \u00een carantin\u0103, am sunat doctorul s\u0103 le ia din prip\u0103, le-a luat analize, le-a trimis la DSV, DSV-ul le-a trimis la laborator \u0219i au depistat variola. Eu am cerut s\u0103 le bage \u00een carantin\u0103, s\u0103 am posibilitatea s\u0103 le \u021bin separate, s\u0103 le cump\u0103r m\u00e2ncare, s\u0103 le pun ap\u0103 \u0219i s\u0103 \u00eencerc s\u0103 le salvez. Nu au vrut s\u0103 m\u0103 lase \u0219i acum, pentru dou\u0103 oi care au fost bolnave, trebuie s\u0103 le omoare pe toate\u201d, a spus Marian Constanda.<\/p>\n<\/blockquote>\n<p>Cresc\u0103torul a povestit c\u0103 \u00een exploata\u021bie sunt doar<br \/>\nanimalele familiei \u0219i c\u0103 acestea nu erau crescute pentru v\u00e2nzare sau pentru o<br \/>\nafacere. Cre\u0219terea oilor este o activitate pe care spune c\u0103 a preluat-o de la<br \/>\ntat\u0103l s\u0103u \u0219i pe care o continu\u0103 \u00eempreun\u0103 cu familia sa.<\/p>\n<blockquote class=\"wp-block-quote\">\n<p>\u201eDe trei genera\u021bii le cre\u0219tem. Tata le are de foarte mult timp, de la tata le-am luat \u0219i eu, iar eu \u0219i cu b\u0103iatul am stat toat\u0103 vara la ele. Le cre\u0219tem pentru noi, pentru pasiunea noastr\u0103, nu pentru afacere, nu pentru v\u00e2nzare, nu pentru nimic. Astea sunt toate animalele noastre\u201d, a declarat proprietarul.<\/p>\n<\/blockquote>\n<h4>\u201dP\u00e2n\u0103 nu d\u0103 vaccinul nu mai investesc\u201d<\/h4>\n<p>Vestea c\u0103 toate animalele \u00eei vor fi omor\u00e2te l-a<br \/>\ndobor\u00e2t. B\u0103rbatul m\u0103rturi\u0219este c\u0103 pierderea este foarte mare \u0219i este hot\u0103r\u00e2t s\u0103<br \/>\nnu mai investeasc\u0103 \u00een cre\u0219terea oilor, cel pu\u021bin p\u00e2n\u0103 nu va exista un vaccin.<\/p>\n<blockquote class=\"wp-block-quote\">\n<p>\u201eO nenorocire. Astea sunt toate animalele. Animalele s\u0103n\u0103toase. Pentru c\u0103 dou\u0103 au fost bolnave \u0219i, \u00een loc s\u0103 fie \u021binute \u00een carantin\u0103, trebuie s\u0103 le omoare pe toate. Eu nu am vrut bani, nu am vrut desp\u0103gubiri \u00een primul r\u00e2nd. Eu am vrut s\u0103 \u00eemi lase animalele, s\u0103 le pun \u00een carantin\u0103 \u0219i s\u0103 \u00eencerc s\u0103 le tratez. Mi s-a spus c\u0103 voi primi desp\u0103gubiri, dar nu \u0219tiu cum \u0219i c\u00e2nd (\u2026) Noi am cheltuit 50.000 de lei pe sezon. Cump\u0103r porumb, cump\u0103r tot ce trebuie pentru ele. Le-am crescut pentru noi, am b\u0103gat bani \u00een ele \u0219i acum r\u0103m\u00e2n f\u0103r\u0103 toate. Nu \u0219tiu dac\u0103 o s\u0103 o iau de la cap\u0103t. P\u00e2n\u0103 nu d\u0103 vaccinul, p\u00e2n\u0103 nu \u0219tiu c\u0103 nu mai sunt focare, nu mai investesc bani, c\u0103 r\u0103m\u00e2i \u0219i f\u0103r\u0103 animale. Degeaba cump\u0103r, dac\u0103 apar iar focare \u0219i mor animalele. Astea au fost animalele noastre, le-am crescut din pasiune, de trei genera\u021bii. Acum le pierdem pe toate\u201d, a spus Marian Constanda.<\/p>\n<\/blockquote>\n<p>Marian Constanda sus\u021bine c\u0103 nu \u0219tie cu certitudine de<br \/>\nunde a ajuns virusul \u00een exploata\u021bia sa, dar spune c\u0103 suspecteaz\u0103 animalele<br \/>\ns\u0103lbatice \u0219i p\u0103s\u0103rile. <\/p>\n<blockquote class=\"wp-block-quote\">\n<p>\u201eLa \u0219acal, la p\u0103s\u0103ri, eu b\u0103nuiesc c\u0103 de acolo. (\u2026) Toate st\u00e2nele de aici sunt pe malul C\u0103lm\u0103\u021buiului, iar pe acolo umbl\u0103 \u0219i p\u0103s\u0103rile, \u0219i \u0219acalii. Eu cred c\u0103 a\u0219a se poate duce dintr-o st\u00e2n\u0103 \u00een alta\u201d, a spus Marian Constanda.<\/p>\n<\/blockquote>\n<h4>Posibil alt focar la st\u00e2na vecin\u0103<\/h4>\n<p>Marian Constanda a povestit c\u0103 oile lui erau scoase la<br \/>\np\u0103\u0219unat pe p\u0103\u0219unea comunal\u0103, unde sunt \u0219i alte efective. B\u0103rbatul spune c\u0103 un<br \/>\nalt cresc\u0103tor din zon\u0103 a anun\u021bat, la r\u00e2ndul s\u0103u, probleme la un efectiv de<br \/>\naproximativ 400 de oi.<\/p>\n<blockquote class=\"wp-block-quote\">\n<p>\u201eLe e fric\u0103 \u0219i celorlal\u021bi, pentru c\u0103 deja a declarat \u0219i el. Ieri, un vecin din st\u00e2n\u0103 a declarat \u0219i el. Are vreo 400 de oi. Noi suntem aici la gr\u0103mad\u0103, avem p\u0103\u0219unea comunal\u0103 \u0219i suntem to\u021bi \u00een aceea\u0219i zon\u0103. De aceea este \u0219i mai mare problema, pentru c\u0103 sunt multe animale \u00een zon\u0103\u201d, a spus proprietarul.<\/p>\n<\/blockquote>\n<p>\u00cen urma confirm\u0103rii focarului, autorit\u0103\u021bile<br \/>\nsanitar-veterinare au stabilit o zon\u0103 de protec\u021bie cu o raz\u0103 de minimum 5<br \/>\nkilometri \u00een jurul focarului \u0219i o zon\u0103 de supraveghere de 20 de kilometri, care<br \/>\ninclude zona de protec\u021bie. <\/p>\n<div class=\"meta-tags\"><span>Etichete<\/span><a href=\"https:\/\/sansanews.ro\/tag\/focar-variola-buzau\/\" rel=\"tag\">focar variola buzau<\/a><a href=\"https:\/\/sansanews.ro\/tag\/stana-focar\/\" rel=\"tag\">stana focar<\/a><a href=\"https:\/\/sansanews.ro\/tag\/variola-buzau\/\" rel=\"tag\">variola buzau<\/a><\/div>\n<div class=\"herald-share-content\">\n<div class=\"meks_ess rectangle no-labels outline\"><a class=\"meks_ess-item socicon-facebook\" data-url=\"http:\/\/www.facebook.com\/sharer\/sharer.php?u=https%3A%2F%2Fsansanews.ro%2Fexclusiv-toate-cele-600-de-oi-din-focarul-de-variola-vor-fi-ucise-proprietarul-este-distrus-o-nenorocire-nu-stiu-daca-o-sa-o-iau-de-la-capat%2F&amp;t=EXCLUSIV%3A%20Toate%20cele%20600%20de%20oi%20din%20focarul%20de%20variol%C4%83%20vor%20fi%20ucise.%20Proprietarul%20este%20distrus%3A%20%E2%80%9EO%20nenorocire.%20Nu%20%C8%99tiu%20dac%C4%83%20o%20s%C4%83%20o%20iau%20de%20la%20cap%C4%83t%E2%80%9D\"><span>Facebook<\/span><\/a><a href=\"https:\/\/api.whatsapp.com\/send?text=EXCLUSIV%3A%20Toate%20cele%20600%20de%20oi%20din%20focarul%20de%20variol%C4%83%20vor%20fi%20ucise.%20Proprietarul%20este%20distrus%3A%20%E2%80%9EO%20nenorocire.%20Nu%20%C8%99tiu%20dac%C4%83%20o%20s%C4%83%20o%20iau%20de%20la%20cap%C4%83t%E2%80%9D%20https%3A%2F%2Fsansanews.ro%2Fexclusiv-toate-cele-600-de-oi-din-focarul-de-variola-vor-fi-ucise-proprietarul-este-distrus-o-nenorocire-nu-stiu-daca-o-sa-o-iau-de-la-capat%2F\" class=\"meks_ess-item socicon-whatsapp prevent-share-popup\"><span>WhatsApp<\/span><\/a><a class=\"meks_ess-item socicon-twitter\" data-url=\"http:\/\/twitter.com\/intent\/tweet?url=https%3A%2F%2Fsansanews.ro%2Fexclusiv-toate-cele-600-de-oi-din-focarul-de-variola-vor-fi-ucise-proprietarul-este-distrus-o-nenorocire-nu-stiu-daca-o-sa-o-iau-de-la-capat%2F&amp;text=EXCLUSIV%3A%20Toate%20cele%20600%20de%20oi%20din%20focarul%20de%20variol%C4%83%20vor%20fi%20ucise.%20Proprietarul%20este%20distrus%3A%20%E2%80%9EO%20nenorocire.%20Nu%20%C8%99tiu%20dac%C4%83%20o%20s%C4%83%20o%20iau%20de%20la%20cap%C4%83t%E2%80%9D\"><span>Twitter<\/span><\/a><a class=\"meks_ess-item socicon-pinterest\" data-url=\"http:\/\/pinterest.com\/pin\/create\/button\/?url=https%3A%2F%2Fsansanews.ro%2Fexclusiv-toate-cele-600-de-oi-din-focarul-de-variola-vor-fi-ucise-proprietarul-este-distrus-o-nenorocire-nu-stiu-daca-o-sa-o-iau-de-la-capat%2F&amp;media=https%3A%2F%2Fsansanews.ro%2Fwp-content%2Fuploads%2F2026%2F09%2FWhatsApp-Image-2026-06-26-at-06.19.18.jpeg&amp;description=EXCLUSIV%3A%20Toate%20cele%20600%20de%20oi%20din%20focarul%20de%20variol%C4%83%20vor%20fi%20ucise.%20Proprietarul%20este%20distrus%3A%20%E2%80%9EO%20nenorocire.%20Nu%20%C8%99tiu%20dac%C4%83%20o%20s%C4%83%20o%20iau%20de%20la%20cap%C4%83t%E2%80%9D\"><span>Pinterest<\/span><\/a><\/div>\n<\/div>\n<\/div>\n<div class=\"entry-content herald-entry-content\">\n<div class=\"herald-ad herald-ad-above-single\"><a href=\"https:\/\/buzau.21k.ro\/\"><img loading=\"lazy\" decoding=\"async\" src=\"https:\/\/sansanews.ro\/wp-content\/uploads\/2026\/08\/300x300-k21.gif\" alt width=\"300\" height=\"300\" class=\"aligncenter size-full wp-image-124436\"><\/a><\/div>\n<p>Toate cele 600 de oi din focarul de variol\u0103 de la<br \/>\nLuciu vor fi ucise m\u00e2ine. Proprietarul este distrus \u0219i spune c\u0103 animalele<br \/>\nreprezint\u0103 pasiunea pe care familia sa o duce mai departe de trei genera\u021bii.<br \/>\nB\u0103rbatul a povestit, pentru SansaNews, c\u0103 a cerut autorit\u0103\u021bilor s\u0103 \u00eei permit\u0103<br \/>\ns\u0103 \u021bin\u0103 animalele \u00een carantin\u0103 cel pu\u021bin o lun\u0103, \u00een speran\u021ba c\u0103 le-ar putea<br \/>\nsalva, \u00eens\u0103 solicitarea nu a fost acceptat\u0103. Astfel, m\u00e2ine echipele de medici<br \/>\nveterinari se vor deplasa la Luciu pentru a pune \u00een aplicare decizia Comitetului<br \/>\nLocal de Combatere a Bolilor.<\/p>\n<blockquote class=\"wp-block-quote\">\n<p>\u201eSe aprob\u0103 uciderea ovinelor \u0219i caprinelor din exploata\u021bia afectat\u0103 de \u00eendat\u0103, sub control oficial \u0219i \u00eentr-un mod prin care s\u0103 se evite orice risc de propagare a virusului \u00een timpul uciderii\u201d, se arat\u0103 \u00een decizia Comitetului Local de Combatere a Bolilor.<\/p>\n<\/blockquote>\n<h4>Primele dou\u0103 oi bolnave au fost g\u0103site duminic\u0103<\/h4>\n<p>Marian Constanda, proprietarul animalelor, spune c\u0103<br \/>\nprimele semne de boal\u0103 au ap\u0103rut duminic\u0103, la dou\u0103 oi. Imediat, cresc\u0103torul a<br \/>\nprocedat ca la carte. A separate animalele bolnave de cele s\u0103n\u0103toase, a anun\u021bat<br \/>\nmedicul veterinar care a recoltat probe pentru analizele de laborator.<\/p>\n<blockquote class=\"wp-block-quote\">\n<p>\u201eDe duminic\u0103 am b\u0103gat de seama la dou\u0103 oi. Le-am b\u0103gat \u00een carantin\u0103, am sunat doctorul s\u0103 le ia din prip\u0103, le-a luat analize, le-a trimis la DSV, DSV-ul le-a trimis la laborator \u0219i au depistat variola. Eu am cerut s\u0103 le bage \u00een carantin\u0103, s\u0103 am posibilitatea s\u0103 le \u021bin separate, s\u0103 le cump\u0103r m\u00e2ncare, s\u0103 le pun ap\u0103 \u0219i s\u0103 \u00eencerc s\u0103 le salvez. Nu au vrut s\u0103 m\u0103 lase \u0219i acum, pentru dou\u0103 oi care au fost bolnave, trebuie s\u0103 le omoare pe toate\u201d, a spus Marian Constanda.<\/p>\n<\/blockquote>\n<p>Cresc\u0103torul a povestit c\u0103 \u00een exploata\u021bie sunt doar<br \/>\nanimalele familiei \u0219i c\u0103 acestea nu erau crescute pentru v\u00e2nzare sau pentru o<br \/>\nafacere. Cre\u0219terea oilor este o activitate pe care spune c\u0103 a preluat-o de la<br \/>\ntat\u0103l s\u0103u \u0219i pe care o continu\u0103 \u00eempreun\u0103 cu familia sa.<\/p>\n<blockquote class=\"wp-block-quote\">\n<p>\u201eDe trei genera\u021bii le cre\u0219tem. Tata le are de foarte mult timp, de la tata le-am luat \u0219i eu, iar eu \u0219i cu b\u0103iatul am stat toat\u0103 vara la ele. Le cre\u0219tem pentru noi, pentru pasiunea noastr\u0103, nu pentru afacere, nu pentru v\u00e2nzare, nu pentru nimic. Astea sunt toate animalele noastre\u201d, a declarat proprietarul.<\/p>\n<\/blockquote>\n<h4>\u201dP\u00e2n\u0103 nu d\u0103 vaccinul nu mai investesc\u201d<\/h4>\n<p>Vestea c\u0103 toate animalele \u00eei vor fi omor\u00e2te l-a<br \/>\ndobor\u00e2t. B\u0103rbatul m\u0103rturi\u0219este c\u0103 pierderea este foarte mare \u0219i este hot\u0103r\u00e2t s\u0103<br \/>\nnu mai investeasc\u0103 \u00een cre\u0219terea oilor, cel pu\u021bin p\u00e2n\u0103 nu va exista un vaccin.<\/p>\n<blockquote class=\"wp-block-quote\">\n<p>\u201eO nenorocire. Astea sunt toate animalele. Animalele s\u0103n\u0103toase. Pentru c\u0103 dou\u0103 au fost bolnave \u0219i, \u00een loc s\u0103 fie \u021binute \u00een carantin\u0103, trebuie s\u0103 le omoare pe toate. Eu nu am vrut bani, nu am vrut desp\u0103gubiri \u00een primul r\u00e2nd. Eu am vrut s\u0103 \u00eemi lase animalele, s\u0103 le pun \u00een carantin\u0103 \u0219i s\u0103 \u00eencerc s\u0103 le tratez. Mi s-a spus c\u0103 voi primi desp\u0103gubiri, dar nu \u0219tiu cum \u0219i c\u00e2nd (\u2026) Noi am cheltuit 50.000 de lei pe sezon. Cump\u0103r porumb, cump\u0103r tot ce trebuie pentru ele. Le-am crescut pentru noi, am b\u0103gat bani \u00een ele \u0219i acum r\u0103m\u00e2n f\u0103r\u0103 toate. Nu \u0219tiu dac\u0103 o s\u0103 o iau de la cap\u0103t. P\u00e2n\u0103 nu d\u0103 vaccinul, p\u00e2n\u0103 nu \u0219tiu c\u0103 nu mai sunt focare, nu mai investesc bani, c\u0103 r\u0103m\u00e2i \u0219i f\u0103r\u0103 animale. Degeaba cump\u0103r, dac\u0103 apar iar focare \u0219i mor animalele. Astea au fost animalele noastre, le-am crescut din pasiune, de trei genera\u021bii. Acum le pierdem pe toate\u201d, a spus Marian Constanda.<\/p>\n<\/blockquote>\n<p>Marian Constanda sus\u021bine c\u0103 nu \u0219tie cu certitudine de<br \/>\nunde a ajuns virusul \u00een exploata\u021bia sa, dar spune c\u0103 suspecteaz\u0103 animalele<br \/>\ns\u0103lbatice \u0219i p\u0103s\u0103rile. <\/p>\n<blockquote class=\"wp-block-quote\">\n<p>\u201eLa \u0219acal, la p\u0103s\u0103ri, eu b\u0103nuiesc c\u0103 de acolo. (\u2026) Toate st\u00e2nele de aici sunt pe malul C\u0103lm\u0103\u021buiului, iar pe acolo umbl\u0103 \u0219i p\u0103s\u0103rile, \u0219i \u0219acalii. Eu cred c\u0103 a\u0219a se poate duce dintr-o st\u00e2n\u0103 \u00een alta\u201d, a spus Marian Constanda.<\/p>\n<\/blockquote>\n<h4>Posibil alt focar la st\u00e2na vecin\u0103<\/h4>\n<p>Marian Constanda a povestit c\u0103 oile lui erau scoase la<br \/>\np\u0103\u0219unat pe p\u0103\u0219unea comunal\u0103, unde sunt \u0219i alte efective. B\u0103rbatul spune c\u0103 un<br \/>\nalt cresc\u0103tor din zon\u0103 a anun\u021bat, la r\u00e2ndul s\u0103u, probleme la un efectiv de<br \/>\naproximativ 400 de oi.<\/p>\n<blockquote class=\"wp-block-quote\">\n<p>\u201eLe e fric\u0103 \u0219i celorlal\u021bi, pentru c\u0103 deja a declarat \u0219i el. Ieri, un vecin din st\u00e2n\u0103 a declarat \u0219i el. Are vreo 400 de oi. Noi suntem aici la gr\u0103mad\u0103, avem p\u0103\u0219unea comunal\u0103 \u0219i suntem to\u021bi \u00een aceea\u0219i zon\u0103. De aceea este \u0219i mai mare problema, pentru c\u0103 sunt multe animale \u00een zon\u0103\u201d, a spus proprietarul.<\/p>\n<\/blockquote>\n<p>\u00cen urma confirm\u0103rii focarului, autorit\u0103\u021bile<br \/>\nsanitar-veterinare au stabilit o zon\u0103 de protec\u021bie cu o raz\u0103 de minimum 5<br \/>\nkilometri \u00een jurul focarului \u0219i o zon\u0103 de supraveghere de 20 de kilometri, care<br \/>\ninclude zona de protec\u021bie. <\/p>\n<div class=\"meta-tags\"><span>Etichete<\/span><a href=\"https:\/\/sansanews.ro\/tag\/focar-variola-buzau\/\" rel=\"tag\">focar variola buzau<\/a><a href=\"https:\/\/sansanews.ro\/tag\/stana-focar\/\" rel=\"tag\">stana focar<\/a><a href=\"https:\/\/sansanews.ro\/tag\/variola-buzau\/\" rel=\"tag\">variola buzau<\/a><\/div>\n<div class=\"herald-share-content\">\n<div class=\"meks_ess rectangle no-labels outline\"><a class=\"meks_ess-item socicon-facebook\" data-url=\"http:\/\/www.facebook.com\/sharer\/sharer.php?u=https%3A%2F%2Fsansanews.ro%2Fexclusiv-toate-cele-600-de-oi-din-focarul-de-variola-vor-fi-ucise-proprietarul-este-distrus-o-nenorocire-nu-stiu-daca-o-sa-o-iau-de-la-capat%2F&amp;t=EXCLUSIV%3A%20Toate%20cele%20600%20de%20oi%20din%20focarul%20de%20variol%C4%83%20vor%20fi%20ucise.%20Proprietarul%20este%20distrus%3A%20%E2%80%9EO%20nenorocire.%20Nu%20%C8%99tiu%20dac%C4%83%20o%20s%C4%83%20o%20iau%20de%20la%20cap%C4%83t%E2%80%9D\"><span>Facebook<\/span><\/a><a href=\"https:\/\/api.whatsapp.com\/send?text=EXCLUSIV%3A%20Toate%20cele%20600%20de%20oi%20din%20focarul%20de%20variol%C4%83%20vor%20fi%20ucise.%20Proprietarul%20este%20distrus%3A%20%E2%80%9EO%20nenorocire.%20Nu%20%C8%99tiu%20dac%C4%83%20o%20s%C4%83%20o%20iau%20de%20la%20cap%C4%83t%E2%80%9D%20https%3A%2F%2Fsansanews.ro%2Fexclusiv-toate-cele-600-de-oi-din-focarul-de-variola-vor-fi-ucise-proprietarul-este-distrus-o-nenorocire-nu-stiu-daca-o-sa-o-iau-de-la-capat%2F\" class=\"meks_ess-item socicon-whatsapp prevent-share-popup\"><span>WhatsApp<\/span><\/a><a class=\"meks_ess-item socicon-twitter\" data-url=\"http:\/\/twitter.com\/intent\/tweet?url=https%3A%2F%2Fsansanews.ro%2Fexclusiv-toate-cele-600-de-oi-din-focarul-de-variola-vor-fi-ucise-proprietarul-este-distrus-o-nenorocire-nu-stiu-daca-o-sa-o-iau-de-la-capat%2F&amp;text=EXCLUSIV%3A%20Toate%20cele%20600%20de%20oi%20din%20focarul%20de%20variol%C4%83%20vor%20fi%20ucise.%20Proprietarul%20este%20distrus%3A%20%E2%80%9EO%20nenorocire.%20Nu%20%C8%99tiu%20dac%C4%83%20o%20s%C4%83%20o%20iau%20de%20la%20cap%C4%83t%E2%80%9D\"><span>Twitter<\/span><\/a><a class=\"meks_ess-item socicon-pinterest\" data-url=\"http:\/\/pinterest.com\/pin\/create\/button\/?url=https%3A%2F%2Fsansanews.ro%2Fexclusiv-toate-cele-600-de-oi-din-focarul-de-variola-vor-fi-ucise-proprietarul-este-distrus-o-nenorocire-nu-stiu-daca-o-sa-o-iau-de-la-capat%2F&amp;media=https%3A%2F%2Fsansanews.ro%2Fwp-content%2Fuploads%2F2026%2F09%2FWhatsApp-Image-2026-06-26-at-06.19.18.jpeg&amp;description=EXCLUSIV%3A%20Toate%20cele%20600%20de%20oi%20din%20focarul%20de%20variol%C4%83%20vor%20fi%20ucise.%20Proprietarul%20este%20distrus%3A%20%E2%80%9EO%20nenorocire.%20Nu%20%C8%99tiu%20dac%C4%83%20o%20s%C4%83%20o%20iau%20de%20la%20cap%C4%83t%E2%80%9D\"><span>Pinterest<\/span><\/a><\/div>\n<\/div>\n<\/div>\n<p>[analyse_source url=&#8221;https:\/\/sansanews.ro\/exclusiv-toate-cele-600-de-oi-din-focarul-de-variola-vor-fi-ucise-proprietarul-este-distrus-o-nenorocire-nu-stiu-daca-o-sa-o-iau-de-la-capat\/&#8221;]<\/p>\n","protected":false},"excerpt":{"rendered":"<p>[analyse_image type=&#8221;featured&#8221; src=&#8221;https:\/\/sansanews.ro\/wp-content\/uploads\/2026\/09\/WhatsApp-Image-2026-06-26-at-06.19.18.jpeghttps:\/\/sansanews.ro\/wp-content\/uploads\/2026\/09\/WhatsApp-Image-2026-06-26-at-06.19.18.jpeg&#8221;] Toate cele 600 de oi din focarul de variol\u0103 de la Luciu vor fi ucise m\u00e2ine. Proprietarul este distrus \u0219i spune c\u0103 animalele reprezint\u0103 pasiunea pe care familia sa o duce mai departe de trei genera\u021bii. B\u0103rbatul a povestit, pentru SansaNews, c\u0103 a cerut autorit\u0103\u021bilor s\u0103 \u00eei permit\u0103 s\u0103 \u021bin\u0103 animalele \u00een [&hellip;]<\/p>\n","protected":false},"author":1,"featured_media":0,"comment_status":"open","ping_status":"","sticky":false,"template":"","format":"standard","meta":{"footnotes":""},"categories":[2],"tags":[226,51],"class_list":["post-2127584","post","type-post","status-publish","format-standard","hentry","category-politics","tag-crawlmanager","tag-sansanews-ro"],"_links":{"self":[{"href":"https:\/\/analyse.optim.biz\/index.php?rest_route=\/wp\/v2\/posts\/2127584","targetHints":{"allow":["GET"]}}],"collection":[{"href":"https:\/\/analyse.optim.biz\/index.php?rest_route=\/wp\/v2\/posts"}],"about":[{"href":"https:\/\/analyse.optim.biz\/index.php?rest_route=\/wp\/v2\/types\/post"}],"author":[{"embeddable":true,"href":"https:\/\/analyse.optim.biz\/index.php?rest_route=\/wp\/v2\/users\/1"}],"replies":[{"embeddable":true,"href":"https:\/\/analyse.optim.biz\/index.php?rest_route=%2Fwp%2Fv2%2Fcomments&post=2127584"}],"version-history":[{"count":0,"href":"https:\/\/analyse.optim.biz\/index.php?rest_route=\/wp\/v2\/posts\/2127584\/revisions"}],"wp:attachment":[{"href":"https:\/\/analyse.optim.biz\/index.php?rest_route=%2Fwp%2Fv2%2Fmedia&parent=2127584"}],"wp:term":[{"taxonomy":"category","embeddable":true,"href":"https:\/\/analyse.optim.biz\/index.php?rest_route=%2Fwp%2Fv2%2Fcategories&post=2127584"},{"taxonomy":"post_tag","embeddable":true,"href":"https:\/\/analyse.optim.biz\/index.php?rest_route=%2Fwp%2Fv2%2Ftags&post=2127584"}],"curies":[{"name":"wp","href":"https:\/\/api.w.org\/{rel}","templated":true}]}}