{"id":2127582,"date":"2026-09-04T08:10:12","date_gmt":"2026-09-04T05:10:12","guid":{"rendered":"https:\/\/analyse.optim.biz\/?p=2127582"},"modified":"2026-09-04T08:10:12","modified_gmt":"2026-09-04T05:10:12","slug":"surpriza-pe-care-ne-o-rezerva-vremea-in-weekend-meteorologii-au-emis-cod-galben","status":"publish","type":"post","link":"https:\/\/analyse.optim.biz\/?p=2127582","title":{"rendered":"Surpriza pe care ne-o rezerv\u0103 vremea \u00een weekend. Meteorologii au emis Cod Galben"},"content":{"rendered":"<p>[analyse_image type=&#8221;featured&#8221; src=&#8221;https:\/\/sansanews.ro\/wp-content\/uploads\/2026\/09\/cod-galben.pnghttps:\/\/sansanews.ro\/wp-content\/uploads\/2026\/09\/cod-galben.png&#8221;]<\/p>\n<div class=\"entry-content herald-entry-content\">\n<div class=\"herald-ad herald-ad-above-single\"><a href=\"https:\/\/buzau.21k.ro\/\"><img loading=\"lazy\" decoding=\"async\" src=\"https:\/\/sansanews.ro\/wp-content\/uploads\/2026\/08\/300x300-k21.gif\" alt width=\"300\" height=\"300\" class=\"aligncenter size-full wp-image-124436\"><\/a><\/div>\n<p>A trecut aproape o s\u0103pt\u0103m\u00e2n\u0103 din septembrie, dar vara \u00eenc\u0103 nu se d\u0103 dus\u0103. Iar weekendul care urmeaz\u0103 va fi unul autentic de var\u0103, cu temperaturi caniculare.<\/p>\n<p>Meteorologii<br \/>\nau emis, de altfel, o avertizare Cod Galben de canicul\u0103 \u0219i disconfort termic<br \/>\nridicat pentru aproape toat\u0103 \u021bara, inclusiv pentru jude\u021bul Buz\u0103u. Avertizarea<br \/>\nva fi valabil\u0103 m\u00e2ine, de la 10.00 la 21.00.<\/p>\n<blockquote class=\"wp-block-quote\">\n<p>\u201cS\u00e2mb\u0103t\u0103 (5 septembrie) \u00een Banat, Oltenia, Muntenia, Dobrogea, cea mai mare parte a Moldovei, sudul Cri\u0219anei \u0219i al Transilvaniei, vor fi temperaturi deosebit de ridicate \u0219i local canicul\u0103. Disconfortul termic va fi ridicat, iar indicele temperatur\u0103-umezeal\u0103 (ITU) se va situa \u00een jurul pragului critic de 80 de unit\u0103\u021bi. Temperaturile maxime se vor situa \u00eentre 30 \u0219i 36 de grade, cu cele mai mari valori \u00een Banat \u0219i Oltenia.\u201d<\/p>\n<\/blockquote>\n<p> Meteorologii spun c\u0103 toat\u0103 luna septembrie va fi mai cald dec\u00e2t ar trebui. \u00cen plus, ploile se vor l\u0103sa a\u0219teptate.<\/p>\n<blockquote class=\"wp-block-quote\">\n<p>\u201c\u00cen prima lun\u0103 din aceast\u0103 toamn\u0103, din punctul de vedere al regimului de temperaturi, pentru fiecare din urm\u0103toarele patru s\u0103pt\u0103m\u00e2ni, a\u0219tept\u0103m temperaturi mai ridicate dec\u00e2t \u00een mod obi\u0219nuit, \u00een medie, cu cele mai ridicate valori de a\u0219teptat \u00een jum\u0103tatea de vest a t\u0103rii, acolo unde abateriile cele mai mari, de exemplu, \u00een s\u0103pt\u0103m\u00e2na 7-14 septembrie, pot fi de p\u00e2n\u0103 la 4-5 grade Celsius fa\u021b\u0103 de normalul termic al unei prime decade sau cel pu\u021bin p\u00e2n\u0103 la mijlocul lunii septembrie. Din p\u0103cate, se men\u021bine \u00een continuare pe ansamblu \u00a0\u0219i deficitul de precipita\u021bii\u201d, a anun\u021bat directorul ANM, Elena Mateescu.<\/p>\n<\/blockquote>\n<div class=\"meta-tags\"><span>Etichete<\/span><a href=\"https:\/\/sansanews.ro\/tag\/canicula\/\" rel=\"tag\">canicula<\/a><a href=\"https:\/\/sansanews.ro\/tag\/canicula-toamna\/\" rel=\"tag\">canicul\u0103 toamna<\/a><a href=\"https:\/\/sansanews.ro\/tag\/cod-galben-de-canicula\/\" rel=\"tag\">cod galben de canicula<\/a><\/div>\n<div class=\"herald-share-content\">\n<div class=\"meks_ess rectangle no-labels outline\"><a class=\"meks_ess-item socicon-facebook\" data-url=\"http:\/\/www.facebook.com\/sharer\/sharer.php?u=https%3A%2F%2Fsansanews.ro%2Fsurpriza-pe-care-ne-o-rezerva-vremea-in-weekend-meteorologii-au-emis-cod-galben%2F&amp;t=Surpriza%20pe%20care%20ne-o%20rezerv%C4%83%20vremea%20%C3%AEn%20weekend.%20Meteorologii%20au%20emis%20Cod%20Galben\"><span>Facebook<\/span><\/a><a href=\"https:\/\/api.whatsapp.com\/send?text=Surpriza%20pe%20care%20ne-o%20rezerv%C4%83%20vremea%20%C3%AEn%20weekend.%20Meteorologii%20au%20emis%20Cod%20Galben%20https%3A%2F%2Fsansanews.ro%2Fsurpriza-pe-care-ne-o-rezerva-vremea-in-weekend-meteorologii-au-emis-cod-galben%2F\" class=\"meks_ess-item socicon-whatsapp prevent-share-popup\"><span>WhatsApp<\/span><\/a><a class=\"meks_ess-item socicon-twitter\" data-url=\"http:\/\/twitter.com\/intent\/tweet?url=https%3A%2F%2Fsansanews.ro%2Fsurpriza-pe-care-ne-o-rezerva-vremea-in-weekend-meteorologii-au-emis-cod-galben%2F&amp;text=Surpriza%20pe%20care%20ne-o%20rezerv%C4%83%20vremea%20%C3%AEn%20weekend.%20Meteorologii%20au%20emis%20Cod%20Galben\"><span>Twitter<\/span><\/a><a class=\"meks_ess-item socicon-pinterest\" data-url=\"http:\/\/pinterest.com\/pin\/create\/button\/?url=https%3A%2F%2Fsansanews.ro%2Fsurpriza-pe-care-ne-o-rezerva-vremea-in-weekend-meteorologii-au-emis-cod-galben%2F&amp;media=https%3A%2F%2Fsansanews.ro%2Fwp-content%2Fuploads%2F2026%2F09%2Fcod-galben.png&amp;description=Surpriza%20pe%20care%20ne-o%20rezerv%C4%83%20vremea%20%C3%AEn%20weekend.%20Meteorologii%20au%20emis%20Cod%20Galben\"><span>Pinterest<\/span><\/a><\/div>\n<\/div>\n<\/div>\n<div class=\"entry-content herald-entry-content\">\n<div class=\"herald-ad herald-ad-above-single\"><a href=\"https:\/\/buzau.21k.ro\/\"><img loading=\"lazy\" decoding=\"async\" src=\"https:\/\/sansanews.ro\/wp-content\/uploads\/2026\/08\/300x300-k21.gif\" alt width=\"300\" height=\"300\" class=\"aligncenter size-full wp-image-124436\"><\/a><\/div>\n<p>A trecut aproape o s\u0103pt\u0103m\u00e2n\u0103 din septembrie, dar vara \u00eenc\u0103 nu se d\u0103 dus\u0103. Iar weekendul care urmeaz\u0103 va fi unul autentic de var\u0103, cu temperaturi caniculare.<\/p>\n<p>Meteorologii<br \/>\nau emis, de altfel, o avertizare Cod Galben de canicul\u0103 \u0219i disconfort termic<br \/>\nridicat pentru aproape toat\u0103 \u021bara, inclusiv pentru jude\u021bul Buz\u0103u. Avertizarea<br \/>\nva fi valabil\u0103 m\u00e2ine, de la 10.00 la 21.00.<\/p>\n<blockquote class=\"wp-block-quote\">\n<p>\u201cS\u00e2mb\u0103t\u0103 (5 septembrie) \u00een Banat, Oltenia, Muntenia, Dobrogea, cea mai mare parte a Moldovei, sudul Cri\u0219anei \u0219i al Transilvaniei, vor fi temperaturi deosebit de ridicate \u0219i local canicul\u0103. Disconfortul termic va fi ridicat, iar indicele temperatur\u0103-umezeal\u0103 (ITU) se va situa \u00een jurul pragului critic de 80 de unit\u0103\u021bi. Temperaturile maxime se vor situa \u00eentre 30 \u0219i 36 de grade, cu cele mai mari valori \u00een Banat \u0219i Oltenia.\u201d<\/p>\n<\/blockquote>\n<p> Meteorologii spun c\u0103 toat\u0103 luna septembrie va fi mai cald dec\u00e2t ar trebui. \u00cen plus, ploile se vor l\u0103sa a\u0219teptate.<\/p>\n<blockquote class=\"wp-block-quote\">\n<p>\u201c\u00cen prima lun\u0103 din aceast\u0103 toamn\u0103, din punctul de vedere al regimului de temperaturi, pentru fiecare din urm\u0103toarele patru s\u0103pt\u0103m\u00e2ni, a\u0219tept\u0103m temperaturi mai ridicate dec\u00e2t \u00een mod obi\u0219nuit, \u00een medie, cu cele mai ridicate valori de a\u0219teptat \u00een jum\u0103tatea de vest a t\u0103rii, acolo unde abateriile cele mai mari, de exemplu, \u00een s\u0103pt\u0103m\u00e2na 7-14 septembrie, pot fi de p\u00e2n\u0103 la 4-5 grade Celsius fa\u021b\u0103 de normalul termic al unei prime decade sau cel pu\u021bin p\u00e2n\u0103 la mijlocul lunii septembrie. Din p\u0103cate, se men\u021bine \u00een continuare pe ansamblu \u00a0\u0219i deficitul de precipita\u021bii\u201d, a anun\u021bat directorul ANM, Elena Mateescu.<\/p>\n<\/blockquote>\n<div class=\"meta-tags\"><span>Etichete<\/span><a href=\"https:\/\/sansanews.ro\/tag\/canicula\/\" rel=\"tag\">canicula<\/a><a href=\"https:\/\/sansanews.ro\/tag\/canicula-toamna\/\" rel=\"tag\">canicul\u0103 toamna<\/a><a href=\"https:\/\/sansanews.ro\/tag\/cod-galben-de-canicula\/\" rel=\"tag\">cod galben de canicula<\/a><\/div>\n<div class=\"herald-share-content\">\n<div class=\"meks_ess rectangle no-labels outline\"><a class=\"meks_ess-item socicon-facebook\" data-url=\"http:\/\/www.facebook.com\/sharer\/sharer.php?u=https%3A%2F%2Fsansanews.ro%2Fsurpriza-pe-care-ne-o-rezerva-vremea-in-weekend-meteorologii-au-emis-cod-galben%2F&amp;t=Surpriza%20pe%20care%20ne-o%20rezerv%C4%83%20vremea%20%C3%AEn%20weekend.%20Meteorologii%20au%20emis%20Cod%20Galben\"><span>Facebook<\/span><\/a><a href=\"https:\/\/api.whatsapp.com\/send?text=Surpriza%20pe%20care%20ne-o%20rezerv%C4%83%20vremea%20%C3%AEn%20weekend.%20Meteorologii%20au%20emis%20Cod%20Galben%20https%3A%2F%2Fsansanews.ro%2Fsurpriza-pe-care-ne-o-rezerva-vremea-in-weekend-meteorologii-au-emis-cod-galben%2F\" class=\"meks_ess-item socicon-whatsapp prevent-share-popup\"><span>WhatsApp<\/span><\/a><a class=\"meks_ess-item socicon-twitter\" data-url=\"http:\/\/twitter.com\/intent\/tweet?url=https%3A%2F%2Fsansanews.ro%2Fsurpriza-pe-care-ne-o-rezerva-vremea-in-weekend-meteorologii-au-emis-cod-galben%2F&amp;text=Surpriza%20pe%20care%20ne-o%20rezerv%C4%83%20vremea%20%C3%AEn%20weekend.%20Meteorologii%20au%20emis%20Cod%20Galben\"><span>Twitter<\/span><\/a><a class=\"meks_ess-item socicon-pinterest\" data-url=\"http:\/\/pinterest.com\/pin\/create\/button\/?url=https%3A%2F%2Fsansanews.ro%2Fsurpriza-pe-care-ne-o-rezerva-vremea-in-weekend-meteorologii-au-emis-cod-galben%2F&amp;media=https%3A%2F%2Fsansanews.ro%2Fwp-content%2Fuploads%2F2026%2F09%2Fcod-galben.png&amp;description=Surpriza%20pe%20care%20ne-o%20rezerv%C4%83%20vremea%20%C3%AEn%20weekend.%20Meteorologii%20au%20emis%20Cod%20Galben\"><span>Pinterest<\/span><\/a><\/div>\n<\/div>\n<\/div>\n<p>[analyse_source url=&#8221;https:\/\/sansanews.ro\/surpriza-pe-care-ne-o-rezerva-vremea-in-weekend-meteorologii-au-emis-cod-galben\/&#8221;]<\/p>\n","protected":false},"excerpt":{"rendered":"<p>[analyse_image type=&#8221;featured&#8221; src=&#8221;https:\/\/sansanews.ro\/wp-content\/uploads\/2026\/09\/cod-galben.pnghttps:\/\/sansanews.ro\/wp-content\/uploads\/2026\/09\/cod-galben.png&#8221;] A trecut aproape o s\u0103pt\u0103m\u00e2n\u0103 din septembrie, dar vara \u00eenc\u0103 nu se d\u0103 dus\u0103. Iar weekendul care urmeaz\u0103 va fi unul autentic de var\u0103, cu temperaturi caniculare. Meteorologii au emis, de altfel, o avertizare Cod Galben de canicul\u0103 \u0219i disconfort termic ridicat pentru aproape toat\u0103 \u021bara, inclusiv pentru jude\u021bul Buz\u0103u. Avertizarea va [&hellip;]<\/p>\n","protected":false},"author":1,"featured_media":0,"comment_status":"open","ping_status":"","sticky":false,"template":"","format":"standard","meta":{"footnotes":""},"categories":[2],"tags":[226,51],"class_list":["post-2127582","post","type-post","status-publish","format-standard","hentry","category-politics","tag-crawlmanager","tag-sansanews-ro"],"_links":{"self":[{"href":"https:\/\/analyse.optim.biz\/index.php?rest_route=\/wp\/v2\/posts\/2127582","targetHints":{"allow":["GET"]}}],"collection":[{"href":"https:\/\/analyse.optim.biz\/index.php?rest_route=\/wp\/v2\/posts"}],"about":[{"href":"https:\/\/analyse.optim.biz\/index.php?rest_route=\/wp\/v2\/types\/post"}],"author":[{"embeddable":true,"href":"https:\/\/analyse.optim.biz\/index.php?rest_route=\/wp\/v2\/users\/1"}],"replies":[{"embeddable":true,"href":"https:\/\/analyse.optim.biz\/index.php?rest_route=%2Fwp%2Fv2%2Fcomments&post=2127582"}],"version-history":[{"count":0,"href":"https:\/\/analyse.optim.biz\/index.php?rest_route=\/wp\/v2\/posts\/2127582\/revisions"}],"wp:attachment":[{"href":"https:\/\/analyse.optim.biz\/index.php?rest_route=%2Fwp%2Fv2%2Fmedia&parent=2127582"}],"wp:term":[{"taxonomy":"category","embeddable":true,"href":"https:\/\/analyse.optim.biz\/index.php?rest_route=%2Fwp%2Fv2%2Fcategories&post=2127582"},{"taxonomy":"post_tag","embeddable":true,"href":"https:\/\/analyse.optim.biz\/index.php?rest_route=%2Fwp%2Fv2%2Ftags&post=2127582"}],"curies":[{"name":"wp","href":"https:\/\/api.w.org\/{rel}","templated":true}]}}