{"id":212753,"date":"2014-02-11T23:37:00","date_gmt":"2014-02-11T20:37:00","guid":{"rendered":"https:\/\/analyse.optim.biz\/?p=212753"},"modified":"2014-02-11T23:37:00","modified_gmt":"2014-02-11T20:37:00","slug":"impartial-titus-corlatean-ministrii-liberali-au-fost-fortati-sa-demisioneze","status":"publish","type":"post","link":"https:\/\/analyse.optim.biz\/?p=212753","title":{"rendered":"IMPAR\u021aIAL. Titus Corl\u0103\u021bean: Mini\u0219trii liberali au fost for\u021ba\u021bi s\u0103 demisioneze"},"content":{"rendered":"<div class=\"entry data-app-meta data-app-meta-article\" data-embed-base-url-canonical=\"https:\/\/www.digi24.ro\/embed\/stiri\/actualitate\/politica\/impartial-titus-corlatean-ministrii-liberali-au-fost-fortati-sa-demisioneze-198911\">\n<p data-index=\"1\">\u201e<span>Dup\u0103 demisia lui Radu Stroe s-a ajuns &#8211; nu e responsabilitatea PSD &#8211; ca unii dintre mini\u0219trii liberali afla\u021bi \u00een func\u021bii importante, portofolii extrem de grele \u2013 finan\u021be, viceprim-ministru \u0219i economie, s\u0103 fie for\u021ba\u021bi s\u0103 \u00ee\u0219i dea demisiile. Altereaz\u0103 din echilibrul \u00een Guvrern, modul \u00een care func\u0163ion\u0103m\u201d, a spus Titus Corl\u0103\u021bean.<\/span><\/p>\n<p data-index=\"2\">Ministrul de Interne, Radu Stroe, Ministrul de Finan\u021be, Daniel Chi\u021boiu, \u0219i Ministrul Economiei, Andrei Gerea, to\u021bi liberali, au demisionat \u00een ultimele s\u0103pt\u0103m\u00e2ni.<\/p>\n<p data-index=\"3\">El a ad\u0103ugat c\u0103 a fost vorba despre o decizie politic\u0103 \u0219i c\u0103 mini\u0219trii demisionari nu au avut niciun moment dorin\u021ba de a-\u0219i p\u0103r\u0103si func\u021biile.<\/p>\n<p data-index=\"4\">\u201e<span>Sunt deranjat de faptul c\u0103 nu exist\u0103 continuitate \u00een continuarea func\u0163ion\u0103rii structurilor guvernamentale. Nu \u0219tiu cu cine pot s\u0103 lucrez \u00een tandem pe subiecte ce vizeaz\u0103 interesul Rom\u00e2niei\u201d, a spus ministrul.<\/span><\/p>\n<\/div>\n<p> Source URL: https:\/\/www.digi24.ro\/stiri\/actualitate\/politica\/impartial-titus-corlatean-ministrii-liberali-au-fost-fortati-sa-demisioneze-198911<\/p>\n","protected":false},"excerpt":{"rendered":"<p>\u201eDup\u0103 demisia lui Radu Stroe s-a ajuns &#8211; nu e responsabilitatea PSD &#8211; ca unii dintre mini\u0219trii liberali afla\u021bi \u00een func\u021bii importante, portofolii extrem de grele \u2013 finan\u021be, viceprim-ministru \u0219i economie, s\u0103 fie for\u021ba\u021bi s\u0103 \u00ee\u0219i dea demisiile. Altereaz\u0103 din echilibrul \u00een Guvrern, modul \u00een care func\u0163ion\u0103m\u201d, a spus Titus Corl\u0103\u021bean. Ministrul de Interne, Radu [&hellip;]<\/p>\n","protected":false},"author":1,"featured_media":212754,"comment_status":"open","ping_status":"","sticky":false,"template":"","format":"standard","meta":{"footnotes":""},"categories":[2],"tags":[11],"class_list":["post-212753","post","type-post","status-publish","format-standard","has-post-thumbnail","hentry","category-politics","tag-digi24"],"_links":{"self":[{"href":"https:\/\/analyse.optim.biz\/index.php?rest_route=\/wp\/v2\/posts\/212753","targetHints":{"allow":["GET"]}}],"collection":[{"href":"https:\/\/analyse.optim.biz\/index.php?rest_route=\/wp\/v2\/posts"}],"about":[{"href":"https:\/\/analyse.optim.biz\/index.php?rest_route=\/wp\/v2\/types\/post"}],"author":[{"embeddable":true,"href":"https:\/\/analyse.optim.biz\/index.php?rest_route=\/wp\/v2\/users\/1"}],"replies":[{"embeddable":true,"href":"https:\/\/analyse.optim.biz\/index.php?rest_route=%2Fwp%2Fv2%2Fcomments&post=212753"}],"version-history":[{"count":0,"href":"https:\/\/analyse.optim.biz\/index.php?rest_route=\/wp\/v2\/posts\/212753\/revisions"}],"wp:featuredmedia":[{"embeddable":true,"href":"https:\/\/analyse.optim.biz\/index.php?rest_route=\/wp\/v2\/media\/212754"}],"wp:attachment":[{"href":"https:\/\/analyse.optim.biz\/index.php?rest_route=%2Fwp%2Fv2%2Fmedia&parent=212753"}],"wp:term":[{"taxonomy":"category","embeddable":true,"href":"https:\/\/analyse.optim.biz\/index.php?rest_route=%2Fwp%2Fv2%2Fcategories&post=212753"},{"taxonomy":"post_tag","embeddable":true,"href":"https:\/\/analyse.optim.biz\/index.php?rest_route=%2Fwp%2Fv2%2Ftags&post=212753"}],"curies":[{"name":"wp","href":"https:\/\/api.w.org\/{rel}","templated":true}]}}