{"id":2127472,"date":"2026-09-03T16:28:27","date_gmt":"2026-09-03T13:28:27","guid":{"rendered":"https:\/\/analyse.optim.biz\/?p=2127472"},"modified":"2026-09-03T16:28:27","modified_gmt":"2026-09-03T13:28:27","slug":"aur-cere-ccr-sa-publice-de-urgenta-deciziile-privind-tvr-si-radioul-public-au-trecut-127-de-zile-iar","status":"publish","type":"post","link":"https:\/\/analyse.optim.biz\/?p=2127472","title":{"rendered":"AUR cere CCR s\u0103 publice de urgen\u021b\u0103 deciziile privind TVR \u0219i Radioul Public: \u201eAu trecut 127 de zile, iar&#8230;"},"content":{"rendered":"<p>[analyse_image type=&#8221;featured&#8221; src=&#8221;https:\/\/cdn.adh.reperio.news\/image-3\/3da72f9f-8022-4e0f-a864-500560b4aa87\/index.jpeg?p=f%3Djpeg%26w%3D1200%26h%3D630%26r%3Dcover&#8221;]<\/p>\n<article class=\"svelte-x63bga\">\n<nav>\n<ul class=\"breadcrump svelte-1pk9a69\">\n<li class=\"svelte-1pk9a69\"><a href=\"https:\/\/adevarul.ro\/\" title=\"Adev\u0103rul\" class=\"svelte-1pk9a69\">Home<\/a><\/li>\n<li class=\"svelte-1pk9a69\"><a href=\"https:\/\/adevarul.ro\/politica\" class=\"svelte-1pk9a69\">Politic\u0103<\/a><\/li>\n<li class=\"svelte-1pk9a69\"><a href=\"https:\/\/adevarul.ro\/politica\/aur-cere-ccr-sa-publice-de-urgenta-deciziile-2553963.html\" class=\"svelte-1pk9a69\">AUR cere CCR s\u0103 publice de urgen\u021b\u0103 deciziile privind TVR \u0219i Radioul Public: \u201eAu trecut 127 de zile, iar termenul legal a fost dep\u0103\u0219it\u201d<\/a><\/li>\n<\/ul>\n<\/nav>\n<p><main class=\"svelte-x63bga\"><\/p>\n<p>Alian\u021ba pentru Unirea Rom\u00e2nilor (AUR) cere Cur\u021bii Constitu\u021bionale s\u0103 urgenteze redactarea \u0219i publicarea \u00een Monitorul Oficial a deciziilor privind desemnarea membrilor Consiliilor de administra\u021bie ale TVR \u0219i Radioului Public, pronun\u021bate la 29 aprilie 2026. Forma\u021biunea sus\u021bine c\u0103, de\u0219i CCR a admis sesiz\u0103rile AUR \u0219i a constatat neconstitu\u021bionalitatea hot\u0103r\u00e2rilor Parlamentului privind desemnarea membrilor celor dou\u0103 consilii de administra\u021bie, au trecut 127 de zile f\u0103r\u0103 ca deciziile s\u0103 fie publicate.\u00a0<\/p>\n<div class=\"container-image  svelte-1xbw4f3\"><source type=\"image\/webp\" srcset=\"https:\/\/cdn.adh.reperio.news\/image-3\/3da72f9f-8022-4e0f-a864-500560b4aa87\/index.jpeg?p=a%3D1%26co%3D1.05%26w%3D1400%26h%3D750%26r%3Dcontain%26f%3Dwebp 1400w\" media=\"(min-width: 1400px)\" \/><\/p>\n<div class=\"caption svelte-1xbw4f3\"><span class=\"captionText svelte-1xbw4f3\">George Simion, liderul AUR  <span class=\"source svelte-1xbw4f3\">Foto: Foto: Inquam Photos<\/span><\/span><\/div>\n<\/div>\n<p><a href=\"https:\/\/adevarul.ro\/video\/un-lider-psd-il-lauda-pe-george-simion-a-inteles-2553884.html\">Grupurile parlamentare AUR\u00a0<\/a>din Camera Deputa\u021bilor \u0219i Senat au transmis o solicitare pre\u0219edintelui Cur\u021bii Constitu\u021bionale, Elena-Simina T\u0103n\u0103sescu, prin care cer finalizarea de \u00eendat\u0103 a redact\u0103rii, certific\u0103rii \u0219i transmiterii spre publicare \u00een Monitorul Oficial al Rom\u00e2niei, Partea I, a deciziilor pronun\u021bate \u00een dosarele CCR nr. 5126L2\/2025 \u0219i nr. 5127L2\/2025.<\/p>\n<p>Potrivit AUR, cele dou\u0103 decizii au fost pronun\u021bate \u00een 29 aprilie 2026, dup\u0103 ce Curtea Constitu\u021bional\u0103 a admis, cu majoritate de voturi, sesiz\u0103rile formulate de grupurile parlamentare ale forma\u021biunii \u00eempotriva hot\u0103r\u00e2rilor Parlamentului referitoare la desemnarea membrilor Consiliilor de administra\u021bie ale Societ\u0103\u021bii Rom\u00e2ne de Televiziune \u0219i Societ\u0103\u021bii Rom\u00e2ne de Radiodifuziune.<\/p>\n<p><i>\u201eGrupurile parlamentare AUR din Camera Deputa\u021bilor \u0219i Senat au transmis solicitarea pre\u0219edintelui Cur\u021bii Constitu\u021bionale, Elena-Simina T\u0103n\u0103sescu, cer\u00e2nd finalizarea de \u00eendat\u0103 a redact\u0103rii, certific\u0103rii \u0219i transmiterii spre publicare \u00een Monitorul Oficial al Rom\u00e2niei, Partea I, a deciziilor pronun\u021bate \u00een dosarele CCR nr. 5126L2\/2025 \u0219i nr. 5127L2\/2025\u201d<\/i>, se arat\u0103 \u00eentr-un comunicat al forma\u021biunii.\u00a0<\/p>\n<p><a href=\"https:\/\/adevarul.ro\/politica\/george-simion-cere-revenirea-la-urne-romania-are-2553632.html\">AUR<\/a>\u00a0precizeaz\u0103 c\u0103, prin solu\u021biile pronun\u021bate la 29 aprilie, Curtea Constitu\u021bional\u0103 a constatat neconstitu\u021bionalitatea celor dou\u0103 hot\u0103r\u00e2ri ale Parlamentului \u00een ceea ce prive\u0219te desemnarea candida\u021bilor de c\u0103tre grupurile parlamentare reunite ale celor dou\u0103 Camere.<\/p>\n<p><i>\u201eCCR a constatat c\u0103 ambele hot\u0103r\u00e2ri sunt neconstitu\u021bionale \u00een ceea ce prive\u0219te desemnarea candida\u021bilor de c\u0103tre grupurile parlamentare reunite ale celor dou\u0103 Camer<\/i>e\u201d, afirm\u0103 AUR.<\/p>\n<p>Potrivit forma\u021biunii, comunic\u0103rile Cur\u021bii au ar\u0103tat c\u0103 cele opt locuri alocate grupurilor parlamentare \u00een consiliile de administra\u021bie ale celor dou\u0103 societ\u0103\u021bi publice trebuiau ocupate de candida\u021bi propu\u0219i \u00een func\u021bie de configura\u021bia politic\u0103 \u0219i ponderea grupurilor parlamentare \u00een Parlament.<\/p>\n<p>AUR sus\u021bine c\u0103 lipsa public\u0103rii deciziilor face ca efectele hot\u0103r\u00e2rilor contestate s\u0103 continue.<\/p>\n<p><i>\u201e\u00cen lipsa public\u0103rii, efectele unor hot\u0103r\u00e2ri a c\u0103ror neconstitu\u021bionalitate a fost deja constatat\u0103 continu\u0103\u201d<\/i>, se mai arat\u0103 \u00een comunicatul forma\u021biunii.<\/p>\n<h2>AUR invoc\u0103 dep\u0103\u0219irea termenului legal<\/h2>\n<p>Forma\u021biunea sus\u021bine c\u0103 au trecut 127 de zile calendaristice de la pronun\u021barea solu\u021biilor CCR din 29 aprilie 2026.<\/p>\n<p><i>\u201eTermenul de redactare a deciziilor Cur\u021bii este de cel mult 30 de zile de la pronun\u021bare. \u00cen aceste dou\u0103 cazuri, termenul s-a \u00eemplinit la 29 mai 2026 \u0219i este dep\u0103\u0219it cu 97 de zile\u201d,<\/i> sus\u021bine AUR.<\/p>\n<p>De asemenea, AUR afirm\u0103 c\u0103 \u00eent\u00e2rzierea public\u0103rii deciziilor afecteaz\u0103 reprezentarea grupurilor parlamentare \u00een consiliile de administra\u021bie ale celor dou\u0103 servicii publice.<\/p>\n<p><i>\u201e\u00cent\u00e2rzierea men\u021bine consecin\u021bele \u00eenc\u0103lc\u0103rii dreptului grupurilor parlamentare de a fi reprezentate \u00een consiliile de administra\u021bie ale celor dou\u0103 servicii publice \u00een conformitate cu ponderea lor parlamentar\u0103\u201d,<\/i> transmite AUR.<\/p>\n<h2>Ce solicit\u0103 forma\u021biunea<\/h2>\n<p><i>\u201eAUR solicit\u0103 Cur\u021bii Constitu\u021bionale finalizarea de \u00eendat\u0103 a redact\u0103rii deciziilor privind conducerile TVR \u0219i Radioului Public, transmiterea acestora spre publicare \u00een Monitorul Oficial al Rom\u00e2niei, Partea I, precum \u0219i comunicarea c\u0103tre grupurile parlamentare AUR a stadiului redact\u0103rii \u0219i a datei estimate pentru transmiterea spre publicare\u201d<\/i>, mai precizeaz\u0103 forma\u021biunea.<\/p>\n<p><\/main><\/p>\n<footer class=\"svelte-x63bga\">\n<div class=\"related-wrap related-footer svelte-78g0vl\"><span class=\"related-label svelte-78g0vl\">Cite\u0219te \u0219i<\/span><a class=\"related svelte-78g0vl\" data-gtrack=\"{&quot;event&quot;:&quot;utm_click&quot;,&quot;data&quot;:{&quot;event_category&quot;:&quot;article_related&quot;}}\" href=\"https:\/\/adevarul.ro\/blogurile-adevarul\/un-guvern-care-depinde-de-voturile-aur-sos-pace-2553441.html\" title=\"Alt articol de interes pentru tine\"><span class=\"title svelte-78g0vl\">Un guvern care depinde de voturile AUR, SOS, PACE, POT pentru a exista \u00eei transform\u0103 pe extremi\u0219ti \u00een arbitri permanen\u021bi ai puterii<\/span><\/a><a class=\"related svelte-78g0vl\" data-gtrack=\"{&quot;event&quot;:&quot;utm_click&quot;,&quot;data&quot;:{&quot;event_category&quot;:&quot;article_related&quot;}}\" href=\"https:\/\/adevarul.ro\/politica\/george-simion-cere-revenirea-la-urne-romania-are-2553632.html\" title=\"Alt articol de interes pentru tine\"><img decoding=\"async\" class=\"thumb svelte-78g0vl\" src=\"https:\/\/cdn.adh.reperio.news\/image-b\/b48c1073-beb3-41c9-a907-e6be7137be07\/index.png?p=f%3Dwebp%26w%3D120%26h%3D80%26r%3Dcover%26a%3D0\" alt loading=\"lazy\" width=\"80\" height=\"54\"><span class=\"title svelte-78g0vl\">George Simion cere revenirea la urne: \u201eRom\u00e2nia are nevoie de o majoritate parlamentar\u0103 stabil\u0103 \u0219i de un guvern pe urm\u0103torii patru ani\u201d<\/span><\/a><a class=\"related svelte-78g0vl\" data-gtrack=\"{&quot;event&quot;:&quot;utm_click&quot;,&quot;data&quot;:{&quot;event_category&quot;:&quot;article_related&quot;}}\" href=\"https:\/\/adevarul.ro\/video\/un-lider-psd-il-lauda-pe-george-simion-a-inteles-2553884.html\" title=\"Alt articol de interes pentru tine\"><img decoding=\"async\" class=\"thumb svelte-78g0vl\" src=\"https:\/\/cdn.adh.reperio.news\/image-8\/8ab4fe44-7fad-4680-8e6b-9e054e900872\/index.jpeg?p=f%3Dwebp%26w%3D120%26h%3D80%26r%3Dcover%26a%3D0\" alt loading=\"lazy\" width=\"80\" height=\"54\"><span class=\"title svelte-78g0vl\">Un lider PSD \u00eel laud\u0103 pe George Simion: \u201eA \u00een\u021beles mai bine dec\u00e2t au reu\u0219it al\u021bii cum st\u0103 treaba cu politica \u00een Rom\u00e2nia\u201d<\/span><\/a><\/div>\n<div class=\"meta svelte-x63bga\">\n<div class=\"authors svelte-x63bga\"><span class=\"names svelte-x63bga\"><a href=\"https:\/\/adevarul.ro\/author\/1889\" rel=\"author\" class=\"svelte-x63bga\">Cornelia Mazilu<\/a><\/span><\/p>\n<div class=\"_hydratable\" data-props=\"%7B%22showLive%22%3Atrue%7D\" data-context=\"%7B%22parentBlockColumnCount%22%3A%7B%22value%22%3A0%2C%22type%22%3A%22store%2Freadable%22%7D%2C%22parentBlockBackgroundColor%22%3A%7B%22type%22%3A%22store%2Freadable%22%7D%7D\" data-component=\"ShareButton\">\n<div class=\"shareButtons svelte-itwbrr\">\n<div class=\"liveSessions metaFont svelte-1maxmbf\"><span class=\"value svelte-1maxmbf\">1<\/span> live <\/div>\n<\/div>\n<\/div>\n<\/div>\n<div class=\"tags svelte-1l3vwp1\"><span class=\"tags-label metaFont svelte-1l3vwp1\">Cite\u0219te mai multe despre<\/span><\/p>\n<div class=\"tags-list svelte-1l3vwp1\"><a href=\"https:\/\/adevarul.ro\/tag\/aur\" title=\"Ultimele \u0219tiri despre aur\" class=\"tag-pill svelte-1l3vwp1\">aur<\/a><a href=\"https:\/\/adevarul.ro\/tag\/ccr\" title=\"Ultimele \u0219tiri despre ccr\" class=\"tag-pill svelte-1l3vwp1\">ccr<\/a><a href=\"https:\/\/adevarul.ro\/tag\/curtea%20constitu%C8%9Bional%C4%83\" title=\"Ultimele \u0219tiri despre curtea constitu\u021bional\u0103\" class=\"tag-pill svelte-1l3vwp1\">curtea constitu\u021bional\u0103<\/a><a href=\"https:\/\/adevarul.ro\/tag\/george%20simion\" title=\"Ultimele \u0219tiri despre george simion\" class=\"tag-pill svelte-1l3vwp1\">george simion<\/a><a href=\"https:\/\/adevarul.ro\/tag\/televiziunea%20rom%C3%A2n%C4%83\" title=\"Ultimele \u0219tiri despre televiziunea rom\u00e2n\u0103\" class=\"tag-pill svelte-1l3vwp1\">televiziunea rom\u00e2n\u0103<\/a><a href=\"https:\/\/adevarul.ro\/tag\/radioul%20public\" title=\"Ultimele \u0219tiri despre radioul public\" class=\"tag-pill svelte-1l3vwp1\">radioul public<\/a><\/div>\n<\/div>\n<\/div>\n<p><a class=\"moreFromCategory svelte-x63bga\" href=\"https:\/\/adevarul.ro\/politica\" title=\"Politic\u0103\">Mai multe din <strong class=\"svelte-x63bga\">Politic\u0103<\/strong> \u203a<\/a><\/footer>\n<\/article>\n<p>[analyse_source url=&#8221;https:\/\/adevarul.ro\/politica\/aur-cere-ccr-sa-publice-de-urgenta-deciziile-2553963.html&#8221;]<\/p>\n","protected":false},"excerpt":{"rendered":"<p>[analyse_image type=&#8221;featured&#8221; src=&#8221;https:\/\/cdn.adh.reperio.news\/image-3\/3da72f9f-8022-4e0f-a864-500560b4aa87\/index.jpeg?p=f%3Djpeg%26w%3D1200%26h%3D630%26r%3Dcover&#8221;] Home Politic\u0103 AUR cere CCR s\u0103 publice de urgen\u021b\u0103 deciziile privind TVR \u0219i Radioul Public: \u201eAu trecut 127 de zile, iar termenul legal a fost dep\u0103\u0219it\u201d Alian\u021ba pentru Unirea Rom\u00e2nilor (AUR) cere Cur\u021bii Constitu\u021bionale s\u0103 urgenteze redactarea \u0219i publicarea \u00een Monitorul Oficial a deciziilor privind desemnarea membrilor Consiliilor de administra\u021bie ale TVR [&hellip;]<\/p>\n","protected":false},"author":1,"featured_media":0,"comment_status":"open","ping_status":"","sticky":false,"template":"","format":"standard","meta":{"footnotes":""},"categories":[89],"tags":[19,226],"class_list":["post-2127472","post","type-post","status-publish","format-standard","hentry","category-romania","tag-adevarul","tag-crawlmanager"],"_links":{"self":[{"href":"https:\/\/analyse.optim.biz\/index.php?rest_route=\/wp\/v2\/posts\/2127472","targetHints":{"allow":["GET"]}}],"collection":[{"href":"https:\/\/analyse.optim.biz\/index.php?rest_route=\/wp\/v2\/posts"}],"about":[{"href":"https:\/\/analyse.optim.biz\/index.php?rest_route=\/wp\/v2\/types\/post"}],"author":[{"embeddable":true,"href":"https:\/\/analyse.optim.biz\/index.php?rest_route=\/wp\/v2\/users\/1"}],"replies":[{"embeddable":true,"href":"https:\/\/analyse.optim.biz\/index.php?rest_route=%2Fwp%2Fv2%2Fcomments&post=2127472"}],"version-history":[{"count":0,"href":"https:\/\/analyse.optim.biz\/index.php?rest_route=\/wp\/v2\/posts\/2127472\/revisions"}],"wp:attachment":[{"href":"https:\/\/analyse.optim.biz\/index.php?rest_route=%2Fwp%2Fv2%2Fmedia&parent=2127472"}],"wp:term":[{"taxonomy":"category","embeddable":true,"href":"https:\/\/analyse.optim.biz\/index.php?rest_route=%2Fwp%2Fv2%2Fcategories&post=2127472"},{"taxonomy":"post_tag","embeddable":true,"href":"https:\/\/analyse.optim.biz\/index.php?rest_route=%2Fwp%2Fv2%2Ftags&post=2127472"}],"curies":[{"name":"wp","href":"https:\/\/api.w.org\/{rel}","templated":true}]}}