{"id":2127466,"date":"2026-09-03T16:26:25","date_gmt":"2026-09-03T13:26:25","guid":{"rendered":"https:\/\/analyse.optim.biz\/?p=2127466"},"modified":"2026-09-03T16:26:25","modified_gmt":"2026-09-03T13:26:25","slug":"ce-schimbari-ar-putea-aparea-in-sondajele-din-septembrie-aur-in-continuare-la-un-nivel-foarte-ridicat","status":"publish","type":"post","link":"https:\/\/analyse.optim.biz\/?p=2127466","title":{"rendered":"Ce schimb\u0103ri ar putea ap\u0103rea \u00een sondajele din septembrie. AUR, \u00een continuare la un nivel foarte ridicat"},"content":{"rendered":"<p>[analyse_image type=&#8221;featured&#8221; src=&#8221;https:\/\/cdn.adh.reperio.news\/image-6\/670c1b89-9240-4a9b-99a8-84aba99d12c4\/index.jpeg?p=f%3Djpeg%26w%3D1200%26h%3D630%26r%3Dcover&#8221;]<\/p>\n<article class=\"svelte-x63bga\">\n<nav>\n<ul class=\"breadcrump svelte-1pk9a69\">\n<li class=\"svelte-1pk9a69\"><a href=\"https:\/\/adevarul.ro\/\" title=\"Adev\u0103rul\" class=\"svelte-1pk9a69\">Home<\/a><\/li>\n<li class=\"svelte-1pk9a69\"><a href=\"https:\/\/adevarul.ro\/politica\" class=\"svelte-1pk9a69\">Politic\u0103<\/a><\/li>\n<li class=\"svelte-1pk9a69\"><a href=\"https:\/\/adevarul.ro\/politica\/ce-schimbari-ar-putea-aparea-in-sondajele-din-2553959.html\" class=\"svelte-1pk9a69\">Ce schimb\u0103ri ar putea ap\u0103rea \u00een sondajele din septembrie. AUR, \u00een continuare la un nivel foarte ridicat<\/a><\/li>\n<\/ul>\n<\/nav>\n<p><main class=\"svelte-x63bga\"><\/p>\n<p>Directorul INSCOP Research, Remus \u0218tefureac, anun\u021b\u0103 posibile schimb\u0103ri \u00een raportul de for\u021be dintre principalele partide politice, dup\u0103 m\u0103sur\u0103torile realizate \u00een lunile iulie \u0219i august. Sociologul avertizeaz\u0103 \u00eens\u0103 c\u0103 datele ob\u021binute \u00een perioada estival\u0103 trebuie interpretate cu pruden\u021b\u0103 \u0219i sus\u021bine c\u0103 tendin\u021bele vor putea fi confirmate abia prin sondajele din septembrie.<\/p>\n<div class=\"container-image  svelte-1xbw4f3\"><source type=\"image\/webp\" srcset=\"https:\/\/cdn.adh.reperio.news\/image-9\/97ec137c-4eab-4b69-9441-cba5548664dc\/index.jpeg?p=a%3D1%26co%3D1.05%26w%3D1400%26h%3D750%26r%3Dcontain%26f%3Dwebp 1400w\" media=\"(min-width: 1400px)\" \/><\/p>\n<div class=\"caption svelte-1xbw4f3\"><span class=\"captionText svelte-1xbw4f3\">Partidul condus de George Simion este \u00een topul clasamentului.  <span class=\"source svelte-1xbw4f3\">Foto: Inquam Photos\/Octav Ganea<\/span><\/span><\/div>\n<\/div>\n<p>Potrivit lui Remus \u0218tefureac, AUR \u00ee\u0219i men\u021bine un nivel foarte ridicat \u00een inten\u021bia de vot, \u00eens\u0103 forma\u021biunile situate sub partidul condus de George Simion ar \u00eencepe s\u0103 se apropie unele de celelalte.<\/p>\n<p><i>\u201eNu cred foarte mult \u00een m\u0103sur\u0103torile politice din iulie-august, chiar dac\u0103 facem \u00een fiecare an. Oamenii sunt mai deta\u0219a\u021bi, mai pu\u021bin conecta\u021bi la evenimente \u0219i nu au r\u0103bdare. De aceea, nici nu prea public\u0103m dec\u00e2t foarte rar. Evident \u00eens\u0103, ele nu pot fi ignorate cu totul\u201d,<\/i> a scris directorul INSCOP Research pe Facebook.<\/p>\n<h2>AUR r\u0103m\u00e2ne pe primul loc, dar clasamentul din spate se poate schimba<\/h2>\n<p>Sociologul nu a f\u0103cut publice procentele exacte \u00eenregistrate de partide \u00een m\u0103sur\u0103torile efectuate \u00een aceast\u0103 var\u0103, \u00eens\u0103 sus\u021bine c\u0103 datele indic\u0103 o posibil\u0103 reechilibrare a raportului de for\u021be.<\/p>\n<p><i>\u201eDac\u0103 ar fi s\u0103 le lu\u0103m \u00een considerare \u0219i se vor confirma \u00een septembrie, vom vedea din nou schimb\u0103ri \u0219i echilibr\u0103ri. AUR r\u0103m\u00e2ne sus, foarte sus, dar sub AUR lucrurile se reechilibreaz\u0103\u201d, <\/i>a precizat Remus \u0218tefureac.<\/p>\n<p>Astfel, principala concluzie desprins\u0103 din m\u0103sur\u0103torile din iulie \u0219i august este c\u0103 partidul lui George Simion continu\u0103 s\u0103 se afle la un nivel ridicat, \u00een timp ce diferen\u021bele dintre forma\u021biunile aflate \u00een urma sa s-ar putea reduce.<\/p>\n<p>Directorul INSCOP consider\u0103 c\u0103 evolu\u021bia este str\u00e2ns legat\u0103 de nemul\u021bumirea popula\u021biei fa\u021b\u0103 de modul \u00een care\u00a0<a href=\"https:\/\/adevarul.ro\/stiri-interne\/societate\/romanii-vor-schimbarea-completa-a-clasei-politice-2532566.html\">partidele politice gestioneaz\u0103 problemele economice<\/a>\u00a0\u0219i de securitate.<\/p>\n<h2>\u0218tefureac: Prelungirea crizei politice avantajeaz\u0103 AUR<\/h2>\n<p>Remus \u0218tefureac pune evolu\u021bia AUR \u0219i pe seama prelungirii crizei politice \u0219i a percep\u021biei publice asupra modului \u00een care clasa politic\u0103 r\u0103spunde problemelor cu care se confrunt\u0103 societatea.<\/p>\n<p><i>\u201ePrelungirea nepermis\u0103 a crizei politice niveleaz\u0103 raportul dintre partidele fostei coali\u021bii \u0219i avantajeaz\u0103 \u00een mod natural AUR prin extinderea \u0219i consolidarea bazei sale\u201d, <\/i>sus\u021bine sociologul.<\/p>\n<p>\u00cen opinia sa, este vorba despre o reac\u021bie a aleg\u0103torilor la contrastul dintre dificult\u0103\u021bile cu care se confrunt\u0103 popula\u021bia \u0219i conflictele dintre reprezentan\u021bii politici.<\/p>\n<p><i>\u201eEste o reac\u021bie fireasc\u0103 a popula\u021biei extenuate \u0219i contrariate de contrastul revolt\u0103tor dintre provoc\u0103rile economice, de securitate majore, cu presiuni maximale asupra veniturilor cet\u0103\u021benilor \u0219i deta\u0219area reprezentan\u021bilor politici care prioritizeaz\u0103 certurile \u00een locul construc\u021biei \u0219i responsabilit\u0103\u021bii\u201d, <\/i>a mai scris \u0218tefureac.<\/p>\n<p><a class=\"related-inline svelte-78g0vl\" data-gtrack=\"{&quot;event&quot;:&quot;utm_click&quot;,&quot;data&quot;:{&quot;event_category&quot;:&quot;article_related&quot;}}\" href=\"https:\/\/adevarul.ro\/politica\/aur-sesizeaza-dna-in-cazul-programului-safe-si-2553694.html\" title=\"Alt articol de interes pentru tine\"><span class=\"inline-title svelte-78g0vl\">AUR sesizeaz\u0103 DNA \u00een cazul programului SAFE \u0219i reclam\u0103 posibile nereguli \u00een contracte de miliarde de euro<\/span><\/a><\/p>\n<p>Sociologul a f\u0103cut o compara\u021bie pentru a descrie situa\u021bia politic\u0103 actual\u0103: <\/p>\n<p><i>\u201eExact c\u00e2nd e mai mare nevoie si de construc\u021bie \u0219i de responsabilitate, pentru c\u0103 focul se \u00eente\u021be\u0219te, iar \u201cpompierii\u201d de serviciu sunt \u00een vacan\u021b\u0103 sau se ceart\u0103 dac\u0103 ar trebui s\u0103 utilizeze benzin\u0103 sau motorin\u0103 pentru stingerea incendiului. Ambele scumpe oricum \u00een aceste vremuri\u2026.\u201d.<\/i><\/p>\n<div class=\"raw-block\"><iframe loading=\"lazy\" src=\"https:\/\/www.facebook.com\/plugins\/post.php?href=https%3A%2F%2Fwww.facebook.com%2Fremus.st.7%2Fposts%2Fpfbid021yxr8pCu8NZ1PSNheX9yCqVBmZzd8NfA17qouM9pzr4FdKgtfwjE7HXhhJp5KWNml&amp;show_text=true&amp;width=390\" width=\"500\" height=\"270\" frameborder allowfullscreen=\"true\" allow=\"autoplay; clipboard-write; encrypted-media; picture-in-picture; web-share\" class=\"facebook-iframe\"><\/iframe><\/div>\n<h2>Ce ar\u0103ta ultimul Barometru Informat.ro\u2013INSCOP<\/h2>\n<p>Ultimul Barometru Informat.ro\u2013INSCOP privind inten\u021bia de vot la alegerile parlamentare, publicat \u00een luna mai, indica un avantaj pentru AUR.<\/p>\n<p>\u00cen func\u021bie de nivelul de mobilizare a aleg\u0103torilor, forma\u021biunea condus\u0103 de George Simion era creditat\u0103 atunci cu un scor cuprins \u00eentre 38% \u0219i 41%.<\/p>\n<p>Pe pozi\u021bia a doua se afla PNL, care trecuse \u00eenaintea PSD, cu un scor estimat \u00eentre 20% \u0219i 22%. Social-democra\u021bii erau credita\u021bi cu 13\u201317%, \u00een timp ce USR se men\u021binea \u00een jurul pragului de 10%.<\/p>\n<p>La momentul respectiv, Remus \u0218tefureac explica faptul c\u0103 AUR avea o evolu\u021bie relativ stabil\u0103, \u00een timp ce\u00a0<a href=\"https:\/\/adevarul.ro\/politica\/pnl-crestere-majora-a-intentie-de-vot-in-ultimul-2530321.html\">cre\u0219terea PNL era asociat\u0103 cu majorarea popularit\u0103\u021bii premierului Ilie Bolojan.<\/a><\/p>\n<h2>Sondajele din septembrie ar putea confirma schimb\u0103rile<\/h2>\n<p>Directorul INSCOP Research subliniaz\u0103 c\u0103\u00a0<a href=\"https:\/\/adevarul.ro\/stiri-interne\/societate\/sondaj-inscop-votantii-pnl-si-usr-cred-ca-2535839.html\">m\u0103sur\u0103torile din lunile de var\u0103\u00a0<\/a>trebuie privite cu scepticism, \u00eentruc\u00e2t comportamentul aleg\u0103torilor poate fi diferit \u00een perioada concediilor.<\/p>\n<p>Totu\u0219i, dac\u0103 tendin\u021bele observate \u00een iulie \u0219i august se vor confirma \u00een septembrie, scena politic\u0103 ar putea intra \u00eentr-o nou\u0103 etap\u0103 de reconfigurare.<\/p>\n<p>AUR ar urma s\u0103 \u00ee\u0219i p\u0103streze pozi\u021bia dominant\u0103, \u00eens\u0103 lupta pentru locurile urm\u0103toare \u00een clasamentul electoral ar putea deveni mai str\u00e2ns\u0103.<\/p>\n<p><\/main><\/p>\n<footer class=\"svelte-x63bga\">\n<div class=\"related-wrap related-footer svelte-78g0vl\"><span class=\"related-label svelte-78g0vl\">Cite\u0219te \u0219i<\/span><a class=\"related svelte-78g0vl\" data-gtrack=\"{&quot;event&quot;:&quot;utm_click&quot;,&quot;data&quot;:{&quot;event_category&quot;:&quot;article_related&quot;}}\" href=\"https:\/\/adevarul.ro\/stiri-interne\/evenimente\/solutia-pentru-deblocarea-crizei-politice-guvern-2553698.html\" title=\"Alt articol de interes pentru tine\"><img decoding=\"async\" class=\"thumb svelte-78g0vl\" src=\"https:\/\/cdn.adh.reperio.news\/image-3\/3d73eb7b-6d9b-4ce8-bc31-efc464538dcc\/index.jpeg?p=f%3Dwebp%26w%3D120%26h%3D80%26r%3Dcover%26a%3D0\" alt loading=\"lazy\" width=\"80\" height=\"54\"><span class=\"title svelte-78g0vl\">Solu\u021bia pentru deblocarea crizei politice: guvern de armisti\u021biu. Ce mutare poate face Nicu\u0219or Dan \u00een septembrie<\/span><\/a><a class=\"related svelte-78g0vl\" data-gtrack=\"{&quot;event&quot;:&quot;utm_click&quot;,&quot;data&quot;:{&quot;event_category&quot;:&quot;article_related&quot;}}\" href=\"https:\/\/adevarul.ro\/video\/un-lider-psd-il-lauda-pe-george-simion-a-inteles-2553884.html\" title=\"Alt articol de interes pentru tine\"><img decoding=\"async\" class=\"thumb svelte-78g0vl\" src=\"https:\/\/cdn.adh.reperio.news\/image-8\/8ab4fe44-7fad-4680-8e6b-9e054e900872\/index.jpeg?p=f%3Dwebp%26w%3D120%26h%3D80%26r%3Dcover%26a%3D0\" alt loading=\"lazy\" width=\"80\" height=\"54\"><span class=\"title svelte-78g0vl\">Un lider PSD \u00eel laud\u0103 pe George Simion: \u201eA \u00een\u021beles mai bine dec\u00e2t au reu\u0219it al\u021bii cum st\u0103 treaba cu politica \u00een Rom\u00e2nia\u201d<\/span><\/a><\/div>\n<div class=\"meta svelte-x63bga\">\n<div class=\"authors svelte-x63bga\"><span class=\"names svelte-x63bga\"><a href=\"https:\/\/adevarul.ro\/author\/2086\" rel=\"author\" class=\"svelte-x63bga\">Oana Ababei<\/a><\/span><\/p>\n<div class=\"_hydratable\" data-props=\"%7B%22showLive%22%3Atrue%7D\" data-context=\"%7B%22parentBlockColumnCount%22%3A%7B%22value%22%3A0%2C%22type%22%3A%22store%2Freadable%22%7D%2C%22parentBlockBackgroundColor%22%3A%7B%22type%22%3A%22store%2Freadable%22%7D%7D\" data-component=\"ShareButton\">\n<div class=\"shareButtons svelte-itwbrr\">\n<div class=\"liveSessions metaFont svelte-1maxmbf\"><span class=\"value svelte-1maxmbf\">1<\/span> live <\/div>\n<\/div>\n<\/div>\n<\/div>\n<div class=\"tags svelte-1l3vwp1\"><span class=\"tags-label metaFont svelte-1l3vwp1\">Cite\u0219te mai multe despre<\/span><\/p>\n<div class=\"tags-list svelte-1l3vwp1\"><a href=\"https:\/\/adevarul.ro\/tag\/aur\" title=\"Ultimele \u0219tiri despre aur\" class=\"tag-pill svelte-1l3vwp1\">aur<\/a><a href=\"https:\/\/adevarul.ro\/tag\/george%20simion\" title=\"Ultimele \u0219tiri despre george simion\" class=\"tag-pill svelte-1l3vwp1\">george simion<\/a><a href=\"https:\/\/adevarul.ro\/tag\/sondaj%20inscop\" title=\"Ultimele \u0219tiri despre sondaj inscop\" class=\"tag-pill svelte-1l3vwp1\">sondaj inscop<\/a><a href=\"https:\/\/adevarul.ro\/tag\/remus%20stefureac\" title=\"Ultimele \u0219tiri despre remus stefureac\" class=\"tag-pill svelte-1l3vwp1\">remus stefureac<\/a><a href=\"https:\/\/adevarul.ro\/tag\/inscop%20research\" title=\"Ultimele \u0219tiri despre inscop research\" class=\"tag-pill svelte-1l3vwp1\">inscop research<\/a><\/div>\n<\/div>\n<\/div>\n<p><a class=\"moreFromCategory svelte-x63bga\" href=\"https:\/\/adevarul.ro\/politica\" title=\"Politic\u0103\">Mai multe din <strong class=\"svelte-x63bga\">Politic\u0103<\/strong> \u203a<\/a><\/footer>\n<\/article>\n<p>[analyse_source url=&#8221;https:\/\/adevarul.ro\/politica\/ce-schimbari-ar-putea-aparea-in-sondajele-din-2553959.html&#8221;]<\/p>\n","protected":false},"excerpt":{"rendered":"<p>[analyse_image type=&#8221;featured&#8221; src=&#8221;https:\/\/cdn.adh.reperio.news\/image-6\/670c1b89-9240-4a9b-99a8-84aba99d12c4\/index.jpeg?p=f%3Djpeg%26w%3D1200%26h%3D630%26r%3Dcover&#8221;] Home Politic\u0103 Ce schimb\u0103ri ar putea ap\u0103rea \u00een sondajele din septembrie. AUR, \u00een continuare la un nivel foarte ridicat Directorul INSCOP Research, Remus \u0218tefureac, anun\u021b\u0103 posibile schimb\u0103ri \u00een raportul de for\u021be dintre principalele partide politice, dup\u0103 m\u0103sur\u0103torile realizate \u00een lunile iulie \u0219i august. Sociologul avertizeaz\u0103 \u00eens\u0103 c\u0103 datele ob\u021binute \u00een perioada estival\u0103 [&hellip;]<\/p>\n","protected":false},"author":1,"featured_media":0,"comment_status":"open","ping_status":"","sticky":false,"template":"","format":"standard","meta":{"footnotes":""},"categories":[89],"tags":[19,226],"class_list":["post-2127466","post","type-post","status-publish","format-standard","hentry","category-romania","tag-adevarul","tag-crawlmanager"],"_links":{"self":[{"href":"https:\/\/analyse.optim.biz\/index.php?rest_route=\/wp\/v2\/posts\/2127466","targetHints":{"allow":["GET"]}}],"collection":[{"href":"https:\/\/analyse.optim.biz\/index.php?rest_route=\/wp\/v2\/posts"}],"about":[{"href":"https:\/\/analyse.optim.biz\/index.php?rest_route=\/wp\/v2\/types\/post"}],"author":[{"embeddable":true,"href":"https:\/\/analyse.optim.biz\/index.php?rest_route=\/wp\/v2\/users\/1"}],"replies":[{"embeddable":true,"href":"https:\/\/analyse.optim.biz\/index.php?rest_route=%2Fwp%2Fv2%2Fcomments&post=2127466"}],"version-history":[{"count":0,"href":"https:\/\/analyse.optim.biz\/index.php?rest_route=\/wp\/v2\/posts\/2127466\/revisions"}],"wp:attachment":[{"href":"https:\/\/analyse.optim.biz\/index.php?rest_route=%2Fwp%2Fv2%2Fmedia&parent=2127466"}],"wp:term":[{"taxonomy":"category","embeddable":true,"href":"https:\/\/analyse.optim.biz\/index.php?rest_route=%2Fwp%2Fv2%2Fcategories&post=2127466"},{"taxonomy":"post_tag","embeddable":true,"href":"https:\/\/analyse.optim.biz\/index.php?rest_route=%2Fwp%2Fv2%2Ftags&post=2127466"}],"curies":[{"name":"wp","href":"https:\/\/api.w.org\/{rel}","templated":true}]}}