{"id":2127386,"date":"2026-09-03T11:52:47","date_gmt":"2026-09-03T08:52:47","guid":{"rendered":"https:\/\/analyse.optim.biz\/?p=2127386"},"modified":"2026-09-03T11:52:47","modified_gmt":"2026-09-03T08:52:47","slug":"moastele-sfintei-cuvioase-elisabeta-de-la-pasarea-aduse-in-premiera-in-bucovina-vor-poposi-la-parohia-stejari-din-suceava","status":"publish","type":"post","link":"https:\/\/analyse.optim.biz\/?p=2127386","title":{"rendered":"Moa\u0219tele Sfintei Cuvioase Elisabeta de la Pas\u0103rea, aduse \u00een premier\u0103 \u00een Bucovina. Vor poposi la Parohia Stejari din Suceava"},"content":{"rendered":"<p>[analyse_image type=&#8221;featured&#8221; src=&#8221;https:\/\/www.newsbucovina.ro\/wp-content\/uploads\/2026\/09\/sfintire-racla-sfanta-elisabeta-iunie-2026-2.webphttps:\/\/cdn.newsbucovina.ro\/wp-content\/uploads\/2026\/09\/sfintire-racla-sfanta-elisabeta-iunie-2026-2.webp&#8221;]<\/p>\n<div class=\"td-post-content tagdiv-type\">\n<div class=\"td-a-rec td-a-rec-id-content_top  tdi_3 td_block_template_1\">\n<div class=\"nb-social-buttons\"><a class=\"nb-social-btn nb-social-youtube\" href=\"https:\/\/www.youtube.com\/@ZiarulNewsBucovina?sub_confirmation=1\" target=\"_blank\" rel=\"noopener external\" title=\"Aboneaz\u0103-te la NewsBucovina pe YouTube\"><span class=\"nb-social-text\"><strong>Aboneaz\u0103-te pe YouTube<\/strong><small>NewsBucovina<\/small><\/span><\/a><a class=\"nb-social-btn nb-social-telegram\" href=\"https:\/\/t.me\/+TH8wcfnp8fw5NWI0\" target=\"_blank\" rel=\"noopener external\" title=\"Intr\u0103 \u00een grupul Telegram News Bucovina\"><span class=\"nb-social-text\"><strong>Intr\u0103 pe Telegram<\/strong><small>Grupul News Bucovina<\/small><\/span><\/a><a class=\"nb-social-btn nb-social-google\" href=\"https:\/\/www.google.com\/preferences\/source?q=newsbucovina.ro\" target=\"_blank\" rel=\"noopener external\" title=\"Adaug\u0103 NewsBucovina ca surs\u0103 preferat\u0103 \u00een Google\"><span class=\"nb-social-text\"><strong>Adaug\u0103 NewsBucovina<\/strong><small>Surs\u0103 preferat\u0103 \u00een Google<\/small><\/span><\/a><\/div>\n<\/div>\n<p class=\"wp-block-paragraph\">Sfintele Moa\u0219te ale Sfintei Cuvioase Elisabeta de la Pas\u0103rea vor fi aduse duminic\u0103, 6 septembrie 2026, pentru prima dat\u0103 \u00een pelerinaj \u00een Bucovina, la Parohia \u201eSfin\u021bii P\u0103rin\u021bi Ioachim \u0219i Ana\u201d \u2013 Stejari, din municipiul Suceava.<\/p>\n<figure class=\"wp-block-gallery has-nested-images columns-default is-cropped wp-block-gallery-1 is-layout-flex wp-block-gallery-is-layout-flex\">\n<figure class=\"wp-block-image size-large\"><a href=\"https:\/\/cdn.newsbucovina.ro\/wp-content\/uploads\/2026\/09\/Afis-primire-Moaste-final-scaled-1.jpeg\"><img loading=\"lazy\" decoding=\"async\" width=\"724\" height=\"1024\" data-id=\"448483\" src=\"https:\/\/cdn.newsbucovina.ro\/wp-content\/uploads\/2026\/09\/Afis-primire-Moaste-final-scaled-1-724x1024.jpeg\" alt class=\"wp-image-448483\"><\/a><\/figure>\n<figure class=\"wp-block-image size-large\"><a href=\"https:\/\/cdn.newsbucovina.ro\/wp-content\/uploads\/2026\/09\/afis-program.jpg-scaled-1.jpeg\"><img loading=\"lazy\" decoding=\"async\" width=\"724\" height=\"1024\" data-id=\"448484\" src=\"https:\/\/cdn.newsbucovina.ro\/wp-content\/uploads\/2026\/09\/afis-program.jpg-scaled-1-724x1024.jpeg\" alt class=\"wp-image-448484\"><\/a><\/figure>\n<\/figure>\n<p class=\"wp-block-paragraph\">Racla va poposi la Suceava cu binecuv\u00e2ntarea Patriarhului Daniel \u0219i a arhiepiscopului Calinic al Sucevei \u0219i R\u0103d\u0103u\u021bilor. Slujba de primire \u0219i procesiunea vor fi oficiate de episcopul-vicar Damaschin Dorneanul, \u00eempreun\u0103 cu un sobor de preo\u021bi \u0219i diaconi. Sunt a\u0219tepta\u021bi monahi \u0219i monahii din Moldova, reprezentan\u021bi ai autorit\u0103\u021bilor \u0219i credincio\u0219i.<\/p>\n<p class=\"wp-block-paragraph\">Moa\u0219tele vor r\u0103m\u00e2ne spre \u00eenchinare \u00een paraclisul parohiei p\u00e2n\u0103 miercuri, 9 septembrie. Paraclisul va fi deschis permanent pe toat\u0103 durata pelerinajului.<\/p>\n<p class=\"wp-block-paragraph\">Pelerinajul se \u00eencheie pe 9 septembrie, de hramul parohiei, s\u0103rb\u0103toarea Sfin\u021bilor \u0219i Drep\u021bilor P\u0103rin\u021bi Ioachim \u0219i Ana. Sf\u00e2nta Liturghie va fi s\u0103v\u00e2r\u0219it\u0103 de episcopul ortodox rom\u00e2n al Ungariei, Siluan, \u00eenconjurat de un sobor de preo\u021bi \u0219i diaconi.<\/p>\n<p class=\"wp-block-paragraph\">Parohia Stejari construie\u0219te o biseric\u0103 nou\u0103, \u00eenchinat\u0103 ocrotitorilor s\u0103i. Donatorii pot sprijini lucrarea \u00een contul RO86 RNCB 0234 1811 9124 0001 (BIC\/SWIFT: RNCBROBU), titular Parohia \u201eSf. P\u0103rin\u021bi Ioachim \u0219i Ana\u201d \u2013 Stejari, Suceava, sau la telefon 0756 277 365. Anun\u021bul a fost semnat de preotul paroh Andrei Mocanu.<\/p>\n<figure class=\"wp-block-embed is-type-video is-provider-youtube wp-block-embed-youtube wp-embed-aspect-16-9 wp-has-aspect-ratio\">\n<div class=\"wp-block-embed__wrapper\">\n<div class=\"youtube-embed\" data-video_id=\"v3AVicbN8GY\"><iframe loading=\"lazy\" title=\"Cand e vorba de BANI Mul\u021bi, la Vicovu de Sus se poate - ziua \u00een care Vicele a \"furat indicatorul\"!!\" width=\"696\" height=\"392\" src=\"https:\/\/www.youtube.com\/embed\/v3AVicbN8GY?start=532&amp;feature=oembed\" frameborder allow=\"accelerometer; autoplay; clipboard-write; encrypted-media; gyroscope; picture-in-picture; web-share\" referrerpolicy=\"strict-origin-when-cross-origin\" allowfullscreen><\/iframe><\/div>\n<\/div>\n<\/figure>\n<div class=\"td-a-rec td-a-rec-id-content_bottom  tdi_4 td_block_template_1\"><strong>Intr\u0103 acum \u0219i \u00een grupul de <\/p>\n<div class=\"wp-block-button\"><a class=\"wp-block-button__link wp-element-button\" href=\"https:\/\/t.me\/+TH8wcfnp8fw5NWI0\">Telegram News Bucovina<\/a><\/div>\n<p><\/strong><\/div>\n<\/div>\n<div class=\"td-post-content tagdiv-type\">\n<div class=\"td-a-rec td-a-rec-id-content_top  tdi_3 td_block_template_1\">\n<div class=\"nb-social-buttons\"><a class=\"nb-social-btn nb-social-youtube\" href=\"https:\/\/www.youtube.com\/@ZiarulNewsBucovina?sub_confirmation=1\" target=\"_blank\" rel=\"noopener external\" title=\"Aboneaz\u0103-te la NewsBucovina pe YouTube\"><span class=\"nb-social-text\"><strong>Aboneaz\u0103-te pe YouTube<\/strong><small>NewsBucovina<\/small><\/span><\/a><a class=\"nb-social-btn nb-social-telegram\" href=\"https:\/\/t.me\/+TH8wcfnp8fw5NWI0\" target=\"_blank\" rel=\"noopener external\" title=\"Intr\u0103 \u00een grupul Telegram News Bucovina\"><span class=\"nb-social-text\"><strong>Intr\u0103 pe Telegram<\/strong><small>Grupul News Bucovina<\/small><\/span><\/a><a class=\"nb-social-btn nb-social-google\" href=\"https:\/\/www.google.com\/preferences\/source?q=newsbucovina.ro\" target=\"_blank\" rel=\"noopener external\" title=\"Adaug\u0103 NewsBucovina ca surs\u0103 preferat\u0103 \u00een Google\"><span class=\"nb-social-text\"><strong>Adaug\u0103 NewsBucovina<\/strong><small>Surs\u0103 preferat\u0103 \u00een Google<\/small><\/span><\/a><\/div>\n<\/div>\n<p class=\"wp-block-paragraph\">Sfintele Moa\u0219te ale Sfintei Cuvioase Elisabeta de la Pas\u0103rea vor fi aduse duminic\u0103, 6 septembrie 2026, pentru prima dat\u0103 \u00een pelerinaj \u00een Bucovina, la Parohia \u201eSfin\u021bii P\u0103rin\u021bi Ioachim \u0219i Ana\u201d \u2013 Stejari, din municipiul Suceava.<\/p>\n<figure class=\"wp-block-gallery has-nested-images columns-default is-cropped wp-block-gallery-1 is-layout-flex wp-block-gallery-is-layout-flex\">\n<figure class=\"wp-block-image size-large\"><a href=\"https:\/\/cdn.newsbucovina.ro\/wp-content\/uploads\/2026\/09\/Afis-primire-Moaste-final-scaled-1.jpeg\"><img loading=\"lazy\" decoding=\"async\" width=\"724\" height=\"1024\" data-id=\"448483\" src=\"https:\/\/cdn.newsbucovina.ro\/wp-content\/uploads\/2026\/09\/Afis-primire-Moaste-final-scaled-1-724x1024.jpeg\" alt class=\"wp-image-448483\"><\/a><\/figure>\n<figure class=\"wp-block-image size-large\"><a href=\"https:\/\/cdn.newsbucovina.ro\/wp-content\/uploads\/2026\/09\/afis-program.jpg-scaled-1.jpeg\"><img loading=\"lazy\" decoding=\"async\" width=\"724\" height=\"1024\" data-id=\"448484\" src=\"https:\/\/cdn.newsbucovina.ro\/wp-content\/uploads\/2026\/09\/afis-program.jpg-scaled-1-724x1024.jpeg\" alt class=\"wp-image-448484\"><\/a><\/figure>\n<\/figure>\n<p class=\"wp-block-paragraph\">Racla va poposi la Suceava cu binecuv\u00e2ntarea Patriarhului Daniel \u0219i a arhiepiscopului Calinic al Sucevei \u0219i R\u0103d\u0103u\u021bilor. Slujba de primire \u0219i procesiunea vor fi oficiate de episcopul-vicar Damaschin Dorneanul, \u00eempreun\u0103 cu un sobor de preo\u021bi \u0219i diaconi. Sunt a\u0219tepta\u021bi monahi \u0219i monahii din Moldova, reprezentan\u021bi ai autorit\u0103\u021bilor \u0219i credincio\u0219i.<\/p>\n<p class=\"wp-block-paragraph\">Moa\u0219tele vor r\u0103m\u00e2ne spre \u00eenchinare \u00een paraclisul parohiei p\u00e2n\u0103 miercuri, 9 septembrie. Paraclisul va fi deschis permanent pe toat\u0103 durata pelerinajului.<\/p>\n<p class=\"wp-block-paragraph\">Pelerinajul se \u00eencheie pe 9 septembrie, de hramul parohiei, s\u0103rb\u0103toarea Sfin\u021bilor \u0219i Drep\u021bilor P\u0103rin\u021bi Ioachim \u0219i Ana. Sf\u00e2nta Liturghie va fi s\u0103v\u00e2r\u0219it\u0103 de episcopul ortodox rom\u00e2n al Ungariei, Siluan, \u00eenconjurat de un sobor de preo\u021bi \u0219i diaconi.<\/p>\n<p class=\"wp-block-paragraph\">Parohia Stejari construie\u0219te o biseric\u0103 nou\u0103, \u00eenchinat\u0103 ocrotitorilor s\u0103i. Donatorii pot sprijini lucrarea \u00een contul RO86 RNCB 0234 1811 9124 0001 (BIC\/SWIFT: RNCBROBU), titular Parohia \u201eSf. P\u0103rin\u021bi Ioachim \u0219i Ana\u201d \u2013 Stejari, Suceava, sau la telefon 0756 277 365. Anun\u021bul a fost semnat de preotul paroh Andrei Mocanu.<\/p>\n<figure class=\"wp-block-embed is-type-video is-provider-youtube wp-block-embed-youtube wp-embed-aspect-16-9 wp-has-aspect-ratio\">\n<div class=\"wp-block-embed__wrapper\">\n<div class=\"youtube-embed\" data-video_id=\"v3AVicbN8GY\"><iframe loading=\"lazy\" title=\"Cand e vorba de BANI Mul\u021bi, la Vicovu de Sus se poate - ziua \u00een care Vicele a \"furat indicatorul\"!!\" width=\"696\" height=\"392\" src=\"https:\/\/www.youtube.com\/embed\/v3AVicbN8GY?start=532&amp;feature=oembed\" frameborder allow=\"accelerometer; autoplay; clipboard-write; encrypted-media; gyroscope; picture-in-picture; web-share\" referrerpolicy=\"strict-origin-when-cross-origin\" allowfullscreen><\/iframe><\/div>\n<\/div>\n<\/figure>\n<div class=\"td-a-rec td-a-rec-id-content_bottom  tdi_4 td_block_template_1\"><strong>Intr\u0103 acum \u0219i \u00een grupul de <\/p>\n<div class=\"wp-block-button\"><a class=\"wp-block-button__link wp-element-button\" href=\"https:\/\/t.me\/+TH8wcfnp8fw5NWI0\">Telegram News Bucovina<\/a><\/div>\n<p><\/strong><\/div>\n<\/div>\n<p>[analyse_source url=&#8221;https:\/\/www.newsbucovina.ro\/evenimente\/448482\/moastele-sfintei-cuvioase-elisabeta-de-la-pasarea-aduse-in-premiera-in-bucovina-vor-poposi-la-parohia-stejari-din-suceava&#8221;]<\/p>\n","protected":false},"excerpt":{"rendered":"<p>[analyse_image type=&#8221;featured&#8221; src=&#8221;https:\/\/www.newsbucovina.ro\/wp-content\/uploads\/2026\/09\/sfintire-racla-sfanta-elisabeta-iunie-2026-2.webphttps:\/\/cdn.newsbucovina.ro\/wp-content\/uploads\/2026\/09\/sfintire-racla-sfanta-elisabeta-iunie-2026-2.webp&#8221;] Aboneaz\u0103-te pe YouTubeNewsBucovinaIntr\u0103 pe TelegramGrupul News BucovinaAdaug\u0103 NewsBucovinaSurs\u0103 preferat\u0103 \u00een Google Sfintele Moa\u0219te ale Sfintei Cuvioase Elisabeta de la Pas\u0103rea vor fi aduse duminic\u0103, 6 septembrie 2026, pentru prima dat\u0103 \u00een pelerinaj \u00een Bucovina, la Parohia \u201eSfin\u021bii P\u0103rin\u021bi Ioachim \u0219i Ana\u201d \u2013 Stejari, din municipiul Suceava. Racla va poposi la Suceava cu [&hellip;]<\/p>\n","protected":false},"author":1,"featured_media":0,"comment_status":"open","ping_status":"","sticky":false,"template":"","format":"standard","meta":{"footnotes":""},"categories":[89],"tags":[226,165],"class_list":["post-2127386","post","type-post","status-publish","format-standard","hentry","category-romania","tag-crawlmanager","tag-newsbucovina-ro"],"_links":{"self":[{"href":"https:\/\/analyse.optim.biz\/index.php?rest_route=\/wp\/v2\/posts\/2127386","targetHints":{"allow":["GET"]}}],"collection":[{"href":"https:\/\/analyse.optim.biz\/index.php?rest_route=\/wp\/v2\/posts"}],"about":[{"href":"https:\/\/analyse.optim.biz\/index.php?rest_route=\/wp\/v2\/types\/post"}],"author":[{"embeddable":true,"href":"https:\/\/analyse.optim.biz\/index.php?rest_route=\/wp\/v2\/users\/1"}],"replies":[{"embeddable":true,"href":"https:\/\/analyse.optim.biz\/index.php?rest_route=%2Fwp%2Fv2%2Fcomments&post=2127386"}],"version-history":[{"count":0,"href":"https:\/\/analyse.optim.biz\/index.php?rest_route=\/wp\/v2\/posts\/2127386\/revisions"}],"wp:attachment":[{"href":"https:\/\/analyse.optim.biz\/index.php?rest_route=%2Fwp%2Fv2%2Fmedia&parent=2127386"}],"wp:term":[{"taxonomy":"category","embeddable":true,"href":"https:\/\/analyse.optim.biz\/index.php?rest_route=%2Fwp%2Fv2%2Fcategories&post=2127386"},{"taxonomy":"post_tag","embeddable":true,"href":"https:\/\/analyse.optim.biz\/index.php?rest_route=%2Fwp%2Fv2%2Ftags&post=2127386"}],"curies":[{"name":"wp","href":"https:\/\/api.w.org\/{rel}","templated":true}]}}