{"id":2127385,"date":"2026-09-03T13:02:26","date_gmt":"2026-09-03T10:02:26","guid":{"rendered":"https:\/\/analyse.optim.biz\/?p=2127385"},"modified":"2026-09-03T13:02:26","modified_gmt":"2026-09-03T10:02:26","slug":"auto-deals-aduce-universul-masinilor-la-iulius-mall-suceava-trei-zile-in-care-poti-descoperi-zeci-de-modele","status":"publish","type":"post","link":"https:\/\/analyse.optim.biz\/?p=2127385","title":{"rendered":"Auto Deals aduce universul ma\u0219inilor la Iulius Mall Suceava: trei zile \u00een care po\u021bi descoperi zeci de modele"},"content":{"rendered":"<p>[analyse_image type=&#8221;featured&#8221; src=&#8221;https:\/\/www.newsbucovina.ro\/wp-content\/uploads\/2026\/09\/Iulius-Mall-Suceava-1.jpghttps:\/\/cdn.newsbucovina.ro\/wp-content\/uploads\/2026\/09\/Iulius-Mall-Suceava-1.jpg&#8221;]<\/p>\n<div class=\"td-post-content tagdiv-type\">\n<div class=\"td-a-rec td-a-rec-id-content_top  tdi_3 td_block_template_1\">\n<div class=\"nb-social-buttons\"><a class=\"nb-social-btn nb-social-youtube\" href=\"https:\/\/www.youtube.com\/@ZiarulNewsBucovina?sub_confirmation=1\" target=\"_blank\" rel=\"noopener external\" title=\"Aboneaz\u0103-te la NewsBucovina pe YouTube\"><span class=\"nb-social-text\"><strong>Aboneaz\u0103-te pe YouTube<\/strong><small>NewsBucovina<\/small><\/span><\/a><a class=\"nb-social-btn nb-social-telegram\" href=\"https:\/\/t.me\/+TH8wcfnp8fw5NWI0\" target=\"_blank\" rel=\"noopener external\" title=\"Intr\u0103 \u00een grupul Telegram News Bucovina\"><span class=\"nb-social-text\"><strong>Intr\u0103 pe Telegram<\/strong><small>Grupul News Bucovina<\/small><\/span><\/a><a class=\"nb-social-btn nb-social-google\" href=\"https:\/\/www.google.com\/preferences\/source?q=newsbucovina.ro\" target=\"_blank\" rel=\"noopener external\" title=\"Adaug\u0103 NewsBucovina ca surs\u0103 preferat\u0103 \u00een Google\"><span class=\"nb-social-text\"><strong>Adaug\u0103 NewsBucovina<\/strong><small>Surs\u0103 preferat\u0103 \u00een Google<\/small><\/span><\/a><\/div>\n<\/div>\n<p class=\"wp-block-paragraph\"><strong><em>Pasiona\u021bii de automobile \u0219i cei care sunt \u00een c\u0103utarea unei ma\u0219ini noi sunt a\u0219tepta\u021bi, de vineri p\u00e2n\u0103 duminic\u0103, la Iulius Mall Suceava, la edi\u021bia de toam\u0103 a Auto Deals. Evenimentul reune\u0219te dealeri auto \u0219i o varietate de autoturisme, expuse at\u00e2t \u00een zona exterioar\u0103, c\u00e2t \u0219i \u00een interiorul Iulius Mall. Iar dac\u0103 vii cu familia, duminic\u0103 pute\u021bi viziona \u00een parc filmul \u201eGOAT\u201d, o anima\u021bie plin\u0103 de energie, umor \u0219i aventur\u0103.<\/em><\/strong><\/p>\n<figure class=\"wp-block-image size-large\"><a href=\"https:\/\/cdn.newsbucovina.ro\/wp-content\/uploads\/2026\/09\/Iulius-Mall-Suceava-1.jpg\"><img loading=\"lazy\" decoding=\"async\" width=\"1024\" height=\"504\" src=\"https:\/\/cdn.newsbucovina.ro\/wp-content\/uploads\/2026\/09\/Iulius-Mall-Suceava-1-1024x504.jpg\" alt class=\"wp-image-448496\"><\/a><\/figure>\n<p class=\"wp-block-paragraph\">Toamna \u00eencepe cu\u00a0<strong>Auto Deals<\/strong>\u00a0la\u00a0<strong>Iulius Mall Suceava<\/strong>, unde, \u00eentre\u00a0<strong>4 \u0219i 6 septembrie 2026<\/strong>, vizitatorii pot descoperi modele auto pentru stiluri de via\u021b\u0103 \u0219i preferin\u021be diferite, \u00eentr-un singur loc. Cea de-a doua edi\u021bie\u00a0<strong>Auto Deals\u00a0<\/strong>reune\u0219te\u00a0<strong>peste 20 de autoturisme<\/strong>\u00a0\u0219i propune o incursiune \u00een universul auto, de la modele premium \u0219i ma\u0219ini de ora\u0219, p\u00e2n\u0103 la solu\u021bii pentru mobilitate \u0219i \u00eenchirieri auto.<\/p>\n<p class=\"wp-block-paragraph\">La aceast\u0103 edi\u021bie vor fi prezen\u021bi\u00a0<strong>cinci dealeri auto<\/strong>, care vor expune o selec\u021bie variat\u0103 de modele.\u00a0<strong>Auto Adria<\/strong>\u00a0vine cu marca\u00a0<strong>\u0160koda<\/strong>\u00a0\u0219i\u00a0<strong>SsangYong<\/strong>,\u00a0<strong>Autoport<\/strong>\u00a0prezint\u0103 modele\u00a0<strong>Audi \u0219i Volkswagen<\/strong>, iar\u00a0<strong>Auto Schunn<\/strong>\u00a0aduce \u00een aten\u021bia publicului automobile\u00a0<strong>Mercedes-Benz<\/strong>. Oferta este completat\u0103 de\u00a0<strong>Union Cars<\/strong>, cu\u00a0<strong>Suzuki \u0219i Ford<\/strong>, precum \u0219i de\u00a0<strong>Autonom<\/strong>, care va prezenta solu\u021bii de\u00a0<strong>\u00eenchirieri auto<\/strong>.<\/p>\n<p class=\"wp-block-paragraph\">Pentru o ie\u0219ire \u00een familie,\u00a0<strong>duminic\u0103, 6 septembrie, de la ora 19.00<\/strong>, \u00een parcul Iulius Mall Suceava va fi proiectat filmul de anima\u021bie\u00a0<strong>\u201eGOAT\u201d<\/strong>, o poveste despre ambi\u021bie, curaj \u0219i dorin\u021ba de a-\u021bi dep\u0103\u0219i limitele.\u00a0<strong>Vineri \u0219i s\u00e2mb\u0103t\u0103<\/strong>, \u00een parc, publicul va putea urm\u0103ri noi episoade dintr-un reality show popular.<\/p>\n<p class=\"wp-block-paragraph\"><strong>Weekendul acesta, bucur\u0103-te de timp al\u0103turi de cei dragi, la Iulius Mall Suceava!<\/strong><\/p>\n<figure class=\"wp-block-embed is-type-video is-provider-youtube wp-block-embed-youtube wp-embed-aspect-16-9 wp-has-aspect-ratio\">\n<div class=\"wp-block-embed__wrapper\">\n<div class=\"youtube-embed\" data-video_id=\"v3AVicbN8GY\"><iframe loading=\"lazy\" title=\"Cand e vorba de BANI Mul\u021bi, la Vicovu de Sus se poate - ziua \u00een care Vicele a \"furat indicatorul\"!!\" width=\"696\" height=\"392\" src=\"https:\/\/www.youtube.com\/embed\/v3AVicbN8GY?start=532&amp;feature=oembed\" frameborder allow=\"accelerometer; autoplay; clipboard-write; encrypted-media; gyroscope; picture-in-picture; web-share\" referrerpolicy=\"strict-origin-when-cross-origin\" allowfullscreen><\/iframe><\/div>\n<\/div>\n<\/figure>\n<div class=\"td-a-rec td-a-rec-id-content_bottom  tdi_4 td_block_template_1\"><strong>Intr\u0103 acum \u0219i \u00een grupul de <\/p>\n<div class=\"wp-block-button\"><a class=\"wp-block-button__link wp-element-button\" href=\"https:\/\/t.me\/+TH8wcfnp8fw5NWI0\">Telegram News Bucovina<\/a><\/div>\n<p><\/strong><\/div>\n<\/div>\n<div class=\"td-post-content tagdiv-type\">\n<div class=\"td-a-rec td-a-rec-id-content_top  tdi_3 td_block_template_1\">\n<div class=\"nb-social-buttons\"><a class=\"nb-social-btn nb-social-youtube\" href=\"https:\/\/www.youtube.com\/@ZiarulNewsBucovina?sub_confirmation=1\" target=\"_blank\" rel=\"noopener external\" title=\"Aboneaz\u0103-te la NewsBucovina pe YouTube\"><span class=\"nb-social-text\"><strong>Aboneaz\u0103-te pe YouTube<\/strong><small>NewsBucovina<\/small><\/span><\/a><a class=\"nb-social-btn nb-social-telegram\" href=\"https:\/\/t.me\/+TH8wcfnp8fw5NWI0\" target=\"_blank\" rel=\"noopener external\" title=\"Intr\u0103 \u00een grupul Telegram News Bucovina\"><span class=\"nb-social-text\"><strong>Intr\u0103 pe Telegram<\/strong><small>Grupul News Bucovina<\/small><\/span><\/a><a class=\"nb-social-btn nb-social-google\" href=\"https:\/\/www.google.com\/preferences\/source?q=newsbucovina.ro\" target=\"_blank\" rel=\"noopener external\" title=\"Adaug\u0103 NewsBucovina ca surs\u0103 preferat\u0103 \u00een Google\"><span class=\"nb-social-text\"><strong>Adaug\u0103 NewsBucovina<\/strong><small>Surs\u0103 preferat\u0103 \u00een Google<\/small><\/span><\/a><\/div>\n<\/div>\n<p class=\"wp-block-paragraph\"><strong><em>Pasiona\u021bii de automobile \u0219i cei care sunt \u00een c\u0103utarea unei ma\u0219ini noi sunt a\u0219tepta\u021bi, de vineri p\u00e2n\u0103 duminic\u0103, la Iulius Mall Suceava, la edi\u021bia de toam\u0103 a Auto Deals. Evenimentul reune\u0219te dealeri auto \u0219i o varietate de autoturisme, expuse at\u00e2t \u00een zona exterioar\u0103, c\u00e2t \u0219i \u00een interiorul Iulius Mall. Iar dac\u0103 vii cu familia, duminic\u0103 pute\u021bi viziona \u00een parc filmul \u201eGOAT\u201d, o anima\u021bie plin\u0103 de energie, umor \u0219i aventur\u0103.<\/em><\/strong><\/p>\n<figure class=\"wp-block-image size-large\"><a href=\"https:\/\/cdn.newsbucovina.ro\/wp-content\/uploads\/2026\/09\/Iulius-Mall-Suceava-1.jpg\"><img loading=\"lazy\" decoding=\"async\" width=\"1024\" height=\"504\" src=\"https:\/\/cdn.newsbucovina.ro\/wp-content\/uploads\/2026\/09\/Iulius-Mall-Suceava-1-1024x504.jpg\" alt class=\"wp-image-448496\"><\/a><\/figure>\n<p class=\"wp-block-paragraph\">Toamna \u00eencepe cu\u00a0<strong>Auto Deals<\/strong>\u00a0la\u00a0<strong>Iulius Mall Suceava<\/strong>, unde, \u00eentre\u00a0<strong>4 \u0219i 6 septembrie 2026<\/strong>, vizitatorii pot descoperi modele auto pentru stiluri de via\u021b\u0103 \u0219i preferin\u021be diferite, \u00eentr-un singur loc. Cea de-a doua edi\u021bie\u00a0<strong>Auto Deals\u00a0<\/strong>reune\u0219te\u00a0<strong>peste 20 de autoturisme<\/strong>\u00a0\u0219i propune o incursiune \u00een universul auto, de la modele premium \u0219i ma\u0219ini de ora\u0219, p\u00e2n\u0103 la solu\u021bii pentru mobilitate \u0219i \u00eenchirieri auto.<\/p>\n<p class=\"wp-block-paragraph\">La aceast\u0103 edi\u021bie vor fi prezen\u021bi\u00a0<strong>cinci dealeri auto<\/strong>, care vor expune o selec\u021bie variat\u0103 de modele.\u00a0<strong>Auto Adria<\/strong>\u00a0vine cu marca\u00a0<strong>\u0160koda<\/strong>\u00a0\u0219i\u00a0<strong>SsangYong<\/strong>,\u00a0<strong>Autoport<\/strong>\u00a0prezint\u0103 modele\u00a0<strong>Audi \u0219i Volkswagen<\/strong>, iar\u00a0<strong>Auto Schunn<\/strong>\u00a0aduce \u00een aten\u021bia publicului automobile\u00a0<strong>Mercedes-Benz<\/strong>. Oferta este completat\u0103 de\u00a0<strong>Union Cars<\/strong>, cu\u00a0<strong>Suzuki \u0219i Ford<\/strong>, precum \u0219i de\u00a0<strong>Autonom<\/strong>, care va prezenta solu\u021bii de\u00a0<strong>\u00eenchirieri auto<\/strong>.<\/p>\n<p class=\"wp-block-paragraph\">Pentru o ie\u0219ire \u00een familie,\u00a0<strong>duminic\u0103, 6 septembrie, de la ora 19.00<\/strong>, \u00een parcul Iulius Mall Suceava va fi proiectat filmul de anima\u021bie\u00a0<strong>\u201eGOAT\u201d<\/strong>, o poveste despre ambi\u021bie, curaj \u0219i dorin\u021ba de a-\u021bi dep\u0103\u0219i limitele.\u00a0<strong>Vineri \u0219i s\u00e2mb\u0103t\u0103<\/strong>, \u00een parc, publicul va putea urm\u0103ri noi episoade dintr-un reality show popular.<\/p>\n<p class=\"wp-block-paragraph\"><strong>Weekendul acesta, bucur\u0103-te de timp al\u0103turi de cei dragi, la Iulius Mall Suceava!<\/strong><\/p>\n<figure class=\"wp-block-embed is-type-video is-provider-youtube wp-block-embed-youtube wp-embed-aspect-16-9 wp-has-aspect-ratio\">\n<div class=\"wp-block-embed__wrapper\">\n<div class=\"youtube-embed\" data-video_id=\"v3AVicbN8GY\"><iframe loading=\"lazy\" title=\"Cand e vorba de BANI Mul\u021bi, la Vicovu de Sus se poate - ziua \u00een care Vicele a \"furat indicatorul\"!!\" width=\"696\" height=\"392\" src=\"https:\/\/www.youtube.com\/embed\/v3AVicbN8GY?start=532&amp;feature=oembed\" frameborder allow=\"accelerometer; autoplay; clipboard-write; encrypted-media; gyroscope; picture-in-picture; web-share\" referrerpolicy=\"strict-origin-when-cross-origin\" allowfullscreen><\/iframe><\/div>\n<\/div>\n<\/figure>\n<div class=\"td-a-rec td-a-rec-id-content_bottom  tdi_4 td_block_template_1\"><strong>Intr\u0103 acum \u0219i \u00een grupul de <\/p>\n<div class=\"wp-block-button\"><a class=\"wp-block-button__link wp-element-button\" href=\"https:\/\/t.me\/+TH8wcfnp8fw5NWI0\">Telegram News Bucovina<\/a><\/div>\n<p><\/strong><\/div>\n<\/div>\n<p>[analyse_source url=&#8221;https:\/\/www.newsbucovina.ro\/evenimente\/448495\/auto-deals-aduce-universul-masinilor-la-iulius-mall-suceava-trei-zile-in-care-poti-descoperi-zeci-de-modele&#8221;]<\/p>\n","protected":false},"excerpt":{"rendered":"<p>[analyse_image type=&#8221;featured&#8221; src=&#8221;https:\/\/www.newsbucovina.ro\/wp-content\/uploads\/2026\/09\/Iulius-Mall-Suceava-1.jpghttps:\/\/cdn.newsbucovina.ro\/wp-content\/uploads\/2026\/09\/Iulius-Mall-Suceava-1.jpg&#8221;] Aboneaz\u0103-te pe YouTubeNewsBucovinaIntr\u0103 pe TelegramGrupul News BucovinaAdaug\u0103 NewsBucovinaSurs\u0103 preferat\u0103 \u00een Google Pasiona\u021bii de automobile \u0219i cei care sunt \u00een c\u0103utarea unei ma\u0219ini noi sunt a\u0219tepta\u021bi, de vineri p\u00e2n\u0103 duminic\u0103, la Iulius Mall Suceava, la edi\u021bia de toam\u0103 a Auto Deals. Evenimentul reune\u0219te dealeri auto \u0219i o varietate de autoturisme, expuse at\u00e2t \u00een [&hellip;]<\/p>\n","protected":false},"author":1,"featured_media":0,"comment_status":"open","ping_status":"","sticky":false,"template":"","format":"standard","meta":{"footnotes":""},"categories":[89],"tags":[226,165],"class_list":["post-2127385","post","type-post","status-publish","format-standard","hentry","category-romania","tag-crawlmanager","tag-newsbucovina-ro"],"_links":{"self":[{"href":"https:\/\/analyse.optim.biz\/index.php?rest_route=\/wp\/v2\/posts\/2127385","targetHints":{"allow":["GET"]}}],"collection":[{"href":"https:\/\/analyse.optim.biz\/index.php?rest_route=\/wp\/v2\/posts"}],"about":[{"href":"https:\/\/analyse.optim.biz\/index.php?rest_route=\/wp\/v2\/types\/post"}],"author":[{"embeddable":true,"href":"https:\/\/analyse.optim.biz\/index.php?rest_route=\/wp\/v2\/users\/1"}],"replies":[{"embeddable":true,"href":"https:\/\/analyse.optim.biz\/index.php?rest_route=%2Fwp%2Fv2%2Fcomments&post=2127385"}],"version-history":[{"count":0,"href":"https:\/\/analyse.optim.biz\/index.php?rest_route=\/wp\/v2\/posts\/2127385\/revisions"}],"wp:attachment":[{"href":"https:\/\/analyse.optim.biz\/index.php?rest_route=%2Fwp%2Fv2%2Fmedia&parent=2127385"}],"wp:term":[{"taxonomy":"category","embeddable":true,"href":"https:\/\/analyse.optim.biz\/index.php?rest_route=%2Fwp%2Fv2%2Fcategories&post=2127385"},{"taxonomy":"post_tag","embeddable":true,"href":"https:\/\/analyse.optim.biz\/index.php?rest_route=%2Fwp%2Fv2%2Ftags&post=2127385"}],"curies":[{"name":"wp","href":"https:\/\/api.w.org\/{rel}","templated":true}]}}