{"id":2127370,"date":"2026-09-03T12:07:46","date_gmt":"2026-09-03T09:07:46","guid":{"rendered":"https:\/\/analyse.optim.biz\/?p=2127370"},"modified":"2026-09-03T12:07:46","modified_gmt":"2026-09-03T09:07:46","slug":"gratuit-cu-trans-bus-tot-ce-trebuie-sa-stie-elevii-despre-abonamente","status":"publish","type":"post","link":"https:\/\/analyse.optim.biz\/?p=2127370","title":{"rendered":"GRATUIT cu Trans Bus: Tot ce trebuie s\u0103 \u0219tie elevii despre abonamente"},"content":{"rendered":"<p>[analyse_image type=&#8221;featured&#8221; src=&#8221;https:\/\/www.campusbuzau.ro\/wp-content\/uploads\/2025\/09\/autobuz-TransBus-abonamente-elevi-comunicat-site.jpghttps:\/\/www.campusbuzau.ro\/wp-content\/uploads\/2025\/09\/autobuz-TransBus-abonamente-elevi-comunicat-site.jpg&#8221;]<\/p>\n<div class=\"entry-content\">\n<p><strong><em>TransBus vine cu informa\u021bii pentru elevii care vor \u00eencepe noul an \u0219colar \u00een unit\u0103\u021bile de \u00eenv\u0103\u021b\u0103m\u00e2nt din municipiul Buz\u0103u \u0219i din localit\u0103\u021bile aflate \u00een zona de competen\u021b\u0103 a Asocia\u021biei de Dezvoltare Intercomunitar\u0103 Buz\u0103u\u2013M\u0103r\u0103cineni.<\/em><\/strong><\/p>\n<p>Anun\u021bul \u00eei vizeaz\u0103 pe elevii \u00eenscri\u0219i \u00een anul \u0219colar 2026\u20132027 \u00een \u00eenv\u0103\u021b\u0103m\u00e2ntul primar, gimnazial, liceal \u0219i postliceal, \u00een unit\u0103\u021bi de \u00eenv\u0103\u021b\u0103m\u00e2nt acreditate sau autorizate.<\/p>\n<p>Potrivit societ\u0103\u021bii de transport, informa\u021biile sunt adresate tuturor elevilor din municipiul Buz\u0103u \u0219i din comunele arondate zonei de competen\u021b\u0103 a ADI Buz\u0103u\u2013M\u0103r\u0103cineni, \u00een contextul \u00eenceperii noului an \u0219colar.<\/p>\n<p>\u201e<strong><em>\u00cen aten\u021bia elevilor \u00eenscri\u0219i \u00een anul scolar 2026-2027 \u00een unit\u0103\u021bile de \u00eenv\u0103\u021b\u0103m\u00e2nt preuniversitar (primar, gimnazial, liceal \u0219i postliceal) acreditat \/ autorizat din mun. Buz\u0103u \u0219i comunele din zona de competen\u021b\u0103 a Asocia\u021biei de Dezvoltare Intercomunitar\u0103 Buz\u0103u \u2013 M\u0103r\u0103cineni.<\/em><\/strong><\/p>\n<p><strong><em>Stima\u021bi elevi, v\u0103 rug\u0103m s\u0103 v\u0103 prezenta\u021bi la punctele de emitere\/\u00eenc\u0103rcare abonamente apar\u021bin\u00e2nd Transbus cu carnetul de elev vizat la zi sau adeverin\u021b\u0103 de elev pentru anul scolar 2026 \u2013 2027, pentru a intra \u00een posesia noului abonament de transport gratuit. De asemenea, va reamintim ca ave\u021bi obliga\u021bia validarii cal\u0103toriei \u00een mijloacele de transport \u00een comun<\/em><\/strong>.\u201d , transmite conducerea Trans Bus. <\/p>\n<\/div>\n<p>[analyse_source url=&#8221;https:\/\/www.campusbuzau.ro\/gratuit-cu-transbus-tot-ce-trebuie-sa-stii\/&#8221;]<\/p>\n","protected":false},"excerpt":{"rendered":"<p>[analyse_image type=&#8221;featured&#8221; src=&#8221;https:\/\/www.campusbuzau.ro\/wp-content\/uploads\/2025\/09\/autobuz-TransBus-abonamente-elevi-comunicat-site.jpghttps:\/\/www.campusbuzau.ro\/wp-content\/uploads\/2025\/09\/autobuz-TransBus-abonamente-elevi-comunicat-site.jpg&#8221;] TransBus vine cu informa\u021bii pentru elevii care vor \u00eencepe noul an \u0219colar \u00een unit\u0103\u021bile de \u00eenv\u0103\u021b\u0103m\u00e2nt din municipiul Buz\u0103u \u0219i din localit\u0103\u021bile aflate \u00een zona de competen\u021b\u0103 a Asocia\u021biei de Dezvoltare Intercomunitar\u0103 Buz\u0103u\u2013M\u0103r\u0103cineni. Anun\u021bul \u00eei vizeaz\u0103 pe elevii \u00eenscri\u0219i \u00een anul \u0219colar 2026\u20132027 \u00een \u00eenv\u0103\u021b\u0103m\u00e2ntul primar, gimnazial, liceal \u0219i postliceal, \u00een unit\u0103\u021bi [&hellip;]<\/p>\n","protected":false},"author":1,"featured_media":0,"comment_status":"open","ping_status":"","sticky":false,"template":"","format":"standard","meta":{"footnotes":""},"categories":[2],"tags":[118,226],"class_list":["post-2127370","post","type-post","status-publish","format-standard","hentry","category-politics","tag-campusbuzau-ro","tag-crawlmanager"],"_links":{"self":[{"href":"https:\/\/analyse.optim.biz\/index.php?rest_route=\/wp\/v2\/posts\/2127370","targetHints":{"allow":["GET"]}}],"collection":[{"href":"https:\/\/analyse.optim.biz\/index.php?rest_route=\/wp\/v2\/posts"}],"about":[{"href":"https:\/\/analyse.optim.biz\/index.php?rest_route=\/wp\/v2\/types\/post"}],"author":[{"embeddable":true,"href":"https:\/\/analyse.optim.biz\/index.php?rest_route=\/wp\/v2\/users\/1"}],"replies":[{"embeddable":true,"href":"https:\/\/analyse.optim.biz\/index.php?rest_route=%2Fwp%2Fv2%2Fcomments&post=2127370"}],"version-history":[{"count":0,"href":"https:\/\/analyse.optim.biz\/index.php?rest_route=\/wp\/v2\/posts\/2127370\/revisions"}],"wp:attachment":[{"href":"https:\/\/analyse.optim.biz\/index.php?rest_route=%2Fwp%2Fv2%2Fmedia&parent=2127370"}],"wp:term":[{"taxonomy":"category","embeddable":true,"href":"https:\/\/analyse.optim.biz\/index.php?rest_route=%2Fwp%2Fv2%2Fcategories&post=2127370"},{"taxonomy":"post_tag","embeddable":true,"href":"https:\/\/analyse.optim.biz\/index.php?rest_route=%2Fwp%2Fv2%2Ftags&post=2127370"}],"curies":[{"name":"wp","href":"https:\/\/api.w.org\/{rel}","templated":true}]}}