{"id":2127352,"date":"2026-09-03T00:30:25","date_gmt":"2026-09-02T21:30:25","guid":{"rendered":"https:\/\/analyse.optim.biz\/?p=2127352"},"modified":"2026-09-03T00:30:25","modified_gmt":"2026-09-02T21:30:25","slug":"ofensiva-ucraineana-discreta-dusa-de-drone-sute-de-soldati-rusi-in-pericol-de-incercuire-intr-un-sector","status":"publish","type":"post","link":"https:\/\/analyse.optim.biz\/?p=2127352","title":{"rendered":"Ofensiv\u0103 ucrainean\u0103 discret\u0103 dus\u0103 de drone: sute de solda\u021bi ru\u0219i, \u00een pericol de \u00eencercuire \u00eentr-un sector&#8230;"},"content":{"rendered":"<p>[analyse_image type=&#8221;featured&#8221; src=&#8221;https:\/\/cdn.adh.reperio.news\/image-5\/591ff56b-b647-4682-bbf5-65e7f2ddbaa8\/index.jpeg?p=f%3Djpeg%26w%3D1200%26h%3D630%26r%3Dcover&#8221;]<\/p>\n<article class=\"svelte-x63bga\">\n<nav>\n<ul class=\"breadcrump svelte-1pk9a69\">\n<li class=\"svelte-1pk9a69\"><a href=\"https:\/\/adevarul.ro\/\" title=\"Adev\u0103rul\" class=\"svelte-1pk9a69\">Home<\/a><\/li>\n<li class=\"svelte-1pk9a69\"><a href=\"https:\/\/adevarul.ro\/stiri-externe\" class=\"svelte-1pk9a69\">\u0218tiri Externe<\/a><\/li>\n<li class=\"svelte-1pk9a69\"><a href=\"https:\/\/adevarul.ro\/stiri-externe\/europa\" class=\"svelte-1pk9a69\">Europa<\/a><\/li>\n<li class=\"svelte-1pk9a69\"><a href=\"https:\/\/adevarul.ro\/stiri-externe\/europa\/ofensiva-ucraineana-discreta-dusa-de-drone-sute-2553691.html\" class=\"svelte-1pk9a69\">Ofensiv\u0103 ucrainean\u0103 discret\u0103 dus\u0103 de drone: sute de solda\u021bi ru\u0219i, \u00een pericol de \u00eencercuire \u00eentr-un sector critic pe frontul de est<\/a><\/li>\n<\/ul>\n<\/nav>\n<p><main class=\"svelte-x63bga\"><\/p>\n<p>O contraofensiv\u0103 discret\u0103 \u0219i metodic\u0103, condus\u0103 de un corp de elit\u0103 al armatei ucrainene, a \u00eempins \u00eenapoi for\u021bele Kremlinului cu p\u00e2n\u0103 la 15 kilometri \u00eentr-un sector estic al frontului, t\u0103ind liniile de aprovizionare \u0219i sprijin pentru sute de militari ru\u0219i.<\/p>\n<div class=\"container-image  svelte-1xbw4f3\"><source type=\"image\/webp\" srcset=\"https:\/\/cdn.adh.reperio.news\/image-5\/591ff56b-b647-4682-bbf5-65e7f2ddbaa8\/index.jpeg?p=a%3D1%26co%3D1.05%26w%3D1400%26h%3D750%26r%3Dcontain%26f%3Dwebp 1400w\" media=\"(min-width: 1400px)\" \/><\/p>\n<div class=\"caption svelte-1xbw4f3\"><span class=\"captionText svelte-1xbw4f3\">Ucrainenii folosesc dronele \u00eempotriva ru\u0219ilor\/FOTO:Profimedia <\/span><\/div>\n<\/div>\n<p>C\u00e2\u0219tigurile de teren \u0219i succesele ucrainene la nord de ora\u0219ul-cetate Liman s-au produs treptat, \u00een etape mici, ca urmare a unor luni \u00eentregi de atacuri de infanterie la scar\u0103 redus\u0103, sus\u021binute intens de drone de lovire \u0219i de recunoa\u0219tere, folosite pentru a scoate ap\u0103r\u0103torii ru\u0219i din pozi\u021bii, potrivit rapoartelor de pe teren \u0219i anali\u0219tilor militari.<\/p>\n<p>\u00cen centrul ofensivei s-ar afla, potrivit relat\u0103rilor, Corpul 3 de Armat\u0103, o forma\u021biune major\u0103 a armatei ucrainene, ale c\u0103rei r\u0103d\u0103cini se reg\u0103sesc \u00eentr-un singur batalion de infanterie civil\u0103, neinstruit \u0219i format din voluntari, ridicat la Kiev pentru a ap\u0103ra capitala \u00een februarie 2022.<\/p>\n<p>Armata ucrainean\u0103 a p\u0103strat, timp de luni de zile, o discre\u021bie strict\u0103 \u00een privin\u021ba opera\u021biunilor din sectorul Liman, interzic\u00e2nd practic vizitele presei pe linia frontului \u0219i confirm\u00e2nd doar existen\u021ba unor lupte grele, f\u0103r\u0103 a confirma nici c\u00e2\u0219tiguri, nici pierderi de teritoriu. Sectorul respectiv, situat \u00eentre r\u00e2ul Sivers&#8217;ki Done\u021b, o cale navigabil\u0103 major\u0103, \u0219i r\u00e2ul Jerebe\u021b, un curs de ap\u0103 local, este acoperit de p\u0103duri dese sau mla\u0219tini, pres\u0103rate cu dealuri line, terenuri agricole \u0219i sate.<\/p>\n<p>Fluxurile de informa\u021bii ale unit\u0103\u021bilor subordonate Corpului 3, analizate de Kyiv Post, contureaz\u0103 o imagine constant\u0103 de opera\u021biuni ofensive reu\u0219ite, \u00eenso\u021bite de pierderi ruse importante cauzate de atacurile cu drone, \u00eens\u0103, conform regulilor de securitate opera\u021bional\u0103 (OPSEC) ale armatei ucrainene, informa\u021biile au fost prezentate f\u0103r\u0103 indicarea loca\u021biilor geografice. Re\u021bele civile de monitorizare a interven\u021biilor de salvare, urm\u0103rite de Kyiv Post, confirm\u0103 pierderi ucrainene continue, dar limitate, \u00een sector.<\/p>\n<p>\u00cen declara\u021bii pentru presa ucrainean\u0103 din iulie \u0219i august, generalul de brigad\u0103 Andrii Bile\u0163ki, comandantul Corpului 3, a confirmat c\u0103 trupele sale desf\u0103\u0219oar\u0103 contraatacuri limitate pentru a extinde controlul ucrainean asupra teritoriului de la nord \u0219i est de Liman \u0219i c\u0103 opera\u021biunile au avut, \u00een general, succes. Bile\u0163ki este un sus\u021bin\u0103tor al tacticilor bazate pe drone, \u00een care aparatele f\u0103r\u0103 pilot preced\u0103, acoper\u0103 \u0219i ofer\u0103 sprijin de foc unor unit\u0103\u021bi mici de infanterie, care \u00eenainteaz\u0103 cu vehicule blindate u\u0219oare spre pozi\u021biile ruse\u0219ti, debarc\u0103 \u0219i \u201ecur\u0103\u021b\u0103\u201d cu aten\u021bie rezisten\u021ba inamic\u0103, pe jos.<\/p>\n<h2>C\u00e2\u0219tiguri terestre solide ale armatei ucrainen la nord-est de Liman<\/h2>\n<p>Mai multe surse din afara Ucrainei semnaleaz\u0103 c\u00e2\u0219tiguri terestre solide ale armatei ucrainene \u00een teren accidentat, \u00eemp\u0103durit \u0219i ml\u0103\u0219tinos, la nord-est de Liman, l\u00e2ng\u0103 satul Drob\u00ee\u0219eve, unde s-ar fi creat un pinten de 5 pe 10 kilometri \u00een ap\u0103rarea rus\u0103, t\u0103ind un drum-cheie de aprovizionare rus \u0219i amenin\u021b\u00e2nd cu izolarea unit\u0103\u021bi ale armatei ruse din zon\u0103. Cercet\u0103torii Kyiv Post au confirmat prezen\u021ba a cel pu\u021bin patru brig\u0103zi de lupt\u0103 ucrainene active \u00een sector, dar nu le-au dat identitatea, din motive de securitate. Potrivit tuturor relat\u0103rilor, buzunarul aproape \u00eencercuit de for\u021bele ucrainene ar con\u021bine trupe ruse, estim\u0103rile variind de la c\u00e2teva zeci la c\u00e2teva sute de militari.<\/p>\n<p>Unitatea ucrainean\u0103 de drone Phoenix, o forma\u021biune veteran\u0103 de lovituri aeriene provenit\u0103 din trupele de gr\u0103niceri, a publicat pe 1 septembrie imagini pe care le-a prezentat drept provenind din opera\u021biuni desf\u0103\u0219urate \u00een spa\u021biul aerian de deasupra sectorului Liman. Imaginile arat\u0103 drone FPV \u0219i drone-bombardier lovind motociclete \u0219i camioane ruse\u0219ti, infanteri\u0219ti individuali \u0219i fortifica\u021bii considerate a ad\u0103posti trupe ruse; textul care \u00eenso\u021be\u0219te imaginile sus\u021bine c\u0103 nici camuflajul, nici ad\u0103posturile nu au protejat \u021bintele.<\/p>\n<p>Imagini publicate de aceea\u0219i unitate pe 31 august au ar\u0103tat drone de lovire viz\u00e2nd artilerie rus\u0103 \u2014 printre care un tun 2A36 Gia\u021bint-B, o obuzier\u0103 D-20 \u0219i un lansator multiplu de rachete BM-21 Grad \u2014, precum \u0219i camioane, motociclete, dube de transport \u0219i pozi\u021bii de lupt\u0103 suplimentare. Presa militar\u0103 ucrainean\u0103 a sus\u021binut c\u0103 ac\u021biunile filmate sunt autentice, \u00eens\u0103 Kyiv Post nu a putut confirma independent fiecare atac \u00een parte.<\/p>\n<p><a class=\"related-inline svelte-78g0vl\" data-gtrack=\"{&quot;event&quot;:&quot;utm_click&quot;,&quot;data&quot;:{&quot;event_category&quot;:&quot;article_related&quot;}}\" href=\"https:\/\/adevarul.ro\/stiri-externe\/rusia\/escaladare-majora-in-razboiul-rusia-ucraina-2553548.html\" title=\"Alt articol de interes pentru tine\"><span class=\"inline-title svelte-78g0vl\">Escaladare major\u0103 \u00een r\u0103zboiul Rusia-Ucraina. Zelenski amenin\u021b\u0103 c\u0103 \u201e\u00eenchide\u201d cerul Rusiei, Putin promite atacuri masive<\/span><\/a><\/p>\n<p>Grafice dintr-o evaluare a situa\u021biei publicat\u0103 pe 31 august de Institutul american pentru Studiul R\u0103zboiului (ISW) arat\u0103 c\u0103 for\u021bele ucrainene ar fi ajuns la periferia localit\u0103\u021bii Zar\u00eecine, un sat mare a c\u0103rui cucerire ar duce la o \u00eencercuire complet\u0103 a, poten\u021bial, sute de militari ru\u0219i suplimentari, \u00eentr-un \u201ecazan\u201d (termenul militar german pentru \u00eencercuire) de 15 pe 45 de kilometri.<\/p>\n<p>Pentru ambele p\u0103r\u021bi \u00een r\u0103zboi, c\u00e2\u0219tigurile de teren ob\u021binute prin ofensive au fost, \u00eencep\u00e2nd din 2023, mai lente \u0219i dureros de costisitoare. \u00cen 2024, for\u021bele ruse au petrecut aproape un an \u0219i au pierdut cel pu\u021bin jum\u0103tate dintr-o armat\u0103 estimat\u0103 la 80.000 de oameni, trimis\u0103 s\u0103 cucereasc\u0103 un teritoriu de dimensiuni similare \u00eentre ora\u0219ele ucrainene Avdiivka \u0219i Pokrovsk. Niciuna dintre p\u0103r\u021bi nu a raportat pierderi ucrainene grele \u00een luptele din zona Liman.<\/p>\n<h2>\u201eBuzunare de unit\u0103\u021bi \u00eencercuite tactic\u201d<\/h2>\n<p>Cercet\u0103torul german \u00een domeniul informa\u021biilor din surse deschise (OSINT) Andy Schneider a scris, \u00eentr-un comentariu pe X din 25 august despre luptele de la Liman, c\u0103, spre deosebire de afirma\u021biile ruse\u0219ti potrivit c\u0103rora ora\u0219ul ar fi integral sub control ucrainean, \u00eenaintarea ucrainean\u0103 la est de ora\u0219, care a t\u0103iat drumuri de aprovizionare, a creat \u201ebuzunare de unit\u0103\u021bi \u00eencercuite tactic\u201d.<\/p>\n<p><i>\u201eEste un e\u0219ec sistemic al liniilor de ap\u0103rare ruse\u0219ti. Armata ucrainean\u0103 a preluat ini\u021biativa \u0219i poate, dac\u0103 dore\u0219te, s\u0103 lanseze o ofensiv\u0103 strategic\u0103 ampl\u0103 pornind de la succesele locale. Vom vedea dac\u0103 acest lucru se va \u00eent\u00e2mpla,<\/i>\u201d a scris Schneider.<\/p>\n<p>Cunoscutul bloger militar pro-Moscova Rybar (Mihail Zvinciuk, fost ofi\u021ber al armatei ruse \u0219i propagandist cu vizibilitate mare), \u00eentr-o evaluare a situa\u021biei transmis\u0103 pe 23 august celor peste 1,5 milioane de urm\u0103ritori ai s\u0103i, a distribuit imagini care confirm\u0103, \u00een esen\u021b\u0103, relat\u0103rile occidentale privind progresul ucrainean \u00een zona Liman, dar a minimizat importan\u021ba succesului, afirm\u00e2nd: \u201eForma\u021biunile ucrainene desf\u0103\u0219oar\u0103 contraatacuri \u00een zona Korovii Iar. Judec\u00e2nd dup\u0103 imaginile de control obiectiv, armata ucrainean\u0103 a reu\u0219it s\u0103 refac\u0103 par\u021bial pozi\u021biile de pe c\u0103ile de acces spre \u0219oseaua C051020.\u201d<\/p>\n<p>Analistul militar francez Cl\u00e9ment Molin, confirm\u00e2nd pe 30 august progresul ucrainean din zona ora\u0219ului Liman, a l\u0103udat armata ucrainean\u0103 pentru men\u021binerea unei discre\u021bii opera\u021bionale stricte \u00een jurul opera\u021biunii \u0219i a apreciat c\u0103, \u00een opinia sa, \u201eeste deja prea t\u00e2rziu\u201d ca Rusia s\u0103 mai poat\u0103 salva situa\u021bia, \u00eentruc\u00e2t \u00eenaint\u0103rile ucrainene au p\u0103truns prea ad\u00e2nc \u00een teritoriul controlat anterior de Rusia pentru ca acesta s\u0103 mai poat\u0103 fi recucerit f\u0103r\u0103 pierderi uria\u0219e. Luptele continu\u0103 pe o suprafa\u021b\u0103 de aproximativ 200 de kilometri p\u0103tra\u021bi, a spus el, dar Kremlinul a suferit deja \u201eo lovitur\u0103 semnificativ\u0103\u201d.<\/p>\n<p>Succesul ucrainean va submina \u0219ansele Rusiei de a duce la cap\u0103t cel mai recent plan de atac: o ofensiv\u0103 spre sud prin care Moscova sper\u0103 s\u0103 cucereasc\u0103 ora\u0219ele-cetate Kramatorsk \u0219i Sloviansk, pe care \u00eencearc\u0103 s\u0103 le controleze de mai bine de 12 ani.<\/p>\n<p><a class=\"related-inline svelte-78g0vl\" data-gtrack=\"{&quot;event&quot;:&quot;utm_click&quot;,&quot;data&quot;:{&quot;event_category&quot;:&quot;article_related&quot;}}\" href=\"https:\/\/adevarul.ro\/stiri-externe\/europa\/zboruri-spre-moscova-oprite-in-aer-dupa-2553631.html\" title=\"Alt articol de interes pentru tine\"><span class=\"inline-title svelte-78g0vl\">Zboruri spre Moscova, oprite \u00een aer dup\u0103 avertismentul lui Zelenski<\/span><\/a><\/p>\n<h2>Ru\u0219ii anun\u021baser\u0103 din mai c\u0103 au cucerit Liman<\/h2>\n<p>Ministerul rus al Ap\u0103r\u0103rii, la r\u00e2ndul s\u0103u, a insistat c\u0103 for\u021bele aflate sub comanda Armatei a 25-a de Arme \u00centrunite au \u00eenregistrat c\u00e2\u0219tiguri constante de teren pe parcursul lunii august \u0219i nu a recunoscut niciun contraatac ucrainean reu\u0219it. \u00cen mai, ministerul anun\u021base, fals, c\u0103 trupele sale ocupaser\u0103 integral ora\u0219ul Liman. Declara\u021biile ulterioare ale aceleia\u0219i institu\u021bii au recunoscut tacit c\u0103 for\u021bele ucrainene continu\u0103, de fapt, s\u0103 controleze localitatea, raport\u00e2nd atacuri ruse\u0219ti continue \u00eempotriva ap\u0103r\u0103rii ucrainene de acolo.<\/p>\n<p>Unul dintre pilonii principali ai narativului oficial rus despre invazia Ucrainei este acela c\u0103 \u00eenaintarea Rusiei este lent\u0103, dar constant\u0103, \u0219i c\u0103 principalele obiective de r\u0103zboi actuale ale Moscovei \u2014 cucerirea total\u0103 a regiunilor ucrainene Lugansk, Done\u021bk, Herson \u0219i Zaporijjea \u2014 vor fi, inevitabil, atinse.<\/p>\n<p>Potrivit guvernului ucrainean, for\u021bele sale au oprit complet, din mai 2026, avansul net al Rusiei pe teren, iar de atunci armata ucrainean\u0103 elibereaz\u0103, \u00een fiecare lun\u0103, mai mult teritoriu dec\u00e2t reu\u0219e\u0219te Rusia s\u0103 cucereasc\u0103.<\/p>\n<p><\/main><\/p>\n<footer class=\"svelte-x63bga\">\n<div class=\"related-wrap related-footer svelte-78g0vl\"><span class=\"related-label svelte-78g0vl\">Cite\u0219te \u0219i<\/span><a class=\"related svelte-78g0vl\" data-gtrack=\"{&quot;event&quot;:&quot;utm_click&quot;,&quot;data&quot;:{&quot;event_category&quot;:&quot;article_related&quot;}}\" href=\"https:\/\/adevarul.ro\/stiri-externe\/europa\/o-interceptare-la-limita-un-mig-29-ucrainean-a-2553672.html\" title=\"Alt articol de interes pentru tine\"><img decoding=\"async\" class=\"thumb svelte-78g0vl\" src=\"https:\/\/cdn.adh.reperio.news\/image-4\/44f2019d-56d5-4dd8-a1bc-d1d0ad87fc11\/index.gif?p=f%3Dwebp%26w%3D120%26h%3D80%26r%3Dcover%26a%3D0\" alt loading=\"lazy\" width=\"80\" height=\"54\"><span class=\"title svelte-78g0vl\">O interceptare la limit\u0103. Un MiG-29 ucrainean a dobor\u00e2t o rachet\u0103 ruseasc\u0103 cu un proiectil vechi de peste 50 de ani<\/span><\/a><\/div>\n<div class=\"meta svelte-x63bga\">\n<div class=\"authors svelte-x63bga\"><span class=\"names svelte-x63bga\"><a href=\"https:\/\/adevarul.ro\/author\/647\" rel=\"author\" class=\"svelte-x63bga\">Viorica Marin<\/a><\/span><\/p>\n<div class=\"_hydratable\" data-props=\"%7B%22showLive%22%3Atrue%7D\" data-context=\"%7B%22parentBlockColumnCount%22%3A%7B%22value%22%3A0%2C%22type%22%3A%22store%2Freadable%22%7D%2C%22parentBlockBackgroundColor%22%3A%7B%22type%22%3A%22store%2Freadable%22%7D%7D\" data-component=\"ShareButton\">\n<div class=\"shareButtons svelte-itwbrr\">\n<div class=\"liveSessions metaFont svelte-1maxmbf\"><span class=\"value svelte-1maxmbf\">1<\/span> live <\/div>\n<\/div>\n<\/div>\n<\/div>\n<div class=\"tags svelte-1l3vwp1\"><span class=\"tags-label metaFont svelte-1l3vwp1\">Cite\u0219te mai multe despre<\/span><\/p>\n<div class=\"tags-list svelte-1l3vwp1\"><a href=\"https:\/\/adevarul.ro\/tag\/ucraina\" title=\"Ultimele \u0219tiri despre ucraina\" class=\"tag-pill svelte-1l3vwp1\">ucraina<\/a><a href=\"https:\/\/adevarul.ro\/tag\/r%C4%83zboi%20%C3%AEn%20ucraina\" title=\"Ultimele \u0219tiri despre r\u0103zboi \u00een ucraina\" class=\"tag-pill svelte-1l3vwp1\">r\u0103zboi \u00een ucraina<\/a><a href=\"https:\/\/adevarul.ro\/tag\/contraofensiv%C4%83%20ucrainean%C4%83\" title=\"Ultimele \u0219tiri despre contraofensiv\u0103 ucrainean\u0103\" class=\"tag-pill svelte-1l3vwp1\">contraofensiv\u0103 ucrainean\u0103<\/a><a href=\"https:\/\/adevarul.ro\/tag\/frontul%20de%20est\" title=\"Ultimele \u0219tiri despre frontul de est\" class=\"tag-pill svelte-1l3vwp1\">frontul de est<\/a><a href=\"https:\/\/adevarul.ro\/tag\/drone%20militare\" title=\"Ultimele \u0219tiri despre drone militare\" class=\"tag-pill svelte-1l3vwp1\">drone militare<\/a><a href=\"https:\/\/adevarul.ro\/tag\/for%C8%9Bele%20armate%20ale%20ucrainei\" title=\"Ultimele \u0219tiri despre for\u021bele armate ale ucrainei\" class=\"tag-pill svelte-1l3vwp1\">for\u021bele armate ale ucrainei<\/a><\/div>\n<\/div>\n<\/div>\n<p><a class=\"moreFromCategory svelte-x63bga\" href=\"https:\/\/adevarul.ro\/stiri-externe\/europa\" title=\"Europa\">Mai multe din <strong class=\"svelte-x63bga\">Europa<\/strong> \u203a<\/a><\/footer>\n<\/article>\n<p>[analyse_source url=&#8221;https:\/\/adevarul.ro\/stiri-externe\/europa\/ofensiva-ucraineana-discreta-dusa-de-drone-sute-2553691.html&#8221;]<\/p>\n","protected":false},"excerpt":{"rendered":"<p>[analyse_image type=&#8221;featured&#8221; src=&#8221;https:\/\/cdn.adh.reperio.news\/image-5\/591ff56b-b647-4682-bbf5-65e7f2ddbaa8\/index.jpeg?p=f%3Djpeg%26w%3D1200%26h%3D630%26r%3Dcover&#8221;] Home \u0218tiri Externe Europa Ofensiv\u0103 ucrainean\u0103 discret\u0103 dus\u0103 de drone: sute de solda\u021bi ru\u0219i, \u00een pericol de \u00eencercuire \u00eentr-un sector critic pe frontul de est O contraofensiv\u0103 discret\u0103 \u0219i metodic\u0103, condus\u0103 de un corp de elit\u0103 al armatei ucrainene, a \u00eempins \u00eenapoi for\u021bele Kremlinului cu p\u00e2n\u0103 la 15 kilometri \u00eentr-un sector estic [&hellip;]<\/p>\n","protected":false},"author":1,"featured_media":0,"comment_status":"open","ping_status":"","sticky":false,"template":"","format":"standard","meta":{"footnotes":""},"categories":[89],"tags":[19,226],"class_list":["post-2127352","post","type-post","status-publish","format-standard","hentry","category-romania","tag-adevarul","tag-crawlmanager"],"_links":{"self":[{"href":"https:\/\/analyse.optim.biz\/index.php?rest_route=\/wp\/v2\/posts\/2127352","targetHints":{"allow":["GET"]}}],"collection":[{"href":"https:\/\/analyse.optim.biz\/index.php?rest_route=\/wp\/v2\/posts"}],"about":[{"href":"https:\/\/analyse.optim.biz\/index.php?rest_route=\/wp\/v2\/types\/post"}],"author":[{"embeddable":true,"href":"https:\/\/analyse.optim.biz\/index.php?rest_route=\/wp\/v2\/users\/1"}],"replies":[{"embeddable":true,"href":"https:\/\/analyse.optim.biz\/index.php?rest_route=%2Fwp%2Fv2%2Fcomments&post=2127352"}],"version-history":[{"count":0,"href":"https:\/\/analyse.optim.biz\/index.php?rest_route=\/wp\/v2\/posts\/2127352\/revisions"}],"wp:attachment":[{"href":"https:\/\/analyse.optim.biz\/index.php?rest_route=%2Fwp%2Fv2%2Fmedia&parent=2127352"}],"wp:term":[{"taxonomy":"category","embeddable":true,"href":"https:\/\/analyse.optim.biz\/index.php?rest_route=%2Fwp%2Fv2%2Fcategories&post=2127352"},{"taxonomy":"post_tag","embeddable":true,"href":"https:\/\/analyse.optim.biz\/index.php?rest_route=%2Fwp%2Fv2%2Ftags&post=2127352"}],"curies":[{"name":"wp","href":"https:\/\/api.w.org\/{rel}","templated":true}]}}