{"id":2127331,"date":"2026-09-03T16:44:32","date_gmt":"2026-09-03T13:44:32","guid":{"rendered":"https:\/\/analyse.optim.biz\/?p=2127331"},"modified":"2026-09-03T16:44:32","modified_gmt":"2026-09-03T13:44:32","slug":"chisinaul-protesteaza-fata-de-planul-rusiei-de-a-deschide-16-sectii-de-vot-in-transnistria-ambasadorul","status":"publish","type":"post","link":"https:\/\/analyse.optim.biz\/?p=2127331","title":{"rendered":"Chi\u0219in\u0103ul protesteaz\u0103 fa\u021b\u0103 de planul Rusiei de a deschide 16 sec\u021bii de vot \u00een Transnistria. Ambasadorul&#8230;"},"content":{"rendered":"<p>[analyse_image type=&#8221;featured&#8221; src=&#8221;https:\/\/cdn.adh.reperio.news\/image-5\/539afbc2-1c4e-4d28-aa61-d9c1998a3640\/index.jpeg?p=f%3Djpeg%26w%3D1200%26h%3D630%26r%3Dcover%26c%3D0%252C0.244%252C1%252C0.756&#8243;]<\/p>\n<article class=\"svelte-x63bga\">\n<nav>\n<ul class=\"breadcrump svelte-1pk9a69\">\n<li class=\"svelte-1pk9a69\"><a href=\"https:\/\/adevarul.ro\/\" title=\"Adev\u0103rul\" class=\"svelte-1pk9a69\">Home<\/a><\/li>\n<li class=\"svelte-1pk9a69\"><a href=\"https:\/\/adevarul.ro\/stiri-externe\" class=\"svelte-1pk9a69\">\u0218tiri Externe<\/a><\/li>\n<li class=\"svelte-1pk9a69\"><a href=\"https:\/\/adevarul.ro\/stiri-externe\/republica-moldova\" class=\"svelte-1pk9a69\">Republica Moldova<\/a><\/li>\n<li class=\"svelte-1pk9a69\"><a href=\"https:\/\/adevarul.ro\/stiri-externe\/republica-moldova\/chisinaul-protesteaza-fata-de-planul-rusiei-de-a-2553964.html\" class=\"svelte-1pk9a69\">Chi\u0219in\u0103ul protesteaz\u0103 fa\u021b\u0103 de planul Rusiei de a deschide 16 sec\u021bii de vot \u00een Transnistria. Ambasadorul Oleg Ozerov, convocat la MAE<\/a><\/li>\n<\/ul>\n<\/nav>\n<p><main class=\"svelte-x63bga\"><\/p>\n<p>Ministerul Afacerilor Externe de la Chi\u0219in\u0103u l-a convocat joi pe ambasadorul agreat al Federa\u021biei Ruse \u00een Republica Moldova, Oleg Ozerov, dup\u0103 ce Moscova \u0219i-a anun\u021bat inten\u021bia de a organiza 16 sec\u021bii de vot \u00een regiunea transnistrean\u0103 pentru alegerile legislative din Rusia.<\/p>\n<div class=\"container-image  svelte-1xbw4f3\"><source type=\"image\/webp\" srcset=\"https:\/\/cdn.adh.reperio.news\/image-5\/539afbc2-1c4e-4d28-aa61-d9c1998a3640\/index.jpeg?p=a%3D1%26co%3D1.05%26w%3D1400%26h%3D750%26r%3Dcontain%26c%3D0%252C0.244%252C1%252C0.756%26f%3Dwebp 1400w\" media=\"(min-width: 1400px)\" \/><\/p>\n<div class=\"caption svelte-1xbw4f3\"><span class=\"captionText svelte-1xbw4f3\">Chi\u0219in\u0103ul protesteaz\u0103 fa\u021b\u0103 de planul Rusiei de a deschide 16 sec\u021bii de vot \u00een Transnistria. <span class=\"source svelte-1xbw4f3\">Foto: gov.ro<\/span><\/span><\/div>\n<\/div>\n<p>Diplomatului rus i-a fost \u00eenm\u00e2nat\u0103 o not\u0103 de protest, iar autorit\u0103\u021bile moldovene au cerut Moscovei s\u0103 renun\u021be la deschiderea sec\u021biilor de vot din st\u00e2nga Nistrului. Alegerile pentru Duma de Stat a Rusiei sunt programate \u00een perioada 18-20 septembrie, noteaz\u0103<a href=\"https:\/\/www.news.ro\/externe\/chisinaul-cere-rusiei-sa-se-abtina-de-la-deschiderea-a-16-sectii-de-vot-in-transnistria-ambasadorul-agreat-oleg-ozerov-a-fost-convocat-la-ministerul-de-externe-1922401303052026091922692773\" rel=\"nofollow\"> News.ro.\u00a0<\/a><\/p>\n<p>MAE de la Chi\u0219in\u0103u a subliniat c\u0103 orice proces electoral organizat pe teritoriul Republicii Moldova trebuie s\u0103 aib\u0103 acordul prealabil \u0219i explicit al autorit\u0103\u021bilor constitu\u021bionale ale \u021b\u0103rii.<\/p>\n<p>\u00cen aceste condi\u021bii, autorit\u0103\u021bile moldovene consider\u0103 inacceptabil\u0103 deschiderea unor sec\u021bii de vot \u00een regiunea transnistrean\u0103 f\u0103r\u0103 aprobarea Chi\u0219in\u0103ului.<\/p>\n<p>Disputa a izbucnit dup\u0103 ce liderul regimului separatist de la Tiraspol, Vadim Krasnoselski, a anun\u021bat s\u0103pt\u0103m\u00e2na trecut\u0103 c\u0103 Rusia inten\u021bioneaz\u0103 s\u0103 organizeze 17 sec\u021bii de vot \u00een regiunea transnistrean\u0103 pentru alegerile parlamentare.<\/p>\n<p>A doua zi, Ministerul Afacerilor Externe de la Chi\u0219in\u0103u a precizat c\u0103 Ambasada Rusiei a coordonat cu autorit\u0103\u021bile constitu\u021bionale ale Republicii Moldova deschiderea unei singure sec\u021bii de vot, la Chi\u0219in\u0103u.<\/p>\n<p>\u00cen schimb, planul privind celelalte 16 sec\u021bii, care ar urma s\u0103 fie organizate \u00een st\u00e2nga Nistrului, a fost calificat de autorit\u0103\u021bile moldovene drept \u201einacceptabil\u201d.<\/p>\n<p>Ministrul moldovean de Externe, Mihai Pop\u0219oi, anun\u021base miercuri c\u0103 Chi\u0219in\u0103ul va transmite Moscovei o not\u0103 oficial\u0103 de protest.<\/p>\n<p><i>\u201eVom face acest lucru cunoscut inclusiv prin nota de protest care urmeaz\u0103 s\u0103 o transmitem Federa\u021biei Ruse\u201d,<\/i> a declarat Pop\u0219oi.<\/p>\n<p>Ministrul a avertizat c\u0103 orice sec\u021bie de vot organizat\u0103 \u00een Republica Moldova f\u0103r\u0103 acordul autorit\u0103\u021bilor constitu\u021bionale reprezint\u0103 \u201eun demers neprietenos\u201d.<\/p>\n<p>Conflictul diplomatic apare \u00een contextul preg\u0103tirilor pentru alegerile legislative din Rusia, pentru care Moscova inten\u021bioneaz\u0103 s\u0103 organizeze scrutinul \u0219i \u00een regiunea transnistrean\u0103, teritoriu nerecunoscut interna\u021bional \u0219i aflat \u00een afara controlului efectiv al autorit\u0103\u021bilor de la Chi\u0219in\u0103u.<\/p>\n<p><\/main><\/p>\n<footer class=\"svelte-x63bga\">\n<div class=\"related-wrap related-footer svelte-78g0vl\"><span class=\"related-label svelte-78g0vl\">Cite\u0219te \u0219i<\/span><a class=\"related svelte-78g0vl\" data-gtrack=\"{&quot;event&quot;:&quot;utm_click&quot;,&quot;data&quot;:{&quot;event_category&quot;:&quot;article_related&quot;}}\" href=\"https:\/\/adevarul.ro\/stiri-externe\/republica-moldova\/reactia-chisinaului-dupa-ce-sase-drone-au-sorvolat-2489637.html\" title=\"Alt articol de interes pentru tine\"><img decoding=\"async\" class=\"thumb svelte-78g0vl\" src=\"https:\/\/cdn.adh.reperio.news\/image-8\/8400c504-c143-41da-b26d-ef70f34ce038\/index.jpeg?p=f%3Dwebp%26w%3D120%26h%3D80%26r%3Dcover%26a%3D0\" alt loading=\"lazy\" width=\"80\" height=\"54\"><span class=\"title svelte-78g0vl\">Reac\u021bia Chi\u0219in\u0103ului dup\u0103 ce \u0219ase drone au sorvolat \u021bara: ambasadorul agreat al Moscovei este a\u0219teptat la MAE <\/span><\/a><a class=\"related svelte-78g0vl\" data-gtrack=\"{&quot;event&quot;:&quot;utm_click&quot;,&quot;data&quot;:{&quot;event_category&quot;:&quot;article_related&quot;}}\" href=\"https:\/\/adevarul.ro\/politica\/ambasadorul-rusiei-a-fost-convocat-la-mae-2545781.html\" title=\"Alt articol de interes pentru tine\"><img decoding=\"async\" class=\"thumb svelte-78g0vl\" src=\"https:\/\/cdn.adh.reperio.news\/image-5\/54032414-835a-4a89-ae44-76c8e7c3c3eb\/index.jpeg?p=f%3Dwebp%26w%3D120%26h%3D80%26r%3Dcover%26a%3D0\" alt loading=\"lazy\" width=\"80\" height=\"54\"><span class=\"title svelte-78g0vl\">Ambasadorul Rusiei a fost convocat la MAE. Bolojan, prima reac\u021bie dup\u0103 a treia dron\u0103 neutralizat\u0103 \u00een trei zile<\/span><\/a><a class=\"related svelte-78g0vl\" data-gtrack=\"{&quot;event&quot;:&quot;utm_click&quot;,&quot;data&quot;:{&quot;event_category&quot;:&quot;article_related&quot;}}\" href=\"https:\/\/adevarul.ro\/stiri-externe\/republica-moldova\/rusia-acuza-chisinaul-pentru-drona-care-a-explodat-2549279.html\" title=\"Alt articol de interes pentru tine\"><img decoding=\"async\" class=\"thumb svelte-78g0vl\" src=\"https:\/\/cdn.adh.reperio.news\/image-c\/cd241e85-e2ca-4c18-9160-86d2900854ab\/index.jpeg?p=f%3Dwebp%26w%3D120%26h%3D80%26r%3Dcover%26a%3D0\" alt loading=\"lazy\" width=\"80\" height=\"54\"><span class=\"title svelte-78g0vl\">Rusia acuz\u0103 Chi\u015fin\u0103ul pentru drona care a explodat \u00een apropierea unui sat: \u201eUn pretext\u201d<\/span><\/a><a class=\"related svelte-78g0vl\" data-gtrack=\"{&quot;event&quot;:&quot;utm_click&quot;,&quot;data&quot;:{&quot;event_category&quot;:&quot;article_related&quot;}}\" href=\"https:\/\/adevarul.ro\/stiri-interne\/evenimente\/ambasadorul-rusiei-convocat-la-mae-vladimir-2553904.html\" title=\"Alt articol de interes pentru tine\"><img decoding=\"async\" class=\"thumb svelte-78g0vl\" src=\"https:\/\/cdn.adh.reperio.news\/image-0\/0aad9254-02ba-4061-a64e-a07bdbb58006\/index.jpeg?p=f%3Dwebp%26w%3D120%26h%3D80%26r%3Dcover%26a%3D0\" alt loading=\"lazy\" width=\"80\" height=\"54\"><span class=\"title svelte-78g0vl\">Ambasadorul Rusiei, convocat la MAE: Vladimir Lipaev respinge acuza\u021biile privind atacul din Leipzig: \u201eAbsurd, ridicol, f\u0103r\u0103 dovezi\u201d<\/span><\/a><\/div>\n<div class=\"meta svelte-x63bga\">\n<div class=\"authors svelte-x63bga\"><span class=\"names svelte-x63bga\"><a href=\"https:\/\/adevarul.ro\/author\/1899\" rel=\"author\" class=\"svelte-x63bga\">Maria \u0162aga<\/a><\/span><\/p>\n<div class=\"_hydratable\" data-props=\"%7B%22showLive%22%3Atrue%7D\" data-context=\"%7B%22parentBlockColumnCount%22%3A%7B%22value%22%3A0%2C%22type%22%3A%22store%2Freadable%22%7D%2C%22parentBlockBackgroundColor%22%3A%7B%22type%22%3A%22store%2Freadable%22%7D%7D\" data-component=\"ShareButton\">\n<div class=\"shareButtons svelte-itwbrr\">\n<div class=\"liveSessions metaFont svelte-1maxmbf\"><span class=\"value svelte-1maxmbf\">1<\/span> live <\/div>\n<\/div>\n<\/div>\n<\/div>\n<div class=\"tags svelte-1l3vwp1\"><span class=\"tags-label metaFont svelte-1l3vwp1\">Cite\u0219te mai multe despre<\/span><\/p>\n<div class=\"tags-list svelte-1l3vwp1\"><a href=\"https:\/\/adevarul.ro\/tag\/republica%20moldova\" title=\"Ultimele \u0219tiri despre republica moldova\" class=\"tag-pill svelte-1l3vwp1\">republica moldova<\/a><a href=\"https:\/\/adevarul.ro\/tag\/rusia\" title=\"Ultimele \u0219tiri despre rusia\" class=\"tag-pill svelte-1l3vwp1\">rusia<\/a><a href=\"https:\/\/adevarul.ro\/tag\/transnistria\" title=\"Ultimele \u0219tiri despre transnistria\" class=\"tag-pill svelte-1l3vwp1\">transnistria<\/a><a href=\"https:\/\/adevarul.ro\/tag\/oleg%20ozerov\" title=\"Ultimele \u0219tiri despre oleg ozerov\" class=\"tag-pill svelte-1l3vwp1\">oleg ozerov<\/a><\/div>\n<\/div>\n<\/div>\n<p><a class=\"moreFromCategory svelte-x63bga\" href=\"https:\/\/adevarul.ro\/stiri-externe\/republica-moldova\" title=\"Republica Moldova\">Mai multe din <strong class=\"svelte-x63bga\">Republica Moldova<\/strong> \u203a<\/a><\/footer>\n<\/article>\n<p>[analyse_source url=&#8221;https:\/\/adevarul.ro\/stiri-externe\/republica-moldova\/chisinaul-protesteaza-fata-de-planul-rusiei-de-a-2553964.html&#8221;]<\/p>\n","protected":false},"excerpt":{"rendered":"<p>[analyse_image type=&#8221;featured&#8221; src=&#8221;https:\/\/cdn.adh.reperio.news\/image-5\/539afbc2-1c4e-4d28-aa61-d9c1998a3640\/index.jpeg?p=f%3Djpeg%26w%3D1200%26h%3D630%26r%3Dcover%26c%3D0%252C0.244%252C1%252C0.756&#8243;] Home \u0218tiri Externe Republica Moldova Chi\u0219in\u0103ul protesteaz\u0103 fa\u021b\u0103 de planul Rusiei de a deschide 16 sec\u021bii de vot \u00een Transnistria. Ambasadorul Oleg Ozerov, convocat la MAE Ministerul Afacerilor Externe de la Chi\u0219in\u0103u l-a convocat joi pe ambasadorul agreat al Federa\u021biei Ruse \u00een Republica Moldova, Oleg Ozerov, dup\u0103 ce Moscova \u0219i-a anun\u021bat inten\u021bia [&hellip;]<\/p>\n","protected":false},"author":1,"featured_media":0,"comment_status":"open","ping_status":"","sticky":false,"template":"","format":"standard","meta":{"footnotes":""},"categories":[89],"tags":[19,226],"class_list":["post-2127331","post","type-post","status-publish","format-standard","hentry","category-romania","tag-adevarul","tag-crawlmanager"],"_links":{"self":[{"href":"https:\/\/analyse.optim.biz\/index.php?rest_route=\/wp\/v2\/posts\/2127331","targetHints":{"allow":["GET"]}}],"collection":[{"href":"https:\/\/analyse.optim.biz\/index.php?rest_route=\/wp\/v2\/posts"}],"about":[{"href":"https:\/\/analyse.optim.biz\/index.php?rest_route=\/wp\/v2\/types\/post"}],"author":[{"embeddable":true,"href":"https:\/\/analyse.optim.biz\/index.php?rest_route=\/wp\/v2\/users\/1"}],"replies":[{"embeddable":true,"href":"https:\/\/analyse.optim.biz\/index.php?rest_route=%2Fwp%2Fv2%2Fcomments&post=2127331"}],"version-history":[{"count":0,"href":"https:\/\/analyse.optim.biz\/index.php?rest_route=\/wp\/v2\/posts\/2127331\/revisions"}],"wp:attachment":[{"href":"https:\/\/analyse.optim.biz\/index.php?rest_route=%2Fwp%2Fv2%2Fmedia&parent=2127331"}],"wp:term":[{"taxonomy":"category","embeddable":true,"href":"https:\/\/analyse.optim.biz\/index.php?rest_route=%2Fwp%2Fv2%2Fcategories&post=2127331"},{"taxonomy":"post_tag","embeddable":true,"href":"https:\/\/analyse.optim.biz\/index.php?rest_route=%2Fwp%2Fv2%2Ftags&post=2127331"}],"curies":[{"name":"wp","href":"https:\/\/api.w.org\/{rel}","templated":true}]}}