{"id":2127310,"date":"2026-09-02T23:30:25","date_gmt":"2026-09-02T20:30:25","guid":{"rendered":"https:\/\/analyse.optim.biz\/?p=2127310"},"modified":"2026-09-02T23:30:25","modified_gmt":"2026-09-02T20:30:25","slug":"germania-se-pregateste-sa-se-doteze-cu-rachete-balistice","status":"publish","type":"post","link":"https:\/\/analyse.optim.biz\/?p=2127310","title":{"rendered":"Germania se preg\u0103te\u0219te s\u0103 se doteze cu rachete balistice"},"content":{"rendered":"<p>[analyse_image type=&#8221;featured&#8221; src=&#8221;https:\/\/cdn.adh.reperio.news\/image-6\/60eb3228-6dda-4f7f-9c63-f7e46c9c8e19\/index.jpeg?p=f%3Djpeg%26w%3D1200%26h%3D630%26r%3Dcover&#8221;]<\/p>\n<article class=\"svelte-x63bga\">\n<nav>\n<ul class=\"breadcrump svelte-1pk9a69\">\n<li class=\"svelte-1pk9a69\"><a href=\"https:\/\/adevarul.ro\/\" title=\"Adev\u0103rul\" class=\"svelte-1pk9a69\">Home<\/a><\/li>\n<li class=\"svelte-1pk9a69\"><a href=\"https:\/\/adevarul.ro\/stiri-externe\" class=\"svelte-1pk9a69\">\u0218tiri Externe<\/a><\/li>\n<li class=\"svelte-1pk9a69\"><a href=\"https:\/\/adevarul.ro\/stiri-externe\/europa\" class=\"svelte-1pk9a69\">Europa<\/a><\/li>\n<li class=\"svelte-1pk9a69\"><a href=\"https:\/\/adevarul.ro\/stiri-externe\/europa\/germania-se-pregateste-sa-se-doteze-cu-rachete-2553702.html\" class=\"svelte-1pk9a69\">Germania se preg\u0103te\u0219te s\u0103 se doteze cu rachete balistice<\/a><\/li>\n<\/ul>\n<\/nav>\n<p><main class=\"svelte-x63bga\"><\/p>\n<p>Ministerul german al Ap\u0103r\u0103rii a anun\u021bat testarea cu succes a rachetei Lora, produs\u0103 de compania israelian\u0103 Israel Aerospace Industries, care ar putea deveni prima rachet\u0103 balistic\u0103 din dotarea Bundeswehr-ului.<\/p>\n<div class=\"container-image  svelte-1xbw4f3\"><source type=\"image\/webp\" srcset=\"https:\/\/cdn.adh.reperio.news\/image-6\/60eb3228-6dda-4f7f-9c63-f7e46c9c8e19\/index.jpeg?p=a%3D1%26co%3D1.05%26w%3D1400%26h%3D750%26r%3Dcontain%26f%3Dwebp 1400w\" media=\"(min-width: 1400px)\" \/><\/p>\n<div class=\"caption svelte-1xbw4f3\"><span class=\"captionText svelte-1xbw4f3\">Racheta balistic\u0103 Lora\/FOTO:X@BeateLandefeld <span class=\"source svelte-1xbw4f3\">Foto: X@BeateLandefeld<\/span><\/span><\/div>\n<\/div>\n<p>Armata german\u0103 a efectuat, \u00een noaptea de mar\u021bi spre miercuri, 2 septembrie, un test reu\u0219it al unei rachete balistice \u00een partea nordic\u0103 a Atlanticului, a anun\u021bat Ministerul german al Ap\u0103r\u0103rii. Potrivit publica\u021biei Defense Update, este vorba despre o rachet\u0103 de tip Lora, produs\u0103 de compania israelian\u0103 Israel Aerospace Industries, cu o raz\u0103 de ac\u021biune de p\u00e2n\u0103 la 430 de kilometri.<\/p>\n<p>Dac\u0103 Berlinul va decide achizi\u021bionarea acestui sistem, Lora ar deveni prima rachet\u0103 balistic\u0103 aflat\u0103 \u00een dotarea for\u021belor armate germane.<\/p>\n<p>Inspectorul Marinei germane, viceamiralul Jan Christian Kaack, a calificat testul de lansare drept unul reu\u0219it. \u201eDin perspectiva ap\u0103r\u0103rii Germaniei \u0219i a alia\u021bilor no\u0219tri, acest test marcheaz\u0103 \u00eenceputul unei noi etape \u00een domeniul descuraj\u0103rii \u0219i al preg\u0103tirii de lupt\u0103 \u00een sfera naval\u0103\u201d, a declarat el.<\/p>\n<p>Preg\u0103tirile pentru testul rachetei Lora \u00een Atlantic au fost \u021binute secrete, \u00eens\u0103 traficul aerian \u0219i naval din zon\u0103 a fost restric\u021bionat cu circa o lun\u0103 \u0219i jum\u0103tate \u00eenainte de lansare.<\/p>\n<h2>Testul, la c\u00e2teva ore dup\u0103 acuza\u021bii la adresa Rusiei<\/h2>\n<p>Testul rachetei balistice a avut loc la doar c\u00e2teva ore dup\u0103 ce ministrul german de interne, Alexander Dobrindt, a acuzat Rusia c\u0103 se afl\u0103 \u00een spatele unei tentative de sabotaj cu dron\u0103 la aeroportul din Leipzig, iar \u0219eful diploma\u021biei germane, Johann Wadephul, a anun\u021bat m\u0103suri restrictive corespunz\u0103toare, printre care \u00eenchiderea consulatului general al Rusiei din Bonn \u0219i a \u201eCasei Ruse\u201d din Berlin.<\/p>\n<p>Potrivit relat\u0103rilor din pres\u0103, acest test de rachet\u0103 se \u00eenscrie \u00een eforturile Germaniei \u0219i ale altor state occidentale de a-\u0219i dota for\u021bele armate, \u00eentr-un ritm accelerat, cu armament cu b\u0103taie lung\u0103 \u2014 eforturi intensificate din momentul invaziei ruse \u00een Ucraina.<\/p>\n<p>\u00cen prezent, Bundeswehr-ul are \u00een dotare rachetele de croazier\u0103 germano-suedeze Taurus, cu o raz\u0103 de ac\u021biune de peste 500 de kilometri, lansate de pe avioane de v\u00e2n\u0103toare; armata german\u0103 dispune de circa 600 de astfel de rachete. \u00cen paralel, Germania lucreaz\u0103 la o versiune modernizat\u0103 a rachetei de croazier\u0103 Taurus, a c\u0103rei produc\u021bie ar urma s\u0103 \u00eenceap\u0103 \u00een 2029. Rachetele balistice au \u00eens\u0103 o vitez\u0103 de zbor semnificativ mai mare dec\u00e2t cele de croazier\u0103.<\/p>\n<p><\/main><\/p>\n<footer class=\"svelte-x63bga\">\n<div class=\"related-wrap related-footer svelte-78g0vl\"><span class=\"related-label svelte-78g0vl\">Cite\u0219te \u0219i<\/span><a class=\"related svelte-78g0vl\" data-gtrack=\"{&quot;event&quot;:&quot;utm_click&quot;,&quot;data&quot;:{&quot;event_category&quot;:&quot;article_related&quot;}}\" href=\"https:\/\/adevarul.ro\/stiri-externe\/europa\/explozie-intr-o-gara-din-germania-doi-adolescenti-2553589.html\" title=\"Alt articol de interes pentru tine\"><img decoding=\"async\" class=\"thumb svelte-78g0vl\" src=\"https:\/\/cdn.adh.reperio.news\/image-5\/58f938b8-39b0-4288-b579-ed0beeeb0f6b\/index.jpeg?p=f%3Dwebp%26w%3D120%26h%3D80%26r%3Dcover%26a%3D0\" alt loading=\"lazy\" width=\"80\" height=\"54\"><span class=\"title svelte-78g0vl\">Explozie \u00eentr-o gar\u0103 din Germania: doi adolescen\u021bi au fost r\u0103ni\u021bi. Poli\u021bia investigheaz\u0103 cauza<\/span><\/a><a class=\"related svelte-78g0vl\" data-gtrack=\"{&quot;event&quot;:&quot;utm_click&quot;,&quot;data&quot;:{&quot;event_category&quot;:&quot;article_related&quot;}}\" href=\"https:\/\/adevarul.ro\/securitate-si-aparare\/atacul-cu-drone-din-germania-parte-din-noua-2553605.html\" title=\"Alt articol de interes pentru tine\"><img decoding=\"async\" class=\"thumb svelte-78g0vl\" src=\"https:\/\/cdn.adh.reperio.news\/image-5\/5c8c2e76-9531-4145-b1e1-2911de44fa3b\/index.jpeg?p=f%3Dwebp%26w%3D120%26h%3D80%26r%3Dcover%26a%3D0\" alt loading=\"lazy\" width=\"80\" height=\"54\"><span class=\"title svelte-78g0vl\">Atacul cu drone din Germania, parte din noua tactic\u0103 a Rusiei. General rom\u00e2n: \u201eSuntem \u00eentr-un pericol latent\u201d<\/span><\/a><a class=\"related svelte-78g0vl\" data-gtrack=\"{&quot;event&quot;:&quot;utm_click&quot;,&quot;data&quot;:{&quot;event_category&quot;:&quot;article_related&quot;}}\" href=\"https:\/\/adevarul.ro\/stiri-externe\/rusia\/moscova-reactioneaza-dupa-represaliile-berlinului-2553683.html\" title=\"Alt articol de interes pentru tine\"><img decoding=\"async\" class=\"thumb svelte-78g0vl\" src=\"https:\/\/cdn.adh.reperio.news\/image-3\/37dbafba-69e0-47c2-9be1-ac675d25e46d\/index.png?p=f%3Dwebp%26w%3D120%26h%3D80%26r%3Dcover%26a%3D0\" alt loading=\"lazy\" width=\"80\" height=\"54\"><span class=\"title svelte-78g0vl\">Moscova reac\u021bioneaz\u0103 dup\u0103 represaliile Berlinului: diplomatul german a fost convocat la Ministerul rus de Externe<\/span><\/a><\/div>\n<div class=\"meta svelte-x63bga\">\n<div class=\"authors svelte-x63bga\"><span class=\"names svelte-x63bga\"><a href=\"https:\/\/adevarul.ro\/author\/647\" rel=\"author\" class=\"svelte-x63bga\">Viorica Marin<\/a><\/span><\/p>\n<div class=\"_hydratable\" data-props=\"%7B%22showLive%22%3Atrue%7D\" data-context=\"%7B%22parentBlockColumnCount%22%3A%7B%22value%22%3A0%2C%22type%22%3A%22store%2Freadable%22%7D%2C%22parentBlockBackgroundColor%22%3A%7B%22type%22%3A%22store%2Freadable%22%7D%7D\" data-component=\"ShareButton\">\n<div class=\"shareButtons svelte-itwbrr\">\n<div class=\"liveSessions metaFont svelte-1maxmbf\"><span class=\"value svelte-1maxmbf\">1<\/span> live <\/div>\n<\/div>\n<\/div>\n<\/div>\n<div class=\"tags svelte-1l3vwp1\"><span class=\"tags-label metaFont svelte-1l3vwp1\">Cite\u0219te mai multe despre<\/span><\/p>\n<div class=\"tags-list svelte-1l3vwp1\"><a href=\"https:\/\/adevarul.ro\/tag\/germania\" title=\"Ultimele \u0219tiri despre germania\" class=\"tag-pill svelte-1l3vwp1\">germania<\/a><a href=\"https:\/\/adevarul.ro\/tag\/rachete%20balistice\" title=\"Ultimele \u0219tiri despre rachete balistice\" class=\"tag-pill svelte-1l3vwp1\">rachete balistice<\/a><a href=\"https:\/\/adevarul.ro\/tag\/lora\" title=\"Ultimele \u0219tiri despre lora\" class=\"tag-pill svelte-1l3vwp1\">lora<\/a><a href=\"https:\/\/adevarul.ro\/tag\/bundeswehr\" title=\"Ultimele \u0219tiri despre bundeswehr\" class=\"tag-pill svelte-1l3vwp1\">bundeswehr<\/a><\/div>\n<\/div>\n<\/div>\n<p><a class=\"moreFromCategory svelte-x63bga\" href=\"https:\/\/adevarul.ro\/stiri-externe\/europa\" title=\"Europa\">Mai multe din <strong class=\"svelte-x63bga\">Europa<\/strong> \u203a<\/a><\/footer>\n<\/article>\n<p>[analyse_source url=&#8221;https:\/\/adevarul.ro\/stiri-externe\/europa\/germania-se-pregateste-sa-se-doteze-cu-rachete-2553702.html&#8221;]<\/p>\n","protected":false},"excerpt":{"rendered":"<p>[analyse_image type=&#8221;featured&#8221; src=&#8221;https:\/\/cdn.adh.reperio.news\/image-6\/60eb3228-6dda-4f7f-9c63-f7e46c9c8e19\/index.jpeg?p=f%3Djpeg%26w%3D1200%26h%3D630%26r%3Dcover&#8221;] Home \u0218tiri Externe Europa Germania se preg\u0103te\u0219te s\u0103 se doteze cu rachete balistice Ministerul german al Ap\u0103r\u0103rii a anun\u021bat testarea cu succes a rachetei Lora, produs\u0103 de compania israelian\u0103 Israel Aerospace Industries, care ar putea deveni prima rachet\u0103 balistic\u0103 din dotarea Bundeswehr-ului. Racheta balistic\u0103 Lora\/FOTO:X@BeateLandefeld Foto: X@BeateLandefeld Armata german\u0103 a efectuat, \u00een [&hellip;]<\/p>\n","protected":false},"author":1,"featured_media":0,"comment_status":"open","ping_status":"","sticky":false,"template":"","format":"standard","meta":{"footnotes":""},"categories":[89],"tags":[19,226],"class_list":["post-2127310","post","type-post","status-publish","format-standard","hentry","category-romania","tag-adevarul","tag-crawlmanager"],"_links":{"self":[{"href":"https:\/\/analyse.optim.biz\/index.php?rest_route=\/wp\/v2\/posts\/2127310","targetHints":{"allow":["GET"]}}],"collection":[{"href":"https:\/\/analyse.optim.biz\/index.php?rest_route=\/wp\/v2\/posts"}],"about":[{"href":"https:\/\/analyse.optim.biz\/index.php?rest_route=\/wp\/v2\/types\/post"}],"author":[{"embeddable":true,"href":"https:\/\/analyse.optim.biz\/index.php?rest_route=\/wp\/v2\/users\/1"}],"replies":[{"embeddable":true,"href":"https:\/\/analyse.optim.biz\/index.php?rest_route=%2Fwp%2Fv2%2Fcomments&post=2127310"}],"version-history":[{"count":0,"href":"https:\/\/analyse.optim.biz\/index.php?rest_route=\/wp\/v2\/posts\/2127310\/revisions"}],"wp:attachment":[{"href":"https:\/\/analyse.optim.biz\/index.php?rest_route=%2Fwp%2Fv2%2Fmedia&parent=2127310"}],"wp:term":[{"taxonomy":"category","embeddable":true,"href":"https:\/\/analyse.optim.biz\/index.php?rest_route=%2Fwp%2Fv2%2Fcategories&post=2127310"},{"taxonomy":"post_tag","embeddable":true,"href":"https:\/\/analyse.optim.biz\/index.php?rest_route=%2Fwp%2Fv2%2Ftags&post=2127310"}],"curies":[{"name":"wp","href":"https:\/\/api.w.org\/{rel}","templated":true}]}}