{"id":212730,"date":"2014-02-12T02:15:23","date_gmt":"2014-02-11T23:15:23","guid":{"rendered":"https:\/\/analyse.optim.biz\/?p=212730"},"modified":"2014-02-12T02:15:23","modified_gmt":"2014-02-11T23:15:23","slug":"crin-antonescu-daniel-constantin-ca-vicepremier-ar-insemna-o-devalorizare-a-functiei-unpr-un-partid-ceva-mai-real-mai-serios-decat-pc","status":"publish","type":"post","link":"https:\/\/analyse.optim.biz\/?p=212730","title":{"rendered":"Crin Antonescu: Daniel Constantin ca vicepremier \u201ear \u00eensemna o devalorizare a func\u0163iei\u201d. UNPR, \u201eun partid ceva mai real, mai serios dec\u00e2t PC\u201d"},"content":{"rendered":"<div class=\"entry data-app-meta data-app-meta-article\" data-embed-base-url-canonical=\"https:\/\/www.digi24.ro\/embed\/stiri\/actualitate\/politica\/crin-antonescu-daniel-constantin-ca-vicepremier-ar-insemna-o-devalorizare-a-functiei-unpr-un-partid-ceva-mai-real-mai-serios-decat-pc-198929\">\n<p data-index=\"1\"><span><strong>PNL nu va accepta un vicepremier desemnat de Partidul Conservator. \u201e<em>Asta ar \u00eensemna un soi de infla\u0163ie, o devalorizare a func\u0163iei vicepremierului \u00een acest Guvern. Nu se poate ca noul Guvern s\u0103 debuteze prin intrarea \u00een func\u0163ia de vicepremier de m\u00e2n\u0103 a lui Klaus Iohannis cu Daniel Constantin. A\u015fa ceva nu se poate<\/em>\u201d, a declarat liderul liberal Crin Antonescu luni sear\u0103, la Realitatea TV.<\/strong><\/span><\/p>\n<p data-index=\"2\"><img decoding=\"async\" src=\"https:\/\/analyse.optim.biz\/wp-content\/uploads\/2024\/09\/nmqwzjzkn2iwmjzjnzrhnmfjyjljnzq5yju5ywfhnwy-thumb_.jpg\" data-skip-htmlfix=\"1\" title=\"nmqwzjzkn2iwmjzjnzrhnmfjyjljnzq5yju5ywfhnwy-thumb_\"><\/p>\n<p data-index=\"3\"><span><strong>Foto: Digi24<\/strong><\/span><\/p>\n<p data-index=\"4\">\u201e<strong><em>Nu e un lucru de glum\u0103, nu ne juc\u0103m cu nasturi, nu suntem fabric\u0103 de vicepremieri<\/em><\/strong>\u201d, a mai spus pre\u015fedintele PNL, f\u0103c\u00e2nd \u015fi o compara\u0163ie \u00eentre Gabriel Oprea, de\u0163in\u0103tor al disputatei func\u0163ii \u00een actualul guvern, \u015fi Daniel Constantin, prin prisma partidelor din care provin: UNPR este un partid \u201e<em><strong>ceva mai real, mai serios dec\u00e2t PC<\/strong><\/em>\u201d.<\/p>\n<p data-index=\"5\">\u201e<em><strong>Nu ne crampon\u0103m \u00een a-i face vreun necaz lui Daniel Constantin, pentru c\u0103 nu e treaba lui Daniel Constantin \u00een via\u0163\u0103 s\u0103 devin\u0103 vicepremier \u00een Guvernul \u0103sta. \u00cen altul poate s\u0103 devin\u0103 premier c\u00e2nd o fi, pre\u015fedinte, secretar general al ONU. Dar \u00een acest Guvern, noi nu ne batem joc de func\u0163ia de vicepremier<\/strong><\/em>\u201d, a ad\u0103ugat liderul liberal.<\/p>\n<p data-index=\"6\">Crin Antonescu a men\u0163ionat c\u0103 nu se opune celorlalte propuneri f\u0103cute de premierul Victor Ponta legate de func\u0163ionarea executivului.<\/p>\n<p data-index=\"7\">Mar\u0163i, Victor Ponta anun\u0163a c\u0103 <a href=\"https:\/\/www.digi24.ro\/Stiri\/Digi24\/Actualitate\/Politica\/Negocierile+din+USL+Victor+Ponta+Nu+avem+o+decizie\" target=\"_blank\" data-skip-linkfix=\"1\" rel=\"noopener\"><strong>a propus \u00een cadrul reuniunii USL ca Guvernul s\u0103 aib\u0103 patru vicepremieri, din partea PSD, PC, PNL \u015fi UNPR, iar Klaus Iohannis s\u0103 fie ministru de Interne \u015fi vicepremier<\/strong><\/a>. Nu s-a ajuns la o \u00een\u0163elegere \u00een acest sens.<\/p>\n<\/div>\n<p> Source URL: https:\/\/www.digi24.ro\/stiri\/actualitate\/politica\/crin-antonescu-daniel-constantin-ca-vicepremier-ar-insemna-o-devalorizare-a-functiei-unpr-un-partid-ceva-mai-real-mai-serios-decat-pc-198929<\/p>\n","protected":false},"excerpt":{"rendered":"<p>PNL nu va accepta un vicepremier desemnat de Partidul Conservator. \u201eAsta ar \u00eensemna un soi de infla\u0163ie, o devalorizare a func\u0163iei vicepremierului \u00een acest Guvern. Nu se poate ca noul Guvern s\u0103 debuteze prin intrarea \u00een func\u0163ia de vicepremier de m\u00e2n\u0103 a lui Klaus Iohannis cu Daniel Constantin. A\u015fa ceva nu se poate\u201d, a declarat [&hellip;]<\/p>\n","protected":false},"author":1,"featured_media":212731,"comment_status":"open","ping_status":"","sticky":false,"template":"","format":"standard","meta":{"footnotes":""},"categories":[2],"tags":[11],"class_list":["post-212730","post","type-post","status-publish","format-standard","has-post-thumbnail","hentry","category-politics","tag-digi24"],"_links":{"self":[{"href":"https:\/\/analyse.optim.biz\/index.php?rest_route=\/wp\/v2\/posts\/212730","targetHints":{"allow":["GET"]}}],"collection":[{"href":"https:\/\/analyse.optim.biz\/index.php?rest_route=\/wp\/v2\/posts"}],"about":[{"href":"https:\/\/analyse.optim.biz\/index.php?rest_route=\/wp\/v2\/types\/post"}],"author":[{"embeddable":true,"href":"https:\/\/analyse.optim.biz\/index.php?rest_route=\/wp\/v2\/users\/1"}],"replies":[{"embeddable":true,"href":"https:\/\/analyse.optim.biz\/index.php?rest_route=%2Fwp%2Fv2%2Fcomments&post=212730"}],"version-history":[{"count":0,"href":"https:\/\/analyse.optim.biz\/index.php?rest_route=\/wp\/v2\/posts\/212730\/revisions"}],"wp:featuredmedia":[{"embeddable":true,"href":"https:\/\/analyse.optim.biz\/index.php?rest_route=\/wp\/v2\/media\/212731"}],"wp:attachment":[{"href":"https:\/\/analyse.optim.biz\/index.php?rest_route=%2Fwp%2Fv2%2Fmedia&parent=212730"}],"wp:term":[{"taxonomy":"category","embeddable":true,"href":"https:\/\/analyse.optim.biz\/index.php?rest_route=%2Fwp%2Fv2%2Fcategories&post=212730"},{"taxonomy":"post_tag","embeddable":true,"href":"https:\/\/analyse.optim.biz\/index.php?rest_route=%2Fwp%2Fv2%2Ftags&post=212730"}],"curies":[{"name":"wp","href":"https:\/\/api.w.org\/{rel}","templated":true}]}}