{"id":2127287,"date":"2026-09-03T15:33:24","date_gmt":"2026-09-03T12:33:24","guid":{"rendered":"https:\/\/analyse.optim.biz\/?p=2127287"},"modified":"2026-09-03T15:33:24","modified_gmt":"2026-09-03T12:33:24","slug":"noi-restrictii-de-circulatie-in-timisoara","status":"publish","type":"post","link":"https:\/\/analyse.optim.biz\/?p=2127287","title":{"rendered":"Noi restric\u021bii de circula\u021bie \u00een Timi\u0219oara"},"content":{"rendered":"<p>[analyse_image type=&#8221;featured&#8221; src=&#8221;https:\/\/renasterea.ro\/ro\/wp-content\/uploads\/2026\/07\/restrictii-de-circulatie.jpghttps:\/\/renasterea.ro\/ro\/wp-content\/uploads\/2026\/07\/restrictii-de-circulatie.jpg&#8221;]<\/p>\n<div class=\"entry-content\"><img loading=\"lazy\" decoding=\"async\" width=\"650\" height=\"384\" src=\"https:\/\/renasterea.ro\/ro\/wp-content\/uploads\/2026\/07\/restrictii-de-circulatie.jpg\" class=\"attachment-medium size-medium wp-post-image\" alt=\"Noi restric\u021bii de circula\u021bie \u00een Timi\u0219oara\" title=\"Noi restric\u021bii de circula\u021bie \u00een Timi\u0219oara 1\"><\/p>\n<h4>Noi restric\u021bii de circula\u021bie \u00een Timi\u0219oara<\/h4>\n<p>La solicitarea Societ\u00e3\u021bii Drumuri Municipale (SDM), comisia de circula\u021bie din cadrul Prim\u00e3riei Municipiului Timi\u0219oara a avizat \u00eenchiderea traficului rutier pe strada Salc\u00e2milor, pe tronsonul cuprins \u00eentre strada Mare\u0219al Alexandru Averescu \u0219i bulevardul Ion Mure\u0219an, respectiv bulevardul Liviu Rebreanu, p\u00e2n\u00e3 la data de 7.09.2026 (ora 5:00).<\/p>\n<p>De asemenea, \u00een perioada 4.09.2026 \u2013 5.09.2026, circula\u021bia rutier\u00e3 va fi \u00eenchis\u00e3 \u00een intersec\u021bia str\u00e3zii Salc\u00e2milor cu strada Dr. Ion Mure\u0219an. \u00cenchiderea traficului rutier este necesar\u00e3 \u00een vederea execut\u00e3rii lucr\u00e3rilor de a\u0219ternere a covorului asfaltic.<\/p>\n<h2>CITE\u0218TE \u0218I: <a href=\"https:\/\/renasterea.ro\/doua-fetite-de-13-ani-care-circulau-cu-o-trotineta-electrica-pe-pista-lovite-de-o-masina-in-giroc\/\" target=\"_blank\" rel=\"noopener\"><span>Dou\u0103 feti\u0163e de 13 ani, care circulau cu o trotinet\u0103 electric\u0103, lovite de o ma\u015fin\u0103 \u00een Giroc<\/span><\/a><\/h2>\n<\/div>\n<p>[analyse_source url=&#8221;https:\/\/renasterea.ro\/noi-restrictii-de-circulatie-in-timisoara-2\/&#8221;]<\/p>\n","protected":false},"excerpt":{"rendered":"<p>[analyse_image type=&#8221;featured&#8221; src=&#8221;https:\/\/renasterea.ro\/ro\/wp-content\/uploads\/2026\/07\/restrictii-de-circulatie.jpghttps:\/\/renasterea.ro\/ro\/wp-content\/uploads\/2026\/07\/restrictii-de-circulatie.jpg&#8221;] Noi restric\u021bii de circula\u021bie \u00een Timi\u0219oara La solicitarea Societ\u00e3\u021bii Drumuri Municipale (SDM), comisia de circula\u021bie din cadrul Prim\u00e3riei Municipiului Timi\u0219oara a avizat \u00eenchiderea traficului rutier pe strada Salc\u00e2milor, pe tronsonul cuprins \u00eentre strada Mare\u0219al Alexandru Averescu \u0219i bulevardul Ion Mure\u0219an, respectiv bulevardul Liviu Rebreanu, p\u00e2n\u00e3 la data de 7.09.2026 (ora 5:00). De [&hellip;]<\/p>\n","protected":false},"author":1,"featured_media":0,"comment_status":"open","ping_status":"","sticky":false,"template":"","format":"standard","meta":{"footnotes":""},"categories":[89],"tags":[226,188],"class_list":["post-2127287","post","type-post","status-publish","format-standard","hentry","category-romania","tag-crawlmanager","tag-renasterea-ro"],"_links":{"self":[{"href":"https:\/\/analyse.optim.biz\/index.php?rest_route=\/wp\/v2\/posts\/2127287","targetHints":{"allow":["GET"]}}],"collection":[{"href":"https:\/\/analyse.optim.biz\/index.php?rest_route=\/wp\/v2\/posts"}],"about":[{"href":"https:\/\/analyse.optim.biz\/index.php?rest_route=\/wp\/v2\/types\/post"}],"author":[{"embeddable":true,"href":"https:\/\/analyse.optim.biz\/index.php?rest_route=\/wp\/v2\/users\/1"}],"replies":[{"embeddable":true,"href":"https:\/\/analyse.optim.biz\/index.php?rest_route=%2Fwp%2Fv2%2Fcomments&post=2127287"}],"version-history":[{"count":0,"href":"https:\/\/analyse.optim.biz\/index.php?rest_route=\/wp\/v2\/posts\/2127287\/revisions"}],"wp:attachment":[{"href":"https:\/\/analyse.optim.biz\/index.php?rest_route=%2Fwp%2Fv2%2Fmedia&parent=2127287"}],"wp:term":[{"taxonomy":"category","embeddable":true,"href":"https:\/\/analyse.optim.biz\/index.php?rest_route=%2Fwp%2Fv2%2Fcategories&post=2127287"},{"taxonomy":"post_tag","embeddable":true,"href":"https:\/\/analyse.optim.biz\/index.php?rest_route=%2Fwp%2Fv2%2Ftags&post=2127287"}],"curies":[{"name":"wp","href":"https:\/\/api.w.org\/{rel}","templated":true}]}}