{"id":2127247,"date":"2026-09-03T17:20:42","date_gmt":"2026-09-03T14:20:42","guid":{"rendered":"https:\/\/analyse.optim.biz\/?p=2127247"},"modified":"2026-09-03T17:20:42","modified_gmt":"2026-09-03T14:20:42","slug":"constantin-toma-luni-7-septembrie-incepe-noul-an-scolar","status":"publish","type":"post","link":"https:\/\/analyse.optim.biz\/?p=2127247","title":{"rendered":"Constantin Toma: Luni 7 septembrie \u00eencepe noul an \u0219colar"},"content":{"rendered":"<p>[analyse_image type=&#8221;featured&#8221; src=&#8221;https:\/\/buzaumedia.ro\/wp-content\/uploads\/2026\/09\/1788439932_Constantin-Toma-INFORMARE.jpghttps:\/\/buzaumedia.ro\/wp-content\/uploads\/2026\/09\/1788439932_Constantin-Toma-INFORMARE.jpg&#8221;]<\/p>\n<div class=\"entry-content rbct clearfix is-highlight-shares\">\n<p>Dragi buzoieni,<br \/>\nLuni 7 septembrie \u00eencepe noul an \u0219colar \u0219i al\u0103turi de conducerile \u0219colilor ne str\u0103duim ca fiecare \u0219coal\u0103, fiecare gr\u0103dini\u021b\u0103, s\u0103 fie preg\u0103tit\u0103 la cel mai \u00eenalt nivel.<\/p>\n<p>De mai mul\u021bi ani, ca primar am ini\u021biat al\u0103turi de ,,Buz\u0103ul cite\u0219te\u201d prin care fiecare elev prime\u0219te \u00een luna iunie un pachet cu 4 c\u0103r\u021bi de lectur\u0103, acum la \u00eenceput de nou an \u0219colar, fiecare copil de gr\u0103dini\u021b\u0103 \u0219i to\u021bi elevii de la clasa zero p\u00e2n\u0103 la clasa a VIII-a, s\u0103 primeasc\u0103 c\u00e2te un ghiozdan complet echipat cu toate rechizitele necesare pe fiecare grup\u0103 de studiu.<\/p>\n<p>Astfel \u00een acest an, Prim\u0103ria Municipiului Buz\u0103u va da gratuit celor 13248 de copii (6470 de fete \u0219i 6778 de b\u0103ie\u021bi), 13248 de ghiozdane speciale!<\/p>\n<p>Cu ocazia \u00eenceperii noului an \u0219colar, urez tuturor copiilor, p\u0103rin\u021bilor, bunicilor \u0219i profesorilor mult succes \u0219i numai bucurii!<\/p>\n<p>Constantin Toma, primarul municipiului Buz\u0103u<\/p>\n<\/div>\n<p>[analyse_source url=&#8221;https:\/\/buzaumedia.ro\/stiri-buzau\/constantin-toma-luni-7-septembrie-incepe-noul-an-scolar\/&#8221;]<\/p>\n","protected":false},"excerpt":{"rendered":"<p>[analyse_image type=&#8221;featured&#8221; src=&#8221;https:\/\/buzaumedia.ro\/wp-content\/uploads\/2026\/09\/1788439932_Constantin-Toma-INFORMARE.jpghttps:\/\/buzaumedia.ro\/wp-content\/uploads\/2026\/09\/1788439932_Constantin-Toma-INFORMARE.jpg&#8221;] Dragi buzoieni, Luni 7 septembrie \u00eencepe noul an \u0219colar \u0219i al\u0103turi de conducerile \u0219colilor ne str\u0103duim ca fiecare \u0219coal\u0103, fiecare gr\u0103dini\u021b\u0103, s\u0103 fie preg\u0103tit\u0103 la cel mai \u00eenalt nivel. De mai mul\u021bi ani, ca primar am ini\u021biat al\u0103turi de ,,Buz\u0103ul cite\u0219te\u201d prin care fiecare elev prime\u0219te \u00een luna iunie un pachet cu [&hellip;]<\/p>\n","protected":false},"author":1,"featured_media":0,"comment_status":"open","ping_status":"","sticky":false,"template":"","format":"standard","meta":{"footnotes":""},"categories":[2],"tags":[66,226],"class_list":["post-2127247","post","type-post","status-publish","format-standard","hentry","category-politics","tag-buzaumedia-ro","tag-crawlmanager"],"_links":{"self":[{"href":"https:\/\/analyse.optim.biz\/index.php?rest_route=\/wp\/v2\/posts\/2127247","targetHints":{"allow":["GET"]}}],"collection":[{"href":"https:\/\/analyse.optim.biz\/index.php?rest_route=\/wp\/v2\/posts"}],"about":[{"href":"https:\/\/analyse.optim.biz\/index.php?rest_route=\/wp\/v2\/types\/post"}],"author":[{"embeddable":true,"href":"https:\/\/analyse.optim.biz\/index.php?rest_route=\/wp\/v2\/users\/1"}],"replies":[{"embeddable":true,"href":"https:\/\/analyse.optim.biz\/index.php?rest_route=%2Fwp%2Fv2%2Fcomments&post=2127247"}],"version-history":[{"count":0,"href":"https:\/\/analyse.optim.biz\/index.php?rest_route=\/wp\/v2\/posts\/2127247\/revisions"}],"wp:attachment":[{"href":"https:\/\/analyse.optim.biz\/index.php?rest_route=%2Fwp%2Fv2%2Fmedia&parent=2127247"}],"wp:term":[{"taxonomy":"category","embeddable":true,"href":"https:\/\/analyse.optim.biz\/index.php?rest_route=%2Fwp%2Fv2%2Fcategories&post=2127247"},{"taxonomy":"post_tag","embeddable":true,"href":"https:\/\/analyse.optim.biz\/index.php?rest_route=%2Fwp%2Fv2%2Ftags&post=2127247"}],"curies":[{"name":"wp","href":"https:\/\/api.w.org\/{rel}","templated":true}]}}