{"id":2127199,"date":"2026-09-02T21:20:25","date_gmt":"2026-09-02T18:20:25","guid":{"rendered":"https:\/\/analyse.optim.biz\/?p=2127199"},"modified":"2026-09-02T21:20:25","modified_gmt":"2026-09-02T18:20:25","slug":"zacustile-lovite-de-criza-gospodinele-renunta-la-traditionala-conserva-de-iarna-nu-sunt-parale","status":"publish","type":"post","link":"https:\/\/analyse.optim.biz\/?p=2127199","title":{"rendered":"Zacu\u0219tile, lovite de criz\u0103: gospodinele renun\u021b\u0103 la tradi\u021bionala conserv\u0103 de iarn\u0103. \u201eNu sunt parale\u201d"},"content":{"rendered":"<p>[analyse_image type=&#8221;featured&#8221; src=&#8221;https:\/\/cdn.adh.reperio.news\/image-9\/9471b501-86af-416d-98c0-0c9cf445bdce\/index.jpeg?p=f%3Djpeg%26w%3D1200%26h%3D630%26r%3Dcover&#8221;]<\/p>\n<article class=\"svelte-x63bga\">\n<nav>\n<ul class=\"breadcrump svelte-1pk9a69\">\n<li class=\"svelte-1pk9a69\"><a href=\"https:\/\/adevarul.ro\/\" title=\"Adev\u0103rul\" class=\"svelte-1pk9a69\">Home<\/a><\/li>\n<li class=\"svelte-1pk9a69\"><a href=\"https:\/\/adevarul.ro\/stiri-locale\" class=\"svelte-1pk9a69\">\u0218tiri locale<\/a><\/li>\n<li class=\"svelte-1pk9a69\"><a href=\"https:\/\/adevarul.ro\/stiri-locale\/botosani\" class=\"svelte-1pk9a69\">Boto\u015fani<\/a><\/li>\n<li class=\"svelte-1pk9a69\"><a href=\"https:\/\/adevarul.ro\/stiri-locale\/botosani\/zacustile-lovite-de-criza-gospodinele-renunta-la-2553514.html\" class=\"svelte-1pk9a69\">Zacu\u0219tile, lovite de criz\u0103: gospodinele renun\u021b\u0103 la tradi\u021bionala conserv\u0103 de iarn\u0103. \u201eNu sunt parale\u201d<\/a><\/li>\n<\/ul>\n<\/nav>\n<p><main class=\"svelte-x63bga\"><\/p>\n<p>Criza \u0219i pre\u021burile tot mai mari la utilit\u0103\u021bi scot zacusca din meniul rom\u00e2nilor. Mai ales a celor care tr\u0103iesc \u00een zonele s\u0103race ale Rom\u00e2niei. O \u0219arj\u0103 mare de zacusc\u0103, s\u0103 ajung\u0103 pentru \u00eentreaga iarn\u0103 a devenit un lux, \u0219i tot mai multe gospodine renun\u021b\u0103 la tradi\u021bie. <\/p>\n<div class=\"container-image  svelte-1xbw4f3\"><source type=\"image\/webp\" srcset=\"https:\/\/cdn.adh.reperio.news\/image-9\/9471b501-86af-416d-98c0-0c9cf445bdce\/index.jpeg?p=a%3D1%26co%3D1.05%26w%3D1400%26h%3D750%26r%3Dcontain%26f%3Dwebp 1400w\" media=\"(min-width: 1400px)\" \/><\/p>\n<div class=\"caption svelte-1xbw4f3\"><span class=\"captionText svelte-1xbw4f3\">Gospodinele nu se mai \u00eenghesuie ca pe vremuri la f\u0103cut zacusc\u0103 <span class=\"source svelte-1xbw4f3\">Foto: Cosmin Zamfirache<\/span><\/span><\/div>\n<\/div>\n<p>\u00cen Rom\u00e2nia, zacusca nu este doar un preparat culinar, ci un adev\u0103rat fenomen cultural \u0219i un ritual anual care marcheaz\u0103 sf\u00e2r\u0219itul verii \u0219i preg\u0103tirea c\u0103m\u0103rii pentru iarn\u0103. De\u0219i nu este caracteristic\u0103 doar \u021b\u0103rii noastre, zacusca a devenit pentru rom\u00e2ni un adev\u0103rat brand na\u021bional, dar mai ales o \u201econserv\u0103\u201d de iarn\u0103 \u00eenvelit\u0103 \u00een melancolie \u0219i amintirea copil\u0103riei. Mai ales pentru localnicii din nordul Moldovei, aproape c\u0103 nu exist\u0103 toamn\u0103 f\u0103r\u0103 preg\u0103tirea zacu\u0219telor. Statutul de gospodin\u0103 este ob\u021binut \u0219i prin calitatea zacu\u0219tii, \u00een special cu multe legume de toamn\u0103. \u00cen economia moldoveneasc\u0103, zacusca este esen\u021bial\u0103 pentru lunile de iarn\u0103, dar mai ales pentru <a href=\"https:\/\/adevarul.ro\/stil-de-viata\/bucatarie\/ce-peste-poti-manca-in-postul-craciunului-atunci-2406898.html\">postul Cr\u0103ciunului.<\/a><\/p>\n<p>Ei bine, anul acesta, legumicultorii care vin de ani de zile \u0219i umplu tarabele cu marf\u0103 de toamn\u0103, \u0219tiind c\u0103 este la mare c\u0103utare, au constatat cu stupoare c\u0103 num\u0103rul clien\u021bilor s-a \u00eenjum\u0103t\u0103\u021bit \u0219i c\u0103 tot mai pu\u021bini vin s\u0103 cumpere ardei, ceap\u0103 \u0219i alte bun\u0103t\u0103\u021bi pentru prepararea zacu\u0219telor. Iar concluzia a fost una simpl\u0103: criza \u0219i scumpirile repetate saboteaz\u0103 p\u00e2n\u0103 \u0219i tradi\u021bia zacu\u0219telor din nordul Moldovei.\u00a0<\/p>\n<p><i>\u201eDac\u0103 dispare zacusca f\u0103cut\u0103 \u00een cas\u0103, ar muri o parte din mine. \u0218tiu c\u0103 sun\u0103 a\u0219a, exagerat, siropos, dar a\u0219a este. Din copil\u0103rie, ne \u00eenv\u00e2rteam pe l\u00e2ng\u0103 femei care f\u0103ceau zacusc\u0103, mame, m\u0103tu\u0219i, bunici. Era mirosul genial de legume coapte, apoi de fiertur\u0103 \u0219i gustul \u0103la inconfundabil. Ar fi trist s\u0103 se termine \u0219i cu tradi\u021bia asta. Cel pu\u021bin pentru mine\u201d<\/i>, m\u0103rturise\u0219te o boto\u0219\u0103neanc\u0103 de aproximativ 40 de ani.<\/p>\n<h2>\u201eR\u0103m\u00e2ne toropit la gur\u0103, ca s\u0103 pl\u0103teasc\u0103 d\u0103rile la stat\u201d<\/h2>\n<p>Primii care au sesizat problema de sabotaj a zacu\u0219tilor de cas\u0103 au fost comercian\u021bii. Mul\u021bi au fost foarte bucuro\u0219i c\u0103 au avut recolt\u0103 bogat\u0103. Se a\u0219teptau ca gospodinele s\u0103 le cumpere marfa cu sacii sau m\u0103car cu saco\u0219e mari pline, ca \u00een al\u021bi ani. Doar a \u00eenceput toamna \u0219i se preg\u0103tesc, ca \u00eentotdeauna, de zacusc\u0103, \u201econserva\u201d esen\u021bial\u0103 pentru post \u0219i pentru iarn\u0103.<\/p>\n<p>Mul\u021bi au r\u0103mas \u00eens\u0103 cu marfa pe tarab\u0103 \u0219i o mul\u021bime de \u00eentreb\u0103ri. \u00cen sezonul zacu\u0219telor, Pia\u021ba Central\u0103 din Boto\u0219ani, \u00eentr-o zi din mijlocul s\u0103pt\u0103m\u00e2nii, este pe jum\u0103tate goal\u0103. Tarabele abund\u0103 de gogo\u0219ari, capia, ardei gra\u0219i, vinete, ceap\u0103, usturoi. Mai pu\u021bini sunt clien\u021bii.<\/p>\n<div class=\"_hydratable\" data-props=\"%7B%22type%22%3A%22video%22%2C%22data%22%3A%7B%22caption%22%3A%22Comerciant%20%C3%AEn%20Pia%C8%9Ba%20Central%C4%83%20Boto%C8%99ani%22%2C%22player_options%22%3A%7B%22autoplay%22%3Anull%2C%22loop%22%3Anull%7D%2C%22video%22%3A%7B%22animated%22%3A0%2C%22created_at%22%3A%222026-09-01T21%3A06%3A52.000Z%22%2C%22created_by%22%3A114%2C%22entity_type%22%3A%22media%22%2C%22extension%22%3A%22mp4%22%2C%22id%22%3A%226722762c-5c60-4464-937d-3e11154ea276%22%2C%22origin_duration%22%3A17800%2C%22origin_hash%22%3Anull%2C%22origin_height%22%3A1080%2C%22origin_name%22%3A%22comerciant%20%20-%20Trim.mp4%22%2C%22origin_size%22%3A110259054%2C%22origin_width%22%3A1920%2C%22path%22%3A%22video-6%2F6722762c-5c60-4464-937d-3e11154ea276%2Findex.m3u8%22%2C%22prevent_prune%22%3A0%2C%22published%22%3A0%2C%22restrict_domains%22%3Anull%2C%22source%22%3A%22Cosmin%20Zamfirache%22%2C%22source_url%22%3Anull%2C%22status%22%3A%22ready%22%2C%22tags%22%3A%5B%5D%2C%22thumb%22%3A%22https%3A%2F%2Fcdn.adh.reperio.news%2Fvideo-6%2F6722762c-5c60-4464-937d-3e11154ea276%2Fthumb.0000000.jpg%22%2C%22title%22%3A%22comerciant%20%20%20%20Trim%20mp4%22%2C%22type%22%3A%22video%22%2C%22updated_at%22%3A%222026-09-01T21%3A07%3A39.000Z%22%2C%22url%22%3A%22https%3A%2F%2Fcdn.adh.reperio.news%2Fvideo-6%2F6722762c-5c60-4464-937d-3e11154ea276%2Findex.m3u8%22%2C%22video_raw%22%3Anull%2C%22video_thumbnail%22%3A%22thumb.0000000.jpg%22%7D%7D%7D\" data-context=\"%7B%22parentBlockColumnCount%22%3A%7B%22value%22%3A0%2C%22type%22%3A%22store%2Freadable%22%7D%2C%22parentBlockBackgroundColor%22%3A%7B%22type%22%3A%22store%2Freadable%22%7D%7D\" data-component=\"EditorVideoPlayer\"><\/div>\n<p>\u201e<i>A \u00eenceput vremea zacu\u0219telor, dar, fa\u021b\u0103 de anii anteriori, slab. Marfa are pre\u021bul \u00een jum\u0103tate fa\u021b\u0103 de anul trecut, pe vremea asta. Nu se cump\u0103r\u0103, nu sunt bani. Nu are lumea bani. Tot s-o scumpit. Lumina, motorina \u0219i lumea nu are bani. De unde un om cu 1.500 de lei pl\u0103te\u0219te \u0219i curentul, \u0219i toate facturile? Mai ia \u0219i ni\u0219te pastille. R\u0103m\u00e2ne toropit la gur\u0103, de zacusc\u0103, ca s\u0103 pl\u0103teasc\u0103 d\u0103rile la stat\u201d,<\/i> precizeaz\u0103 un legumicultor local. Un altul st\u0103 \u00eenc\u0103 \u0219i se \u00eentreab\u0103 dac\u0103 nu cumva s-a \u00eent\u00e2mplat ceva \u00een ora\u0219, de oamenii nu dau n\u0103val\u0103.<\/p>\n<div class=\"_hydratable\" data-props=\"%7B%22type%22%3A%22video%22%2C%22data%22%3A%7B%22player_options%22%3A%7B%22autoplay%22%3Anull%2C%22loop%22%3Anull%7D%2C%22video%22%3A%7B%22animated%22%3A0%2C%22created_at%22%3A%222026-09-01T21%3A10%3A14.000Z%22%2C%22created_by%22%3A114%2C%22entity_type%22%3A%22media%22%2C%22extension%22%3A%22mp4%22%2C%22id%22%3A%22df5706cc-5e43-4123-a9b3-0c2ce0266e46%22%2C%22origin_duration%22%3A22320%2C%22origin_hash%22%3Anull%2C%22origin_height%22%3A1080%2C%22origin_name%22%3A%22vox1%20-%20Trim.mp4%22%2C%22origin_size%22%3A138712890%2C%22origin_width%22%3A1920%2C%22path%22%3A%22video-d%2Fdf5706cc-5e43-4123-a9b3-0c2ce0266e46%2Findex.m3u8%22%2C%22prevent_prune%22%3A0%2C%22published%22%3A0%2C%22restrict_domains%22%3Anull%2C%22source%22%3A%22Cosmin%20Zamfirache%22%2C%22source_url%22%3Anull%2C%22status%22%3A%22ready%22%2C%22tags%22%3A%5B%5D%2C%22thumb%22%3A%22https%3A%2F%2Fcdn.adh.reperio.news%2Fvideo-d%2Fdf5706cc-5e43-4123-a9b3-0c2ce0266e46%2Fthumb.0000000.jpg%22%2C%22title%22%3A%22vox1%20%20%20Trim%20mp4%22%2C%22type%22%3A%22video%22%2C%22updated_at%22%3A%222026-09-01T21%3A11%3A03.000Z%22%2C%22url%22%3A%22https%3A%2F%2Fcdn.adh.reperio.news%2Fvideo-d%2Fdf5706cc-5e43-4123-a9b3-0c2ce0266e46%2Findex.m3u8%22%2C%22video_raw%22%3Anull%2C%22video_thumbnail%22%3A%22thumb.0000000.jpg%22%7D%7D%7D\" data-context=\"%7B%22parentBlockColumnCount%22%3A%7B%22value%22%3A0%2C%22type%22%3A%22store%2Freadable%22%7D%2C%22parentBlockBackgroundColor%22%3A%7B%22type%22%3A%22store%2Freadable%22%7D%7D\" data-component=\"EditorVideoPlayer\"><\/div>\n<p><a class=\"related-inline svelte-78g0vl\" data-gtrack=\"{&quot;event&quot;:&quot;utm_click&quot;,&quot;data&quot;:{&quot;event_category&quot;:&quot;article_related&quot;}}\" href=\"https:\/\/adevarul.ro\/stiri-interne\/evenimente\/premiera-pe-piata-locala-un-mare-retailer-opreste-2536080.html\" title=\"Alt articol de interes pentru tine\"><span class=\"inline-title svelte-78g0vl\">Premier\u0103 pe pia\u021ba local\u0103: un mare retailer opre\u0219te importurile pentru mai multe fructe \u0219i legume de sezon<\/span><\/a><\/p>\n<p><i>\u201eM-am bucurat ca un copil c\u0103 o fost an bun. Bun la toate. \u0218i acum \u00eemi d\u0103 cu virgul\u0103. Pre\u021burile le-am sc\u0103zut, c\u0103 \u0219tim c\u0103-i criz\u0103. \u0218i chiar \u0219i a\u0219a, pu\u021bini clien\u021bi. M\u0103 a\u0219teptam s\u0103 r\u0103m\u00e2n\u0103 f\u0103r\u0103 marf\u0103 repede. C\u0103 noi nu facem industrial, noi suntem produc\u0103tori. \u0218i c\u00e2nd colo, ce s\u0103 vezi. Au venit gospodine, nu zic nu, care au cas\u0103 grea, cu mul\u021bi nepo\u021bi \u0219i nu se dau de ru\u0219ine s\u0103 stea f\u0103r\u0103 zacusc\u0103. Dar sunt mai pu\u021bine ca-n al\u021bi ani. \u0218i cump\u0103r\u0103 \u0219i mai pu\u021bin\u201d<\/i>, m\u0103rturise\u0219te legumicultorul.<\/p>\n<p>Al\u021bii spun c\u0103 oamenii au fost dobor\u00e2\u021bi de cre\u0219terea facturilor la utilit\u0103\u021bi.<\/p>\n<p><i>\u201eEste greu c\u00e2nd cresc toate pre\u021burile s\u0103-\u021bi mai ard\u0103 de zacusc\u0103. Eu am redus pre\u021burile s\u0103-mi v\u00e2nd marfa. Dar la zacusc\u0103 trebuie ulei, trebuie gaz consumat, c\u0103 nu mai fac prea mul\u021bi la lemne\u201d,<\/i> spune un alt legumicultor.<\/p>\n<h2>\u201eDa\u2019 ce crezi c\u0103-mi mai arde de zacusc\u0103?\u201d<\/h2>\n<p>Situa\u021bia a fost confirmat\u0103 \u0219i de localnici. Gospodinele fie au redus puternic produc\u021bia de zacusc\u0103, fie au dat pas tradi\u021biei.<\/p>\n<p><i>\u201eEste tot mai greu. Tot mai scump. Eu m\u0103 preg\u0103tesc mereu pentru iarn\u0103. Adic\u0103 fac dulce\u021buri, fac zacusc\u0103. Acum am f\u0103cut mai pu\u021bin. \u00cenainte f\u0103ceam 100 de borcane, abia dac\u0103 am f\u0103cut 60, pentru c\u0103 nu m\u0103 \u021bine punga. Dar ce s\u0103 facem, mergem \u00eenainte a\u0219a\u201d<\/i>, spune o boto\u0219\u0103neanc\u0103. Al\u021bii sunt ceva mai radicali.<\/p>\n<p><i>\u201eNu, nu-\u0219i permit oamenii zacusc\u0103. Se uit\u0103 la tarabe \u0219i trece mai departe. Uita\u021bi-v\u0103 c\u00e2t\u0103 lume este \u00een pia\u021b\u0103 acum?! C\u0103 nu are lumea cu ce s\u0103 cumpere. Nu are. Dac\u0103 ia un kilogram de ro\u0219ii, \u00eel dr\u0103muie\u0219te ca vai de lume\u201d,<\/i> spune un pensionar.<\/p>\n<div class=\"_hydratable\" data-props=\"%7B%22type%22%3A%22video%22%2C%22data%22%3A%7B%22player_options%22%3A%7B%22autoplay%22%3Anull%2C%22loop%22%3Anull%7D%2C%22video%22%3A%7B%22animated%22%3A0%2C%22created_at%22%3A%222026-09-01T21%3A08%3A07.000Z%22%2C%22created_by%22%3A114%2C%22entity_type%22%3A%22media%22%2C%22extension%22%3A%22mp4%22%2C%22id%22%3A%22a27bff20-8919-4942-888f-925c8faa88ac%22%2C%22origin_duration%22%3A18000%2C%22origin_hash%22%3Anull%2C%22origin_height%22%3A1080%2C%22origin_name%22%3A%22vox3%20-%20Trim.mp4%22%2C%22origin_size%22%3A110380880%2C%22origin_width%22%3A1920%2C%22path%22%3A%22video-a%2Fa27bff20-8919-4942-888f-925c8faa88ac%2Findex.m3u8%22%2C%22prevent_prune%22%3A0%2C%22published%22%3A0%2C%22restrict_domains%22%3Anull%2C%22source%22%3A%22Cosmin%20Zamfirache%22%2C%22source_url%22%3Anull%2C%22status%22%3A%22ready%22%2C%22tags%22%3A%5B%5D%2C%22thumb%22%3A%22https%3A%2F%2Fcdn.adh.reperio.news%2Fvideo-a%2Fa27bff20-8919-4942-888f-925c8faa88ac%2Fthumb.0000000.jpg%22%2C%22title%22%3A%22vox3%20%20%20Trim%20mp4%22%2C%22type%22%3A%22video%22%2C%22updated_at%22%3A%222026-09-01T21%3A08%3A47.000Z%22%2C%22url%22%3A%22https%3A%2F%2Fcdn.adh.reperio.news%2Fvideo-a%2Fa27bff20-8919-4942-888f-925c8faa88ac%2Findex.m3u8%22%2C%22video_raw%22%3Anull%2C%22video_thumbnail%22%3A%22thumb.0000000.jpg%22%7D%7D%7D\" data-context=\"%7B%22parentBlockColumnCount%22%3A%7B%22value%22%3A0%2C%22type%22%3A%22store%2Freadable%22%7D%2C%22parentBlockBackgroundColor%22%3A%7B%22type%22%3A%22store%2Freadable%22%7D%7D\" data-component=\"EditorVideoPlayer\"><\/div>\n<p><a class=\"related-inline svelte-78g0vl\" data-gtrack=\"{&quot;event&quot;:&quot;utm_click&quot;,&quot;data&quot;:{&quot;event_category&quot;:&quot;article_related&quot;}}\" href=\"https:\/\/adevarul.ro\/stil-de-viata\/magazin\/au-fugit-de-agitatia-orasului-si-si-au-construit-2552621.html\" title=\"Alt articol de interes pentru tine\"><span class=\"inline-title svelte-78g0vl\">Povestea cuplului care a renun\u021bat la ora\u0219 pentru o cas\u0103 cu gr\u0103din\u0103 \u0219i f\u00e2nt\u00e2n\u0103: \u201eNe lipsea atmosfera cu care am crescut\u201c<\/span><\/a><\/p>\n<p><i>\u201eDa\u2019 ce crezi c\u0103-mi arde de zacusc\u0103? Abia m\u0103 t\u00e2r\u00e2iesc. Factura la gaz \u0219i la curent o m\u0103n\u00e2nc la iarn\u0103. C\u0103 altceva nu este. Da, era o tradi\u021bie frumoas\u0103. F\u0103ceam pentru copii \u0219i pentru mine zacusc\u0103. Dar acum cu ce s\u0103 o fac? C\u0103 nu pot s\u0103 o g\u0103tesc \u00een b\u0103taie de joc sau s\u0103 fac trei borcane acolo\u201d,<\/i> adaug\u0103 o femeie de aproximativ 60 de ani.<\/p>\n<p>\u00cen general, pentru o \u0219arj\u0103 de <a href=\"https:\/\/adevarul.ro\/stil-de-viata\/bucatarie\/zacusca-moldoveneasca-a-la-mihai-viteazul-2480777.html\">zacusc\u0103<\/a>, de 12 borcane, o gospodin\u0103 are nevoie de patru kilograme de vinete proaspete, trei kilograme de ardei kapia, un kilogram \u0219i jum\u0103tate de ceap\u0103, o sticl\u0103 de ulei, o sticl\u0103 de suc de ro\u0219ii, sare, piper \u0219i foi de dafin. Multe gospodine, \u00een schimb, fac mai multe borcane, tocmai pentru a oferi \u0219i rudelor.<\/p>\n<div class=\"_hydratable\" data-props=\"%7B%22type%22%3A%22video%22%2C%22data%22%3A%7B%22player_options%22%3A%7B%22autoplay%22%3Anull%2C%22loop%22%3Anull%7D%2C%22video%22%3A%7B%22animated%22%3A0%2C%22created_at%22%3A%222026-09-01T21%3A09%3A09.000Z%22%2C%22created_by%22%3A114%2C%22entity_type%22%3A%22media%22%2C%22extension%22%3A%22mp4%22%2C%22id%22%3A%221ff8f8fc-e74f-48f8-b9af-20afe4d0c042%22%2C%22origin_duration%22%3A17920%2C%22origin_hash%22%3Anull%2C%22origin_height%22%3A1080%2C%22origin_name%22%3A%22vox2%20-%20Trim.mp4%22%2C%22origin_size%22%3A110873290%2C%22origin_width%22%3A1920%2C%22path%22%3A%22video-1%2F1ff8f8fc-e74f-48f8-b9af-20afe4d0c042%2Findex.m3u8%22%2C%22prevent_prune%22%3A0%2C%22published%22%3A0%2C%22restrict_domains%22%3Anull%2C%22source%22%3A%22Cosmin%20Zamfirache%22%2C%22source_url%22%3Anull%2C%22status%22%3A%22ready%22%2C%22tags%22%3A%5B%5D%2C%22thumb%22%3A%22https%3A%2F%2Fcdn.adh.reperio.news%2Fvideo-1%2F1ff8f8fc-e74f-48f8-b9af-20afe4d0c042%2Fthumb.0000000.jpg%22%2C%22title%22%3A%22vox2%20%20%20Trim%20mp4%22%2C%22type%22%3A%22video%22%2C%22updated_at%22%3A%222026-09-01T21%3A09%3A48.000Z%22%2C%22url%22%3A%22https%3A%2F%2Fcdn.adh.reperio.news%2Fvideo-1%2F1ff8f8fc-e74f-48f8-b9af-20afe4d0c042%2Findex.m3u8%22%2C%22video_raw%22%3Anull%2C%22video_thumbnail%22%3A%22thumb.0000000.jpg%22%7D%7D%7D\" data-context=\"%7B%22parentBlockColumnCount%22%3A%7B%22value%22%3A0%2C%22type%22%3A%22store%2Freadable%22%7D%2C%22parentBlockBackgroundColor%22%3A%7B%22type%22%3A%22store%2Freadable%22%7D%7D\" data-component=\"EditorVideoPlayer\"><\/div>\n<p>Preg\u0103tirea \u00een cantit\u0103\u021bi mari a devenit \u00eens\u0103 un lux pentru mul\u021bi boto\u0219\u0103neni, de exemplu.<\/p>\n<p><i>\u201eTradi\u021bia-i tradi\u021bie, facem. \u0218i nu numai de tradi\u021bie, este bine c\u0103 avem la post. Dec\u00e2t s\u0103 cump\u0103r\u0103m, mai bine facem noi. Dar s\u0103 \u0219ti\u021bi c\u0103 foarte pu\u021bin\u201d<\/i>, adaug\u0103 o alt\u0103 localnic\u0103.<\/p>\n<p><\/main><\/p>\n<footer class=\"svelte-x63bga\">\n<div class=\"related-wrap related-footer svelte-78g0vl\"><span class=\"related-label svelte-78g0vl\">Cite\u0219te \u0219i<\/span><a class=\"related svelte-78g0vl\" data-gtrack=\"{&quot;event&quot;:&quot;utm_click&quot;,&quot;data&quot;:{&quot;event_category&quot;:&quot;article_related&quot;}}\" href=\"https:\/\/adevarul.ro\/stiri-interne\/societate\/generatia-care-aduce-beneficiile-urbane-la-sat-2552631.html\" title=\"Alt articol de interes pentru tine\"><img decoding=\"async\" class=\"thumb svelte-78g0vl\" src=\"https:\/\/cdn.adh.reperio.news\/image-4\/4c077b1e-7d9b-4896-8d38-36dfc4ed5084\/index.jpeg?p=f%3Dwebp%26w%3D120%26h%3D80%26r%3Dcover%26a%3D0\" alt loading=\"lazy\" width=\"80\" height=\"54\"><span class=\"title svelte-78g0vl\">Genera\u021bia care aduce beneficiile urbane la sat. Cine sunt neo-ruralii, tinerii care au joburi \u00een IT \u0219i gr\u0103dini cu legume <\/span><\/a><\/div>\n<div class=\"meta svelte-x63bga\">\n<div class=\"authors svelte-x63bga\"><span class=\"names svelte-x63bga\"><a href=\"https:\/\/adevarul.ro\/author\/1248\" rel=\"author\" class=\"svelte-x63bga\">Cosmin P\u0103tra\u015fcu Zamfirache<\/a><\/span><\/p>\n<div class=\"_hydratable\" data-props=\"%7B%22showLive%22%3Atrue%7D\" data-context=\"%7B%22parentBlockColumnCount%22%3A%7B%22value%22%3A0%2C%22type%22%3A%22store%2Freadable%22%7D%2C%22parentBlockBackgroundColor%22%3A%7B%22type%22%3A%22store%2Freadable%22%7D%7D\" data-component=\"ShareButton\">\n<div class=\"shareButtons svelte-itwbrr\">\n<div class=\"liveSessions metaFont svelte-1maxmbf\"><span class=\"value svelte-1maxmbf\">1<\/span> live <\/div>\n<\/div>\n<\/div>\n<\/div>\n<div class=\"tags svelte-1l3vwp1\"><span class=\"tags-label metaFont svelte-1l3vwp1\">Cite\u0219te mai multe despre<\/span><\/p>\n<div class=\"tags-list svelte-1l3vwp1\"><a href=\"https:\/\/adevarul.ro\/tag\/criz%C4%83%20economic%C4%83\" title=\"Ultimele \u0219tiri despre criz\u0103 economic\u0103\" class=\"tag-pill svelte-1l3vwp1\">criz\u0103 economic\u0103<\/a><a href=\"https:\/\/adevarul.ro\/tag\/zacusc%C4%83\" title=\"Ultimele \u0219tiri despre zacusc\u0103\" class=\"tag-pill svelte-1l3vwp1\">zacusc\u0103<\/a><\/div>\n<\/div>\n<\/div>\n<p><a class=\"moreFromCategory svelte-x63bga\" href=\"https:\/\/adevarul.ro\/stiri-locale\/botosani\" title=\"Boto\u015fani\">Mai multe din <strong class=\"svelte-x63bga\">Boto\u015fani<\/strong> \u203a<\/a><\/footer>\n<\/article>\n<p>[analyse_source url=&#8221;https:\/\/adevarul.ro\/stiri-locale\/botosani\/zacustile-lovite-de-criza-gospodinele-renunta-la-2553514.html&#8221;]<\/p>\n","protected":false},"excerpt":{"rendered":"<p>[analyse_image type=&#8221;featured&#8221; src=&#8221;https:\/\/cdn.adh.reperio.news\/image-9\/9471b501-86af-416d-98c0-0c9cf445bdce\/index.jpeg?p=f%3Djpeg%26w%3D1200%26h%3D630%26r%3Dcover&#8221;] Home \u0218tiri locale Boto\u015fani Zacu\u0219tile, lovite de criz\u0103: gospodinele renun\u021b\u0103 la tradi\u021bionala conserv\u0103 de iarn\u0103. \u201eNu sunt parale\u201d Criza \u0219i pre\u021burile tot mai mari la utilit\u0103\u021bi scot zacusca din meniul rom\u00e2nilor. Mai ales a celor care tr\u0103iesc \u00een zonele s\u0103race ale Rom\u00e2niei. O \u0219arj\u0103 mare de zacusc\u0103, s\u0103 ajung\u0103 pentru \u00eentreaga iarn\u0103 [&hellip;]<\/p>\n","protected":false},"author":1,"featured_media":0,"comment_status":"open","ping_status":"","sticky":false,"template":"","format":"standard","meta":{"footnotes":""},"categories":[89],"tags":[19,226],"class_list":["post-2127199","post","type-post","status-publish","format-standard","hentry","category-romania","tag-adevarul","tag-crawlmanager"],"_links":{"self":[{"href":"https:\/\/analyse.optim.biz\/index.php?rest_route=\/wp\/v2\/posts\/2127199","targetHints":{"allow":["GET"]}}],"collection":[{"href":"https:\/\/analyse.optim.biz\/index.php?rest_route=\/wp\/v2\/posts"}],"about":[{"href":"https:\/\/analyse.optim.biz\/index.php?rest_route=\/wp\/v2\/types\/post"}],"author":[{"embeddable":true,"href":"https:\/\/analyse.optim.biz\/index.php?rest_route=\/wp\/v2\/users\/1"}],"replies":[{"embeddable":true,"href":"https:\/\/analyse.optim.biz\/index.php?rest_route=%2Fwp%2Fv2%2Fcomments&post=2127199"}],"version-history":[{"count":0,"href":"https:\/\/analyse.optim.biz\/index.php?rest_route=\/wp\/v2\/posts\/2127199\/revisions"}],"wp:attachment":[{"href":"https:\/\/analyse.optim.biz\/index.php?rest_route=%2Fwp%2Fv2%2Fmedia&parent=2127199"}],"wp:term":[{"taxonomy":"category","embeddable":true,"href":"https:\/\/analyse.optim.biz\/index.php?rest_route=%2Fwp%2Fv2%2Fcategories&post=2127199"},{"taxonomy":"post_tag","embeddable":true,"href":"https:\/\/analyse.optim.biz\/index.php?rest_route=%2Fwp%2Fv2%2Ftags&post=2127199"}],"curies":[{"name":"wp","href":"https:\/\/api.w.org\/{rel}","templated":true}]}}