{"id":2127197,"date":"2026-09-02T18:58:04","date_gmt":"2026-09-02T15:58:04","guid":{"rendered":"https:\/\/analyse.optim.biz\/?p=2127197"},"modified":"2026-09-02T18:58:04","modified_gmt":"2026-09-02T15:58:04","slug":"primarul-unei-comune-din-hunedoara-a-murit-dupa-ce-tractorul-in-care-se-afla-s-a-rasturnat-peste-el","status":"publish","type":"post","link":"https:\/\/analyse.optim.biz\/?p=2127197","title":{"rendered":"Primarul unei comune din Hunedoara a murit dup\u0103 ce tractorul \u00een care se afla s-a r\u0103sturnat peste el"},"content":{"rendered":"<p>[analyse_image type=&#8221;featured&#8221; src=&#8221;https:\/\/cdn.adh.reperio.news\/image-f\/f6b2db1a-53d8-4744-8ee8-b813c3866504\/index.png?p=f%3Djpeg%26w%3D1200%26h%3D630%26r%3Dcover&#8221;]<\/p>\n<article class=\"svelte-x63bga\">\n<nav>\n<ul class=\"breadcrump svelte-1pk9a69\">\n<li class=\"svelte-1pk9a69\"><a href=\"https:\/\/adevarul.ro\/\" title=\"Adev\u0103rul\" class=\"svelte-1pk9a69\">Home<\/a><\/li>\n<li class=\"svelte-1pk9a69\"><a href=\"https:\/\/adevarul.ro\/stiri-locale\" class=\"svelte-1pk9a69\">\u0218tiri locale<\/a><\/li>\n<li class=\"svelte-1pk9a69\"><a href=\"https:\/\/adevarul.ro\/stiri-locale\/hunedoara\" class=\"svelte-1pk9a69\">Hunedoara<\/a><\/li>\n<li class=\"svelte-1pk9a69\"><a href=\"https:\/\/adevarul.ro\/stiri-locale\/hunedoara\/primarul-unei-comune-din-hunedoara-a-murit-dupa-ce-2553745.html\" class=\"svelte-1pk9a69\">Primarul unei comune din Hunedoara a murit dup\u0103 ce tractorul \u00een care se afla s-a r\u0103sturnat peste el<\/a><\/li>\n<\/ul>\n<\/nav>\n<p><main class=\"svelte-x63bga\"><\/p>\n<p>Primarul comunei B\u0103i\u021ba, jude\u021bul Hunedoara, Damian Dini\u0219, a murit miercuri, dup\u0103 ce tractorul pe care \u00eel conducea s-a r\u0103sturnat \u0219i l-a prins sub utilaj. Accidentul s-a produs pe un teren din afara drumurilor publice, \u00een localitatea pe care acesta o administra.<\/p>\n<div class=\"container-image  svelte-1xbw4f3\"><source type=\"image\/webp\" srcset=\"https:\/\/cdn.adh.reperio.news\/image-f\/f6b2db1a-53d8-4744-8ee8-b813c3866504\/index.png?p=a%3D1%26co%3D1.05%26w%3D1400%26h%3D750%26r%3Dcontain%26f%3Dwebp 1400w\" media=\"(min-width: 1400px)\" \/><\/p>\n<div class=\"caption svelte-1xbw4f3\"><span class=\"captionText svelte-1xbw4f3\">Primarul comunei B\u0103i\u021ba, jude\u021bul Hunedoara, Damian Dini\u0219, a murit. <span class=\"source svelte-1xbw4f3\">Foto: Facebook<\/span><\/span><\/div>\n<\/div>\n<p>Poli\u021bia a fost sesizat\u0103 \u00een jurul orei 16:40 cu privire la producerea accidentului. La fa\u021ba locului, echipajele de interven\u021bie au constatat c\u0103 b\u0103rbatul, \u00een v\u00e2rst\u0103 de 58 de ani, fusese prins sub tractor \u00een urma r\u0103sturn\u0103rii acestuia.<\/p>\n<p><i>\u201ePoli\u0163i\u015ftii din cadrul Poli\u0163iei Municipiului Deva au fost sesiza\u0163i, \u00een data de 2 septembrie a.c. \u00een jurul orei 16.40, cu privire la producerea unui eveniment \u00een comuna B\u0103i\u0163a, \u00een urma c\u0103ruia un b\u0103rbat, \u00een v\u00e2rst\u0103 de 58 de ani, \u015fi-ar fi pierdut via\u0163a. Din primele verific\u0103ri efectuate la fa\u0163a locului a reie\u015fit c\u0103, \u00een timp ce se afla pe un teren situat \u00een afara drumurilor publice, un tractor s-ar fi r\u0103sturnat, b\u0103rbatul fiind prins sub utilaj. Din nefericire, la fa\u0163a locului a fost constatat decesul persoanei \u00een cauz\u0103\u201d, <\/i>a transmis IPJ Hunedoara, potrivit News.ro.<\/p>\n<p>Anchetatorii continu\u0103 cercet\u0103rile pentru a stabili exact cum s-a produs accidentul \u0219i care au fost circumstan\u021bele care au dus la r\u0103sturnarea tractorului.<\/p>\n<p>Victima este Damian Dini\u0219, primarul comunei B\u0103i\u021ba, care se afla de mai mul\u021bi ani la conducerea administra\u021biei locale.<\/p>\n<p><\/main><\/p>\n<footer class=\"svelte-x63bga\">\n<div class=\"related-wrap related-footer svelte-78g0vl\"><span class=\"related-label svelte-78g0vl\">Cite\u0219te \u0219i<\/span><a class=\"related svelte-78g0vl\" data-gtrack=\"{&quot;event&quot;:&quot;utm_click&quot;,&quot;data&quot;:{&quot;event_category&quot;:&quot;article_related&quot;}}\" href=\"https:\/\/adevarul.ro\/stiri-locale\/slatina\/soferul-fugar-care-a-produs-accidentul-soldat-cu-2430165.html\" title=\"Alt articol de interes pentru tine\"><img decoding=\"async\" class=\"thumb svelte-78g0vl\" src=\"https:\/\/cdn.adh.reperio.news\/image-5\/5632fcbc-2892-488c-a2d1-15c1196dc535\/index.jpeg?p=f%3Dwebp%26w%3D120%26h%3D80%26r%3Dcover%26a%3D0\" alt loading=\"lazy\" width=\"80\" height=\"54\"><span class=\"title svelte-78g0vl\">\u0218oferul fugar care a produs accidentul soldat cu moartea primarului de la Gr\u0103dinari, adus din Italia<\/span><\/a><a class=\"related svelte-78g0vl\" data-gtrack=\"{&quot;event&quot;:&quot;utm_click&quot;,&quot;data&quot;:{&quot;event_category&quot;:&quot;article_related&quot;}}\" href=\"https:\/\/adevarul.ro\/stiri-locale\/slatina\/decizie-surprinzatoare-soferul-beat-si-drogat-2445784.html\" title=\"Alt articol de interes pentru tine\"><img decoding=\"async\" class=\"thumb svelte-78g0vl\" src=\"https:\/\/cdn.adh.reperio.news\/image-5\/5632fcbc-2892-488c-a2d1-15c1196dc535\/index.jpeg?p=f%3Dwebp%26w%3D120%26h%3D80%26r%3Dcover%26a%3D0\" alt loading=\"lazy\" width=\"80\" height=\"54\"><span class=\"title svelte-78g0vl\">Decizie surprinz\u0103toare. \u0218oferul beat \u0219i drogat care a omor\u00e2t un primar din Olt, ulterior p\u0103r\u0103sind \u021bara, scap\u0103 de arestul preventiv  <\/span><\/a><a class=\"related svelte-78g0vl\" data-gtrack=\"{&quot;event&quot;:&quot;utm_click&quot;,&quot;data&quot;:{&quot;event_category&quot;:&quot;article_related&quot;}}\" href=\"https:\/\/adevarul.ro\/stiri-locale\/braila\/fostul-primar-din-rosiori-braila-a-murit-intr-un-2503119.html\" title=\"Alt articol de interes pentru tine\"><img decoding=\"async\" class=\"thumb svelte-78g0vl\" src=\"https:\/\/cdn.adh.reperio.news\/image-2\/20133669-2b3d-4c0a-9ae6-6ee0bd0cab16\/index.jpeg?p=f%3Dwebp%26w%3D120%26h%3D80%26r%3Dcover%26a%3D0\" alt loading=\"lazy\" width=\"80\" height=\"54\"><span class=\"title svelte-78g0vl\">Fostul primar din Ro\u0219iori, Br\u0103ila, a murit \u00eentr-un incendiu izbucnit \u00een locuin\u0163a sa<\/span><\/a><\/div>\n<div class=\"meta svelte-x63bga\">\n<div class=\"authors svelte-x63bga\"><span class=\"names svelte-x63bga\"><a href=\"https:\/\/adevarul.ro\/author\/1899\" rel=\"author\" class=\"svelte-x63bga\">Maria \u0162aga<\/a><\/span><\/p>\n<div class=\"_hydratable\" data-props=\"%7B%22showLive%22%3Atrue%7D\" data-context=\"%7B%22parentBlockColumnCount%22%3A%7B%22value%22%3A0%2C%22type%22%3A%22store%2Freadable%22%7D%2C%22parentBlockBackgroundColor%22%3A%7B%22type%22%3A%22store%2Freadable%22%7D%7D\" data-component=\"ShareButton\">\n<div class=\"shareButtons svelte-itwbrr\">\n<div class=\"liveSessions metaFont svelte-1maxmbf\"><span class=\"value svelte-1maxmbf\">1<\/span> live <\/div>\n<\/div>\n<\/div>\n<\/div>\n<div class=\"tags svelte-1l3vwp1\"><span class=\"tags-label metaFont svelte-1l3vwp1\">Cite\u0219te mai multe despre<\/span><\/p>\n<div class=\"tags-list svelte-1l3vwp1\"><a href=\"https:\/\/adevarul.ro\/tag\/accident\" title=\"Ultimele \u0219tiri despre accident\" class=\"tag-pill svelte-1l3vwp1\">accident<\/a><a href=\"https:\/\/adevarul.ro\/tag\/tractor\" title=\"Ultimele \u0219tiri despre tractor\" class=\"tag-pill svelte-1l3vwp1\">tractor<\/a><\/div>\n<\/div>\n<\/div>\n<p><a class=\"moreFromCategory svelte-x63bga\" href=\"https:\/\/adevarul.ro\/stiri-locale\/hunedoara\" title=\"Hunedoara\">Mai multe din <strong class=\"svelte-x63bga\">Hunedoara<\/strong> \u203a<\/a><\/footer>\n<\/article>\n<p>[analyse_source url=&#8221;https:\/\/adevarul.ro\/stiri-locale\/hunedoara\/primarul-unei-comune-din-hunedoara-a-murit-dupa-ce-2553745.html&#8221;]<\/p>\n","protected":false},"excerpt":{"rendered":"<p>[analyse_image type=&#8221;featured&#8221; src=&#8221;https:\/\/cdn.adh.reperio.news\/image-f\/f6b2db1a-53d8-4744-8ee8-b813c3866504\/index.png?p=f%3Djpeg%26w%3D1200%26h%3D630%26r%3Dcover&#8221;] Home \u0218tiri locale Hunedoara Primarul unei comune din Hunedoara a murit dup\u0103 ce tractorul \u00een care se afla s-a r\u0103sturnat peste el Primarul comunei B\u0103i\u021ba, jude\u021bul Hunedoara, Damian Dini\u0219, a murit miercuri, dup\u0103 ce tractorul pe care \u00eel conducea s-a r\u0103sturnat \u0219i l-a prins sub utilaj. Accidentul s-a produs pe un teren [&hellip;]<\/p>\n","protected":false},"author":1,"featured_media":0,"comment_status":"open","ping_status":"","sticky":false,"template":"","format":"standard","meta":{"footnotes":""},"categories":[89],"tags":[19,226],"class_list":["post-2127197","post","type-post","status-publish","format-standard","hentry","category-romania","tag-adevarul","tag-crawlmanager"],"_links":{"self":[{"href":"https:\/\/analyse.optim.biz\/index.php?rest_route=\/wp\/v2\/posts\/2127197","targetHints":{"allow":["GET"]}}],"collection":[{"href":"https:\/\/analyse.optim.biz\/index.php?rest_route=\/wp\/v2\/posts"}],"about":[{"href":"https:\/\/analyse.optim.biz\/index.php?rest_route=\/wp\/v2\/types\/post"}],"author":[{"embeddable":true,"href":"https:\/\/analyse.optim.biz\/index.php?rest_route=\/wp\/v2\/users\/1"}],"replies":[{"embeddable":true,"href":"https:\/\/analyse.optim.biz\/index.php?rest_route=%2Fwp%2Fv2%2Fcomments&post=2127197"}],"version-history":[{"count":0,"href":"https:\/\/analyse.optim.biz\/index.php?rest_route=\/wp\/v2\/posts\/2127197\/revisions"}],"wp:attachment":[{"href":"https:\/\/analyse.optim.biz\/index.php?rest_route=%2Fwp%2Fv2%2Fmedia&parent=2127197"}],"wp:term":[{"taxonomy":"category","embeddable":true,"href":"https:\/\/analyse.optim.biz\/index.php?rest_route=%2Fwp%2Fv2%2Fcategories&post=2127197"},{"taxonomy":"post_tag","embeddable":true,"href":"https:\/\/analyse.optim.biz\/index.php?rest_route=%2Fwp%2Fv2%2Ftags&post=2127197"}],"curies":[{"name":"wp","href":"https:\/\/api.w.org\/{rel}","templated":true}]}}