{"id":2127196,"date":"2026-09-02T17:58:20","date_gmt":"2026-09-02T14:58:20","guid":{"rendered":"https:\/\/analyse.optim.biz\/?p=2127196"},"modified":"2026-09-02T17:58:20","modified_gmt":"2026-09-02T14:58:20","slug":"transport-public-gratuit-pentru-elevii-din-cluj-in-anul-scolar-care-incepe-peste-cateva-zile-cum-se","status":"publish","type":"post","link":"https:\/\/analyse.optim.biz\/?p=2127196","title":{"rendered":"Transport public gratuit pentru elevii din Cluj \u00een anul \u0219colar care \u00eencepe peste c\u00e2teva zile. Cum se&#8230;"},"content":{"rendered":"<p>[analyse_image type=&#8221;featured&#8221; src=&#8221;https:\/\/cdn.adh.reperio.news\/image-9\/997fdc61-6127-4ca3-9a27-625f8dcfd06f\/index.jpeg?p=f%3Djpeg%26w%3D1200%26h%3D630%26r%3Dcover&#8221;]<\/p>\n<article class=\"svelte-x63bga\">\n<nav>\n<ul class=\"breadcrump svelte-1pk9a69\">\n<li class=\"svelte-1pk9a69\"><a href=\"https:\/\/adevarul.ro\/\" title=\"Adev\u0103rul\" class=\"svelte-1pk9a69\">Home<\/a><\/li>\n<li class=\"svelte-1pk9a69\"><a href=\"https:\/\/adevarul.ro\/stiri-locale\" class=\"svelte-1pk9a69\">\u0218tiri locale<\/a><\/li>\n<li class=\"svelte-1pk9a69\"><a href=\"https:\/\/adevarul.ro\/stiri-locale\/cluj-napoca\" class=\"svelte-1pk9a69\">Cluj-Napoca<\/a><\/li>\n<li class=\"svelte-1pk9a69\"><a href=\"https:\/\/adevarul.ro\/stiri-locale\/cluj-napoca\/transport-public-gratuit-pentru-elevii-din-cluj-in-2553734.html\" class=\"svelte-1pk9a69\">Transport public gratuit pentru elevii din Cluj \u00een anul \u0219colar care \u00eencepe peste c\u00e2teva zile. Cum se \u00eencarc\u0103 un card de abonament<\/a><\/li>\n<\/ul>\n<\/nav>\n<p><main class=\"svelte-x63bga\"><\/p>\n<p>Elevii din<br \/>\nCluj-Napoca \u0219i cei din comunele metropolitane pot circula gratuit pe mijloacele<br \/>\nde transport \u00een comun. Abonamentele lor trebuie doar \u00eenc\u0103rcate, tot gratuit, pe<br \/>\ncardurile de transport.<\/p>\n<div class=\"container-image  svelte-1xbw4f3\"><source type=\"image\/webp\" srcset=\"https:\/\/cdn.adh.reperio.news\/image-9\/997fdc61-6127-4ca3-9a27-625f8dcfd06f\/index.jpeg?p=a%3D1%26co%3D1.05%26w%3D1400%26h%3D750%26r%3Dcontain%26f%3Dwebp 1400w\" media=\"(min-width: 1400px)\" \/><\/p>\n<div class=\"caption svelte-1xbw4f3\"><span class=\"captionText svelte-1xbw4f3\">Troleibuze din Cluj-Napoca <span class=\"source svelte-1xbw4f3\">Foto: Facebook CTP<\/span><\/span><\/div>\n<\/div>\n<p><i>\u201eElevii \u020bnscri\u0219i \u020bn<br \/>\nanul \u0219colar 2026-2027 \u020bn unit\u0103\u0163ile de \u020bnv\u0103\u0163\u0103m\u00e2nt preuniversitar (primar,<br \/>\ngimnazial, liceal \u015fi postliceal) acreditat\/autorizat\u00a0din\u00a0Municipiul Cluj-Napoca\u00a0\u0219i\u00a0comunele<br \/>\ndin Zona Metropolitan\u0103 (Flore\u0219ti, Baciu, Apahida, Gil\u0103u, Ciurila, Feleacu, Chinteni, Aiton, Petre\u0219tii de Jos, S\u0103v\u0103disla)<b>,<\/b> beneficiaz\u0103 de gratuitate<br \/>\nla transportul public local \u0219i metropolitan pe tot parcursul anului \u0219colar, \u00een<br \/>\ncondi\u021biile Legii nr.198\/2023 si HCL Cluj-Napoca nr.711\/2023\u201d<\/i>, anun\u021b\u0103 reprezentan\u021bii<br \/>\nCompaniei de Transport Public Cluj-Napoca (CTP).\u00a0<\/p>\n<p>Abonamentele<br \/>\ngratuite pentru elevi se pot \u020bnc\u0103rca<br \/>\nde miercuri, 2 septembrie, pe card la automateledin sta\u0163ii \u0219i la centrele de v\u00e2nzare ale CTP.<\/p>\n<h2>Cum se face \u00eenc\u0103rcarea abonamentului gratuit pentru elevi<\/h2>\n<p><i>\u201eElevii care au avut abonamente pe anul \u0219colar<br \/>\nanterior, pot prelungi acela\u0219i abonament la<br \/>\nAUTOMATELE din sta\u0163ii, \u020bnainte<br \/>\nde expirare, adic\u0103\u00a0p\u00e2n\u0103 la data de 30.09.2026<b>.<\/b>\u00a0Pe<br \/>\nsite-ul nostru <a href=\"http:\/\/www.ctpcj.ro\" rel=\"nofollow\">www.ctpcj.ro<\/a> g\u0103si\u021bi tutorialul<br \/>\ncu\u00a0<a href=\"https:\/\/ctpcj.ro\/index.php\/ro\/despre-noi\/stiri\/tutorial-prelungire-abonament-elevi\/1462\" rel=\"nofollow\">Instructiuni de prelungire la<br \/>\nautomat<\/a>.<\/i><\/p>\n<p><i>Elevii din clasa<br \/>\npreg\u0103titoare pot solicita \u0219i vor primi prin \u0219coal\u0103 cardurile de transport \u020bnc\u0103rcate cu abonament<br \/>\ngratuit, pe baza tabelelor transmise de \u0219coli c\u0103tre<br \/>\nCTP<\/i>.<\/p>\n<p><i>Elevii care au<br \/>\nnevoie de modificarea tipului de<br \/>\nabonament<b>, <\/b>care nu au avut card de transport\u00a0 sau l-au pierdut, precum \u0219i elevii care nu<br \/>\npot prelungi abonamentul la automate sunt a\u0219tepta\u0163i la centrele de v\u00e2nzare\u00a0CTP cu urm\u0103toarele documente:<\/i><\/p>\n<p>a) c<i>arnetul de elev,<br \/>\nvizat, completat corect cu: nume \u0219i prenume elev, CNP, adresa \u0219i nr. matricol<br \/>\nsau adeverin\u0163\u0103 de la \u0219coal\u0103.<b>\u00a0<\/b>\u00cen<br \/>\nluna septembrie se accepta \u0219i carnetul f\u0103r\u0103 viza pe noul an \u0219colar. Dupa<br \/>\nactualizarea informa\u021biilor \u00een Sistemul informatic Integrat al \u00cenv\u0103\u021b\u0103m\u00e2ntului<br \/>\ndin Rom\u00e2nia, statutul de elev poate fi verificat dup\u0103 CNP.<\/i><\/p>\n<p><i>b) cartea de identitate \/<br \/>\ncertificatul de na\u015ftere pentru elevii sub 14 ani \u0219i dovada domiciliului \u020bn copie\/ electronic (dovada domiciliului poate<br \/>\nfi adresa complet\u0103 din Carnetul de elev, Cartea de identitate a p\u0103rintelui<br \/>\n(copie)\u00a0 sau declara\u021bie pe proprie<br \/>\nr\u0103spundere)\u201d<\/i>,<br \/>\nexplic\u0103 reprezentan\u021bii CTP.<\/p>\n<p>Potrivit acestora,<br \/>\npentru emiterea primului card de transport este necesar\u0103 completarea unei cereri,<br \/>\ncare este disponibil\u0103 la centrele de v\u00e2nz\u0103ri sau se poate desc\u0103rca de pe<br \/>\nsite-ul companiei.<br \/>\nCererea va fi completat\u0103 de elevul major\/ p\u0103rinte\/ tutore. Fotografia tip\u0103rit\u0103<br \/>\npe card se poate prelua din Cartea de identitate, carnet sau se poate utiliza<br \/>\nalt\u0103 poz\u0103 a elevului, chiar \u0219i de pe telefon.<\/p>\n<p><i>\u201ePentru\u00a0\u00a0a evita aglomera\u0163ia la centrele de v\u00e2nzare\u00a0rug\u0103m<br \/>\nelevii s\u0103 \u020b\u0219i<br \/>\n\u020bncarce abonamentele pentru noul an \u0219colar de la<br \/>\nautomatele din sta\u0163ii, pe parcursul lunii septembrie\u201d,<\/i> mai precizeaz\u0103 conducerea CTP.\u00a0<\/p>\n<p><\/main><\/p>\n<footer class=\"svelte-x63bga\">\n<div class=\"related-wrap related-footer svelte-78g0vl\"><span class=\"related-label svelte-78g0vl\">Cite\u0219te \u0219i<\/span><a class=\"related svelte-78g0vl\" data-gtrack=\"{&quot;event&quot;:&quot;utm_click&quot;,&quot;data&quot;:{&quot;event_category&quot;:&quot;article_related&quot;}}\" href=\"https:\/\/adevarul.ro\/stiri-interne\/educatie\/vacante-scolare-2026-2027-cand-au-elevii-vacanta-2541609.html\" title=\"Alt articol de interes pentru tine\"><img decoding=\"async\" class=\"thumb svelte-78g0vl\" src=\"https:\/\/cdn.adh.reperio.news\/image-2\/24dd1353-5dfb-44c2-b786-c6bd5b14754e\/index.jpeg?p=f%3Dwebp%26w%3D120%26h%3D80%26r%3Dcover%26a%3D0\" alt loading=\"lazy\" width=\"80\" height=\"54\"><span class=\"title svelte-78g0vl\">Vacan\u021be \u0219colare 2026-2027. C\u00e2nd au elevii vacan\u021b\u0103 pe parcursul anului \u0219colar<\/span><\/a><a class=\"related svelte-78g0vl\" data-gtrack=\"{&quot;event&quot;:&quot;utm_click&quot;,&quot;data&quot;:{&quot;event_category&quot;:&quot;article_related&quot;}}\" href=\"https:\/\/adevarul.ro\/stiri-interne\/educatie\/schimbare-importanta-in-scoli-din-toamna-cate-ore-2548443.html\" title=\"Alt articol de interes pentru tine\"><img decoding=\"async\" class=\"thumb svelte-78g0vl\" src=\"https:\/\/cdn.adh.reperio.news\/image-6\/6ac4b091-5503-4b4f-8226-d56268f9286e\/index.webp?p=f%3Dwebp%26w%3D120%26h%3D80%26r%3Dcover%26a%3D0\" alt loading=\"lazy\" width=\"80\" height=\"54\"><span class=\"title svelte-78g0vl\">Schimbare important\u0103 \u00een \u0219coli din toamn\u0103. C\u00e2te ore de predare vor avea directorii \u0219i inspectorii <\/span><\/a><a class=\"related svelte-78g0vl\" data-gtrack=\"{&quot;event&quot;:&quot;utm_click&quot;,&quot;data&quot;:{&quot;event_category&quot;:&quot;article_related&quot;}}\" href=\"https:\/\/adevarul.ro\/stiri-interne\/educatie\/bursa-sociala-2026-2027-conditii-de-acordare-2551498.html\" title=\"Alt articol de interes pentru tine\"><img decoding=\"async\" class=\"thumb svelte-78g0vl\" src=\"https:\/\/cdn.adh.reperio.news\/image-4\/49deb59e-f413-4344-b061-3ef2006bfa4f\/index.jpeg?p=f%3Dwebp%26w%3D120%26h%3D80%26r%3Dcover%26a%3D0\" alt loading=\"lazy\" width=\"80\" height=\"54\"><span class=\"title svelte-78g0vl\">Bursa social\u0103 2026-2027. Condi\u021bii de acordare, valoare \u0219i \u00een ce luni se pl\u0103te\u0219te<\/span><\/a><\/div>\n<div class=\"meta svelte-x63bga\">\n<div class=\"authors svelte-x63bga\"><span class=\"names svelte-x63bga\"><a href=\"https:\/\/adevarul.ro\/author\/2078\" rel=\"author\" class=\"svelte-x63bga\">Anemona Marinescu<\/a><\/span><\/p>\n<div class=\"_hydratable\" data-props=\"%7B%22showLive%22%3Atrue%7D\" data-context=\"%7B%22parentBlockColumnCount%22%3A%7B%22value%22%3A0%2C%22type%22%3A%22store%2Freadable%22%7D%2C%22parentBlockBackgroundColor%22%3A%7B%22type%22%3A%22store%2Freadable%22%7D%7D\" data-component=\"ShareButton\">\n<div class=\"shareButtons svelte-itwbrr\">\n<div class=\"liveSessions metaFont svelte-1maxmbf\"><span class=\"value svelte-1maxmbf\">1<\/span> live <\/div>\n<\/div>\n<\/div>\n<\/div>\n<div class=\"tags svelte-1l3vwp1\"><span class=\"tags-label metaFont svelte-1l3vwp1\">Cite\u0219te mai multe despre<\/span><\/p>\n<div class=\"tags-list svelte-1l3vwp1\"><a href=\"https:\/\/adevarul.ro\/tag\/cluj%20napoca\" title=\"Ultimele \u0219tiri despre cluj napoca\" class=\"tag-pill svelte-1l3vwp1\">cluj napoca<\/a><a href=\"https:\/\/adevarul.ro\/tag\/mijloace%20de%20transport%20in%20comun\" title=\"Ultimele \u0219tiri despre mijloace de transport in comun\" class=\"tag-pill svelte-1l3vwp1\">mijloace de transport in comun<\/a><a href=\"https:\/\/adevarul.ro\/tag\/ctp%20cluj\" title=\"Ultimele \u0219tiri despre ctp cluj\" class=\"tag-pill svelte-1l3vwp1\">ctp cluj<\/a><a href=\"https:\/\/adevarul.ro\/tag\/transport%20elevi\" title=\"Ultimele \u0219tiri despre transport elevi\" class=\"tag-pill svelte-1l3vwp1\">transport elevi<\/a><a href=\"https:\/\/adevarul.ro\/tag\/compania%20de%20transport%20public%20cluj\" title=\"Ultimele \u0219tiri despre compania de transport public cluj\" class=\"tag-pill svelte-1l3vwp1\">compania de transport public cluj<\/a><a href=\"https:\/\/adevarul.ro\/tag\/transport%20public%20gratuit\" title=\"Ultimele \u0219tiri despre transport public gratuit\" class=\"tag-pill svelte-1l3vwp1\">transport public gratuit<\/a><\/div>\n<\/div>\n<\/div>\n<p><a class=\"moreFromCategory svelte-x63bga\" href=\"https:\/\/adevarul.ro\/stiri-locale\/cluj-napoca\" title=\"Cluj-Napoca\">Mai multe din <strong class=\"svelte-x63bga\">Cluj-Napoca<\/strong> \u203a<\/a><\/footer>\n<\/article>\n<p>[analyse_source url=&#8221;https:\/\/adevarul.ro\/stiri-locale\/cluj-napoca\/transport-public-gratuit-pentru-elevii-din-cluj-in-2553734.html&#8221;]<\/p>\n","protected":false},"excerpt":{"rendered":"<p>[analyse_image type=&#8221;featured&#8221; src=&#8221;https:\/\/cdn.adh.reperio.news\/image-9\/997fdc61-6127-4ca3-9a27-625f8dcfd06f\/index.jpeg?p=f%3Djpeg%26w%3D1200%26h%3D630%26r%3Dcover&#8221;] Home \u0218tiri locale Cluj-Napoca Transport public gratuit pentru elevii din Cluj \u00een anul \u0219colar care \u00eencepe peste c\u00e2teva zile. Cum se \u00eencarc\u0103 un card de abonament Elevii din Cluj-Napoca \u0219i cei din comunele metropolitane pot circula gratuit pe mijloacele de transport \u00een comun. Abonamentele lor trebuie doar \u00eenc\u0103rcate, tot gratuit, pe cardurile [&hellip;]<\/p>\n","protected":false},"author":1,"featured_media":0,"comment_status":"open","ping_status":"","sticky":false,"template":"","format":"standard","meta":{"footnotes":""},"categories":[89],"tags":[19,226],"class_list":["post-2127196","post","type-post","status-publish","format-standard","hentry","category-romania","tag-adevarul","tag-crawlmanager"],"_links":{"self":[{"href":"https:\/\/analyse.optim.biz\/index.php?rest_route=\/wp\/v2\/posts\/2127196","targetHints":{"allow":["GET"]}}],"collection":[{"href":"https:\/\/analyse.optim.biz\/index.php?rest_route=\/wp\/v2\/posts"}],"about":[{"href":"https:\/\/analyse.optim.biz\/index.php?rest_route=\/wp\/v2\/types\/post"}],"author":[{"embeddable":true,"href":"https:\/\/analyse.optim.biz\/index.php?rest_route=\/wp\/v2\/users\/1"}],"replies":[{"embeddable":true,"href":"https:\/\/analyse.optim.biz\/index.php?rest_route=%2Fwp%2Fv2%2Fcomments&post=2127196"}],"version-history":[{"count":0,"href":"https:\/\/analyse.optim.biz\/index.php?rest_route=\/wp\/v2\/posts\/2127196\/revisions"}],"wp:attachment":[{"href":"https:\/\/analyse.optim.biz\/index.php?rest_route=%2Fwp%2Fv2%2Fmedia&parent=2127196"}],"wp:term":[{"taxonomy":"category","embeddable":true,"href":"https:\/\/analyse.optim.biz\/index.php?rest_route=%2Fwp%2Fv2%2Fcategories&post=2127196"},{"taxonomy":"post_tag","embeddable":true,"href":"https:\/\/analyse.optim.biz\/index.php?rest_route=%2Fwp%2Fv2%2Ftags&post=2127196"}],"curies":[{"name":"wp","href":"https:\/\/api.w.org\/{rel}","templated":true}]}}