{"id":2127195,"date":"2026-09-02T17:22:40","date_gmt":"2026-09-02T14:22:40","guid":{"rendered":"https:\/\/analyse.optim.biz\/?p=2127195"},"modified":"2026-09-02T17:22:40","modified_gmt":"2026-09-02T14:22:40","slug":"un-sofer-spaniol-a-lovit-o-femeie-pe-trecerea-de-pietoni-si-a-fugit-a-fost-prins-a-doua-zi-in-navodari","status":"publish","type":"post","link":"https:\/\/analyse.optim.biz\/?p=2127195","title":{"rendered":"Un \u0219ofer spaniol a lovit o femeie pe trecerea de pietoni \u0219i a fugit. A fost prins a doua zi, \u00een N\u0103vodari"},"content":{"rendered":"<p>[analyse_image type=&#8221;featured&#8221; src=&#8221;https:\/\/cdn.adh.reperio.news\/image-d\/d9c352b0-e009-4cbe-8f57-31800807060a\/index.png?p=f%3Djpeg%26w%3D1200%26h%3D630%26r%3Dcover&#8221;]<\/p>\n<article class=\"svelte-x63bga\">\n<nav>\n<ul class=\"breadcrump svelte-1pk9a69\">\n<li class=\"svelte-1pk9a69\"><a href=\"https:\/\/adevarul.ro\/\" title=\"Adev\u0103rul\" class=\"svelte-1pk9a69\">Home<\/a><\/li>\n<li class=\"svelte-1pk9a69\"><a href=\"https:\/\/adevarul.ro\/stiri-locale\" class=\"svelte-1pk9a69\">\u0218tiri locale<\/a><\/li>\n<li class=\"svelte-1pk9a69\"><a href=\"https:\/\/adevarul.ro\/stiri-locale\/constanta\" class=\"svelte-1pk9a69\">Constan\u0163a<\/a><\/li>\n<li class=\"svelte-1pk9a69\"><a href=\"https:\/\/adevarul.ro\/stiri-locale\/constanta\/un-sofer-spaniol-a-lovit-o-femeie-pe-trecerea-de-2553727.html\" class=\"svelte-1pk9a69\">Un \u0219ofer spaniol a lovit o femeie pe trecerea de pietoni \u0219i a fugit. A fost prins a doua zi, \u00een N\u0103vodari <\/a><\/li>\n<\/ul>\n<\/nav>\n<p><main class=\"svelte-x63bga\"><\/p>\n<p>Un cet\u0103\u021bean spaniol \u00een v\u00e2rst\u0103 de 35 de ani este cercetat penal dup\u0103 ce ar fi accidentat o femeie de 69 de ani care traversa regulamentar strada, pe o trecere de pietoni din N\u0103vodari. Dup\u0103 impact, b\u0103rbatul ar fi p\u0103r\u0103sit locul accidentului \u00eenainte de sosirea poli\u021bi\u0219tilor.<\/p>\n<div class=\"container-image  svelte-1xbw4f3\"><source type=\"image\/webp\" srcset=\"https:\/\/cdn.adh.reperio.news\/image-d\/d9c352b0-e009-4cbe-8f57-31800807060a\/index.png?p=a%3D1%26co%3D1.05%26w%3D1400%26h%3D702%26r%3Dcontain%26f%3Dwebp 1400w\" media=\"(min-width: 1400px)\" \/><\/p>\n<div class=\"caption svelte-1xbw4f3\"><span class=\"captionText svelte-1xbw4f3\"><span class=\"source svelte-1xbw4f3\">Foto: Captur\u0103 Video Facebook<\/span><\/span><\/div>\n<\/div>\n<p>Accidentul s-a produs pe strada Albinelor din N\u0103vodari. Potrivit anchetatorilor, femeia traversa pe trecerea de pietoni \u00een momentul \u00een care a fost lovit\u0103 de autoturism, noteaz\u0103\u00a0<a href=\"https:\/\/stirileprotv.ro\/stiri\/actualitate\/sofer-spaniol-acuzat-ca-a-lovit-o-femeie-pe-trecerea-de-pietoni-in-navodari-si-a-fugit-de-la-locul-accidentului.html\" rel=\"nofollow\">\u0219tirileprotv.ro.\u00a0<\/a><\/p>\n<p>\u00cen urma impactului, victima a fost r\u0103nit\u0103 \u0219i transportat\u0103 la spital pentru \u00eengrijiri medicale.<\/p>\n<div class=\"raw-block\"><iframe loading=\"lazy\" src=\"https:\/\/www.facebook.com\/plugins\/video.php?height=314&amp;href=https%3A%2F%2Fwww.facebook.com%2Freel%2F1092055537071993%2F&amp;show_text=false&amp;width=390&amp;t=0\" width=\"560\" height=\"314\" frameborder allowfullscreen=\"true\" allow=\"autoplay; clipboard-write; encrypted-media; picture-in-picture; web-share\" class=\"facebook-iframe\"><\/iframe><\/div>\n<p>\u0218oferul nu a r\u0103mas la fa\u021ba locului \u0219i ar fi plecat \u00eenainte ca poli\u021bi\u0219tii s\u0103 ajung\u0103. Oamenii legii au reu\u0219it s\u0103-l identifice \u0219i s\u0103-l g\u0103seasc\u0103 \u00een ziua urm\u0103toare, tot \u00een N\u0103vodari.<\/p>\n<p>B\u0103rbatul le-ar fi spus anchetatorilor c\u0103 s-a speriat \u00een urma accidentului \u0219i acesta ar fi fost motivul pentru care a p\u0103r\u0103sit locul faptei.<\/p>\n<p>Ini\u021bial, \u0219oferul a fost re\u021binut pentru 24 de ore \u0219i \u00eencarcerat \u00een arest. Ulterior, instan\u021ba a dispus cercetarea sa sub control judiciar pentru o perioad\u0103 de 60 de zile.<\/p>\n<p>\u00cen acest caz, ancheta continu\u0103, b\u0103rbatul fiind cercetat pentru v\u0103t\u0103mare corporal\u0103 din culp\u0103 \u0219i p\u0103r\u0103sirea locului accidentului.<\/p>\n<p><\/main><\/p>\n<footer class=\"svelte-x63bga\">\n<div class=\"related-wrap related-footer svelte-78g0vl\"><span class=\"related-label svelte-78g0vl\">Cite\u0219te \u0219i<\/span><a class=\"related svelte-78g0vl\" data-gtrack=\"{&quot;event&quot;:&quot;utm_click&quot;,&quot;data&quot;:{&quot;event_category&quot;:&quot;article_related&quot;}}\" href=\"https:\/\/adevarul.ro\/stiri-interne\/societate\/un-american-a-fost-pradat-intr-un-bar-din-tecuci-2549447.html\" title=\"Alt articol de interes pentru tine\"><img decoding=\"async\" class=\"thumb svelte-78g0vl\" src=\"https:\/\/cdn.adh.reperio.news\/image-9\/9dffdfac-127e-42db-9e0a-a82dc15f5d5b\/index.jpeg?p=f%3Dwebp%26w%3D120%26h%3D80%26r%3Dcover%26a%3D0\" alt loading=\"lazy\" width=\"80\" height=\"54\"><span class=\"title svelte-78g0vl\">Un american a fost pr\u0103dat \u00eentr-un bar din Tecuci. O femeie a profitat de c\u00e2teva clipe de neaten\u021bie<\/span><\/a><a class=\"related svelte-78g0vl\" data-gtrack=\"{&quot;event&quot;:&quot;utm_click&quot;,&quot;data&quot;:{&quot;event_category&quot;:&quot;article_related&quot;}}\" href=\"https:\/\/adevarul.ro\/stiri-locale\/galati\/barbatul-care-si-a-lovit-intentionat-sotia-cu-2550739.html\" title=\"Alt articol de interes pentru tine\"><img decoding=\"async\" class=\"thumb svelte-78g0vl\" src=\"https:\/\/cdn.adh.reperio.news\/image-4\/4860057b-25ef-42cf-a4b6-1f2e69575ee6\/index.png?p=f%3Dwebp%26w%3D120%26h%3D80%26r%3Dcover%26a%3D0\" alt loading=\"lazy\" width=\"80\" height=\"54\"><span class=\"title svelte-78g0vl\">B\u0103rbatul care \u0219i-a lovit inten\u021bionat so\u021bia cu ma\u0219ina, arestat. Un alt \u0219ofer ar fi \u00eencercat s\u0103 o salveze <\/span><\/a><a class=\"related svelte-78g0vl\" data-gtrack=\"{&quot;event&quot;:&quot;utm_click&quot;,&quot;data&quot;:{&quot;event_category&quot;:&quot;article_related&quot;}}\" href=\"https:\/\/adevarul.ro\/stiri-locale\/targu-jiu\/viceprimar-cercetat-penal-dupa-ce-a-incercat-sa-2553504.html\" title=\"Alt articol de interes pentru tine\"><img decoding=\"async\" class=\"thumb svelte-78g0vl\" src=\"https:\/\/cdn.adh.reperio.news\/image-2\/2ad527a3-dc26-4ebd-aca7-f6b7482a20f9\/index.jpeg?p=f%3Dwebp%26w%3D120%26h%3D80%26r%3Dcover%26a%3D0\" alt loading=\"lazy\" width=\"80\" height=\"54\"><span class=\"title svelte-78g0vl\">Viceprimar cercetat penal dup\u0103 ce a \u00eencercat s\u0103 mu\u0219amalizeze un accident \u00een care a fost implicat: \u201eUn eveniment nefericit, care prive\u0219te via\u021ba mea privat\u0103\u201d<\/span><\/a><\/div>\n<div class=\"meta svelte-x63bga\">\n<div class=\"authors svelte-x63bga\"><span class=\"names svelte-x63bga\"><a href=\"https:\/\/adevarul.ro\/author\/1899\" rel=\"author\" class=\"svelte-x63bga\">Maria \u0162aga<\/a><\/span><\/p>\n<div class=\"_hydratable\" data-props=\"%7B%22showLive%22%3Atrue%7D\" data-context=\"%7B%22parentBlockColumnCount%22%3A%7B%22value%22%3A0%2C%22type%22%3A%22store%2Freadable%22%7D%2C%22parentBlockBackgroundColor%22%3A%7B%22type%22%3A%22store%2Freadable%22%7D%7D\" data-component=\"ShareButton\">\n<div class=\"shareButtons svelte-itwbrr\">\n<div class=\"liveSessions metaFont svelte-1maxmbf\"><span class=\"value svelte-1maxmbf\">1<\/span> live <\/div>\n<\/div>\n<\/div>\n<\/div>\n<div class=\"tags svelte-1l3vwp1\"><span class=\"tags-label metaFont svelte-1l3vwp1\">Cite\u0219te mai multe despre<\/span><\/p>\n<div class=\"tags-list svelte-1l3vwp1\"><a href=\"https:\/\/adevarul.ro\/tag\/accident%20rutier\" title=\"Ultimele \u0219tiri despre accident rutier\" class=\"tag-pill svelte-1l3vwp1\">accident rutier<\/a><a href=\"https:\/\/adevarul.ro\/tag\/navodari\" title=\"Ultimele \u0219tiri despre navodari\" class=\"tag-pill svelte-1l3vwp1\">navodari<\/a><a href=\"https:\/\/adevarul.ro\/tag\/accident%20pieton\" title=\"Ultimele \u0219tiri despre accident pieton\" class=\"tag-pill svelte-1l3vwp1\">accident pieton<\/a><\/div>\n<\/div>\n<\/div>\n<p><a class=\"moreFromCategory svelte-x63bga\" href=\"https:\/\/adevarul.ro\/stiri-locale\/constanta\" title=\"Constan\u0163a\">Mai multe din <strong class=\"svelte-x63bga\">Constan\u0163a<\/strong> \u203a<\/a><\/footer>\n<\/article>\n<p>[analyse_source url=&#8221;https:\/\/adevarul.ro\/stiri-locale\/constanta\/un-sofer-spaniol-a-lovit-o-femeie-pe-trecerea-de-2553727.html&#8221;]<\/p>\n","protected":false},"excerpt":{"rendered":"<p>[analyse_image type=&#8221;featured&#8221; src=&#8221;https:\/\/cdn.adh.reperio.news\/image-d\/d9c352b0-e009-4cbe-8f57-31800807060a\/index.png?p=f%3Djpeg%26w%3D1200%26h%3D630%26r%3Dcover&#8221;] Home \u0218tiri locale Constan\u0163a Un \u0219ofer spaniol a lovit o femeie pe trecerea de pietoni \u0219i a fugit. A fost prins a doua zi, \u00een N\u0103vodari Un cet\u0103\u021bean spaniol \u00een v\u00e2rst\u0103 de 35 de ani este cercetat penal dup\u0103 ce ar fi accidentat o femeie de 69 de ani care traversa regulamentar [&hellip;]<\/p>\n","protected":false},"author":1,"featured_media":0,"comment_status":"open","ping_status":"","sticky":false,"template":"","format":"standard","meta":{"footnotes":""},"categories":[89],"tags":[19,226],"class_list":["post-2127195","post","type-post","status-publish","format-standard","hentry","category-romania","tag-adevarul","tag-crawlmanager"],"_links":{"self":[{"href":"https:\/\/analyse.optim.biz\/index.php?rest_route=\/wp\/v2\/posts\/2127195","targetHints":{"allow":["GET"]}}],"collection":[{"href":"https:\/\/analyse.optim.biz\/index.php?rest_route=\/wp\/v2\/posts"}],"about":[{"href":"https:\/\/analyse.optim.biz\/index.php?rest_route=\/wp\/v2\/types\/post"}],"author":[{"embeddable":true,"href":"https:\/\/analyse.optim.biz\/index.php?rest_route=\/wp\/v2\/users\/1"}],"replies":[{"embeddable":true,"href":"https:\/\/analyse.optim.biz\/index.php?rest_route=%2Fwp%2Fv2%2Fcomments&post=2127195"}],"version-history":[{"count":0,"href":"https:\/\/analyse.optim.biz\/index.php?rest_route=\/wp\/v2\/posts\/2127195\/revisions"}],"wp:attachment":[{"href":"https:\/\/analyse.optim.biz\/index.php?rest_route=%2Fwp%2Fv2%2Fmedia&parent=2127195"}],"wp:term":[{"taxonomy":"category","embeddable":true,"href":"https:\/\/analyse.optim.biz\/index.php?rest_route=%2Fwp%2Fv2%2Fcategories&post=2127195"},{"taxonomy":"post_tag","embeddable":true,"href":"https:\/\/analyse.optim.biz\/index.php?rest_route=%2Fwp%2Fv2%2Ftags&post=2127195"}],"curies":[{"name":"wp","href":"https:\/\/api.w.org\/{rel}","templated":true}]}}