{"id":2127194,"date":"2026-09-02T15:18:16","date_gmt":"2026-09-02T12:18:16","guid":{"rendered":"https:\/\/analyse.optim.biz\/?p=2127194"},"modified":"2026-09-02T15:18:16","modified_gmt":"2026-09-02T12:18:16","slug":"doua-femei-din-bihor-arestate-preventiv-dupa-ce-ar-fi-furat-35-000-de-lei-din-casa-unui-batran-din-cluj","status":"publish","type":"post","link":"https:\/\/analyse.optim.biz\/?p=2127194","title":{"rendered":"Dou\u0103 femei din Bihor, arestate preventiv dup\u0103 ce ar fi furat 35.000 de lei din casa unui b\u0103tr\u00e2n din Cluj"},"content":{"rendered":"<p>[analyse_image type=&#8221;featured&#8221; src=&#8221;https:\/\/cdn.adh.reperio.news\/image-3\/31935225-69e8-4003-8623-39fa500218d4\/index.jpeg?p=f%3Djpeg%26w%3D1200%26h%3D630%26r%3Dcover&#8221;]<\/p>\n<article class=\"svelte-x63bga\">\n<nav>\n<ul class=\"breadcrump svelte-1pk9a69\">\n<li class=\"svelte-1pk9a69\"><a href=\"https:\/\/adevarul.ro\/\" title=\"Adev\u0103rul\" class=\"svelte-1pk9a69\">Home<\/a><\/li>\n<li class=\"svelte-1pk9a69\"><a href=\"https:\/\/adevarul.ro\/stiri-locale\" class=\"svelte-1pk9a69\">\u0218tiri locale<\/a><\/li>\n<li class=\"svelte-1pk9a69\"><a href=\"https:\/\/adevarul.ro\/stiri-locale\/cluj-napoca\" class=\"svelte-1pk9a69\">Cluj-Napoca<\/a><\/li>\n<li class=\"svelte-1pk9a69\"><a href=\"https:\/\/adevarul.ro\/stiri-locale\/cluj-napoca\/doua-femei-din-bihor-arestate-preventiv-dupa-ce-2553693.html\" class=\"svelte-1pk9a69\">Dou\u0103 femei din Bihor, arestate preventiv dup\u0103 ce ar fi furat 35.000 de lei din casa unui b\u0103tr\u00e2n din Cluj<\/a><\/li>\n<\/ul>\n<\/nav>\n<p><main class=\"svelte-x63bga\"><\/p>\n<p>Dou\u0103 femei din Bihor au fost arestate miercuri, 2 septembrie, dup\u0103 ce ar fi sustras 35.000 de lei din locuin\u021ba unui b\u0103rbat de 77 de ani din comuna Ciucea, jude\u021bul Cluj. \u00a0<\/p>\n<div class=\"container-image  svelte-1xbw4f3\"><source type=\"image\/webp\" srcset=\"https:\/\/cdn.adh.reperio.news\/image-3\/31935225-69e8-4003-8623-39fa500218d4\/index.jpeg?p=a%3D1%26co%3D1.05%26w%3D1400%26h%3D750%26r%3Dcontain%26f%3Dwebp 1400w\" media=\"(min-width: 1400px)\" \/><\/p>\n<div class=\"caption svelte-1xbw4f3\"><span class=\"captionText svelte-1xbw4f3\"><span class=\"source svelte-1xbw4f3\">Foto: Poli\u021bia Rom\u00e2n\u0103<\/span><\/span><\/div>\n<\/div>\n<p>Potrivit\u00a0<a href=\"https:\/\/cluj24.ro\/video-35-000-de-lei-furati-din-casa-unui-batran-de-77-de-ani-din-ciucea-doua-femei-din-bihor-arestate-preventiv-303301.html?uord=IN0nlOjfhFvpHm5GkWpkPRLy-B5tRSS%3DIdx8UuGmlRWzgymBIniOkG2NQCTPV5axQhP7RfZTOfm%3DtAHVoCrWQV%3DOlck5REQCPB5tP1eZTNxzI3qBjRGzhVexJnGTlp44Q6PyNRnh\" rel=\"nofollow\">Cluj24<\/a>, incidentul a avut loc \u00een seara zilei de 27 august, \u00een jurul orei 19:45. B\u0103rbatul le-a spus poli\u021bi\u0219tilor c\u0103\u00a0a surprins o femeie, pe care nu o cuno\u0219tea, \u00een timp ce ie\u0219ea din curtea locuin\u021bei sale.<\/p>\n<p>\u00cen urma verific\u0103rilor, anchetatorii au stabilit c\u0103 femeia de 42 de ani ar fi p\u0103truns \u00een locuin\u021ba victimei \u0219i\u00a0<a href=\"https:\/\/adevarul.ro\/stiri-locale\/bucuresti\/un-barbat-suspectat-ca-a-furat-din-casa-unui-2553108.html\">ar fi sustras sum<\/a><a href=\"https:\/\/adevarul.ro\/stiri-locale\/bucuresti\/un-barbat-suspectat-ca-a-furat-din-casa-unui-2553108.html\">a<\/a>\u00a0de 35.000 de lei. Cealalt\u0103 femeie, \u00een v\u00e2rst\u0103 de 38 de ani, ar fi avut rolul de a supraveghea zona \u0219i imobilul, sprijinind astfel activitatea infrac\u021bional\u0103.<\/p>\n<p>Potrivit anchetatorilor, \u00een momentul \u00een care proprietarul ar fi \u00eencercat s\u0103 o \u00eempiedice pe femeia de 42 de ani s\u0103 plece din imobil, aceasta ar fi exercitat acte de violen\u021b\u0103 asupra lui.<\/p>\n<p>Poli\u021bi\u0219tii din Huedin \u0219i Bihor le-au identificat pe cele dou\u0103 suspecte \u0219i au recuperat 5.000 de lei din prejudiciul de 35.000 de lei. Pe 31 august, femeile au fost re\u021binute pentru 24 de ore, iar pe 1 septembrie, procurorul a schimbat \u00eencadrarea faptelor din t\u00e2lh\u0103rie calificat\u0103 \u00een furt calificat \u0219i complicitate la furt calificat.<\/p>\n<p>Poli\u021bi\u0219tii au formulat propunere de arestare preventiv\u0103 \u00een cazul celor dou\u0103 femei, iar judec\u0103torul de drepturi \u0219i libert\u0103\u021bi din cadrul Judec\u0103toriei Huedin a admis solicitarea.<\/p>\n<p>Astfel, cele dou\u0103 au fost arestate preventiv pentru o perioad\u0103 de 30 de zile, una pentru s\u0103v\u00e2r\u0219irea infrac\u021biunii de furt calificat, iar cealalt\u0103 pentru complicitate la furt calificat.<\/p>\n<p><\/main><\/p>\n<footer class=\"svelte-x63bga\">\n<div class=\"related-wrap related-footer svelte-78g0vl\"><span class=\"related-label svelte-78g0vl\">Cite\u0219te \u0219i<\/span><a class=\"related svelte-78g0vl\" data-gtrack=\"{&quot;event&quot;:&quot;utm_click&quot;,&quot;data&quot;:{&quot;event_category&quot;:&quot;article_related&quot;}}\" href=\"https:\/\/adevarul.ro\/stiri-locale\/cluj-napoca\/imagini-controversate-de-la-o-interventie-a-2550144.html\" title=\"Alt articol de interes pentru tine\"><img decoding=\"async\" class=\"thumb svelte-78g0vl\" src=\"https:\/\/cdn.adh.reperio.news\/image-0\/0d78b04b-b74f-458e-9c3d-487eae4416d5\/index.gif?p=f%3Dwebp%26w%3D120%26h%3D80%26r%3Dcover%26a%3D0\" alt loading=\"lazy\" width=\"80\" height=\"54\"><span class=\"title svelte-78g0vl\">Imagini controversate de la o interven\u021bie a Poli\u021biei Locale din Cluj-Napoca. Un om al str\u0103zii, t\u00e2r\u00e2t pe asfalt \u0219i \u00eempins cu piciorul<\/span><\/a><a class=\"related svelte-78g0vl\" data-gtrack=\"{&quot;event&quot;:&quot;utm_click&quot;,&quot;data&quot;:{&quot;event_category&quot;:&quot;article_related&quot;}}\" href=\"https:\/\/adevarul.ro\/stiri-locale\/cluj-napoca\/doi-barbati-au-urmarit-o-masina-in-trafic-in-cluj-2551471.html\" title=\"Alt articol de interes pentru tine\"><img decoding=\"async\" class=\"thumb svelte-78g0vl\" src=\"https:\/\/cdn.adh.reperio.news\/image-f\/f90ad10b-3abb-40b1-89bf-4067aaa32033\/index.jpeg?p=f%3Dwebp%26w%3D120%26h%3D80%26r%3Dcover%26a%3D0\" alt loading=\"lazy\" width=\"80\" height=\"54\"><span class=\"title svelte-78g0vl\">Doi b\u0103rba\u021bi au urm\u0103rit o ma\u0219in\u0103 \u00een trafic \u00een Cluj Napoca \u0219i l-au b\u0103tut pe \u0219ofer. Ulterior i-au furat \u0219i ma\u0219ina<\/span><\/a><a class=\"related svelte-78g0vl\" data-gtrack=\"{&quot;event&quot;:&quot;utm_click&quot;,&quot;data&quot;:{&quot;event_category&quot;:&quot;article_related&quot;}}\" href=\"https:\/\/adevarul.ro\/stiri-locale\/bucuresti\/un-barbat-suspectat-ca-a-furat-din-casa-unui-2553108.html\" title=\"Alt articol de interes pentru tine\"><img decoding=\"async\" class=\"thumb svelte-78g0vl\" src=\"https:\/\/cdn.adh.reperio.news\/image-0\/08aa01b2-43c0-49c1-8c5a-1bad9e9a4648\/index.jpeg?p=f%3Dwebp%26w%3D120%26h%3D80%26r%3Dcover%26a%3D0\" alt loading=\"lazy\" width=\"80\" height=\"54\"><span class=\"title svelte-78g0vl\">Un b\u0103rbat suspectat c\u0103 a furat din casa unui pensionar 5.500 de euro, recunoscut pe o strad\u0103 din Capital\u0103 \u0219i imobilizat de doi poli\u021bi\u0219ti \u00een timpul liber<\/span><\/a><\/div>\n<div class=\"meta svelte-x63bga\">\n<div class=\"authors svelte-x63bga\"><span class=\"names svelte-x63bga\"><a href=\"https:\/\/adevarul.ro\/author\/2070\" rel=\"author\" class=\"svelte-x63bga\">Narcis Ghiurca<\/a><\/span><\/p>\n<div class=\"_hydratable\" data-props=\"%7B%22showLive%22%3Atrue%7D\" data-context=\"%7B%22parentBlockColumnCount%22%3A%7B%22value%22%3A0%2C%22type%22%3A%22store%2Freadable%22%7D%2C%22parentBlockBackgroundColor%22%3A%7B%22type%22%3A%22store%2Freadable%22%7D%7D\" data-component=\"ShareButton\">\n<div class=\"shareButtons svelte-itwbrr\">\n<div class=\"liveSessions metaFont svelte-1maxmbf\"><span class=\"value svelte-1maxmbf\">1<\/span> live <\/div>\n<\/div>\n<\/div>\n<\/div>\n<div class=\"tags svelte-1l3vwp1\"><span class=\"tags-label metaFont svelte-1l3vwp1\">Cite\u0219te mai multe despre<\/span><\/p>\n<div class=\"tags-list svelte-1l3vwp1\"><a href=\"https:\/\/adevarul.ro\/tag\/furt\" title=\"Ultimele \u0219tiri despre furt\" class=\"tag-pill svelte-1l3vwp1\">furt<\/a><a href=\"https:\/\/adevarul.ro\/tag\/talharie\" title=\"Ultimele \u0219tiri despre talharie\" class=\"tag-pill svelte-1l3vwp1\">talharie<\/a><a href=\"https:\/\/adevarul.ro\/tag\/batran\" title=\"Ultimele \u0219tiri despre batran\" class=\"tag-pill svelte-1l3vwp1\">batran<\/a><\/div>\n<\/div>\n<\/div>\n<p><a class=\"moreFromCategory svelte-x63bga\" href=\"https:\/\/adevarul.ro\/stiri-locale\/cluj-napoca\" title=\"Cluj-Napoca\">Mai multe din <strong class=\"svelte-x63bga\">Cluj-Napoca<\/strong> \u203a<\/a><\/footer>\n<\/article>\n<p>[analyse_source url=&#8221;https:\/\/adevarul.ro\/stiri-locale\/cluj-napoca\/doua-femei-din-bihor-arestate-preventiv-dupa-ce-2553693.html&#8221;]<\/p>\n","protected":false},"excerpt":{"rendered":"<p>[analyse_image type=&#8221;featured&#8221; src=&#8221;https:\/\/cdn.adh.reperio.news\/image-3\/31935225-69e8-4003-8623-39fa500218d4\/index.jpeg?p=f%3Djpeg%26w%3D1200%26h%3D630%26r%3Dcover&#8221;] Home \u0218tiri locale Cluj-Napoca Dou\u0103 femei din Bihor, arestate preventiv dup\u0103 ce ar fi furat 35.000 de lei din casa unui b\u0103tr\u00e2n din Cluj Dou\u0103 femei din Bihor au fost arestate miercuri, 2 septembrie, dup\u0103 ce ar fi sustras 35.000 de lei din locuin\u021ba unui b\u0103rbat de 77 de ani din comuna [&hellip;]<\/p>\n","protected":false},"author":1,"featured_media":0,"comment_status":"open","ping_status":"","sticky":false,"template":"","format":"standard","meta":{"footnotes":""},"categories":[89],"tags":[19,226],"class_list":["post-2127194","post","type-post","status-publish","format-standard","hentry","category-romania","tag-adevarul","tag-crawlmanager"],"_links":{"self":[{"href":"https:\/\/analyse.optim.biz\/index.php?rest_route=\/wp\/v2\/posts\/2127194","targetHints":{"allow":["GET"]}}],"collection":[{"href":"https:\/\/analyse.optim.biz\/index.php?rest_route=\/wp\/v2\/posts"}],"about":[{"href":"https:\/\/analyse.optim.biz\/index.php?rest_route=\/wp\/v2\/types\/post"}],"author":[{"embeddable":true,"href":"https:\/\/analyse.optim.biz\/index.php?rest_route=\/wp\/v2\/users\/1"}],"replies":[{"embeddable":true,"href":"https:\/\/analyse.optim.biz\/index.php?rest_route=%2Fwp%2Fv2%2Fcomments&post=2127194"}],"version-history":[{"count":0,"href":"https:\/\/analyse.optim.biz\/index.php?rest_route=\/wp\/v2\/posts\/2127194\/revisions"}],"wp:attachment":[{"href":"https:\/\/analyse.optim.biz\/index.php?rest_route=%2Fwp%2Fv2%2Fmedia&parent=2127194"}],"wp:term":[{"taxonomy":"category","embeddable":true,"href":"https:\/\/analyse.optim.biz\/index.php?rest_route=%2Fwp%2Fv2%2Fcategories&post=2127194"},{"taxonomy":"post_tag","embeddable":true,"href":"https:\/\/analyse.optim.biz\/index.php?rest_route=%2Fwp%2Fv2%2Ftags&post=2127194"}],"curies":[{"name":"wp","href":"https:\/\/api.w.org\/{rel}","templated":true}]}}