{"id":2127190,"date":"2026-09-03T20:13:49","date_gmt":"2026-09-03T17:13:49","guid":{"rendered":"https:\/\/analyse.optim.biz\/?p=2127190"},"modified":"2026-09-03T20:13:49","modified_gmt":"2026-09-03T17:13:49","slug":"oana-toiu-s-a-intalnit-cu-seful-diplomatiei-britanice-la-londra-diaspora-romana-si-cooperarea-bilaterala","status":"publish","type":"post","link":"https:\/\/analyse.optim.biz\/?p=2127190","title":{"rendered":"Oana \u021aoiu s-a \u00eent\u00e2lnit cu \u0219eful diploma\u021biei britanice la Londra. Diaspora rom\u00e2n\u0103 \u0219i cooperarea bilateral\u0103&#8230;"},"content":{"rendered":"<p>[analyse_image type=&#8221;featured&#8221; src=&#8221;https:\/\/s.iw.ro\/gateway\/g\/ZmlsZVNvdXJjZT1odHRwJTNBJTJGJTJG\/c3RvcmFnZTA4dHJhbnNjb2Rlci5yY3Mt\/cmRzLnJvJTJGc3RvcmFnZSUyRjIwMjYl\/MkYwOSUyRjAzJTJGMjk0NjI4M18yOTQ2\/MjgzX09hbmEtVG9pdS1FZC1NaWxpYmFu\/ZC5qcGcmdz0xMjAwJmg9NjMwJnpjPTEm\/aGFzaD1mNTQ5YTA3ZDQzYzA5NjExODc3NDZjNmIzODMyMzBiZQ==.thumb.jpg&#8221;]<\/p>\n<div class=\"entry data-app-meta data-app-meta-article\" data-embed-base-url-canonical=\"https:\/\/www.digi24.ro\/embed\/stiri\/actualitate\/oana-toiu-s-a-intalnit-cu-seful-diplomatiei-britanice-la-londra-diaspora-romana-si-cooperarea-bilaterala-printre-subiectele-discutate-3934309\">\n<p data-index=\"1\"><strong>\u0218efa diploma\u021biei rom\u00e2ne Oana \u0162oiu, a avut, joi, la Londra, o \u00eentrevedere bilateral\u0103 cu ministrul britanic al Afacerilor Externe, Ed Miliband, context \u00een care au discutat inclusiv despre diaspora rom\u00e2n\u0103 din Regatul Unit, dar \u015fi despre cooperarea bilateral\u0103 \u00een domeniul ap\u0103r\u0103rii, transmite MAE.<\/strong><\/p>\n<p data-index=\"2\"><span>Potrivit sursei citate, agenda \u00eent\u00e2lnirii a avut patru priorit\u0103\u0163i: diaspora rom\u00e2n\u0103 din Regatul Unit al Marii Britanii \u015fi al Irlandei de Nord, cooperarea economic\u0103, securitatea \u015fi colabor\u0103rile \u00een domeniul educa\u0163ional \u015fi cultural.<\/span><\/p>\n<p data-index=\"3\"><span>Oana \u0162oiu a mul\u0163umit Regatului Unit al Marii Britanii \u015fi al Irlandei de Nord pentru solidaritatea manifestat\u0103 fa\u0163\u0103 de Rom\u00e2nia, pentru misiunea de poli\u0163ie aerian\u0103 \u00eent\u0103rit\u0103 desf\u0103\u015furat\u0103 de For\u0163ele Aeriene Regale pe teritoriul rom\u00e2nesc \u00een perioada martie-iulie. Cei doi oficiali au discutat despre securitatea comer\u0163ului la Marea Negr\u0103 \u015fi de rolul Portului Constan\u0163a, implicit de expertiza britanic\u0103 \u00een acest domeniu \u015fi \u00een protec\u0163ia infrastructurii critice maritime.<\/span><\/p>\n<p data-index=\"4\"><span>Ea a punctat \u015fi valorificarea contribu\u0163iei remarcabile la consolidarea rela\u0163iei bilaterale a celor peste un milion de cet\u0103\u0163eni rom\u00e2ni din Regatul Unit, iar agenda a cuprins discu\u0163ii despre \u015fcolile britanice care g\u0103zduiesc cursul de Limb\u0103, cultur\u0103 \u015fi civiliza\u0163ie rom\u00e2neasc\u0103 \u015fi activitatea lectoratelor de limba rom\u00e2n\u0103 de la Universit\u0103\u0163ile Oxford \u015fi Cambridge, precum \u015fi activitatea British Council \u00een Rom\u00e2nia, al\u0103turarea Regatului Unit al Marii Britanii \u015fi al Irlandei de Nord la programul Erasmus+ \u015fi discu\u0163iile pentru schemele de mobilitate a tinerilor \u015fi a profesorilor, precum \u015fi o mai facil\u0103 recunoa\u015ftere reciproc\u0103 a diplomelor \u015fi a calific\u0103rilor.<\/span><\/p>\n<p data-index=\"5\"><span>Cei doi oficiali au evaluat stadiul actual, cu peste 10 miliarde de euro \u00een schimburi comerciale, \u015fi domeniile cheie de cre\u015ftere. Regatul Unit ocup\u0103 locul 11 \u00een topul investitorilor str\u0103ini direc\u0163i \u00een Rom\u00e2nia, cu peste 7.000 de societ\u0103\u0163i comerciale cu capital britanic \u00eenregistrate \u00een \u0163ara noastr\u0103 \u015fi locuri de munc\u0103 sus\u0163inute \u00eempreun\u0103 \u015fi prin accesul la Pia\u0163a Unic\u0103, iar antreprenorii rom\u00e2ni au un interes \u00een cre\u015ftere pentru spa\u0163iul britanic.<\/span><\/p>\n<p data-index=\"6\"><span>Oana \u0162oiu a eviden\u0163iat sectoarele cu poten\u0163ial de cre\u015ftere cum ar fi tehnologiile avansate, serviciile financiare \u015fi sectorul agroalimentar, \u00een cazul acestuia din urm\u0103 exporturile rom\u00e2ne\u015fti pe pia\u0163a britanic\u0103 \u00eenregistr\u00e2nd o cre\u015ftere semnificativ\u0103 anul trecut.<\/span><\/p>\n<p data-index=\"7\"><span>Cei doi mini\u015ftri au discutat despre aderarea Rom\u00e2niei la OCDE, un proces \u00een care Rom\u00e2nia a finalizat \u00een ultimul an toate criteriile tehnice pentru aderare, \u015fi se bazeaz\u0103 pe parteneriatul cu UK \u015fi \u00een acest proces, \u00een special dat fiind impactul pozitiv asupra investi\u0163iilor comune. De asemenea, au discutat, \u00een perspectiva viitorului Summit Uniunea European\u0103-Regatul Unit, pentru aprofundarea cooper\u0103rii \u00een domeniile politicii externe \u015fi securit\u0103\u0163ii \u015fi ap\u0103r\u0103rii.<\/span><\/p>\n<p data-index=\"8\"><span>Istoria colabor\u0103rii diplomatice dintre Rom\u00e2nia \u015fi Regatul Unit al Marii Britanii \u015fi al Irlandei de Nord este \u015fi parte din Festivalul de Arhitectur\u0103 din Londra. \u00cen perioada 18 &#8211; 20 septembrie, \u00een cadrul acestui eveniment, Rom\u00e2nia deschide vizitatorilor sediul \u00een care a fost Ambasada Rom\u00e2niei \u00een Londra, actualul sediu al Institutului Cultural Rom\u00e2n (ICR), arat\u0103 MAE.<\/span><\/p>\n<p data-index=\"9\"><strong>Cite\u0219te \u0219i:\u00a0<\/strong><\/p>\n<p data-index=\"10\"><a href=\"https:\/\/www.digi24.ro\/stiri\/actualitate\/social\/romanii-care-au-lucrat-in-sua-pot-cumula-perioadele-pentru-pensie-acordul-elimina-si-plata-dubla-a-contributiilor-sociale-3933791\" target=\"_blank\" rel=\"noopener\" data-skip-linkfix=\"1\"><strong>Rom\u00e2nii care au lucrat \u00een SUA pot cumula perioadele pentru pensie. Oana \u021aoiu: Acordul elimin\u0103 \u0219i plata dubl\u0103 a contribu\u021biilor sociale<\/strong><\/a><\/p>\n<p data-index=\"11\"><a href=\"https:\/\/www.digi24.ro\/stiri\/externe\/ue\/oana-toiu-avertizeaza-ue-asupra-intrarilor-repetate-ale-dronelor-rusesti-in-romania-si-cere-intarirea-flancului-estic-3933493\" target=\"_blank\" rel=\"noopener\" data-skip-linkfix=\"1\"><strong>Oana \u021aoiu avertizeaz\u0103 UE asupra intr\u0103rilor repetate ale dronelor ruse\u0219ti \u00een Rom\u00e2nia \u0219i cere \u00eent\u0103rirea Flancului Estic<\/strong><\/a><\/p>\n<p> Editor : <a href=\"https:\/\/www.digi24.ro\/autor\/ana-gherghita\"> A.M.G. <\/a><\/p>\n<\/div>\n<p>[analyse_source url=&#8221;https:\/\/www.digi24.ro\/stiri\/actualitate\/oana-toiu-s-a-intalnit-cu-seful-diplomatiei-britanice-la-londra-diaspora-romana-si-cooperarea-bilaterala-printre-subiectele-discutate-3934309&#8243;]<\/p>\n","protected":false},"excerpt":{"rendered":"<p>[analyse_image type=&#8221;featured&#8221; src=&#8221;https:\/\/s.iw.ro\/gateway\/g\/ZmlsZVNvdXJjZT1odHRwJTNBJTJGJTJG\/c3RvcmFnZTA4dHJhbnNjb2Rlci5yY3Mt\/cmRzLnJvJTJGc3RvcmFnZSUyRjIwMjYl\/MkYwOSUyRjAzJTJGMjk0NjI4M18yOTQ2\/MjgzX09hbmEtVG9pdS1FZC1NaWxpYmFu\/ZC5qcGcmdz0xMjAwJmg9NjMwJnpjPTEm\/aGFzaD1mNTQ5YTA3ZDQzYzA5NjExODc3NDZjNmIzODMyMzBiZQ==.thumb.jpg&#8221;] \u0218efa diploma\u021biei rom\u00e2ne Oana \u0162oiu, a avut, joi, la Londra, o \u00eentrevedere bilateral\u0103 cu ministrul britanic al Afacerilor Externe, Ed Miliband, context \u00een care au discutat inclusiv despre diaspora rom\u00e2n\u0103 din Regatul Unit, dar \u015fi despre cooperarea bilateral\u0103 \u00een domeniul ap\u0103r\u0103rii, transmite MAE. Potrivit sursei citate, agenda \u00eent\u00e2lnirii a avut patru priorit\u0103\u0163i: [&hellip;]<\/p>\n","protected":false},"author":1,"featured_media":0,"comment_status":"open","ping_status":"","sticky":false,"template":"","format":"standard","meta":{"footnotes":""},"categories":[89],"tags":[226,11],"class_list":["post-2127190","post","type-post","status-publish","format-standard","hentry","category-romania","tag-crawlmanager","tag-digi24"],"_links":{"self":[{"href":"https:\/\/analyse.optim.biz\/index.php?rest_route=\/wp\/v2\/posts\/2127190","targetHints":{"allow":["GET"]}}],"collection":[{"href":"https:\/\/analyse.optim.biz\/index.php?rest_route=\/wp\/v2\/posts"}],"about":[{"href":"https:\/\/analyse.optim.biz\/index.php?rest_route=\/wp\/v2\/types\/post"}],"author":[{"embeddable":true,"href":"https:\/\/analyse.optim.biz\/index.php?rest_route=\/wp\/v2\/users\/1"}],"replies":[{"embeddable":true,"href":"https:\/\/analyse.optim.biz\/index.php?rest_route=%2Fwp%2Fv2%2Fcomments&post=2127190"}],"version-history":[{"count":0,"href":"https:\/\/analyse.optim.biz\/index.php?rest_route=\/wp\/v2\/posts\/2127190\/revisions"}],"wp:attachment":[{"href":"https:\/\/analyse.optim.biz\/index.php?rest_route=%2Fwp%2Fv2%2Fmedia&parent=2127190"}],"wp:term":[{"taxonomy":"category","embeddable":true,"href":"https:\/\/analyse.optim.biz\/index.php?rest_route=%2Fwp%2Fv2%2Fcategories&post=2127190"},{"taxonomy":"post_tag","embeddable":true,"href":"https:\/\/analyse.optim.biz\/index.php?rest_route=%2Fwp%2Fv2%2Ftags&post=2127190"}],"curies":[{"name":"wp","href":"https:\/\/api.w.org\/{rel}","templated":true}]}}