{"id":2127188,"date":"2026-09-03T20:44:24","date_gmt":"2026-09-03T17:44:24","guid":{"rendered":"https:\/\/analyse.optim.biz\/?p=2127188"},"modified":"2026-09-03T20:44:24","modified_gmt":"2026-09-03T17:44:24","slug":"comentariile-lui-jd-vance-despre-sfarsitul-lumii-si-anticrist-sunt-convingeri-larg-raspandite-spune-un","status":"publish","type":"post","link":"https:\/\/analyse.optim.biz\/?p=2127188","title":{"rendered":"Comentariile lui JD Vance despre sf\u00e2r\u0219itul lumii \u0219i Anticrist sunt \u201econvingeri larg rasp\u00e2ndite\u201d, spune un&#8230;"},"content":{"rendered":"<p>[analyse_image type=&#8221;featured&#8221; src=&#8221;https:\/\/s.iw.ro\/gateway\/g\/ZmlsZVNvdXJjZT1odHRwJTNBJTJGJTJG\/c3RvcmFnZTA4dHJhbnNjb2Rlci5yY3Mt\/cmRzLnJvJTJGc3RvcmFnZSUyRjIwMjUl\/MkYxMiUyRjI2JTJGMjUxMTI3Ml8yNTEx\/MjcyX3Byb2ZpbWVkaWEtMTA0OTI4Nzkx\/OS5qcGcmdz0xMjAwJmg9NjMwJnpjPTEm\/aGFzaD0xN2Y3Y2I5NjA3YTBlYWM1NWU3YzY2NTRmZjU1ZWM5ZA==.thumb.jpg&#8221;]<\/p>\n<div class=\"entry data-app-meta data-app-meta-article\" data-embed-base-url-canonical=\"https:\/\/www.digi24.ro\/embed\/stiri\/externe\/sua\/comentariile-lui-jd-vance-despre-sfarsitul-lumii-si-antcrist-sunt-convingeri-larg-raspandite-spune-un-prieten-al-vicepresedintelui-sua-3934347\">\n<p data-index=\"1\"><strong>Declara\u021biile recente ale vicepre\u0219edintelui SUA, JD Vance, despre Anticrist \u0219i \u201esf\u00e2r\u0219itul lumii\u201d reprezint\u0103 o \u201econvingere foarte, foarte r\u0103sp\u00e2ndit\u0103\u201d, afirm\u0103 unul dintre prietenii s\u0103i, potrivit <a href=\"https:\/\/www.bbc.com\/news\/articles\/cn4kwzr8gd9o\" target=\"_blank\" rel=\"noopener\" data-skip-linkfix=\"1\">BBC<\/a>. Vance a vorbit recent despre convingerile sale religioase \u00een timp ce r\u0103spundea la o \u00eentrebare adresat\u0103 \u00eentr-un podcast cre\u0219tin. El a spus c\u0103 \u201enu ar fi \u0219ocat dac\u0103 Anticristul ar fi printre noi\u201d \u0219i a speculat dac\u0103 sf\u00e2r\u0219itul lumii ar fi aproape.<\/strong><\/p>\n<p data-index=\"2\">Prietenul s\u0103u, Rod Dreher, un scriitor conservator, a respins orice sugestie c\u0103 aceste comentarii i-ar putea aduce prejudicii vicepre\u0219edintelui. El a declarat \u00een cadrul emisiunii Today de la BBC: \u201eMajoritatea americanilor care sunt \u00eenclina\u021bi s\u0103 voteze cu republicanii cred deja aceste lucruri.\u201d<\/p>\n<p data-index=\"3\">\u00cen comentariile sale din cadrul podcastului, Vance a precizat, de asemenea, c\u0103 astfel de g\u00e2nduri nu \u00eel preocup\u0103.<\/p>\n<p data-index=\"4\">\u00cen cre\u0219tinism, expresia \u201esf\u00e2r\u0219itul timpurilor\u201d se refer\u0103 la teoriile despre ceea ce se va \u00eent\u00e2mpla la sf\u00e2r\u0219itul lumii. Multe biserici cred c\u0103 Dumnezeu are un plan divin pentru sf\u00e2r\u0219itul tuturor lucrurilor.<\/p>\n<p data-index=\"5\">\u00cen acela\u0219i timp, Anticristul este considerat du\u0219manul lui Dumnezeu, care apare \u00een faza final\u0103 a existen\u021bei lumii \u0219i preia controlul asupra ei.<\/p>\n<p data-index=\"6\">Vance, care s-a convertit la catolicism la maturitate, a reflectat asupra acestor subiecte \u00een cadrul unei discu\u021bii recente din cadrul unui podcast cu Bryce Crawford, un podcaster cre\u0219tin din SUA.<\/p>\n<p data-index=\"7\">\u201eDac\u0103 cred c\u0103 ne afl\u0103m \u00een vremurile de pe urm\u0103? Nu \u0219tiu\u201d, a spus el ca r\u0103spuns la o \u00eentrebare a lui Crawford pe aceast\u0103 tem\u0103. \u201e\u0218i cred c\u0103 probabil nu \u00eemi face bine din punct de vedere spiritual s\u0103 m\u0103 concentrez prea mult asupra acestui lucru, pentru c\u0103 sunt, s\u0103 zicem, lucruri pe care trebuie s\u0103 le fac.<\/p>\n<p data-index=\"8\">\u201eTrebuie s\u0103 fiu bun cu so\u021bia mea. Trebuie s\u0103 fiu bun cu copiii mei. Trebuie s\u0103 fiu cel mai bun lider posibil pentru Statele Unite ale Americii.\u201d<\/p>\n<p data-index=\"9\">Vicepre\u0219edintele a continuat spun\u00e2nd: \u201eCred c\u0103 exist\u0103, s\u0103 zicem, aspecte ale lumii care m\u0103 fac s\u0103 m\u0103 simt, s\u0103 zicem, deloc \u0219ocat dac\u0103 Anticristul ar umbla printre noi.\u201d<\/p>\n<p data-index=\"10\">Dar Vance a reiterat c\u0103 este preocupat de func\u021bia sa de vicepre\u0219edinte, explic\u00e2nd: \u201eCeea ce \u00eencerc s\u0103 fac este s\u0103 m\u0103 concentrez pe a \u00eendeplini c\u00e2t mai mult din lucrarea lui Dumnezeu \u00een acest moment.\u201d<\/p>\n<p data-index=\"11\">Reac\u021bion\u00e2nd la comentariile lui Vance despre Anticrist, Dreher a spus: \u201eAcest lucru ar putea p\u0103rea o nebunie pentru cineva care nu apar\u021bine religiei cre\u0219tine, dar este o credin\u021b\u0103 foarte, foarte r\u0103sp\u00e2ndit\u0103 \u00een cadrul cre\u0219tinismului.\u201d<\/p>\n<p data-index=\"12\">El a spus c\u0103 prietenul s\u0103u reflecta pur \u0219i simplu faptul c\u0103 lumea p\u0103rea s\u0103 o ia \u201erazna\u201d din cauza dezvolt\u0103rii rapide a inteligen\u021bei artificiale \u0219i a conflictelor \u00een curs.<\/p>\n<p data-index=\"13\">Dreher, care a fost prezent c\u00e2nd Vance a fost primit \u00een Biserica Catolic\u0103, a spus c\u0103 Ronald Reagan a f\u0103cut comentarii similare c\u00e2nd era pre\u0219edinte al SUA \u0219i c\u0103 acest lucru era considerat \u201eperfect normal\u201d de c\u0103tre aleg\u0103torii s\u0103i.<\/p>\n<p data-index=\"14\">Vance s-a convertit la catolicism \u00een 2019, pe atunci av\u00e2nd \u00een jur de 35 de ani, \u0219i a descris modul \u00een care Biserica a rezoneat cu valorile sale familiale \u0219i sociale, precum \u0219i cu orientarea sa politic\u0103 conservatoare.<\/p>\n<p data-index=\"15\">De c\u00e2nd a devenit vicepre\u0219edinte, el a avut ocazional divergen\u021be cu papa Leon \u0219i cu predecesorul s\u0103u, papa Francisc, pe teme precum politica de imigra\u021bie a administra\u021biei Trump.<\/p>\n<p data-index=\"16\"><strong>Cite\u0219te \u0219i:<\/strong><\/p>\n<p data-index=\"17\"><strong><a href=\"https:\/\/www.digi24.ro\/stiri\/externe\/jd-vance-vorbeste-despre-sfarsitul-lumii-si-despre-intunecimea-unor-lideri-mondiali-mi-a-declansat-semnalele-de-alarma-spirituale-3931443\" target=\"_blank\" rel=\"noopener\" data-skip-linkfix=\"1\">VIDEO JD Vance vorbe\u015fte despre sf\u00e2r\u015fitul lumii \u015fi despre \u201e\u00eentunecimea\u201d unor lideri mondiali: \u201eMi-a declan\u015fat semnalele de alarm\u0103 spirituale\u201d<\/a><\/strong><\/p>\n<p> Editor : <a href=\"https:\/\/www.digi24.ro\/autor\/bogdan-enache\"> B.E. <\/a><\/p>\n<\/div>\n<p>[analyse_source url=&#8221;https:\/\/www.digi24.ro\/stiri\/externe\/sua\/comentariile-lui-jd-vance-despre-sfarsitul-lumii-si-antcrist-sunt-convingeri-larg-raspandite-spune-un-prieten-al-vicepresedintelui-sua-3934347&#8243;]<\/p>\n","protected":false},"excerpt":{"rendered":"<p>[analyse_image type=&#8221;featured&#8221; src=&#8221;https:\/\/s.iw.ro\/gateway\/g\/ZmlsZVNvdXJjZT1odHRwJTNBJTJGJTJG\/c3RvcmFnZTA4dHJhbnNjb2Rlci5yY3Mt\/cmRzLnJvJTJGc3RvcmFnZSUyRjIwMjUl\/MkYxMiUyRjI2JTJGMjUxMTI3Ml8yNTEx\/MjcyX3Byb2ZpbWVkaWEtMTA0OTI4Nzkx\/OS5qcGcmdz0xMjAwJmg9NjMwJnpjPTEm\/aGFzaD0xN2Y3Y2I5NjA3YTBlYWM1NWU3YzY2NTRmZjU1ZWM5ZA==.thumb.jpg&#8221;] Declara\u021biile recente ale vicepre\u0219edintelui SUA, JD Vance, despre Anticrist \u0219i \u201esf\u00e2r\u0219itul lumii\u201d reprezint\u0103 o \u201econvingere foarte, foarte r\u0103sp\u00e2ndit\u0103\u201d, afirm\u0103 unul dintre prietenii s\u0103i, potrivit BBC. Vance a vorbit recent despre convingerile sale religioase \u00een timp ce r\u0103spundea la o \u00eentrebare adresat\u0103 \u00eentr-un podcast cre\u0219tin. El a spus c\u0103 \u201enu ar fi \u0219ocat [&hellip;]<\/p>\n","protected":false},"author":1,"featured_media":0,"comment_status":"open","ping_status":"","sticky":false,"template":"","format":"standard","meta":{"footnotes":""},"categories":[89],"tags":[226,11],"class_list":["post-2127188","post","type-post","status-publish","format-standard","hentry","category-romania","tag-crawlmanager","tag-digi24"],"_links":{"self":[{"href":"https:\/\/analyse.optim.biz\/index.php?rest_route=\/wp\/v2\/posts\/2127188","targetHints":{"allow":["GET"]}}],"collection":[{"href":"https:\/\/analyse.optim.biz\/index.php?rest_route=\/wp\/v2\/posts"}],"about":[{"href":"https:\/\/analyse.optim.biz\/index.php?rest_route=\/wp\/v2\/types\/post"}],"author":[{"embeddable":true,"href":"https:\/\/analyse.optim.biz\/index.php?rest_route=\/wp\/v2\/users\/1"}],"replies":[{"embeddable":true,"href":"https:\/\/analyse.optim.biz\/index.php?rest_route=%2Fwp%2Fv2%2Fcomments&post=2127188"}],"version-history":[{"count":0,"href":"https:\/\/analyse.optim.biz\/index.php?rest_route=\/wp\/v2\/posts\/2127188\/revisions"}],"wp:attachment":[{"href":"https:\/\/analyse.optim.biz\/index.php?rest_route=%2Fwp%2Fv2%2Fmedia&parent=2127188"}],"wp:term":[{"taxonomy":"category","embeddable":true,"href":"https:\/\/analyse.optim.biz\/index.php?rest_route=%2Fwp%2Fv2%2Fcategories&post=2127188"},{"taxonomy":"post_tag","embeddable":true,"href":"https:\/\/analyse.optim.biz\/index.php?rest_route=%2Fwp%2Fv2%2Ftags&post=2127188"}],"curies":[{"name":"wp","href":"https:\/\/api.w.org\/{rel}","templated":true}]}}