{"id":212715,"date":"2014-02-12T11:10:05","date_gmt":"2014-02-12T08:10:05","guid":{"rendered":"https:\/\/analyse.optim.biz\/?p=212715"},"modified":"2014-02-12T11:10:05","modified_gmt":"2014-02-12T08:10:05","slug":"liviu-dragnea-daca-liberalii-vor-sa-plece-de-la-guvernare-sa-plece-mai-repede","status":"publish","type":"post","link":"https:\/\/analyse.optim.biz\/?p=212715","title":{"rendered":"Liviu Dragnea: Dac\u0103 liberalii vor s\u0103 plece de la guvernare, s\u0103 plece mai repede"},"content":{"rendered":"<div class=\"entry data-app-meta data-app-meta-article\" data-embed-base-url-canonical=\"https:\/\/www.digi24.ro\/embed\/stiri\/actualitate\/politica\/liviu-dragnea-daca-liberalii-vor-sa-plece-de-la-guvernare-sa-plece-mai-repede-199095\">\n<p data-index=\"1\"><img decoding=\"async\" src=\"https:\/\/analyse.optim.biz\/wp-content\/uploads\/2024\/09\/ota0mjg4mji4zta2ymqynwnmztlkndm2ztu-thumb_.jpg\" data-skip-htmlfix=\"1\" title=\"ota0mjg4mji4zta2ymqynwnmztlkndm2ztu-thumb_\"><\/p>\n<p data-index=\"2\">\u201e<span>Eu sper s\u0103 nu (se rup\u0103 &#8211; n.r), dar nici nu mai putem continua foarte mult a\u015fa. Deci, asta nu este o func\u0163ionare a unei coali\u0163ii politice \u015fi a unei alian\u0163e politice care s\u0103 asigure coeren\u0163\u0103 guvernamental\u0103\u201d, a subliniat vicepremierul.<\/span><\/p>\n<p data-index=\"3\">El a precizat c\u0103 social-democra\u0163ii sper\u0103 ca liberalii, pe care i-a numit \u201evechi camarazi\u201d, s\u0103 accepte propunerea avansat\u0103 de premierul Ponta privind cele patru posturi de vicepremier, pentru c\u0103 este una func\u0163ional\u0103, care s\u0103 d\u0103 coeren\u0163\u0103 actului de guvernare.<\/p>\n<p data-index=\"4\">\u201e<span>Noi sper\u0103m ca \u015fi colegii no\u015ftri din PNL, vechii no\u015ftri camarazi, s\u0103 accepte aceast\u0103 propunere func\u0163ional\u0103 a Guvernului\u201d, a mai spus <strong>Liviu Dragnea.<\/strong><\/span><\/p>\n<p data-index=\"5\">\u00centrebat dac\u0103 refuzul PNL de a accepta patru vicepremieri ar putea preg\u0103ti o mi\u015fcare mai drastic\u0103 a PNL-ului, precum ie\u015firea de la guvernare, Liviu Dragnea a r\u0103spuns: <em><strong>\u201eN-am impresia asta dar dac\u0103 au de g\u00e2nd s\u0103 o fac\u0103 s\u0103 o fac\u0103 mai repede. Nu putem s\u0103 o lungim la nesf\u00e2r\u015fit. Noi dorim s\u0103 nu ias\u0103 din USL\u201d<\/strong><\/em>.<\/p>\n<p data-index=\"6\">\u201e<span>Am func\u0163ionat bine \u00een Guvern \u00een aceast\u0103 formul\u0103 politic\u0103, dar se pare c\u0103, din cauza asta, unii de la PNL sunt pedepsi\u0163i\u201d, a mai spus vicepremierul.<\/span><\/p>\n<\/div>\n<p> Source URL: https:\/\/www.digi24.ro\/stiri\/actualitate\/politica\/liviu-dragnea-daca-liberalii-vor-sa-plece-de-la-guvernare-sa-plece-mai-repede-199095<\/p>\n","protected":false},"excerpt":{"rendered":"<p>\u201eEu sper s\u0103 nu (se rup\u0103 &#8211; n.r), dar nici nu mai putem continua foarte mult a\u015fa. Deci, asta nu este o func\u0163ionare a unei coali\u0163ii politice \u015fi a unei alian\u0163e politice care s\u0103 asigure coeren\u0163\u0103 guvernamental\u0103\u201d, a subliniat vicepremierul. El a precizat c\u0103 social-democra\u0163ii sper\u0103 ca liberalii, pe care i-a numit \u201evechi camarazi\u201d, s\u0103 [&hellip;]<\/p>\n","protected":false},"author":1,"featured_media":212716,"comment_status":"open","ping_status":"","sticky":false,"template":"","format":"standard","meta":{"footnotes":""},"categories":[2],"tags":[11],"class_list":["post-212715","post","type-post","status-publish","format-standard","has-post-thumbnail","hentry","category-politics","tag-digi24"],"_links":{"self":[{"href":"https:\/\/analyse.optim.biz\/index.php?rest_route=\/wp\/v2\/posts\/212715","targetHints":{"allow":["GET"]}}],"collection":[{"href":"https:\/\/analyse.optim.biz\/index.php?rest_route=\/wp\/v2\/posts"}],"about":[{"href":"https:\/\/analyse.optim.biz\/index.php?rest_route=\/wp\/v2\/types\/post"}],"author":[{"embeddable":true,"href":"https:\/\/analyse.optim.biz\/index.php?rest_route=\/wp\/v2\/users\/1"}],"replies":[{"embeddable":true,"href":"https:\/\/analyse.optim.biz\/index.php?rest_route=%2Fwp%2Fv2%2Fcomments&post=212715"}],"version-history":[{"count":0,"href":"https:\/\/analyse.optim.biz\/index.php?rest_route=\/wp\/v2\/posts\/212715\/revisions"}],"wp:featuredmedia":[{"embeddable":true,"href":"https:\/\/analyse.optim.biz\/index.php?rest_route=\/wp\/v2\/media\/212716"}],"wp:attachment":[{"href":"https:\/\/analyse.optim.biz\/index.php?rest_route=%2Fwp%2Fv2%2Fmedia&parent=212715"}],"wp:term":[{"taxonomy":"category","embeddable":true,"href":"https:\/\/analyse.optim.biz\/index.php?rest_route=%2Fwp%2Fv2%2Fcategories&post=212715"},{"taxonomy":"post_tag","embeddable":true,"href":"https:\/\/analyse.optim.biz\/index.php?rest_route=%2Fwp%2Fv2%2Ftags&post=212715"}],"curies":[{"name":"wp","href":"https:\/\/api.w.org\/{rel}","templated":true}]}}