{"id":212712,"date":"2014-02-12T11:38:10","date_gmt":"2014-02-12T08:38:10","guid":{"rendered":"https:\/\/analyse.optim.biz\/?p=212712"},"modified":"2014-02-12T11:38:10","modified_gmt":"2014-02-12T08:38:10","slug":"liviu-dragnea-il-astept-pe-basescu-sa-cheme-lumea-in-strada-poate-chemam-si-noi-si-transam-lucrurile-acolo","status":"publish","type":"post","link":"https:\/\/analyse.optim.biz\/?p=212712","title":{"rendered":"Liviu Dragnea: \u00cel a\u015ftept pe B\u0103sescu s\u0103 cheme lumea \u00een strad\u0103. Poate chem\u0103m \u015fi noi \u015fi tran\u015f\u0103m lucrurile acolo"},"content":{"rendered":"<div class=\"entry data-app-meta data-app-meta-article\" data-embed-base-url-canonical=\"https:\/\/www.digi24.ro\/embed\/stiri\/actualitate\/politica\/liviu-dragnea-il-astept-pe-basescu-sa-cheme-lumea-in-strada-poate-chemam-si-noi-si-transam-lucrurile-acolo-199114\">\n<p data-index=\"1\"><img decoding=\"async\" src=\"https:\/\/analyse.optim.biz\/wp-content\/uploads\/2024\/09\/ndgzmtkzmjczymniytlknzu4zmmwmtfkntq-thumb_.jpg\" data-skip-htmlfix=\"1\" title=\"ndgzmtkzmjczymniytlknzu4zmmwmtfkntq-thumb_\"><\/p>\n<p data-index=\"2\"><strong>\u201e<\/strong><span><strong>Domnul B\u0103sescu am v\u0103zut c\u0103 d\u0103 foarte multe lec\u0163ii, am v\u0103zut c\u0103 incit\u0103 \u015fi la violen\u0163\u0103 \u015fi la dezordine social\u0103. \u00cel a\u015ftept. De-abia \u00eel a\u015ftept s\u0103 cheme lumea \u00een strad\u0103, c\u0103 poate chem\u0103m \u015fi noi \u015fi poate tran\u015f\u0103m lucrurile acolo, dac\u0103 tot&#8230; S\u0103 nu cread\u0103 el c\u0103 ne sperie\u201d<\/strong>, a afirmat Dragnea.<\/span><\/p>\n<p data-index=\"3\">Vicepremierul i-a sugerat lui Traian B\u0103sescu s\u0103 fie <strong>\u201epu\u0163in mai re\u0163inut\u201d<\/strong> \u00een acest sens.<\/p>\n<p data-index=\"4\"><strong>\u201e<\/strong><span><strong>Un pre\u015fedinte care s\u0103 cheme la dezordine social\u0103 nu cred c\u0103 s-a mai v\u0103zut \u00eentr-un stat democratic, c\u0103 tot vorbea de statul de drept\u201d,<\/strong> a ad\u0103ugat Dragnea.<\/span><\/p>\n<p data-index=\"5\">El a \u0163inut s\u0103-i replice \u015fefului statului, ar\u0103t\u00e2nd c\u0103 bugetul Ministerului Dezvolt\u0103rii era cu mult mai mare \u00een anii trecu\u0163i, atunci c\u00e2nd Traian B\u0103sescu <strong>\u201et\u0103ia salarii \u015fi pensii\u201d,<\/strong> dec\u00e2t este \u00een acest moment.<\/p>\n<p data-index=\"6\">Liviu Dragnea a mai spus c\u0103 toate argumentele aduse de pre\u015fedintele Traian B\u0103sescu \u00eempotriva m\u0103surii de ree\u015falonare a creditelor au \u00een spate sup\u0103rarea acestuia legat\u0103 de un posibil scor electoral pe care PMP \u00eel poate lua.<\/p>\n<\/div>\n<p> Source URL: https:\/\/www.digi24.ro\/stiri\/actualitate\/politica\/liviu-dragnea-il-astept-pe-basescu-sa-cheme-lumea-in-strada-poate-chemam-si-noi-si-transam-lucrurile-acolo-199114<\/p>\n","protected":false},"excerpt":{"rendered":"<p>\u201eDomnul B\u0103sescu am v\u0103zut c\u0103 d\u0103 foarte multe lec\u0163ii, am v\u0103zut c\u0103 incit\u0103 \u015fi la violen\u0163\u0103 \u015fi la dezordine social\u0103. \u00cel a\u015ftept. De-abia \u00eel a\u015ftept s\u0103 cheme lumea \u00een strad\u0103, c\u0103 poate chem\u0103m \u015fi noi \u015fi poate tran\u015f\u0103m lucrurile acolo, dac\u0103 tot&#8230; S\u0103 nu cread\u0103 el c\u0103 ne sperie\u201d, a afirmat Dragnea. Vicepremierul i-a sugerat [&hellip;]<\/p>\n","protected":false},"author":1,"featured_media":212713,"comment_status":"open","ping_status":"","sticky":false,"template":"","format":"standard","meta":{"footnotes":""},"categories":[2],"tags":[11],"class_list":["post-212712","post","type-post","status-publish","format-standard","has-post-thumbnail","hentry","category-politics","tag-digi24"],"_links":{"self":[{"href":"https:\/\/analyse.optim.biz\/index.php?rest_route=\/wp\/v2\/posts\/212712","targetHints":{"allow":["GET"]}}],"collection":[{"href":"https:\/\/analyse.optim.biz\/index.php?rest_route=\/wp\/v2\/posts"}],"about":[{"href":"https:\/\/analyse.optim.biz\/index.php?rest_route=\/wp\/v2\/types\/post"}],"author":[{"embeddable":true,"href":"https:\/\/analyse.optim.biz\/index.php?rest_route=\/wp\/v2\/users\/1"}],"replies":[{"embeddable":true,"href":"https:\/\/analyse.optim.biz\/index.php?rest_route=%2Fwp%2Fv2%2Fcomments&post=212712"}],"version-history":[{"count":0,"href":"https:\/\/analyse.optim.biz\/index.php?rest_route=\/wp\/v2\/posts\/212712\/revisions"}],"wp:featuredmedia":[{"embeddable":true,"href":"https:\/\/analyse.optim.biz\/index.php?rest_route=\/wp\/v2\/media\/212713"}],"wp:attachment":[{"href":"https:\/\/analyse.optim.biz\/index.php?rest_route=%2Fwp%2Fv2%2Fmedia&parent=212712"}],"wp:term":[{"taxonomy":"category","embeddable":true,"href":"https:\/\/analyse.optim.biz\/index.php?rest_route=%2Fwp%2Fv2%2Fcategories&post=212712"},{"taxonomy":"post_tag","embeddable":true,"href":"https:\/\/analyse.optim.biz\/index.php?rest_route=%2Fwp%2Fv2%2Ftags&post=212712"}],"curies":[{"name":"wp","href":"https:\/\/api.w.org\/{rel}","templated":true}]}}