{"id":2127046,"date":"2026-09-03T01:00:25","date_gmt":"2026-09-02T22:00:25","guid":{"rendered":"https:\/\/analyse.optim.biz\/?p=2127046"},"modified":"2026-09-03T01:00:25","modified_gmt":"2026-09-02T22:00:25","slug":"solutia-pentru-deblocarea-crizei-politice-guvern-de-armistitiu-ce-mutare-poate-face-nicusor-dan-in","status":"publish","type":"post","link":"https:\/\/analyse.optim.biz\/?p=2127046","title":{"rendered":"Solu\u021bia pentru deblocarea crizei politice: guvern de armisti\u021biu. Ce mutare poate face Nicu\u0219or Dan \u00een&#8230;"},"content":{"rendered":"<p>[analyse_image type=&#8221;featured&#8221; src=&#8221;https:\/\/cdn.adh.reperio.news\/image-3\/3d73eb7b-6d9b-4ce8-bc31-efc464538dcc\/index.jpeg?p=f%3Djpeg%26w%3D1200%26h%3D630%26r%3Dcover&#8221;]<\/p>\n<article class=\"svelte-x63bga\">\n<nav>\n<ul class=\"breadcrump svelte-1pk9a69\">\n<li class=\"svelte-1pk9a69\"><a href=\"https:\/\/adevarul.ro\/\" title=\"Adev\u0103rul\" class=\"svelte-1pk9a69\">Home<\/a><\/li>\n<li class=\"svelte-1pk9a69\"><a href=\"https:\/\/adevarul.ro\/stiri-interne\" class=\"svelte-1pk9a69\">\u0218tiri Interne<\/a><\/li>\n<li class=\"svelte-1pk9a69\"><a href=\"https:\/\/adevarul.ro\/stiri-interne\/evenimente\" class=\"svelte-1pk9a69\">Evenimente<\/a><\/li>\n<li class=\"svelte-1pk9a69\"><a href=\"https:\/\/adevarul.ro\/stiri-interne\/evenimente\/solutia-pentru-deblocarea-crizei-politice-guvern-2553698.html\" class=\"svelte-1pk9a69\">Solu\u021bia pentru deblocarea crizei politice: guvern de armisti\u021biu. Ce mutare poate face Nicu\u0219or Dan \u00een septembrie<\/a><\/li>\n<\/ul>\n<\/nav>\n<p><main class=\"svelte-x63bga\"><\/p>\n<p>Au trecut mai bine de patru luni de la c\u0103derea Guvernului Bolojan, iar Rom\u00e2nia r\u0103m\u00e2ne blocat\u0103. Politologul Costin Ciobanu (Universitatea Aarhus) explic\u0103 scenariul realist prin care Nicu\u0219or Dan poate debloca situa\u021bia din septembrie.<\/p>\n<div class=\"container-image  svelte-1xbw4f3\"><source type=\"image\/webp\" srcset=\"https:\/\/cdn.adh.reperio.news\/image-3\/3d73eb7b-6d9b-4ce8-bc31-efc464538dcc\/index.jpeg?p=a%3D1%26co%3D1.05%26w%3D1400%26h%3D750%26r%3Dcontain%26f%3Dwebp 1400w\" media=\"(min-width: 1400px)\" \/><\/p>\n<div class=\"caption svelte-1xbw4f3\"><span class=\"captionText svelte-1xbw4f3\">Vremurile \u00een care Ilie Bolojan \u0219i Sorin Grindeanu mai colaborau sunt apuse <span class=\"source svelte-1xbw4f3\">Foto: Mediafax<\/span><\/span><\/div>\n<\/div>\n<p><b>Adev\u0103rul:<br \/>\nAu trecut 120 de zile de la demiterea Guvernului Bolojan, dar nici<br \/>\npre\u0219edintele Nicu\u0219or Dan \u0219i nici partidele politice nu au reu\u0219it<br \/>\ns\u0103 formeze un alt cabinet, de\u0219i tentative au existat. Pornind de la<br \/>\nsitua\u021bia din acest moment, cum crezi c\u0103 ar putea fi solu\u021bionat\u0103<br \/>\nactuala criz\u0103 politic\u0103 \u0219i care ar putea fi compromisul acceptat la<br \/>\nfinal de toat\u0103 lumea?<\/b><\/p>\n<p><b>Costin<br \/>\nCiobanu:<\/b><br \/>\n\u00cen momentul \u00een care Bolojan a fost dat jos prin mo\u021biunea de<br \/>\ncenzur\u0103, mul\u021bi se a\u0219teptau ca el s\u0103 fie schimbat rapid. Aceasta a<br \/>\nfost nara\u021biunea livrat\u0103 de<br \/>\nliderii social-democra\u021bi.<br \/>\nVedem c\u0103 PSD, trei luni mai t\u00e2rziu, este tot \u00een opozi\u021bie. Nu<br \/>\nsunt suficient de puternici s\u0103-l dea jos de<br \/>\ntot pe<br \/>\nBolojan. S-a vorbit despre un guvern minoritar \u00een jurul PSD cu<br \/>\nparlamentari racola\u021bi, dar nu exist\u0103 aceste voturi \u00een Parlament.<br \/>\nAm avut \u00eencercarea cu Eugen Tomac \u0219i \u00eencercarea de a rupe PNL,<br \/>\ncare n-au reu\u0219it. Pe de alt\u0103 parte, nici zona din jurul lui Ilie<br \/>\nBolojan nu e suficient de puternic\u0103 s\u0103 preia complet guvernarea.\n<\/p>\n<p>Este<br \/>\no situa\u021bie de blocaj. Probabil c\u0103<br \/>\ndin<br \/>\nseptembrie aten\u021bia se va \u00eendrepta din nou c\u0103tre perspectiva<br \/>\nguvern\u0103rii. Nu cred c\u0103 vom vedea o rezolvare pe termen lung, ci mai<br \/>\ndegrab\u0103 un armisti\u021biu \u00een persoana cuiva acceptabil pentru diferite<br \/>\nzone. Se vorbea despre Alexandru Nazare, dar exist\u0103 \u00eentreaga<br \/>\ndiscu\u021bie despre cine va face parte din guvern (mini\u0219tri politici,<br \/>\ntehnocra\u021bi etc.).\n<\/p>\n<p>\nNu<br \/>\nvedem un semnal clar de la PSD c\u0103 ar fi reu\u0219it s\u0103 str\u00e2ng\u0103 o<br \/>\nmajoritate \u0219i nici de la pre\u0219edinte c\u0103 ar for\u021ba lucrurile.<br \/>\nPre\u0219edintele are p\u00e2inea \u0219i cu\u021bitul pentru c\u0103 el face<br \/>\nnominalizarea, \u00een contextul \u00een care poate folosi sau nu cartea<br \/>\nalegerilor anticipate.<\/p>\n<h2>Refacerea coali\u021bie, imposibil\u0103 pe moment<\/h2>\n<p><b>Dar<br \/>\nun compromis \u00eentre PNL \u0219i PSD,<br \/>\neventual o refacere a coali\u021biei \u00een disperare de cauz\u0103? <\/b><\/p>\n<p>Sunt<br \/>\nr\u0103ni foarte ad\u00e2nci \u00een urma a ce s-a \u00eent\u00e2mplat \u00een ultimele luni<br \/>\npentru a vedea o revenire la vechea coali\u021bie. \u00cenainte de a\u0219a ceva,<br \/>\nai nevoie de o perioad\u0103 de tranzi\u021bie, de un guvern de armisti\u021biu.<br \/>\nMi-e greu s\u0103 cred c\u0103, \u00een actuala configura\u021bie \u0219i dup\u0103 o b\u0103t\u0103lie<br \/>\npolitic\u0103 extrem de dur\u0103, putem merge direct \u00een aceast\u0103 direc\u021bie.<br \/>\nLucrurile nu sunt coapte pentru ca o eventual\u0103 coali\u021bie PSD-PNL s\u0103<br \/>\nfie o perspectiv\u0103 realist\u0103 \u00een perioada urm\u0103toare.\n<\/p>\n<p><b>Ar exista, \u00een principiu, un precedent. \u00cen 2020 exista o coali\u021bie aparent indestructibil\u0103 PNL-USR, iar PSD era du\u0219manul declarat. USR s-a aliat \u00eens\u0103 cu AUR pentru a da jos Guvernul C\u00ee\u021bu, iar PNL a fost nevoit s\u0103 se apropie de PSD \u0219i s\u0103 guverneze \u00eempreun\u0103.\u00a0<\/b><\/p>\n<p>Sunt<br \/>\nmulte posibilit\u0103\u021bi, \u00eens\u0103 trebuie s\u0103 ne aducem aminte c\u0103 \u00een<br \/>\n2020 acel lucru s-a \u00eent\u00e2mplat chiar \u00eenainte de alegerile<br \/>\nparlamentare. Dup\u0103 p\u0103rerea mea, noi suntem acum \u00een afara cadrului electoral, la mai<br \/>\nbine de doi ani de la alegerile parlamentare.<\/p>\n<div class=\"container-image  svelte-1xbw4f3\"><source type=\"image\/webp\" srcset=\"https:\/\/cdn.adh.reperio.news\/image-b\/bd9c55df-7421-4632-8271-4c96c4ff4add\/index.jpeg?p=a%3D1%26co%3D1.05%26w%3D1400%26h%3D750%26r%3Dcontain%26f%3Dwebp 1400w\" media=\"(min-width: 1400px)\" \/><\/p>\n<div class=\"caption svelte-1xbw4f3\"><span class=\"captionText svelte-1xbw4f3\">Costin Ciobanu este cercet\u0103tor la Universitatea Aarhus, \u00een Danemarca <span class=\"source svelte-1xbw4f3\">Foto: Arhiv\u0103 personal\u0103<\/span><\/span><\/div>\n<\/div>\n<p>\u0218i mai este ceva, ceva \u0219i mai important. A fost un \u0219oc politic \u00een ultimul an \u00een guvernarea Bolojan, \u00een<br \/>\nspecial dup\u0103 mo\u021biunea de cenzur\u0103 \u2013 aceast\u0103 ruptur\u0103 \u00eentre PSD<br \/>\n\u0219i PNL \u0219i apropierea USR de PNL. Ar fi cu siguran\u021b\u0103 nevoie de un nou \u0219oc politic<br \/>\nmajor ca PSD \u0219i PNL s\u0103 ia \u00een considerare o reluare a colabor\u0103rii<br \/>\ndin noiembrie 2021. La acest moment nu sunt elemente pentru o astfel<br \/>\nde reaprindere a rela\u021biilor, mai ales c\u0103 Ilie Bolojan a fost sub<br \/>\nasediu \u00een ultimele luni, atacat puternic de PSD.\u00a0Nu v\u0103d cum s-ar reface acum coali\u021bia. De fapt, chiar cred c\u0103 este imposibil s\u0103 se \u00eent\u00e2mple asta acum.<\/p>\n<p><a class=\"related-inline svelte-78g0vl\" data-gtrack=\"{&quot;event&quot;:&quot;utm_click&quot;,&quot;data&quot;:{&quot;event_category&quot;:&quot;article_related&quot;}}\" href=\"https:\/\/adevarul.ro\/securitate-si-aparare\/de-ce-romania-si-ungaria-au-nevoie-disperata-una-2552901.html\" title=\"Alt articol de interes pentru tine\"><span class=\"inline-title svelte-78g0vl\">De ce Rom\u00e2nia \u0219i Ungaria au nevoie disperat\u0103 una de cealalt\u0103. Expert: \u201ePr\u0103bu\u0219irea vecinului te trage \u00een pr\u0103pastie\u201d<\/span><\/a><\/p>\n<p><b>Da, dar s\u0103 nu uit\u0103m c\u0103 au existat voci \u00een USR care au condamnat faptul c\u0103 PNL, la cererea lui Bolojan, a votat acea lege a Integrit\u0103\u021bii. S-ar putea ajunge la un nou conflict?<\/b><\/p>\n<p>\u00cen privin\u021ba scandalului dintre USR<br \/>\n\u0219i PNL, dup\u0103 ce PNL a votat al\u0103turi de PSD acea lege care l-a<br \/>\nderanjat pe Dominic Fritz, trebuie<br \/>\ns\u0103 vedem dac\u0103 aceast\u0103 tulburare e un episod de moment sau dac\u0103 va<br \/>\nfi confirmat\u0103 de alte evolu\u021bii ori voturi similare. E clar c\u0103, \u00een<br \/>\naceast\u0103 situa\u021bie, PNL s-a uitat mai degrab\u0103 la ce se \u00eent\u00e2mpl\u0103<br \/>\ncu bugetul \u0219i la nevoia de a atrage banii europeni. S-a uitat foarte<br \/>\natent la chestiunea de fond a Legii integrit\u0103\u021bii, pentru c\u0103<br \/>\nguvernul mizeaz\u0103 pe ace\u0219ti bani europeni; deja nu vor intra cei ce<br \/>\n\u021bin de Legea salariz\u0103rii, situa\u021bia economic\u0103 este cea care este,<br \/>\niar Ilie Bolojan \u00eencearc\u0103 s\u0103 reduc\u0103 poten\u021bialul de a fi<br \/>\nportretizat drept personajul care <a href=\"https:\/\/adevarul.ro\/securitate-si-aparare\/de-ce-romania-si-ungaria-au-nevoie-disperata-una-2552901.html\">\u00eengroap\u0103<\/a> economia \u2013 aceasta<br \/>\nfiind principala linie de atac a Social-Democra\u021biei \u00eempotriva sa.<\/p>\n<h2>Compromisul pe care politicienii l-ar face cu jum\u0103tate de gur\u0103<\/h2>\n<p><b>\u0218i<br \/>\ncare ar putea fi p\u00e2n\u0103 la urm\u0103 solu\u021bia ie\u0219irii dintr-un blocaj \u00een<br \/>\ncare nimeni nu vrea s\u0103 cedeze \u0219i fiecare vine cu preten\u021bii<br \/>\nmaximaliste?<\/b><\/p>\n<p>\nMai<br \/>\ndegrab\u0103 a\u0219 spune c\u0103 v\u0103d varianta unui guvern de armisti\u021biu, un<br \/>\nguvern \u00een afara jocului politic direct. De\u0219i este foarte, foarte<br \/>\ncomplicat. Dar asta ar putea fi o solu\u021bie, da.<\/p>\n<p><b>Dar<br \/>\nun <\/b><b>guvern de tehnocra\u021bi?<\/b><\/p>\n<p>Poate<br \/>\ns\u0103 fie. Cred c\u0103 totu\u0219i conteaz\u0103 foarte tare, dincolo de compozi\u021bia<br \/>\nguvernului, mesajul \u0219i persoana premierului \u2013 adic\u0103 tipul de<br \/>\nconfirmare pe care premierul o d\u0103 principalelor partide. De aceea e<br \/>\nfireasc\u0103 aceast\u0103 dezbatere despre cine ar putea fi premierul care<br \/>\ns\u0103 \u021bin\u0103 direc\u021bia. Conteaz\u0103 foarte mult climatul economic \u0219i cel<br \/>\nde securitate. Dac\u0103 lucrurile arat\u0103 din ce \u00een ce mai complicat<br \/>\neconomic \u0219i din punctul de vedere al securit\u0103\u021bii \u00een regiune,<br \/>\npoliticienii vor trebui la un moment dat s\u0103 ia \u00een calcul mesajul<br \/>\ndin societate \u0219i economie. Ei sunt for\u021ba\u021bi de situa\u021bie, mai ales<br \/>\nc\u0103 cei care se bat ast\u0103zi nu au o sus\u021binere uria\u0219\u0103 din partea<br \/>\npublicului \u0219i nu gestioneaz\u0103 construc\u021bii politice extrem de<br \/>\npopulare.<\/p>\n<h2>C\u00e2t de puternic mai e pre\u0219edintele Nicu\u0219or Dan<\/h2>\n<p><b>Pre\u0219edintele<br \/>\nNicu\u0219or Dan, spun<br \/>\nunii, tr\u0103ie\u0219te periculos. Amenin\u021bat cu suspendarea de AUR, pierde<br \/>\ns\u0103 fi pierdut sprijinul USR, al c\u0103rui nucleu dur \u00eel atac\u0103<br \/>\npermanent \u0219i-l acuz\u0103 c\u0103 ar face concesii PSD. C\u00e2t de puternic mai<br \/>\ne pe pozi\u021bie \u0219eful statului \u0219i \u00een ce m\u0103sur\u0103 ar putea fi luat\u0103<br \/>\n\u00een calcul \u0219i de alte partide o<br \/>\neventual\u0103 suspendare?<\/b><\/p>\n<p><a class=\"related-inline svelte-78g0vl\" data-gtrack=\"{&quot;event&quot;:&quot;utm_click&quot;,&quot;data&quot;:{&quot;event_category&quot;:&quot;article_related&quot;}}\" href=\"https:\/\/adevarul.ro\/securitate-si-aparare\/proiectele-strategice-ale-romaniei-atacate-din-2553018.html\" title=\"Alt articol de interes pentru tine\"><span class=\"inline-title svelte-78g0vl\">Proiectele strategice ale Rom\u00e2niei, atacate din umbr\u0103: \u201eNu este o specula\u021bie\u201d<\/span><\/a><\/p>\n<p>Pre\u0219edintele Nicu\u0219or<br \/>\nDan are o pozi\u021bie consistent\u0103 \u00een ideea \u00een care \u00ee\u0219i define\u0219te<br \/>\nclar du\u0219manul politic: se pozi\u021bioneaz\u0103 \u00eempotriva for\u021belor<br \/>\nsuveraniste, mai ales contra AUR. Exist\u0103 acest fir ro\u0219u care ear explica \u0219i comportamentul s\u0103u recent. Iar explica\u021bia ar fi c\u0103 pre\u0219edintele consider\u0103 c\u0103 marea amenin\u021bare pentru \u021bar\u0103 \u0219i<br \/>\npentru mandatul s\u0103u este o apropiere \u00eentre AUR \u0219i PSD. O alian\u021b\u0103 \u00eentre PSD \u0219i AUR este ceea ce \u0219eful statului vrea cu orice pre\u021b s\u0103 evite. De aici \u0219i atitudinea<br \/>\nsa cumva mai \u00eeng\u0103duitoare fa\u021b\u0103 de PSD, pentru care este criticat de unii dintre fo\u0219tii s\u0103i sus\u021bin\u0103tori, care acum \u00eel detest\u0103 \u0219i consider\u0103 c\u0103 au fost tr\u0103da\u021bi. \u00cens\u0103 Nicu\u0219or Dan are un motiv serios s\u0103 se comporte \u00een acest fel. El se g\u00e2nde\u0219te, se teme c\u0103, dac\u0103 PSD este i<a href=\"https:\/\/adevarul.ro\/securitate-si-aparare\/cat-ne-costa-tacerea-bucurestiului-in-sondajele-2552742.html\">zolat <\/a>\u0219i \u00eempins \u00een acea zon\u0103,<br \/>\ns-ar putea s\u0103 adere la ceea ce propune AUR. \u00cen viziunea pre\u0219edintelui, o alian\u021b\u0103 AUR &#8211; PSD ar fi o catastrof\u0103 \u0219i face tot ceea ce poate ca s\u0103 evite asta.<\/p>\n<p>AUR<br \/>\noricum \u00eencearc\u0103 s\u0103 pun\u0103 probleme PSD-ului, iar liderii s\u0103i vorbeau la un moment<br \/>\ndat despre preluarea \u0219efiei Senatului cu \u021bint\u0103 c\u0103tre suspendarea<br \/>\npre\u0219edintelui. Nu suntem \u00een momentul \u00een care s\u0103 discut\u0103m despre<br \/>\no suspendare a pre\u0219edintelui, dar acesta \u00eencearc\u0103 s\u0103 men\u021bin\u0103 o<br \/>\nzon\u0103 de echilibru. Cert este c\u0103 nu are victorii politice recente. Mai mult, a<br \/>\navut dou\u0103 nominaliz\u0103ri e\u0219uate de premier, desemnarea lui Tomac, respectiv Adrian Ve\u0219tea, care sunt e\u0219ecuri contorizate \u00een dreptul s\u0103u.<br \/>\nDesemnarea lui Ve\u0219tea a creat o polarizare mare \u00eentre Nicu\u0219or Dan<br \/>\n\u0219i premierul Ilie Bolojan. O mare parte, poate ceea mai mare parte dintre fanii s\u0103i \u00eel prefer\u0103 acum pe Bolojan \u0219i \u00eel critic\u0103 pe Nicu\u0219or Dan. Deci pre\u0219edintele, de\u0219i nu se afl\u0103 \u00eentr-o situa\u021bie dramatic\u0103, nu este nici \u00een cea mai bun\u0103 postur\u0103.<\/p>\n<p><\/main><\/p>\n<footer class=\"svelte-x63bga\">\n<div class=\"related-wrap related-footer svelte-78g0vl\"><span class=\"related-label svelte-78g0vl\">Cite\u0219te \u0219i<\/span><a class=\"related svelte-78g0vl\" data-gtrack=\"{&quot;event&quot;:&quot;utm_click&quot;,&quot;data&quot;:{&quot;event_category&quot;:&quot;article_related&quot;}}\" href=\"https:\/\/adevarul.ro\/securitate-si-aparare\/atacul-cu-drone-din-germania-parte-din-noua-2553605.html\" title=\"Alt articol de interes pentru tine\"><img decoding=\"async\" class=\"thumb svelte-78g0vl\" src=\"https:\/\/cdn.adh.reperio.news\/image-5\/5c8c2e76-9531-4145-b1e1-2911de44fa3b\/index.jpeg?p=f%3Dwebp%26w%3D120%26h%3D80%26r%3Dcover%26a%3D0\" alt loading=\"lazy\" width=\"80\" height=\"54\"><span class=\"title svelte-78g0vl\">Atacul cu drone din Germania, parte din noua tactic\u0103 a Rusiei. General rom\u00e2n: \u201eSuntem \u00eentr-un pericol latent\u201d<\/span><\/a><\/div>\n<div class=\"meta svelte-x63bga\">\n<div class=\"authors svelte-x63bga\"><span class=\"names svelte-x63bga\"><a href=\"https:\/\/adevarul.ro\/author\/1694\" rel=\"author\" class=\"svelte-x63bga\">\u015etefan Lic\u0103<\/a><\/span><\/p>\n<div class=\"_hydratable\" data-props=\"%7B%22showLive%22%3Atrue%7D\" data-context=\"%7B%22parentBlockColumnCount%22%3A%7B%22value%22%3A0%2C%22type%22%3A%22store%2Freadable%22%7D%2C%22parentBlockBackgroundColor%22%3A%7B%22type%22%3A%22store%2Freadable%22%7D%7D\" data-component=\"ShareButton\">\n<div class=\"shareButtons svelte-itwbrr\">\n<div class=\"liveSessions metaFont svelte-1maxmbf\"><span class=\"value svelte-1maxmbf\">1<\/span> live <\/div>\n<\/div>\n<\/div>\n<\/div>\n<div class=\"tags svelte-1l3vwp1\"><span class=\"tags-label metaFont svelte-1l3vwp1\">Cite\u0219te mai multe despre<\/span><\/p>\n<div class=\"tags-list svelte-1l3vwp1\"><a href=\"https:\/\/adevarul.ro\/tag\/psd\" title=\"Ultimele \u0219tiri despre psd\" class=\"tag-pill svelte-1l3vwp1\">psd<\/a><a href=\"https:\/\/adevarul.ro\/tag\/pnl\" title=\"Ultimele \u0219tiri despre pnl\" class=\"tag-pill svelte-1l3vwp1\">pnl<\/a><a href=\"https:\/\/adevarul.ro\/tag\/guvern\" title=\"Ultimele \u0219tiri despre guvern\" class=\"tag-pill svelte-1l3vwp1\">guvern<\/a><a href=\"https:\/\/adevarul.ro\/tag\/nicusor%20dan\" title=\"Ultimele \u0219tiri despre nicusor dan\" class=\"tag-pill svelte-1l3vwp1\">nicusor dan<\/a><a href=\"https:\/\/adevarul.ro\/tag\/interviu\" title=\"Ultimele \u0219tiri despre interviu\" class=\"tag-pill svelte-1l3vwp1\">interviu<\/a><a href=\"https:\/\/adevarul.ro\/tag\/usr\" title=\"Ultimele \u0219tiri despre usr\" class=\"tag-pill svelte-1l3vwp1\">usr<\/a><a href=\"https:\/\/adevarul.ro\/tag\/aur\" title=\"Ultimele \u0219tiri despre aur\" class=\"tag-pill svelte-1l3vwp1\">aur<\/a><a href=\"https:\/\/adevarul.ro\/tag\/ilie%20bolojan\" title=\"Ultimele \u0219tiri despre ilie bolojan\" class=\"tag-pill svelte-1l3vwp1\">ilie bolojan<\/a><a href=\"https:\/\/adevarul.ro\/tag\/analiza\" title=\"Ultimele \u0219tiri despre analiza\" class=\"tag-pill svelte-1l3vwp1\">analiza<\/a><a href=\"https:\/\/adevarul.ro\/tag\/exclusiv\" title=\"Ultimele \u0219tiri despre exclusiv\" class=\"tag-pill svelte-1l3vwp1\">exclusiv<\/a><a href=\"https:\/\/adevarul.ro\/tag\/criza%20politica%202026\" title=\"Ultimele \u0219tiri despre criza politica 2026\" class=\"tag-pill svelte-1l3vwp1\">criza politica 2026<\/a><a href=\"https:\/\/adevarul.ro\/tag\/cotroceni\" title=\"Ultimele \u0219tiri despre cotroceni\" class=\"tag-pill svelte-1l3vwp1\">cotroceni<\/a><a href=\"https:\/\/adevarul.ro\/tag\/negocieri%20guvern\" title=\"Ultimele \u0219tiri despre negocieri guvern\" class=\"tag-pill svelte-1l3vwp1\">negocieri guvern<\/a><a href=\"https:\/\/adevarul.ro\/tag\/guvern%20tehnocrat\" title=\"Ultimele \u0219tiri despre guvern tehnocrat\" class=\"tag-pill svelte-1l3vwp1\">guvern tehnocrat<\/a><a href=\"https:\/\/adevarul.ro\/tag\/costin%20ciobanu\" title=\"Ultimele \u0219tiri despre costin ciobanu\" class=\"tag-pill svelte-1l3vwp1\">costin ciobanu<\/a><\/div>\n<\/div>\n<\/div>\n<p><a class=\"moreFromCategory svelte-x63bga\" href=\"https:\/\/adevarul.ro\/stiri-interne\/evenimente\" title=\"Evenimente\">Mai multe din <strong class=\"svelte-x63bga\">Evenimente<\/strong> \u203a<\/a><\/footer>\n<\/article>\n<p>[analyse_source url=&#8221;https:\/\/adevarul.ro\/stiri-interne\/evenimente\/solutia-pentru-deblocarea-crizei-politice-guvern-2553698.html&#8221;]<\/p>\n","protected":false},"excerpt":{"rendered":"<p>[analyse_image type=&#8221;featured&#8221; src=&#8221;https:\/\/cdn.adh.reperio.news\/image-3\/3d73eb7b-6d9b-4ce8-bc31-efc464538dcc\/index.jpeg?p=f%3Djpeg%26w%3D1200%26h%3D630%26r%3Dcover&#8221;] Home \u0218tiri Interne Evenimente Solu\u021bia pentru deblocarea crizei politice: guvern de armisti\u021biu. Ce mutare poate face Nicu\u0219or Dan \u00een septembrie Au trecut mai bine de patru luni de la c\u0103derea Guvernului Bolojan, iar Rom\u00e2nia r\u0103m\u00e2ne blocat\u0103. Politologul Costin Ciobanu (Universitatea Aarhus) explic\u0103 scenariul realist prin care Nicu\u0219or Dan poate debloca situa\u021bia din [&hellip;]<\/p>\n","protected":false},"author":1,"featured_media":0,"comment_status":"open","ping_status":"","sticky":false,"template":"","format":"standard","meta":{"footnotes":""},"categories":[89],"tags":[19,226],"class_list":["post-2127046","post","type-post","status-publish","format-standard","hentry","category-romania","tag-adevarul","tag-crawlmanager"],"_links":{"self":[{"href":"https:\/\/analyse.optim.biz\/index.php?rest_route=\/wp\/v2\/posts\/2127046","targetHints":{"allow":["GET"]}}],"collection":[{"href":"https:\/\/analyse.optim.biz\/index.php?rest_route=\/wp\/v2\/posts"}],"about":[{"href":"https:\/\/analyse.optim.biz\/index.php?rest_route=\/wp\/v2\/types\/post"}],"author":[{"embeddable":true,"href":"https:\/\/analyse.optim.biz\/index.php?rest_route=\/wp\/v2\/users\/1"}],"replies":[{"embeddable":true,"href":"https:\/\/analyse.optim.biz\/index.php?rest_route=%2Fwp%2Fv2%2Fcomments&post=2127046"}],"version-history":[{"count":0,"href":"https:\/\/analyse.optim.biz\/index.php?rest_route=\/wp\/v2\/posts\/2127046\/revisions"}],"wp:attachment":[{"href":"https:\/\/analyse.optim.biz\/index.php?rest_route=%2Fwp%2Fv2%2Fmedia&parent=2127046"}],"wp:term":[{"taxonomy":"category","embeddable":true,"href":"https:\/\/analyse.optim.biz\/index.php?rest_route=%2Fwp%2Fv2%2Fcategories&post=2127046"},{"taxonomy":"post_tag","embeddable":true,"href":"https:\/\/analyse.optim.biz\/index.php?rest_route=%2Fwp%2Fv2%2Ftags&post=2127046"}],"curies":[{"name":"wp","href":"https:\/\/api.w.org\/{rel}","templated":true}]}}