{"id":2127045,"date":"2026-09-02T21:26:47","date_gmt":"2026-09-02T18:26:47","guid":{"rendered":"https:\/\/analyse.optim.biz\/?p=2127045"},"modified":"2026-09-02T21:26:47","modified_gmt":"2026-09-02T18:26:47","slug":"ambasadorul-rusiei-convocat-la-mae-dupa-atacul-cu-drone-de-la-leipzig-romania-isi-exprima-solidaritatea","status":"publish","type":"post","link":"https:\/\/analyse.optim.biz\/?p=2127045","title":{"rendered":"Ambasadorul Rusiei, convocat la MAE dup\u0103 atacul cu drone de la Leipzig. Rom\u00e2nia \u00ee\u0219i exprim\u0103 solidaritatea&#8230;"},"content":{"rendered":"<p>[analyse_image type=&#8221;featured&#8221; src=&#8221;https:\/\/cdn.adh.reperio.news\/image-0\/0aad9254-02ba-4061-a64e-a07bdbb58006\/index.jpeg?p=f%3Djpeg%26w%3D1200%26h%3D630%26r%3Dcover&#8221;]<\/p>\n<article class=\"svelte-x63bga\">\n<nav>\n<ul class=\"breadcrump svelte-1pk9a69\">\n<li class=\"svelte-1pk9a69\"><a href=\"https:\/\/adevarul.ro\/\" title=\"Adev\u0103rul\" class=\"svelte-1pk9a69\">Home<\/a><\/li>\n<li class=\"svelte-1pk9a69\"><a href=\"https:\/\/adevarul.ro\/stiri-interne\" class=\"svelte-1pk9a69\">\u0218tiri Interne<\/a><\/li>\n<li class=\"svelte-1pk9a69\"><a href=\"https:\/\/adevarul.ro\/stiri-interne\/evenimente\" class=\"svelte-1pk9a69\">Evenimente<\/a><\/li>\n<li class=\"svelte-1pk9a69\"><a href=\"https:\/\/adevarul.ro\/stiri-interne\/evenimente\/ambasadorul-rusiei-convocat-la-mae-dupa-atacul-cu-2553769.html\" class=\"svelte-1pk9a69\">Ambasadorul Rusiei, convocat la MAE dup\u0103 atacul cu drone de la Leipzig. Rom\u00e2nia \u00ee\u0219i exprim\u0103 solidaritatea cu Germania<\/a><\/li>\n<\/ul>\n<\/nav>\n<p><main class=\"svelte-x63bga\"><\/p>\n<p>Ambasadorul Rusiei la Bucure\u0219ti a fost convocat la Ministerul Afacerilor Externe, \u00een contextul reac\u021biilor interna\u021bionale dup\u0103\u00a0<a href=\"https:\/\/adevarul.ro\/stiri-externe\/europa\/doi-suspecti-cu-pasapoarte-rusesti-identificati-2553752.html\">atacul cu drone de la Leipzig,<\/a>\u00a0atribuit oficial de Germania Moscovei.<\/p>\n<div class=\"container-image  svelte-1xbw4f3\"><source type=\"image\/webp\" srcset=\"https:\/\/cdn.adh.reperio.news\/image-0\/0aad9254-02ba-4061-a64e-a07bdbb58006\/index.jpeg?p=a%3D1%26co%3D1.05%26w%3D1400%26h%3D750%26r%3Dcontain%26f%3Dwebp 1400w\" media=\"(min-width: 1400px)\" \/><\/p>\n<div class=\"caption svelte-1xbw4f3\"><span class=\"captionText svelte-1xbw4f3\"> Vladimir Lipaev, ambasadorul Rusiei \u00een Rom\u00e2nia.   <span class=\"source svelte-1xbw4f3\">Foto: Facebook<\/span><\/span><\/div>\n<\/div>\n<p>Ministrul de Externe, Oana \u021aoiu, a anun\u021bat c\u0103 Rom\u00e2nia ac\u021bioneaz\u0103 coordonat \u0219i ferm, \u00een calitate de stat membru al Uniunii Europene \u0219i NATO, dup\u0103 ce autorit\u0103\u021bile germane au stabilit c\u0103 Rusia se afl\u0103 \u00een spatele atacului \u0219i au convocat, la r\u00e2ndul lor, ambasadorul rus la Berlin, potrivit\u00a0<a href=\"https:\/\/tvrinfo.ro\/ambasadorul-rus-la-bucuresti-convocat-la-mae-in-contextul-atacului-cu-drone-de-la-leipzig\/\" rel=\"nofollow\">TVR Info.<\/a><\/p>\n<p>\u0218efa diploma\u021biei rom\u00e2ne a transmis c\u0103 Bucure\u0219tiul este solidar cu Germania, dar \u0219i cu celelalte state care au fost \u021binta unor ac\u021biuni hibride, ingerin\u021be sau provoc\u0103ri atribuite Rusiei, Rom\u00e2nia fiind, la r\u00e2ndul s\u0103u, vizat\u0103 de astfel de ac\u021biuni.<\/p>\n<p><a href=\"https:\/\/adevarul.ro\/stiri-externe\/rusia\/moscova-reactioneaza-dupa-represaliile-berlinului-2553683.html\">Germania a acuzat oficial Rusia pentru atacul cu dron\u0103 produs la aeroportul din apropierea ora\u0219ului Leipzig.\u00a0<\/a>Moscova a respins acuza\u021biile. \u00cen schimb, fostul pre\u0219edinte rus Dmitri Medvedev a lansat amenin\u021b\u0103ri la adresa Germaniei, afirm\u00e2nd c\u0103 ar putea fi vizate fabrici militare \u0219i alte obiective din Berlin.<\/p>\n<p>Convocarea ambasadorului rus la Bucure\u0219ti are loc \u00een contextul \u00een care statele europene \u00ee\u0219i coordoneaz\u0103 reac\u021biile fa\u021b\u0103 de ac\u021biunile hibride atribuite Moscovei.<\/p>\n<p><\/main><\/p>\n<footer class=\"svelte-x63bga\">\n<div class=\"related-wrap related-footer svelte-78g0vl\"><span class=\"related-label svelte-78g0vl\">Cite\u0219te \u0219i<\/span><a class=\"related svelte-78g0vl\" data-gtrack=\"{&quot;event&quot;:&quot;utm_click&quot;,&quot;data&quot;:{&quot;event_category&quot;:&quot;article_related&quot;}}\" href=\"https:\/\/adevarul.ro\/stiri-interne\/evenimente\/consulul-rus-de-la-constanta-are-72-de-ore-sa-2533163.html\" title=\"Alt articol de interes pentru tine\"><img decoding=\"async\" class=\"thumb svelte-78g0vl\" src=\"https:\/\/cdn.adh.reperio.news\/image-b\/b13cede2-de4e-4944-9b28-46d34a6ccaf7\/index.png?p=f%3Dwebp%26w%3D120%26h%3D80%26r%3Dcover%26a%3D0\" alt loading=\"lazy\" width=\"80\" height=\"54\"><span class=\"title svelte-78g0vl\">Consulul rus de la Constan\u021ba are 72 de ore s\u0103 plece din Rom\u00e2nia, dup\u0103 incidentul dronei de la Gala\u021bi. MAE: \u201eEste de o gravitate f\u0103r\u0103 precedent\u201d<\/span><\/a><a class=\"related svelte-78g0vl\" data-gtrack=\"{&quot;event&quot;:&quot;utm_click&quot;,&quot;data&quot;:{&quot;event_category&quot;:&quot;article_related&quot;}}\" href=\"https:\/\/adevarul.ro\/stiri-externe\/rusia\/moscova-reactioneaza-dupa-represaliile-berlinului-2553683.html\" title=\"Alt articol de interes pentru tine\"><img decoding=\"async\" class=\"thumb svelte-78g0vl\" src=\"https:\/\/cdn.adh.reperio.news\/image-3\/37dbafba-69e0-47c2-9be1-ac675d25e46d\/index.png?p=f%3Dwebp%26w%3D120%26h%3D80%26r%3Dcover%26a%3D0\" alt loading=\"lazy\" width=\"80\" height=\"54\"><span class=\"title svelte-78g0vl\">Moscova reac\u021bioneaz\u0103 dup\u0103 represaliile Berlinului: diplomatul german a fost convocat la Ministerul rus de Externe<\/span><\/a><a class=\"related svelte-78g0vl\" data-gtrack=\"{&quot;event&quot;:&quot;utm_click&quot;,&quot;data&quot;:{&quot;event_category&quot;:&quot;article_related&quot;}}\" href=\"https:\/\/adevarul.ro\/stiri-externe\/europa\/doi-suspecti-cu-pasapoarte-rusesti-identificati-2553752.html\" title=\"Alt articol de interes pentru tine\"><img decoding=\"async\" class=\"thumb svelte-78g0vl\" src=\"https:\/\/cdn.adh.reperio.news\/image-7\/7474278e-1b26-4e3e-87e2-7e1676ecb1f7\/index.jpeg?p=f%3Dwebp%26w%3D120%26h%3D80%26r%3Dcover%26a%3D0\" alt loading=\"lazy\" width=\"80\" height=\"54\"><span class=\"title svelte-78g0vl\">Doi suspec\u021bi cu pa\u0219apoarte ruse\u0219ti, identifica\u021bi dup\u0103 ADN \u00een cazul dronei cu explozibili de la aeroportul din Leipzig<\/span><\/a><\/div>\n<div class=\"meta svelte-x63bga\">\n<div class=\"authors svelte-x63bga\"><span class=\"names svelte-x63bga\"><a href=\"https:\/\/adevarul.ro\/author\/1899\" rel=\"author\" class=\"svelte-x63bga\">Maria \u0162aga<\/a><\/span><\/p>\n<div class=\"_hydratable\" data-props=\"%7B%22showLive%22%3Atrue%7D\" data-context=\"%7B%22parentBlockColumnCount%22%3A%7B%22value%22%3A0%2C%22type%22%3A%22store%2Freadable%22%7D%2C%22parentBlockBackgroundColor%22%3A%7B%22type%22%3A%22store%2Freadable%22%7D%7D\" data-component=\"ShareButton\">\n<div class=\"shareButtons svelte-itwbrr\">\n<div class=\"liveSessions metaFont svelte-1maxmbf\"><span class=\"value svelte-1maxmbf\">1<\/span> live <\/div>\n<\/div>\n<\/div>\n<\/div>\n<div class=\"tags svelte-1l3vwp1\"><span class=\"tags-label metaFont svelte-1l3vwp1\">Cite\u0219te mai multe despre<\/span><\/p>\n<div class=\"tags-list svelte-1l3vwp1\"><a href=\"https:\/\/adevarul.ro\/tag\/mae\" title=\"Ultimele \u0219tiri despre mae\" class=\"tag-pill svelte-1l3vwp1\">mae<\/a><a href=\"https:\/\/adevarul.ro\/tag\/ambasadorul%20rusiei\" title=\"Ultimele \u0219tiri despre ambasadorul rusiei\" class=\"tag-pill svelte-1l3vwp1\">ambasadorul rusiei<\/a><a href=\"https:\/\/adevarul.ro\/tag\/ambasadorul%20rusiei%20la%20bucuresti\" title=\"Ultimele \u0219tiri despre ambasadorul rusiei la bucuresti\" class=\"tag-pill svelte-1l3vwp1\">ambasadorul rusiei la bucuresti<\/a><\/div>\n<\/div>\n<\/div>\n<p><a class=\"moreFromCategory svelte-x63bga\" href=\"https:\/\/adevarul.ro\/stiri-interne\/evenimente\" title=\"Evenimente\">Mai multe din <strong class=\"svelte-x63bga\">Evenimente<\/strong> \u203a<\/a><\/footer>\n<\/article>\n<p>[analyse_source url=&#8221;https:\/\/adevarul.ro\/stiri-interne\/evenimente\/ambasadorul-rusiei-convocat-la-mae-dupa-atacul-cu-2553769.html&#8221;]<\/p>\n","protected":false},"excerpt":{"rendered":"<p>[analyse_image type=&#8221;featured&#8221; src=&#8221;https:\/\/cdn.adh.reperio.news\/image-0\/0aad9254-02ba-4061-a64e-a07bdbb58006\/index.jpeg?p=f%3Djpeg%26w%3D1200%26h%3D630%26r%3Dcover&#8221;] Home \u0218tiri Interne Evenimente Ambasadorul Rusiei, convocat la MAE dup\u0103 atacul cu drone de la Leipzig. Rom\u00e2nia \u00ee\u0219i exprim\u0103 solidaritatea cu Germania Ambasadorul Rusiei la Bucure\u0219ti a fost convocat la Ministerul Afacerilor Externe, \u00een contextul reac\u021biilor interna\u021bionale dup\u0103\u00a0atacul cu drone de la Leipzig,\u00a0atribuit oficial de Germania Moscovei. Vladimir Lipaev, ambasadorul Rusiei \u00een [&hellip;]<\/p>\n","protected":false},"author":1,"featured_media":0,"comment_status":"open","ping_status":"","sticky":false,"template":"","format":"standard","meta":{"footnotes":""},"categories":[89],"tags":[19,226],"class_list":["post-2127045","post","type-post","status-publish","format-standard","hentry","category-romania","tag-adevarul","tag-crawlmanager"],"_links":{"self":[{"href":"https:\/\/analyse.optim.biz\/index.php?rest_route=\/wp\/v2\/posts\/2127045","targetHints":{"allow":["GET"]}}],"collection":[{"href":"https:\/\/analyse.optim.biz\/index.php?rest_route=\/wp\/v2\/posts"}],"about":[{"href":"https:\/\/analyse.optim.biz\/index.php?rest_route=\/wp\/v2\/types\/post"}],"author":[{"embeddable":true,"href":"https:\/\/analyse.optim.biz\/index.php?rest_route=\/wp\/v2\/users\/1"}],"replies":[{"embeddable":true,"href":"https:\/\/analyse.optim.biz\/index.php?rest_route=%2Fwp%2Fv2%2Fcomments&post=2127045"}],"version-history":[{"count":0,"href":"https:\/\/analyse.optim.biz\/index.php?rest_route=\/wp\/v2\/posts\/2127045\/revisions"}],"wp:attachment":[{"href":"https:\/\/analyse.optim.biz\/index.php?rest_route=%2Fwp%2Fv2%2Fmedia&parent=2127045"}],"wp:term":[{"taxonomy":"category","embeddable":true,"href":"https:\/\/analyse.optim.biz\/index.php?rest_route=%2Fwp%2Fv2%2Fcategories&post=2127045"},{"taxonomy":"post_tag","embeddable":true,"href":"https:\/\/analyse.optim.biz\/index.php?rest_route=%2Fwp%2Fv2%2Ftags&post=2127045"}],"curies":[{"name":"wp","href":"https:\/\/api.w.org\/{rel}","templated":true}]}}