{"id":2127044,"date":"2026-09-02T21:19:31","date_gmt":"2026-09-02T18:19:31","guid":{"rendered":"https:\/\/analyse.optim.biz\/?p=2127044"},"modified":"2026-09-02T21:19:31","modified_gmt":"2026-09-02T18:19:31","slug":"a-intrat-in-vigoare-acordul-de-pensii-dintre-romania-si-sua-ce-se-intampla-cu-anii-munciti-in-cele-doua-tari","status":"publish","type":"post","link":"https:\/\/analyse.optim.biz\/?p=2127044","title":{"rendered":"A intrat \u00een vigoare acordul de pensii dintre Rom\u00e2nia \u0219i SUA. Ce se \u00eent\u00e2mpl\u0103 cu anii munci\u021bi \u00een cele dou\u0103 \u021b\u0103ri"},"content":{"rendered":"<p>[analyse_image type=&#8221;featured&#8221; src=&#8221;https:\/\/cdn.adh.reperio.news\/image-9\/946adbfe-d62c-4761-92da-0ed251e9e3f3\/index.jpeg?p=f%3Djpeg%26w%3D1200%26h%3D630%26r%3Dcover&#8221;]<\/p>\n<article class=\"svelte-x63bga\">\n<nav>\n<ul class=\"breadcrump svelte-1pk9a69\">\n<li class=\"svelte-1pk9a69\"><a href=\"https:\/\/adevarul.ro\/\" title=\"Adev\u0103rul\" class=\"svelte-1pk9a69\">Home<\/a><\/li>\n<li class=\"svelte-1pk9a69\"><a href=\"https:\/\/adevarul.ro\/stiri-interne\" class=\"svelte-1pk9a69\">\u0218tiri Interne<\/a><\/li>\n<li class=\"svelte-1pk9a69\"><a href=\"https:\/\/adevarul.ro\/stiri-interne\/evenimente\" class=\"svelte-1pk9a69\">Evenimente<\/a><\/li>\n<li class=\"svelte-1pk9a69\"><a href=\"https:\/\/adevarul.ro\/stiri-interne\/evenimente\/a-intrat-in-vigoare-acordul-de-pensii-dintre-2553768.html\" class=\"svelte-1pk9a69\">A intrat \u00een vigoare acordul de pensii dintre Rom\u00e2nia \u0219i SUA. Ce se \u00eent\u00e2mpl\u0103 cu anii munci\u021bi \u00een cele dou\u0103 \u021b\u0103ri<\/a><\/li>\n<\/ul>\n<\/nav>\n<p><main class=\"svelte-x63bga\"><\/p>\n<p><a href=\"https:\/\/adevarul.ro\/economie\/acordul-privind-vechimea-cumulata-la-pensie-in-2531443.html\">Rom\u00e2nii \u0219i americanii care au lucrat \u00een Rom\u00e2nia \u0219i Statele Unite pot beneficia, \u00eencep\u00e2nd cu 1 septembrie, de prevederile Acordului de securitate social\u0103 dintre cele dou\u0103 \u021b\u0103<\/a>ri. Documentul permite, \u00een anumite condi\u021bii, ca perioadele de contribu\u021bie realizate \u00een cele dou\u0103 state s\u0103 fie luate \u00een calcul pentru stabilirea dreptului la pensie.<\/p>\n<div class=\"container-image  svelte-1xbw4f3\"><source type=\"image\/webp\" srcset=\"https:\/\/cdn.adh.reperio.news\/image-9\/946adbfe-d62c-4761-92da-0ed251e9e3f3\/index.jpeg?p=a%3D1%26co%3D1.05%26w%3D1400%26h%3D750%26r%3Dcontain%26f%3Dwebp 1400w\" media=\"(min-width: 1400px)\" \/><\/p>\n<div class=\"caption svelte-1xbw4f3\"><span class=\"captionText svelte-1xbw4f3\">Cum pot fi ob\u021binute pensiile din ambele \u021b\u0103ri <span class=\"source svelte-1xbw4f3\">Foto: Shutterstock<\/span><\/span><\/div>\n<\/div>\n<p>Acordul nu \u00eenseamn\u0103 \u00eens\u0103 c\u0103 anii de vechime din Rom\u00e2nia \u0219i SUA se adun\u0103 \u00eentr-un singur stagiu de cotizare. Fiecare stat calculeaz\u0103 \u0219i pl\u0103te\u0219te separat pensia aferent\u0103 perioadelor \u00een care persoana a contribuit la sistemul s\u0103u de asigur\u0103ri sociale.<\/p>\n<p>De exemplu, o persoan\u0103 care a lucrat 15 ani \u00een Rom\u00e2nia \u0219i 13 ani \u00een Statele Unite nu va avea o pensie calculat\u0103 ca pentru 28 de ani de contribu\u021bii \u00eentr-un singur sistem.<\/p>\n<p><i>\u201eDac\u0103 o persoan\u0103 care a lucrat 15 ani \u00een Rom\u00e2nia \u0219i 13 \u00een SUA, pensia persoanei nu se va calcula lu\u00e2nd ca baz\u0103 num\u0103rul de 28 de ani de pensie total\u0103, din Rom\u00e2nia \u0219i America\u201d<\/i>, explic\u0103 avocatul Alexandru Cr\u0103ciunescu, avocat licen\u021biat \u00een Statele Unite \u0219i Rom\u00e2nia pentru\u00a0<a href=\"https:\/\/tvrinfo.ro\/veste-uriasa-pentru-romanii-care-au-muncit-in-romania-si-sua-acordul-de-securitate-sociala-intra-in-vigoare-cum-pot-fi-obtinute-pensiile-din-ambele-tarisua-pensii\/\" rel=\"nofollow\">TVR Info.\u00a0<\/a><\/p>\n<p>Acordul poate deveni \u00eens\u0103 esen\u021bial pentru persoanele care nu ating, separat, perioada minim\u0103 necesar\u0103 pentru a primi pensie \u00eentr-una dintre cele dou\u0103 \u021b\u0103ri.<\/p>\n<p>\u00cen Rom\u00e2nia, stagiul minim de cotizare este de 15 ani, \u00een timp ce \u00een Statele Unite este necesar\u0103 o perioad\u0103 de cel pu\u021bin 10 ani pentru \u00eendeplinirea condi\u021biilor relevante.<\/p>\n<p><i>\u201eDac\u0103 lu\u0103m un alt exemplu al unei persoane care a lucrat 12 ani \u00een Rom\u00e2nia \u0219i 8 ani \u00een America, persoana nu se calific\u0103 pentru pensie \u00een niciunul dintre state. Aici intervine acordul de totalizare, care ajut\u0103 persoana s\u0103 primeasc\u0103 pensie \u0219i din Statele Unite, \u0219i din Rom\u00e2nia\u201d,<\/i> precizeaz\u0103 Alexandru Cr\u0103ciunescu.<\/p>\n<p>Un alt efect important al acordului vizeaz\u0103 contribu\u021biile sociale. \u00cen anumite situa\u021bii, atunci c\u00e2nd un angajat este trimis temporar s\u0103 lucreze \u00een cealalt\u0103 \u021bar\u0103, regulile stabilite prin acord pot evita plata contribu\u021biilor pentru aceea\u0219i activitate \u00een ambele sisteme.<\/p>\n<p>Pentru comunitatea rom\u00e2neasc\u0103 din Statele Unite, intrarea \u00een vigoare a acordului reprezint\u0103 finalizarea unui demers a\u0219teptat de mai bine de zece ani. Documentul nu presupune \u00eens\u0103 c\u0103 toate perioadele lucrate \u00een Rom\u00e2nia \u0219i SUA vor fi transformate automat \u00eentr-un singur stagiu de cotizare.<\/p>\n<p><\/main><\/p>\n<footer class=\"svelte-x63bga\">\n<div class=\"related-wrap related-footer svelte-78g0vl\"><span class=\"related-label svelte-78g0vl\">Cite\u0219te \u0219i<\/span><a class=\"related svelte-78g0vl\" data-gtrack=\"{&quot;event&quot;:&quot;utm_click&quot;,&quot;data&quot;:{&quot;event_category&quot;:&quot;article_related&quot;}}\" href=\"https:\/\/adevarul.ro\/stiri-externe\/rusia\/vladimir-putin-spune-ca-donald-trump-a-confirmat-1749286.html\" title=\"Alt articol de interes pentru tine\"><img decoding=\"async\" class=\"thumb svelte-78g0vl\" src=\"https:\/\/cdn.adh.reperio.news\/image-6\/69b309e3-7071-4b63-8e08-ef3c1e0551bb\/index.png?p=f%3Dwebp%26w%3D120%26h%3D80%26r%3Dcover%26a%3D0\" alt loading=\"lazy\" width=\"80\" height=\"54\"><span class=\"title svelte-78g0vl\">Vladimir Putin<br \/>\nspune c\u0103 Donald Trump a confirmat c\u0103 dore\u015fte s\u0103 \u00eembun\u0103t\u0103\u0163easc\u0103 rela\u0163iile ruso-americane<\/span><\/a><a class=\"related svelte-78g0vl\" data-gtrack=\"{&quot;event&quot;:&quot;utm_click&quot;,&quot;data&quot;:{&quot;event_category&quot;:&quot;article_related&quot;}}\" href=\"https:\/\/adevarul.ro\/stiri-interne\/evenimente\/oana-toiu-romanii-care-au-muncit-in-sua-isi-vor-2530698.html\" title=\"Alt articol de interes pentru tine\"><img decoding=\"async\" class=\"thumb svelte-78g0vl\" src=\"https:\/\/cdn.adh.reperio.news\/image-4\/4b3be1a0-5a2c-4028-95e3-55b93ee6f0d5\/index.jpeg?p=f%3Dwebp%26w%3D120%26h%3D80%26r%3Dcover%26a%3D0\" alt loading=\"lazy\" width=\"80\" height=\"54\"><span class=\"title svelte-78g0vl\">Oana \u021aoiu: Rom\u00e2nii care au muncit \u00een SUA \u00ee\u0219i vor putea cumula anii de contribu\u021bie la pensie \u00eencep\u00e2nd de la 1 septembrie. Mesaj despre viitorul Guvern<\/span><\/a><a class=\"related svelte-78g0vl\" data-gtrack=\"{&quot;event&quot;:&quot;utm_click&quot;,&quot;data&quot;:{&quot;event_category&quot;:&quot;article_related&quot;}}\" href=\"https:\/\/adevarul.ro\/economie\/acordul-privind-vechimea-cumulata-la-pensie-in-2531443.html\" title=\"Alt articol de interes pentru tine\"><img decoding=\"async\" class=\"thumb svelte-78g0vl\" src=\"https:\/\/cdn.adh.reperio.news\/image-7\/7a83d270-4ce3-4660-ae7e-82066623acde\/index.png?p=f%3Dwebp%26w%3D120%26h%3D80%26r%3Dcover%26a%3D0\" alt loading=\"lazy\" width=\"80\" height=\"54\"><span class=\"title svelte-78g0vl\">Acordul privind vechimea cumulat\u0103 la pensie \u00een Rom\u00e2nia \u0219i SUA intr\u0103 \u00een vigoare de la 1 septembrie<\/span><\/a><\/div>\n<div class=\"meta svelte-x63bga\">\n<div class=\"authors svelte-x63bga\"><span class=\"names svelte-x63bga\"><a href=\"https:\/\/adevarul.ro\/author\/1899\" rel=\"author\" class=\"svelte-x63bga\">Maria \u0162aga<\/a><\/span><\/p>\n<div class=\"_hydratable\" data-props=\"%7B%22showLive%22%3Atrue%7D\" data-context=\"%7B%22parentBlockColumnCount%22%3A%7B%22value%22%3A0%2C%22type%22%3A%22store%2Freadable%22%7D%2C%22parentBlockBackgroundColor%22%3A%7B%22type%22%3A%22store%2Freadable%22%7D%7D\" data-component=\"ShareButton\">\n<div class=\"shareButtons svelte-itwbrr\">\n<div class=\"liveSessions metaFont svelte-1maxmbf\"><span class=\"value svelte-1maxmbf\">1<\/span> live <\/div>\n<\/div>\n<\/div>\n<\/div>\n<div class=\"tags svelte-1l3vwp1\"><span class=\"tags-label metaFont svelte-1l3vwp1\">Cite\u0219te mai multe despre<\/span><\/p>\n<div class=\"tags-list svelte-1l3vwp1\"><a href=\"https:\/\/adevarul.ro\/tag\/sua\" title=\"Ultimele \u0219tiri despre sua\" class=\"tag-pill svelte-1l3vwp1\">sua<\/a><a href=\"https:\/\/adevarul.ro\/tag\/pensie\" title=\"Ultimele \u0219tiri despre pensie\" class=\"tag-pill svelte-1l3vwp1\">pensie<\/a><a href=\"https:\/\/adevarul.ro\/tag\/sistem%20de%20pensii\" title=\"Ultimele \u0219tiri despre sistem de pensii\" class=\"tag-pill svelte-1l3vwp1\">sistem de pensii<\/a><a href=\"https:\/\/adevarul.ro\/tag\/sua%20romania\" title=\"Ultimele \u0219tiri despre sua romania\" class=\"tag-pill svelte-1l3vwp1\">sua romania<\/a><\/div>\n<\/div>\n<\/div>\n<p><a class=\"moreFromCategory svelte-x63bga\" href=\"https:\/\/adevarul.ro\/stiri-interne\/evenimente\" title=\"Evenimente\">Mai multe din <strong class=\"svelte-x63bga\">Evenimente<\/strong> \u203a<\/a><\/footer>\n<\/article>\n<p>[analyse_source url=&#8221;https:\/\/adevarul.ro\/stiri-interne\/evenimente\/a-intrat-in-vigoare-acordul-de-pensii-dintre-2553768.html&#8221;]<\/p>\n","protected":false},"excerpt":{"rendered":"<p>[analyse_image type=&#8221;featured&#8221; src=&#8221;https:\/\/cdn.adh.reperio.news\/image-9\/946adbfe-d62c-4761-92da-0ed251e9e3f3\/index.jpeg?p=f%3Djpeg%26w%3D1200%26h%3D630%26r%3Dcover&#8221;] Home \u0218tiri Interne Evenimente A intrat \u00een vigoare acordul de pensii dintre Rom\u00e2nia \u0219i SUA. Ce se \u00eent\u00e2mpl\u0103 cu anii munci\u021bi \u00een cele dou\u0103 \u021b\u0103ri Rom\u00e2nii \u0219i americanii care au lucrat \u00een Rom\u00e2nia \u0219i Statele Unite pot beneficia, \u00eencep\u00e2nd cu 1 septembrie, de prevederile Acordului de securitate social\u0103 dintre cele dou\u0103 \u021b\u0103ri. [&hellip;]<\/p>\n","protected":false},"author":1,"featured_media":0,"comment_status":"open","ping_status":"","sticky":false,"template":"","format":"standard","meta":{"footnotes":""},"categories":[89],"tags":[19,226],"class_list":["post-2127044","post","type-post","status-publish","format-standard","hentry","category-romania","tag-adevarul","tag-crawlmanager"],"_links":{"self":[{"href":"https:\/\/analyse.optim.biz\/index.php?rest_route=\/wp\/v2\/posts\/2127044","targetHints":{"allow":["GET"]}}],"collection":[{"href":"https:\/\/analyse.optim.biz\/index.php?rest_route=\/wp\/v2\/posts"}],"about":[{"href":"https:\/\/analyse.optim.biz\/index.php?rest_route=\/wp\/v2\/types\/post"}],"author":[{"embeddable":true,"href":"https:\/\/analyse.optim.biz\/index.php?rest_route=\/wp\/v2\/users\/1"}],"replies":[{"embeddable":true,"href":"https:\/\/analyse.optim.biz\/index.php?rest_route=%2Fwp%2Fv2%2Fcomments&post=2127044"}],"version-history":[{"count":0,"href":"https:\/\/analyse.optim.biz\/index.php?rest_route=\/wp\/v2\/posts\/2127044\/revisions"}],"wp:attachment":[{"href":"https:\/\/analyse.optim.biz\/index.php?rest_route=%2Fwp%2Fv2%2Fmedia&parent=2127044"}],"wp:term":[{"taxonomy":"category","embeddable":true,"href":"https:\/\/analyse.optim.biz\/index.php?rest_route=%2Fwp%2Fv2%2Fcategories&post=2127044"},{"taxonomy":"post_tag","embeddable":true,"href":"https:\/\/analyse.optim.biz\/index.php?rest_route=%2Fwp%2Fv2%2Ftags&post=2127044"}],"curies":[{"name":"wp","href":"https:\/\/api.w.org\/{rel}","templated":true}]}}