{"id":2127041,"date":"2026-09-02T12:37:52","date_gmt":"2026-09-02T09:37:52","guid":{"rendered":"https:\/\/analyse.optim.biz\/?p=2127041"},"modified":"2026-09-02T12:37:52","modified_gmt":"2026-09-02T09:37:52","slug":"senatorii-au-adoptat-proiectul-care-modifica-proba-practica-pentru-permisul-auto-categoria-b-poligonul-nu","status":"publish","type":"post","link":"https:\/\/analyse.optim.biz\/?p=2127041","title":{"rendered":"Senatorii au adoptat proiectul care modific\u0103 proba practic\u0103 pentru permisul auto categoria B. Poligonul nu&#8230;"},"content":{"rendered":"<p>[analyse_image type=&#8221;featured&#8221; src=&#8221;https:\/\/cdn.adh.reperio.news\/image-5\/53087357-a2a7-419c-871f-06338925133f\/index.jpeg?p=f%3Djpeg%26w%3D1200%26h%3D630%26r%3Dcover&#8221;]<\/p>\n<article class=\"svelte-x63bga\">\n<nav>\n<ul class=\"breadcrump svelte-1pk9a69\">\n<li class=\"svelte-1pk9a69\"><a href=\"https:\/\/adevarul.ro\/\" title=\"Adev\u0103rul\" class=\"svelte-1pk9a69\">Home<\/a><\/li>\n<li class=\"svelte-1pk9a69\"><a href=\"https:\/\/adevarul.ro\/stiri-interne\" class=\"svelte-1pk9a69\">\u0218tiri Interne<\/a><\/li>\n<li class=\"svelte-1pk9a69\"><a href=\"https:\/\/adevarul.ro\/stiri-interne\/evenimente\" class=\"svelte-1pk9a69\">Evenimente<\/a><\/li>\n<li class=\"svelte-1pk9a69\"><a href=\"https:\/\/adevarul.ro\/stiri-interne\/evenimente\/senatorii-au-adoptat-proiectul-care-modifica-proba-2553661.html\" class=\"svelte-1pk9a69\">Senatorii au adoptat proiectul care modific\u0103 proba practic\u0103 pentru permisul auto categoria B. Poligonul nu va mai fi reintrodus<\/a><\/li>\n<\/ul>\n<\/nav>\n<p><main class=\"svelte-x63bga\"><\/p>\n<p>Senatul a adoptat miercuri, 2 septembrie, un proiect de lege care modific\u0103 proba practic\u0103 pentru ob\u021binerea permisului auto categoria B. Proiectul merge la Camera Deputa\u021bilor, forul decizional.<\/p>\n<div class=\"container-image  svelte-1xbw4f3\"><source type=\"image\/webp\" srcset=\"https:\/\/cdn.adh.reperio.news\/image-5\/53087357-a2a7-419c-871f-06338925133f\/index.jpeg?p=a%3D1%26co%3D1.05%26w%3D1400%26h%3D750%26r%3Dcontain%26f%3Dwebp 1400w\" media=\"(min-width: 1400px)\" \/><\/p>\n<div class=\"caption svelte-1xbw4f3\"><span class=\"captionText svelte-1xbw4f3\"><span class=\"source svelte-1xbw4f3\">Foto: C\u0103lin Gavrila\u0219<\/span><\/span><\/div>\n<\/div>\n<p>\u00cen urma raportului comisiilor pentru ap\u0103rare, ordine public\u0103 \u0219i siguran\u021b\u0103 na\u021bional\u0103 \u0219i juridic\u0103, prevederea privind introducerea unei probe distincte\u00a0\u00een poligon a fost eliminat\u0103.<\/p>\n<p>Au votat pentru proiect 25 de senatori AUR, \u0219ase de la PIR (Pace &#8211; \u00cent\u00e2i Rom\u00e2nia), 14 de la PNL, 23 de la PSD \u0219i patru senatori neafilia\u021bi. \u00cempotriv\u0103 au votat \u0219apte senatori UDMR, \u00een timp ce 14 senatori USR \u0219i doi neafilia\u021bi s-au ab\u021binut.<\/p>\n<p><i>\u201ePentru ob\u021binerea permisului de conducere categoria B, \u00een cadrul probei practice de conducere pe drumurile publice se verific\u0103 \u00een mod obligatoriu aptitudinile candidatului privind efectuarea manevrelor tehnice de baz\u0103 necesare pentru controlul \u0219i manevrarea \u00een siguran\u021b\u0103 a autovehiculului.<\/i><\/p>\n<p><i>\u00cen cadrul probei practice, candidatul execut\u0103 \u00een mod obligatoriu manevre de deplasare \u00een mar\u0219arier, \u00eentoarcere, parcare \u0219i oprire.<\/i><\/p>\n<p><i>Forma ini\u021bial\u0103 a prezentei ini\u021biative legislative propunea reintroducerea unei probe tehnice distincte \u00een poligon, anterior probei de conducere pe drumurile publice. \u00cen cadrul procesului de analiz\u0103 a ini\u021biativei au fost \u00eens\u0103 eviden\u021biate dificult\u0103\u021bile administrative, logistice \u0219i financiare pe care le-ar putea presupune asigurarea infrastructurii necesare organiz\u0103rii unei asemenea probe la nivel na\u021bional\u201d<\/i>,\u00a0<a href=\"https:\/\/www.senat.ro\/legis\/lista.aspx?nr_cls=L357&amp;an_cls=2026\" rel=\"nofollow\">se arat\u0103 \u00een raportul<\/a>\u00a0comun al Comisiei juridice \u0219i al Comisiei pentru ap\u0103rare, ordine public\u0103 \u0219i siguran\u021b\u0103 na\u021bional\u0103.<\/p>\n<p>Senatorii spun c\u0103 au renun\u021bat la proba separat\u0103 \u00een poligon, deoarece aceasta ar fi presupus costuri \u0219i o infrastructur\u0103 suplimentar\u0103. \u00cen schimb, au decis ca manevrele tehnice s\u0103 fie verificate direct \u00een timpul probei practice pe drumurile publice.<\/p>\n<p><a href=\"https:\/\/adevarul.ro\/stiri-interne\/evenimente\/schimbare-majora-pentru-viitorii-soferi-poligonul-2551815.html\">Ini\u021biatorii spuneau c\u0103 reintroducerea probei \u00een poligon<\/a>\u00a0ar urm\u0103ri cre\u0219terea siguran\u021bei rutiere, evaluarea mai riguroas\u0103 \u0219i standardizat\u0103 a abilit\u0103\u021bilor tehnice ale candida\u021bilor \u0219i reducerea riscului de accidente \u00een primele luni de conducere, printr-o preg\u0103tire mai bun\u0103 a \u0219oferilor.<\/p>\n<p>\u00cen poligon urmau s\u0103 fie testate manevre precum plecarea din ramp\u0103, \u00eentoarcerea \u00een spa\u021biu limitat, mersul \u00eenapoi \u0219i parcarea, iar regulamentul va stabili detaliile probei.<\/p>\n<p>Invitat la\u00a0<a href=\"https:\/\/www.digi24.ro\/stiri\/examenul-auto-se-schimba-de-ce-ar-putea-reveni-proba-in-poligon-pentru-permisul-categoria-b-si-ce-spun-expertii-3918503?fbclid=IwVERTSAT5MjxwZG9mBWV4dG4DYWVtAjEwAHNydGMGYXBwX2lkDDM1MDY4NTUzMTcyOAABHpbgXgefMf4XGOfQl3la67BCsZ7y3e-uN498s78mG9PsLMmCJ0SgDSD1bdOH_aem_ODHFH2re3lcjtsCxT9BqYg&amp;sfnsn=wa\" rel=\"nofollow\">Digi24<\/a>,\u00a0Titi Aur, expert \u00een conducere defensiv\u0103, a spus c\u0103\u00a0<i>\u201eeste nevoie de o astfel de prob\u0103 pentru c\u0103, dup\u0103 cum vedem, \u0219oferii no\u0219tri nu \u0219tiu s\u0103 manevreze ma\u0219ina, pleac\u0103 nepreg\u0103ti\u021bi de \u0219coala de \u0219oferi.\u201d<\/i><\/p>\n<p><i>\u201eDin p\u0103cate, instructorii sunt nevoi\u021bi acum s\u0103 fac\u0103 diferite manevre at\u00e2t c\u00e2t pot \u00een circula\u021bie, deschise, c\u00e2teodat\u0103 chiar \u00eencurc\u00e2nd circula\u021bia, dar nu-\u0219i pot permite s\u0103 le fac\u0103 ca \u00eentr-un poligon specializat\u201d,<\/i>\u00a0adaug\u0103 expertul<i>.<\/i><\/p>\n<p><\/main><\/p>\n<footer class=\"svelte-x63bga\">\n<div class=\"related-wrap related-footer svelte-78g0vl\"><span class=\"related-label svelte-78g0vl\">Cite\u0219te \u0219i<\/span><a class=\"related svelte-78g0vl\" data-gtrack=\"{&quot;event&quot;:&quot;utm_click&quot;,&quot;data&quot;:{&quot;event_category&quot;:&quot;article_related&quot;}}\" href=\"https:\/\/adevarul.ro\/stiri-interne\/societate\/testul-pentru-reducerea-perioadei-de-suspendare-a-2539792.html\" title=\"Alt articol de interes pentru tine\"><img decoding=\"async\" class=\"thumb svelte-78g0vl\" src=\"https:\/\/cdn.adh.reperio.news\/image-d\/d80632eb-d1f2-4d62-b438-835d623ef38b\/index.jpeg?p=f%3Dwebp%26w%3D120%26h%3D80%26r%3Dcover%26a%3D0\" alt loading=\"lazy\" width=\"80\" height=\"54\"><span class=\"title svelte-78g0vl\">Testul pentru reducerea perioadei de suspendare a permisului auto \u00ee\u0219i schimb\u0103 examinatorul. Unde va fi sus\u021binut de la 1 iulie<\/span><\/a><a class=\"related svelte-78g0vl\" data-gtrack=\"{&quot;event&quot;:&quot;utm_click&quot;,&quot;data&quot;:{&quot;event_category&quot;:&quot;article_related&quot;}}\" href=\"https:\/\/adevarul.ro\/stiri-interne\/evenimente\/se-schimba-normele-medicale-pentru-permisul-auto-2546611.html\" title=\"Alt articol de interes pentru tine\"><img decoding=\"async\" class=\"thumb svelte-78g0vl\" src=\"https:\/\/cdn.adh.reperio.news\/image-8\/8e0e543f-fe33-4d15-a933-7847b0c80b44\/index.jpeg?p=f%3Dwebp%26w%3D120%26h%3D80%26r%3Dcover%26a%3D0\" alt loading=\"lazy\" width=\"80\" height=\"54\"><span class=\"title svelte-78g0vl\">Se schimb\u0103 normele medicale pentru permisul auto. Noi criterii pentru vedere, alcool \u0219i droguri<\/span><\/a><a class=\"related svelte-78g0vl\" data-gtrack=\"{&quot;event&quot;:&quot;utm_click&quot;,&quot;data&quot;:{&quot;event_category&quot;:&quot;article_related&quot;}}\" href=\"https:\/\/adevarul.ro\/stil-de-viata\/auto\/controverse-privind-reintroducerea-probei-in-2552525.html\" title=\"Alt articol de interes pentru tine\"><img decoding=\"async\" class=\"thumb svelte-78g0vl\" src=\"https:\/\/cdn.adh.reperio.news\/image-1\/13022bba-b416-4758-bd9b-d4f5bfb55854\/index.jpeg?p=f%3Dwebp%26w%3D120%26h%3D80%26r%3Dcover%26a%3D0\" alt loading=\"lazy\" width=\"80\" height=\"54\"><span class=\"title svelte-78g0vl\">Controverse privind reintroducerea probei \u00een poligon la examenul auto. \u201eEste clar c\u0103 exist\u0103 o lips\u0103 de voin\u021b\u0103\u201d<\/span><\/a><\/div>\n<div class=\"meta svelte-x63bga\">\n<div class=\"authors svelte-x63bga\"><span class=\"names svelte-x63bga\"><a href=\"https:\/\/adevarul.ro\/author\/2070\" rel=\"author\" class=\"svelte-x63bga\">Narcis Ghiurca<\/a><\/span><\/p>\n<div class=\"_hydratable\" data-props=\"%7B%22showLive%22%3Atrue%7D\" data-context=\"%7B%22parentBlockColumnCount%22%3A%7B%22value%22%3A0%2C%22type%22%3A%22store%2Freadable%22%7D%2C%22parentBlockBackgroundColor%22%3A%7B%22type%22%3A%22store%2Freadable%22%7D%7D\" data-component=\"ShareButton\">\n<div class=\"shareButtons svelte-itwbrr\">\n<div class=\"liveSessions metaFont svelte-1maxmbf\"><span class=\"value svelte-1maxmbf\">1<\/span> live <\/div>\n<\/div>\n<\/div>\n<\/div>\n<div class=\"tags svelte-1l3vwp1\"><span class=\"tags-label metaFont svelte-1l3vwp1\">Cite\u0219te mai multe despre<\/span><\/p>\n<div class=\"tags-list svelte-1l3vwp1\"><a href=\"https:\/\/adevarul.ro\/tag\/senat\" title=\"Ultimele \u0219tiri despre senat\" class=\"tag-pill svelte-1l3vwp1\">senat<\/a><a href=\"https:\/\/adevarul.ro\/tag\/proiect%20de%20lege\" title=\"Ultimele \u0219tiri despre proiect de lege\" class=\"tag-pill svelte-1l3vwp1\">proiect de lege<\/a><a href=\"https:\/\/adevarul.ro\/tag\/examen%20permis%20auto\" title=\"Ultimele \u0219tiri despre examen permis auto\" class=\"tag-pill svelte-1l3vwp1\">examen permis auto<\/a><\/div>\n<\/div>\n<\/div>\n<p><a class=\"moreFromCategory svelte-x63bga\" href=\"https:\/\/adevarul.ro\/stiri-interne\/evenimente\" title=\"Evenimente\">Mai multe din <strong class=\"svelte-x63bga\">Evenimente<\/strong> \u203a<\/a><\/footer>\n<\/article>\n<p>[analyse_source url=&#8221;https:\/\/adevarul.ro\/stiri-interne\/evenimente\/senatorii-au-adoptat-proiectul-care-modifica-proba-2553661.html&#8221;]<\/p>\n","protected":false},"excerpt":{"rendered":"<p>[analyse_image type=&#8221;featured&#8221; src=&#8221;https:\/\/cdn.adh.reperio.news\/image-5\/53087357-a2a7-419c-871f-06338925133f\/index.jpeg?p=f%3Djpeg%26w%3D1200%26h%3D630%26r%3Dcover&#8221;] Home \u0218tiri Interne Evenimente Senatorii au adoptat proiectul care modific\u0103 proba practic\u0103 pentru permisul auto categoria B. Poligonul nu va mai fi reintrodus Senatul a adoptat miercuri, 2 septembrie, un proiect de lege care modific\u0103 proba practic\u0103 pentru ob\u021binerea permisului auto categoria B. Proiectul merge la Camera Deputa\u021bilor, forul decizional. Foto: C\u0103lin [&hellip;]<\/p>\n","protected":false},"author":1,"featured_media":0,"comment_status":"open","ping_status":"","sticky":false,"template":"","format":"standard","meta":{"footnotes":""},"categories":[89],"tags":[19,226],"class_list":["post-2127041","post","type-post","status-publish","format-standard","hentry","category-romania","tag-adevarul","tag-crawlmanager"],"_links":{"self":[{"href":"https:\/\/analyse.optim.biz\/index.php?rest_route=\/wp\/v2\/posts\/2127041","targetHints":{"allow":["GET"]}}],"collection":[{"href":"https:\/\/analyse.optim.biz\/index.php?rest_route=\/wp\/v2\/posts"}],"about":[{"href":"https:\/\/analyse.optim.biz\/index.php?rest_route=\/wp\/v2\/types\/post"}],"author":[{"embeddable":true,"href":"https:\/\/analyse.optim.biz\/index.php?rest_route=\/wp\/v2\/users\/1"}],"replies":[{"embeddable":true,"href":"https:\/\/analyse.optim.biz\/index.php?rest_route=%2Fwp%2Fv2%2Fcomments&post=2127041"}],"version-history":[{"count":0,"href":"https:\/\/analyse.optim.biz\/index.php?rest_route=\/wp\/v2\/posts\/2127041\/revisions"}],"wp:attachment":[{"href":"https:\/\/analyse.optim.biz\/index.php?rest_route=%2Fwp%2Fv2%2Fmedia&parent=2127041"}],"wp:term":[{"taxonomy":"category","embeddable":true,"href":"https:\/\/analyse.optim.biz\/index.php?rest_route=%2Fwp%2Fv2%2Fcategories&post=2127041"},{"taxonomy":"post_tag","embeddable":true,"href":"https:\/\/analyse.optim.biz\/index.php?rest_route=%2Fwp%2Fv2%2Ftags&post=2127041"}],"curies":[{"name":"wp","href":"https:\/\/api.w.org\/{rel}","templated":true}]}}