{"id":2127027,"date":"2026-09-03T18:02:00","date_gmt":"2026-09-03T15:02:00","guid":{"rendered":"https:\/\/analyse.optim.biz\/?p=2127027"},"modified":"2026-09-03T18:02:00","modified_gmt":"2026-09-03T15:02:00","slug":"dagoreport-roberto-vannacci-marcia-su-cernobbio-gli-imprenditori-italiani-danno-al-generale","status":"publish","type":"post","link":"https:\/\/analyse.optim.biz\/?p=2127027","title":{"rendered":"Dagoreport \u2013 roberto vannacci marcia su cernobbio: gli imprenditori italiani danno al generale &#8230;"},"content":{"rendered":"<p>[analyse_image type=&#8221;featured&#8221; src=&#8221;https:\/\/static.dagospia.com\/img\/patch\/09-2026\/crosetto-calenda-vannacci-monti-de-bortoli-forum-ambrosetti-cernobbio-2302201_600_q50.webp&#8221;]<\/p>\n<article>\n<div class=\"img-wrapper\"><img decoding=\"async\" src=\"https:\/\/static.dagospia.com\/img\/patch\/09-2026\/crosetto-calenda-vannacci-monti-de-bortoli-forum-ambrosetti-cernobbio-2302201_600_q50.webp\" alt=\"crosetto calenda vannacci monti de bortoli forum ambrosetti cernobbio\"><time class=\"data-ora\">3 set 2026 20:02<\/time><\/div>\n<p><span>DAGOREPORT <\/span>&#8211; MENTRE LA PROCURA MILITARE DI ROMA AVVIA UN\u2019INDAGINE SUGLI UFFICIALI CHE HANNO ADERITO ALLA &#8220;SPORCA DOZZINA&#8221; DI ROBERTO VANNACCI, <span>IL RE-DUX DI FUTURO NAZIONALE MARCIA SU CERNOBBIO: SABATO \u00c8 ATTESO IN POMPA MAGNA AL FORUM AMBROSETTI PER DIBATTERE CON L\u2019EX PREMIER MARIO MONTI<\/span> &#8211; DALL&#8217;IDEOLOGO DEL POPULISMO GRILLINO, GIAN ROBERTO CASALEGGIO AL LEADER SOVRANISTA OLANDESE, IL RAZZISTA GEERT WILDERS, LE PRESENZE PROVOCATORIE E ACCHIAPPA-TITOLI NON SONO UNA NOVITA&#8217; A VILLA D&#8217;ESTE &#8211;<span> SDEGNATI PER LA PRESENZA E &#8220;TRATTAMENTO PREFERENZIALE&#8221; DEDICATO ALL\u2019EX PAR\u00c0(CULO) DELLA FOLGORE, CARLO CALENDA E GUIDO CROSETTO NON METTERANNO PIEDE A CERNOBBIO<\/span> \u2013 ANCHE FERRUCCIO DE BORTOLI RIFIUTA DI DUETTARE CON L\u2019EX GENERALE NOSTALGICO DEL MANGANELLO E DELL\u2019OLIO DI RICINO &#8211; NON SOLO: E&#8217; L\u2019EX DIRETTORE DEL \u201cCORRIERE\u201d IL PRIMO CHE SPARA LA NOTIZIA:<span> \u201cPURTROPPO A CERNOBBIO CI SAR\u00c0 VANNACCI&#8221;<\/span> (IL CAUTO DIRETTORE FONTANA \u00c8 STATO BEN ATTENTO A NON PUBBLICARLA SUBITO SUL CARTACEO)&#8230;<\/p>\n<div class=\"share-section\">\n                Condividi  questo articolo<\/p>\n<div class=\"socials\"><a href=\"http:\/\/www.facebook.com\/sharer.php?u=http:\/\/www.dagospia.com\/politica\/dagoreport-roberto-vannacci-marcia-cernobbio-gli-imprenditori-italiani-485729\" target=\"_blank\"><img decoding=\"async\" src=\"https:\/\/static.dagospia.com\/img\/icons\/facebook.svg\" alt=\"Condividi su Facebook\"><\/a><a href=\"http:\/\/www.twitter.com\/share?url=http:\/\/www.dagospia.com\/politica\/dagoreport-roberto-vannacci-marcia-cernobbio-gli-imprenditori-italiani-485729&amp;text=DAGOREPORT%20%E2%80%93%20ROBERTO%20VANNACCI%20MARCIA%20SU%20CERNOBBIO:%20GLI%20IMPRENDITORI%20ITALIANI%20DANNO%20AL%20GENERALE%20...\" target=\"_blank\"><img decoding=\"async\" src=\"https:\/\/static.dagospia.com\/img\/icons\/x-icon.png\" alt=\"Condividi su X\"><\/a><a href=\"\/\/www.dagospia.com\/politica\/dagoreport-roberto-vannacci-marcia-cernobbio-gli-imprenditori-italiani-485729\" target=\"_blank\"><img decoding=\"async\" src=\"https:\/\/static.dagospia.com\/img\/icons\/whatsapp.svg\" alt=\"Condividi su Whatsapp\"><\/a><a href=\"mailto:?body=http:\/\/www.dagospia.com\/politica\/dagoreport-roberto-vannacci-marcia-cernobbio-gli-imprenditori-italiani-485729\" target=\"_blank\"><img decoding=\"async\" src=\"https:\/\/static.dagospia.com\/img\/icons\/mail.svg\" alt=\"Invia in email\"><\/a><\/div>\n<\/div>\n<div class=\"content\">\n<p class=\"disable\"><strong>Il programma del Forum di Cernobbio,\u00a0<a href=\"https:\/\/www.ambrosetti.eu\/summit-eventi\/lo-scenario-di-oggi-e-di-domani-per-le-strategie-competitive\/\" target=\"_blank\">consultabile sul sito di TEHA.<\/a><\/strong><\/p>\n<p class=\"disable\">\u00a0<\/p>\n<p class=\"disable\"><strong>DAGOREPORT<\/strong><\/p>\n<p><a href=\"https:\/\/www.dagospia.com\/media-gallery\/dago-fotogallery-522156\/2301913\" class=\"float-right img-wrapper\"><img decoding=\"async\" id=\"2301913\" loading=\"lazy\" src=\"https:\/\/static.dagospia.com\/img\/foto\/09-2026\/roberto-vannacci-risponde-al-financial-times-2301913_800_q50.webp\"><span class=\"img-title\">ROBERTO VANNACCI RISPONDE AL FINANCIAL TIMES <\/span><\/a><\/p>\n<p class=\"disable\">Mentre la Procura Militare di Roma avvia un\u2019indagine sugli ufficiali che hanno aderito alla &#8220;sporca dozzina&#8221; di Vannacci, il Re-Dux di Futuro Nazionale marcia su Cernobbio: sabato \u00e8 atteso a Villa d&#8217;Este per dibattere con l\u2019ex presidente del Consiglio e senatore a vita Mario Monti sul \u201cProgetto europeo tra integrazione e sovranit\u00e0\u201d moderato dalla giornalista di Bloomberg Francine Lacqua.<\/p>\n<p class=\"disable\">\u00a0<\/p>\n<p class=\"disable\">La presenza al forum Ambrosetti del generale putiniano, ma caro anche alla galassia americana del sovranismo MAGA, non poteva che suscitare\u00a0clamore mediatico e polemiche politiche sull&#8217;evento sul lago di Como.<\/p>\n<p class=\"disable\">\u00a0<\/p>\n<p class=\"disable\">Del resto il Ceo del gruppo TEHA (The European House Ambrosetti), l&#8217;abile\u00a0Valerio De Molli, non \u00e8 nuovo a rimpinzare il panel degli ospiti con nomi provocatori che &#8220;tirano&#8221; visibilit\u00e0 e titoli sui giornali.<\/p>\n<p class=\"disable\">\u00a0<\/p>\n<p class=\"disable\">Gi\u00e0 con un Belpaese in pieno delirio del funesto populismo, l\u2019ideologo del Movimento 5 Stelle e gran puparo di Beppe Grillo, Gian Roberto Casaleggio, sbarca al Forum Ambrosetti l&#8217;8 settembre 2013, per poi tornare nel 2014.<\/p>\n<p class=\"disable\">\u00a0<\/p>\n<p><a href=\"https:\/\/www.dagospia.com\/media-gallery\/dago-fotogallery-522156\/1787592\" class=\"float-left img-wrapper\"><img decoding=\"async\" id=\"1787592\" loading=\"lazy\" src=\"https:\/\/static.dagospia.com\/img\/foto\/02-2023\/valerio-de-molli-1787592_800_q50.webp\"><span class=\"img-title\">valerio de molli<\/span><\/a><\/p>\n<p class=\"disable\">Dopo Casaleggio, inizia la lunga presenza del leader olandese della destra sovranista fino al razzismo Geert Wilders che nel 2017\u00a0tiene a Cernobbio un discorso fortemente euroscettico attaccando il principio della libera circolazione in Europa. Bis nel 2018, per sostenere le politiche migratorie dell&#8217;allora ministro dell&#8217;Interno Matteo Salvini, e nel 2019, per il terzo anno consecutivo.<\/p>\n<p class=\"disable\">\u00a0<\/p>\n<p class=\"disable\">E poi ancora nel 2021, 2022, 2024 e 2025 (lo scorso anno all&#8217;interno della sessione &#8220;The New Era of European Policies&#8221;, d\u00e0 vita a un acceso dibattito con Paolo Gentiloni e Pierre Moscovici). Quest\u2019anno, al tenero Vannacci, si affiancher\u00e0 Jordan Bardella, leader del Rassemblement National e volto cosiddetto \u201cbuono\u201d del lepenismo.<\/p>\n<p class=\"disable\">\u00a0<\/p>\n<p><a href=\"https:\/\/www.dagospia.com\/media-gallery\/dago-fotogallery-522156\/2302327\" class=\"float-right img-wrapper\"><img decoding=\"async\" id=\"2302327\" loading=\"lazy\" src=\"https:\/\/static.dagospia.com\/img\/foto\/09-2026\/programma-forum-ambrosetti-di-cernobbio-sabato-5-settembre-con-roberto-vannacci-2302327_800_q50.webp\"><span class=\"img-title\">programma forum ambrosetti di cernobbio sabato 5 settembre con roberto vannacci <\/span><\/a><\/p>\n<p class=\"disable\">\u00a0<\/p>\n<p class=\"disable\">Alla prevista e prevedibile reazione indignata, De Molli ha tirato in ballo l\u2019interesse degli imprenditori italiani ed esponenti politici internazionali curiosi di capire chi \u00e8, chi non \u00e8 e chi si crede di essere &#8216;sto Vannacci.<\/p>\n<p class=\"disable\">\u00a0<\/p>\n<p class=\"disable\">Una supercazzola con scappellamento mediatico, vista la sovraesposizione mediatica del generale: \u00e8 onnipresente in tv, sui giornali, imperversa nei social con le sue sparate al di l\u00e0 del &#8220;paralume della ragione&#8221; e i video grotteschi camuffato da Giulio Cesare realizzati con l\u2019intelligenza artificiale.<\/p>\n<p class=\"disable\">\u00a0<\/p>\n<p class=\"imgLeft\"><a href=\"https:\/\/www.dagospia.com\/media-gallery\/dago-fotogallery-522156\/2296040\" class=\"float-left img-wrapper\"><img decoding=\"async\" id=\"2296040\" loading=\"lazy\" src=\"https:\/\/static.dagospia.com\/img\/foto\/08-2026\/carlo-calenda-contro-roberto-vannacci-2296040_800_q50.webp\"><span class=\"img-title\">carlo calenda contro roberto vannacci <\/span><\/a><\/p>\n<p class=\"disable\">Annunciando il suo forfait all\u2019evento di Villa d\u2019Este\u00a0dedicato alle opposizioni, ammucchiato insieme a Bonelli, Conte, Renzi e Schlein, stizzito per l&#8217;invito &#8221;in pompa magna&#8221; e la scelta di un &#8221;trattamento preferenziale&#8221; all&#8217;ex generale della Folgore, Carlo Calenda non l&#8217;ha toccata piano: se gli imprenditori e i lobbisti cacio e pepe hanno interesse ad ascoltarlo \u00e8 solo perch\u00e9 hanno fiutato l\u2019aria, e si preparano, come da tradizione, a \u201cgenuflettersi davanti all\u2019ultimo populista, un neofascista, razzista e pro-russo\u201d.\u00a0 \u00a0<\/p>\n<p class=\"disable\">\u00a0<\/p>\n<p class=\"disable\">Come Calenda, pur senza proclami, si \u00e8 smarcato dal Forum vannacciano anche Guido Crosetto, ministro della Difesa e nemico numero uno di Vannacci (dopo la pubblicazione del libro \u201cil Mondo al contrario\u201d, sosteneva che il generale andasse processato e cacciato dall\u2019esercito, ma fu come al solito messo in totale minoranza da Fratelli d\u2019Italia che consideravano il Par\u00e0(culo) nostalgico della Decima Mas una risorsa per la destra&#8230;).<\/p>\n<p class=\"disable\">\u00a0<\/p>\n<p class=\"imgRight\"><a href=\"https:\/\/www.dagospia.com\/media-gallery\/dago-fotogallery-522156\/2269609\" class=\"float-right img-wrapper\"><img decoding=\"async\" id=\"2269609\" loading=\"lazy\" src=\"https:\/\/static.dagospia.com\/img\/foto\/06-2026\/sergio-mattarella-guido-crosetto-altare-della-patria-2-giugno-2026-foto-lapresse-2269609_800_q50.webp\"><span class=\"img-title\">sergio mattarella guido crosetto altare della patria 2 giugno 2026 foto lapresse <\/span><\/a><\/p>\n<p class=\"disable\">Preso atto del rifiuto di esponenti e leader politici di incrociare le lame con\u00a0Vannacci,\u00a0gli organizzatori avevano pensato di arruolare Ferruccio De Bortoli: l\u2019autorevole ex direttore del \u201cCorriere della Sera\u201d sembrava un contraltare autorevole per smontare le sparate fascistoidi dell\u2019ex militare.<\/p>\n<p class=\"disable\">\u00a0<\/p>\n<p class=\"disable\">Invito che De Bortoli ha rifiutato elegantemente non mancando di farlo accompagnare da un articolo indignatissimo per la sua rubrica, \u201cFrammenti\u201d, sul sito del \u201cCorriere\u201d: \u201cPurtroppo ci sar\u00e0 Vannacci\u201d. (il direttore Luciano Fontana \u00e8 stato ben attento a non pubblicarla sul cartaceo)<\/p>\n<p class=\"disable\">\u00a0<\/p>\n<p><a href=\"https:\/\/www.dagospia.com\/media-gallery\/dago-fotogallery-522156\/488508\" class=\"float-left img-wrapper\"><img decoding=\"async\" id=\"488508\" loading=\"lazy\" src=\"https:\/\/static.dagospia.com\/img\/foto\/09-2013\/gianroberto-casaleggio-roberto-265267_800_q50.webp\"><span class=\"img-title\">GIANROBERTO CASALEGGIO ROBERTO NAPOLETANO FABRIZIO SACCOMANNI AL FORUM AMBROSETTI DI CERNOBBIO <\/span><\/a><\/p>\n<p class=\"disable\">Il trucibaldo sfascista di Futuro Nazionale ieri gli ha risposto: \u00abSi metta il cuore in pace, caro de Bortoli\u00bb. Quindi ha rivendicato di essere \u00abl\u2019europarlamentare italiano pi\u00f9 votato\u00bb e accusato il giornalista di riconoscere il pluralismo soltanto quando le opinioni convergono. \u00abNonostante il mal di pancia di de Bortoli vi far\u00f2 sapere come la penso. Ci vediamo sabato a Cernobbio\u00bb<\/p>\n<p class=\"disable\">\u00a0<\/p>\n<p class=\"imgRight\"><a href=\"https:\/\/www.dagospia.com\/media-gallery\/dago-fotogallery-522156\/2196750\" class=\"float-left img-wrapper\"><img decoding=\"async\" id=\"2196750\" loading=\"lazy\" src=\"https:\/\/static.dagospia.com\/img\/foto\/11-2025\/ferruccio-de-bortoli-2196750_800_q50.webp\"><span class=\"img-title\">FERRUCCIO DE BORTOLI <\/span><\/a><\/p>\n<p class=\"disable\">Incassato il gran rifiuto di De Bortoli, De Molli e compagnia non si sono persi d&#8217;animo e hanno tirato fuori dal cilindro il nome del sempiterno Mario Monti, che da decenni partecipa stabilmente ai vari workshop di Cernobbio: sabato sar\u00e0 il presidente della Bocconi a dibattere di Europa con Vannacci.\u00a0<\/p>\n<p class=\"disable\">\u00a0<\/p>\n<p class=\"disable\">Il generale al \u201cFoglio\u201d promette mare e monti: \u201cForse li stupir\u00f2 con il buonsenso. Gli imprenditori italiani hanno bisogno che la politica smetta di sorprenderli ogni giorno con nuove tasse, adempimenti, costi, regole instabili e direttive europee. Dir\u00f2 con chiarezza che integrazione non pu\u00f2 significare sottomissione e sovranit\u00e0 non significa isolamento&#8230;&#8221; (ciao core&#8230;)<\/p>\n<p class=\"disable\">\u00a0<\/p>\n<p class=\"disable\"><strong>CHI CI SAR\u00c0 AL FORUM TEHA AMBROSETTI DI CERNOBBIO<\/strong><\/p>\n<p class=\"disable\"><strong>Ettore Bellavia per<\/strong><a href=\"https:\/\/www.policymakermag.it\/italia\/chi-ci-sara-al-forum-teha-ambrosetti-di-cernobbio\/\">https:\/\/www.policymakermag.it\/italia\/chi-ci-sara-al-forum-teha-ambrosetti-di-cernobbio\/<\/a><\/p>\n<p class=\"disable\">\u00a0<\/p>\n<p class=\"imgLeft\"><a href=\"https:\/\/www.dagospia.com\/media-gallery\/dago-fotogallery-522156\/2301080\" class=\"float-right img-wrapper\"><img decoding=\"async\" id=\"2301080\" loading=\"lazy\" src=\"https:\/\/static.dagospia.com\/img\/foto\/08-2026\/valerio-de-molli-e-mario-monti-forum-ambrosetti-a-cernobbio-2301080_800_q50.webp\"><span class=\"img-title\">valerio de molli e mario monti &#8211; forum ambrosetti a cernobbio<\/span><\/a><\/p>\n<p class=\"disable\">Venerd\u00ec prossimo si apre la 52esima edizione del Forum di Cernobbio, la kermesse annuale che riunir\u00e0 a Villa d\u2019Este, dal 4 al 6 settembre, esponenti della politica, dell\u2019economia e dell\u2019accademia mondiale.<\/p>\n<p class=\"disable\">\u00a0<\/p>\n<p class=\"disable\">Come da tradizione l\u2019evento, che avr\u00e0 come tema centrale \u201cLo Scenario di oggi e di domani per le strategie competitive\u201d, si svolger\u00e0 a porte chiuse, nel rispetto della Chatham House Rule, mentre la novit\u00e0 probabilmente pi\u00f9 rilevante \u00e8 il debutto di Roberto Vannacci, che sabato sar\u00e0 in dialogo con l\u2019ex presidente del Consiglio Mario Monti in un dibattito sul \u201cprogetto europeo tra integrazione e sovranit\u00e0\u201d moderato dalla giornalista di Bloomberg Francine Lacqua.<\/p>\n<p><a href=\"https:\/\/www.dagospia.com\/media-gallery\/dago-fotogallery-522156\/488502\" class=\"float-right img-wrapper\"><img decoding=\"async\" id=\"488502\" loading=\"lazy\" src=\"https:\/\/static.dagospia.com\/img\/foto\/09-2013\/gianroberto-casaleggio-forum-265261_800_q50.webp\"><span class=\"img-title\">GIANROBERTO CASALEGGIO AL FORUM AMBROSETTI DI CERNOBBIO <\/span><\/a><\/p>\n<p class=\"disable\">\u00a0<\/p>\n<p class=\"disable\">Tra gli ospiti sono attesi inoltre esponenti del governo di 7 Paesi \u2013 oltre all\u2019Italia, Ucraina, Croazia, Albania, Stati Uniti, Portogallo e Turchia -, il Presidente del Consiglio Europeo Antonio Costa e l\u2019EU Rapporteur per il Single Market Enrico Letta.<\/p>\n<p class=\"disable\">\u00a0<\/p>\n<p class=\"disable\"><strong>TUTTI I PROTAGONISTI<\/strong><\/p>\n<p class=\"imgRight\">\u00a0<\/p>\n<p class=\"disable\">L\u2019apertura istituzionale del vertice \u00e8 affidata a un messaggio scritto del Presidente della Repubblica Italiana Sergio Mattarella, seguito da un videomessaggio del Presidente del Consiglio dei Ministri Giorgia Meloni e dall\u2019introduzione di Valerio De Molli, Managing Partner e CEO di The European House \u2013 Ambrosetti e TEHA Group.<\/p>\n<p><a href=\"https:\/\/www.dagospia.com\/media-gallery\/dago-fotogallery-522156\/795196\" class=\"float-left img-wrapper\"><img decoding=\"async\" id=\"795196\" loading=\"lazy\" src=\"https:\/\/static.dagospia.com\/img\/foto\/05-2016\/michela-brambilla-luciano-fontana-3-795196_800_q50.webp\"><span class=\"img-title\">michela brambilla luciano fontana (3)<\/span><\/a><\/p>\n<p class=\"disable\">\u00a0<\/p>\n<p class=\"disable\">Il panorama istituzionale estero vanta presenze di altissimo profilo, a partire dal Presidente dell\u2019Ucraina Volodymyr Zelensky, in collegamento video, oltre ad Ant\u00f3nio Costa, Presidente del Consiglio Europeo, Andrej Plenkovic, Primo Ministro della Croazia e Presidente dell\u2019alleanza MED9, ed Edi Rama, Primo Ministro dell\u2019Albania.<\/p>\n<p class=\"disable\">\u00a0<\/p>\n<p class=\"disable\">Le istituzioni di Bruxelles saranno inoltre rappresentate da Jessika Roswall, Commissaria europea per l\u2019Ambiente, la Resilienza Idrica e un\u2019Economia Circolare Competitiva, e da Raffaele Fitto, Vice Presidente Esecutivo per la Coesione e le Riforme della Commissione Europea.<\/p>\n<p class=\"disable\">\u00a0<\/p>\n<p class=\"disable\"><strong>I RAPPRESENTANTI DEL GOVERNO ITALIANO<\/strong><\/p>\n<p><a href=\"https:\/\/www.dagospia.com\/media-gallery\/dago-fotogallery-522156\/2246159\" class=\"float-left img-wrapper\"><img decoding=\"async\" id=\"2246159\" loading=\"lazy\" src=\"https:\/\/static.dagospia.com\/img\/foto\/03-2026\/geert-wilders-marine-le-pen-viktor-orban-matteo-salvini-2246159_800_q50.webp\"><span class=\"img-title\">GEERT WILDERS &#8211; MARINE LE PEN &#8211; VIKTOR ORBAN &#8211; MATTEO SALVINI <\/span><\/a><\/p>\n<p class=\"disable\">L\u2019esecutivo italiano schiera i suoi ministri di maggior peso per delineare le strategie competitive del Paese. Saranno presenti Antonio Tajani, Vice Presidente del Consiglio e Ministro degli Affari Esteri, Matteo Salvini, Vice Presidente del Consiglio e Ministro delle Infrastrutture e dei Trasporti, Giancarlo Giorgetti, Ministro dell\u2019Economia e delle Finanze, e Adolfo Urso, Ministro delle Imprese e del Made in Italy.<\/p>\n<p class=\"imgLeft\">\u00a0<\/p>\n<p class=\"imgRight\">\u00a0<\/p>\n<p class=\"disable\">\u00a0<\/p>\n<p class=\"disable\">Completano la delegazione del Governo Gilberto Pichetto Fratin, Ministro dell\u2019Ambiente e della Sicurezza Energetica, Carlo Nordio, Ministro della Giustizia, Paolo Zangrillo, Ministro della Pubblica Amministrazione, e Marina Calderone, Ministro del Lavoro e delle Politiche Sociali.<\/p>\n<p><a href=\"https:\/\/www.dagospia.com\/media-gallery\/dago-fotogallery-522156\/2282571\" class=\"float-right img-wrapper\"><img decoding=\"async\" id=\"2282571\" loading=\"lazy\" src=\"https:\/\/static.dagospia.com\/img\/foto\/07-2026\/le-pen-bardella-2282571_800_q50.webp\"><span class=\"img-title\">le pen bardella<\/span><\/a><\/p>\n<p class=\"disable\">\u00a0<\/p>\n<p class=\"disable\"><strong>CHI PARTECIPA PER IL CAMPO LARGO<\/strong><\/p>\n<p class=\"disable\">Il panorama politico nazionale si chiuder\u00e0 domenica con un confronto diretto che raduner\u00e0 le massime cariche delle opposizioni. Il parterre accoglier\u00e0 Angelo Bonelli di Alleanza Verdi e Sinistra, Giuseppe Conte, ex Presidente del Consiglio e attuale Presidente del Movimento 5 Stelle, Matteo Renzi, ex Premier e leader di Italia Viva, ed Elly Schlein, Segretaria Nazionale del Partito Democratico.<\/p>\n<p class=\"disable\">\u00a0<\/p>\n<p class=\"imgLeft\"><a href=\"https:\/\/www.dagospia.com\/media-gallery\/dago-fotogallery-522156\/2281599\" class=\"float-left img-wrapper\"><img decoding=\"async\" id=\"2281599\" loading=\"lazy\" src=\"https:\/\/static.dagospia.com\/img\/foto\/07-2026\/roberto-vannacci-e-matteo-salvini-2281599_800_q50.webp\"><span class=\"img-title\">Roberto Vannacci e Matteo Salvini<\/span><\/a><\/p>\n<p class=\"disable\"><strong>LA DELEGAZIONE DEGLI USA<\/strong><\/p>\n<p class=\"disable\">Di particolare rilevanza strategica \u00e8 la delegazione inviata dagli Stati Uniti. Prenderanno la parola Jarrod Agen, Assistente del Presidente Trump e direttore esecutivo del Consiglio nazionale per il predominio energetico presso la Casa Bianca, Matthew G. Whitaker, Rappresentante Permanente degli Stati Uniti presso la NATO, e Gina M. Raimondo, Distinguished Fellow del Council on Foreign Relations nonch\u00e9 quarantesimo Segretario al Commercio degli Stati Uniti.<\/p>\n<p class=\"disable\">\u00a0<\/p>\n<p><a href=\"https:\/\/www.dagospia.com\/media-gallery\/dago-fotogallery-522156\/1340702\" class=\"float-right img-wrapper\"><img decoding=\"async\" id=\"1340702\" loading=\"lazy\" src=\"https:\/\/static.dagospia.com\/img\/foto\/07-2020\/matteo-salvini-geert-wilders-1340702_800_q50.webp\"><span class=\"img-title\">matteo salvini geert wilders<\/span><\/a><\/p>\n<p class=\"disable\">Le dinamiche politiche americane verranno approfondite in un dibattito biparte tra John Barrasso, Senatore del Partito Repubblicano per il Wyoming, e Kirsten Gillibrand, Senatrice del Partito Democratico per lo Stato di New York.<\/p>\n<p class=\"disable\">\u00a0<\/p>\n<p class=\"disable\"><strong>GLI ALTRI OSPITI<\/strong><\/p>\n<p class=\"disable\">Sulle sfide europee interverranno figure storiche e contemporanee del panorama politico continentale, tra cui Mario Monti, Presidente della Fondazione Bocconi e gi\u00e0 Primo Ministro italiano, Paulo Rangel, Ministro degli Esteri del Portogallo, ed Enrico Letta, Dean della IE University in Spagna e Presidente del Jacques Delors Institute in Francia.<\/p>\n<p class=\"disable\">\u00a0<\/p>\n<p><a href=\"https:\/\/www.dagospia.com\/media-gallery\/dago-fotogallery-522156\/2301081\" class=\"float-left img-wrapper\"><img decoding=\"async\" id=\"2301081\" loading=\"lazy\" src=\"https:\/\/static.dagospia.com\/img\/foto\/08-2026\/forum-ambrosetti-a-cernobbio-2301081_800_q50.webp\"><span class=\"img-title\">forum ambrosetti a cernobbio<\/span><\/a><\/p>\n<p class=\"disable\">A portare il punto di vista d\u2019oltralpe sulla sovranit\u00e0 nazionale ci sar\u00e0 Jordan Bardella, Presidente del Rassemblement National e del gruppo Patriots for Europe.<\/p>\n<p class=\"disable\">\u00a0<\/p>\n<p class=\"imgRight disable\">\u00a0<\/p>\n<p class=\"disable\">Il mondo economico, scientifico e tecnologico sar\u00e0 rappresentato da voci autorevoli quali Laurence D. Fink, CEO della multinazionale degli investimenti BlackRock, Fabiola Gianotti, affermata fisica e gi\u00e0 Direttore Generale del CERN, Omar M. Yaghi, Premio Nobel per la Chimica e Professore alla Tsinghua University, Nouriel Roubini, influente economista e CEO di Roubini Macro Associates, e Marco Tronchetti Provera, Executive Vice President del Gruppo Pirelli.<\/p>\n<p class=\"imgRight\">\u00a0<\/p>\n<p><a href=\"https:\/\/www.dagospia.com\/media-gallery\/dago-fotogallery-522156\/2172535\" class=\"float-right img-wrapper\"><img decoding=\"async\" id=\"2172535\" loading=\"lazy\" src=\"https:\/\/static.dagospia.com\/img\/foto\/09-2025\/carlo-calenda-cernobbio-forum-ambrosetti-2172535_800_q50.webp\"><span class=\"img-title\">carlo calenda &#8211; cernobbio forum ambrosetti<\/span><\/a><\/p>\n<p class=\"disable\"><span><strong>Il programma con tutti gli appuntamenti e i temi della kermesse \u00e8 consultabile<\/strong><\/span><a href=\"https:\/\/www.ambrosetti.eu\/summit-eventi\/lo-scenario-di-oggi-e-di-domani-per-le-strategie-competitive\/\" rel=\"noopener\" target=\"_blank\">sul sito di TEHA<\/a><span>.<\/span><\/p>\n<p class=\"disable\">\u00a0<\/p>\n<p class=\"disable\">\u00a0<\/p>\n<p class=\"disable\">\u00a0<\/p>\n<p class=\"disable\">\u00a0<\/p>\n<p class=\"disable\">\u00a0<\/p>\n<p class=\"disable\">\u00a0<\/p>\n<p class=\"disable\">\u00a0<\/p>\n<p class=\"disable\">\u00a0<\/p>\n<p class=\"disable\">\u00a0<\/p>\n<p class=\"disable\">\u00a0<\/p>\n<p><a href=\"https:\/\/www.dagospia.com\/media-gallery\/dago-fotogallery-522156\/2036179\" class=\"float-left img-wrapper\"><img decoding=\"async\" id=\"2036179\" loading=\"lazy\" src=\"https:\/\/static.dagospia.com\/img\/foto\/09-2024\/giorgia-meloni-luciano-fontana-2036179_800_q50.webp\"><span class=\"img-title\">GIORGIA MELONI &#8211; LUCIANO FONTANA<\/span><\/a><\/p>\n<p class=\"disable\">\u00a0<\/p>\n<p class=\"disable\">\u00a0<\/p>\n<p><a href=\"https:\/\/www.dagospia.com\/media-gallery\/dago-fotogallery-522156\/2036177\" class=\"float-right img-wrapper\"><img decoding=\"async\" id=\"2036177\" loading=\"lazy\" src=\"https:\/\/static.dagospia.com\/img\/foto\/09-2024\/giorgia-meloni-luciano-fontana-forum-di-cernobbio-2036177_800_q50.webp\"><span class=\"img-title\">LUCIANO FONTANA GIORGIA MELONI &#8211; FORUM DI CERNOBBIO<\/span><\/a><\/p>\n<p class=\"disable\">\u00a0<\/p>\n<p class=\"disable\">\u00a0<\/p>\n<p class=\"disable\">\u00a0<\/p>\n<p class=\"disable\">\u00a0<\/p>\n<p class=\"disable\">,<\/p>\n<p class=\"disable\">\u00a0<\/p>\n<p class=\"disable\">\u00a0<\/p>\n<p class=\"disable\">\u00a0<\/p>\n<p><a href=\"https:\/\/www.dagospia.com\/media-gallery\/dago-fotogallery-522156\/2035673\" class=\"float-left img-wrapper\"><img decoding=\"async\" id=\"2035673\" loading=\"lazy\" src=\"https:\/\/static.dagospia.com\/img\/foto\/09-2024\/viktor-orban-al-forum-di-cernobbio-2035673_800_q50.webp\"><span class=\"img-title\">viktor orban al forum di cernobbio <\/span><\/a><a href=\"https:\/\/www.dagospia.com\/media-gallery\/dago-fotogallery-522156\/1712006\" class=\"float-left img-wrapper\"><img decoding=\"async\" id=\"1712006\" loading=\"lazy\" src=\"https:\/\/static.dagospia.com\/img\/foto\/09-2022\/matteo-salvini-e-giorgia-meloni-a-cernobbio-1712006_800_q50.webp\"><span class=\"img-title\">matteo salvini e giorgia meloni a cernobbio <\/span><\/a><a href=\"https:\/\/www.dagospia.com\/media-gallery\/dago-fotogallery-522156\/1712005\" class=\"float-left img-wrapper\"><img decoding=\"async\" id=\"1712005\" loading=\"lazy\" src=\"https:\/\/static.dagospia.com\/img\/foto\/09-2022\/enrico-letta-e-carlo-calenda-a-cernobbio-1712005_800_q50.webp\"><span class=\"img-title\">enrico letta e carlo calenda a cernobbio. <\/span><\/a><\/p>\n<p class=\"imgRight\"><a href=\"https:\/\/www.dagospia.com\/media-gallery\/dago-fotogallery-522156\/2279110\" class=\"float-right img-wrapper\"><img decoding=\"async\" id=\"2279110\" loading=\"lazy\" src=\"https:\/\/static.dagospia.com\/img\/foto\/06-2026\/roberto-vannacci3-2279110_800_q50.webp\"><span class=\"img-title\">Roberto Vannacci3<\/span><\/a><a href=\"https:\/\/www.dagospia.com\/media-gallery\/dago-fotogallery-522156\/2281186\" class=\"float-right img-wrapper\"><img decoding=\"async\" id=\"2281186\" loading=\"lazy\" src=\"https:\/\/static.dagospia.com\/img\/foto\/07-2026\/triathlon-furutista-di-roberto-vannacci-a-sanremo-2281186_800_q50.webp\"><span class=\"img-title\">triathlon furutista di roberto vannacci a sanremo<\/span><\/a><a href=\"https:\/\/www.dagospia.com\/media-gallery\/dago-fotogallery-522156\/2248601\" class=\"float-right img-wrapper\"><img decoding=\"async\" id=\"2248601\" loading=\"lazy\" src=\"https:\/\/static.dagospia.com\/img\/foto\/03-2026\/roberto-vannacci-inaugurazione-sede-di-futuro-nazionale-a-roma-accanto-a-quella--2248601_800_q50.webp\"><span class=\"img-title\">roberto vannacci &#8211; inaugurazione sede di futuro nazionale a roma accanto a quella di forza italia<\/span><\/a><\/p>\n<p class=\"disable\">\u00a0<\/p>\n<p><a href=\"https:\/\/www.dagospia.com\/media-gallery\/dago-fotogallery-522156\/488504\" class=\"float-left img-wrapper\"><img decoding=\"async\" id=\"488504\" loading=\"lazy\" src=\"https:\/\/static.dagospia.com\/img\/foto\/09-2013\/gianroberto-casaleggio-forum-265263_800_q50.webp\"><span class=\"img-title\">GIANROBERTO CASALEGGIO AL FORUM AMBROSETTI DI CERNOBBIO <\/span><\/a><\/p>\n<p class=\"imgRight\"><a href=\"https:\/\/www.dagospia.com\/media-gallery\/dago-fotogallery-522156\/2283959\" class=\"float-right img-wrapper\"><img decoding=\"async\" id=\"2283959\" loading=\"lazy\" src=\"https:\/\/static.dagospia.com\/img\/foto\/07-2026\/roberto-vannacci-a-in-onda-2283959_800_q50.webp\"><span class=\"img-title\">roberto vannacci a in onda. <\/span><\/a><\/p>\n<\/div>\n<div class=\"share-section\">\n                Condividi  questo articolo<\/p>\n<div class=\"socials\"><a href=\"https:\/\/www.dagospia.com\/politica\/dagoreport-roberto-vannacci-marcia-cernobbio-gli-imprenditori-italiani-485729\"><img decoding=\"async\" src=\"https:\/\/static.dagospia.com\/img\/icons\/facebook.svg\" alt=\"Condividi su Facebook\"><\/a><a href=\"https:\/\/www.dagospia.com\/politica\/dagoreport-roberto-vannacci-marcia-cernobbio-gli-imprenditori-italiani-485729\"><img decoding=\"async\" src=\"https:\/\/static.dagospia.com\/img\/icons\/x-icon.png\" alt=\"Condividi su X\"><\/a><a href=\"https:\/\/www.dagospia.com\/politica\/dagoreport-roberto-vannacci-marcia-cernobbio-gli-imprenditori-italiani-485729\"><img decoding=\"async\" src=\"https:\/\/static.dagospia.com\/img\/icons\/whatsapp.svg\" alt=\"Condividi su Whatsapp\"><\/a><a href=\"https:\/\/www.dagospia.com\/politica\/dagoreport-roberto-vannacci-marcia-cernobbio-gli-imprenditori-italiani-485729\"><img decoding=\"async\" src=\"https:\/\/static.dagospia.com\/img\/icons\/mail.svg\" alt=\"Invia in email\"><\/a><\/div>\n<\/div>\n<\/article>\n<div class=\"content\">\n<p class=\"disable\"><strong>Il programma del Forum di Cernobbio,\u00a0<a href=\"https:\/\/www.ambrosetti.eu\/summit-eventi\/lo-scenario-di-oggi-e-di-domani-per-le-strategie-competitive\/\" target=\"_blank\">consultabile sul sito di TEHA.<\/a><\/strong><\/p>\n<p class=\"disable\">\u00a0<\/p>\n<p class=\"disable\"><strong>DAGOREPORT<\/strong><\/p>\n<p><a href=\"https:\/\/www.dagospia.com\/media-gallery\/dago-fotogallery-522156\/2301913\" class=\"float-right img-wrapper\"><img decoding=\"async\" id=\"2301913\" loading=\"lazy\" src=\"https:\/\/static.dagospia.com\/img\/foto\/09-2026\/roberto-vannacci-risponde-al-financial-times-2301913_800_q50.webp\"><span class=\"img-title\">ROBERTO VANNACCI RISPONDE AL FINANCIAL TIMES <\/span><\/a><\/p>\n<p class=\"disable\">Mentre la Procura Militare di Roma avvia un\u2019indagine sugli ufficiali che hanno aderito alla &#8220;sporca dozzina&#8221; di Vannacci, il Re-Dux di Futuro Nazionale marcia su Cernobbio: sabato \u00e8 atteso a Villa d&#8217;Este per dibattere con l\u2019ex presidente del Consiglio e senatore a vita Mario Monti sul \u201cProgetto europeo tra integrazione e sovranit\u00e0\u201d moderato dalla giornalista di Bloomberg Francine Lacqua.<\/p>\n<p class=\"disable\">\u00a0<\/p>\n<p class=\"disable\">La presenza al forum Ambrosetti del generale putiniano, ma caro anche alla galassia americana del sovranismo MAGA, non poteva che suscitare\u00a0clamore mediatico e polemiche politiche sull&#8217;evento sul lago di Como.<\/p>\n<p class=\"disable\">\u00a0<\/p>\n<p class=\"disable\">Del resto il Ceo del gruppo TEHA (The European House Ambrosetti), l&#8217;abile\u00a0Valerio De Molli, non \u00e8 nuovo a rimpinzare il panel degli ospiti con nomi provocatori che &#8220;tirano&#8221; visibilit\u00e0 e titoli sui giornali.<\/p>\n<p class=\"disable\">\u00a0<\/p>\n<p class=\"disable\">Gi\u00e0 con un Belpaese in pieno delirio del funesto populismo, l\u2019ideologo del Movimento 5 Stelle e gran puparo di Beppe Grillo, Gian Roberto Casaleggio, sbarca al Forum Ambrosetti l&#8217;8 settembre 2013, per poi tornare nel 2014.<\/p>\n<p class=\"disable\">\u00a0<\/p>\n<p><a href=\"https:\/\/www.dagospia.com\/media-gallery\/dago-fotogallery-522156\/1787592\" class=\"float-left img-wrapper\"><img decoding=\"async\" id=\"1787592\" loading=\"lazy\" src=\"https:\/\/static.dagospia.com\/img\/foto\/02-2023\/valerio-de-molli-1787592_800_q50.webp\"><span class=\"img-title\">valerio de molli<\/span><\/a><\/p>\n<p class=\"disable\">Dopo Casaleggio, inizia la lunga presenza del leader olandese della destra sovranista fino al razzismo Geert Wilders che nel 2017\u00a0tiene a Cernobbio un discorso fortemente euroscettico attaccando il principio della libera circolazione in Europa. Bis nel 2018, per sostenere le politiche migratorie dell&#8217;allora ministro dell&#8217;Interno Matteo Salvini, e nel 2019, per il terzo anno consecutivo.<\/p>\n<p class=\"disable\">\u00a0<\/p>\n<p class=\"disable\">E poi ancora nel 2021, 2022, 2024 e 2025 (lo scorso anno all&#8217;interno della sessione &#8220;The New Era of European Policies&#8221;, d\u00e0 vita a un acceso dibattito con Paolo Gentiloni e Pierre Moscovici). Quest\u2019anno, al tenero Vannacci, si affiancher\u00e0 Jordan Bardella, leader del Rassemblement National e volto cosiddetto \u201cbuono\u201d del lepenismo.<\/p>\n<p class=\"disable\">\u00a0<\/p>\n<p><a href=\"https:\/\/www.dagospia.com\/media-gallery\/dago-fotogallery-522156\/2302327\" class=\"float-right img-wrapper\"><img decoding=\"async\" id=\"2302327\" loading=\"lazy\" src=\"https:\/\/static.dagospia.com\/img\/foto\/09-2026\/programma-forum-ambrosetti-di-cernobbio-sabato-5-settembre-con-roberto-vannacci-2302327_800_q50.webp\"><span class=\"img-title\">programma forum ambrosetti di cernobbio sabato 5 settembre con roberto vannacci <\/span><\/a><\/p>\n<p class=\"disable\">\u00a0<\/p>\n<p class=\"disable\">Alla prevista e prevedibile reazione indignata, De Molli ha tirato in ballo l\u2019interesse degli imprenditori italiani ed esponenti politici internazionali curiosi di capire chi \u00e8, chi non \u00e8 e chi si crede di essere &#8216;sto Vannacci.<\/p>\n<p class=\"disable\">\u00a0<\/p>\n<p class=\"disable\">Una supercazzola con scappellamento mediatico, vista la sovraesposizione mediatica del generale: \u00e8 onnipresente in tv, sui giornali, imperversa nei social con le sue sparate al di l\u00e0 del &#8220;paralume della ragione&#8221; e i video grotteschi camuffato da Giulio Cesare realizzati con l\u2019intelligenza artificiale.<\/p>\n<p class=\"disable\">\u00a0<\/p>\n<p class=\"imgLeft\"><a href=\"https:\/\/www.dagospia.com\/media-gallery\/dago-fotogallery-522156\/2296040\" class=\"float-left img-wrapper\"><img decoding=\"async\" id=\"2296040\" loading=\"lazy\" src=\"https:\/\/static.dagospia.com\/img\/foto\/08-2026\/carlo-calenda-contro-roberto-vannacci-2296040_800_q50.webp\"><span class=\"img-title\">carlo calenda contro roberto vannacci <\/span><\/a><\/p>\n<p class=\"disable\">Annunciando il suo forfait all\u2019evento di Villa d\u2019Este\u00a0dedicato alle opposizioni, ammucchiato insieme a Bonelli, Conte, Renzi e Schlein, stizzito per l&#8217;invito &#8221;in pompa magna&#8221; e la scelta di un &#8221;trattamento preferenziale&#8221; all&#8217;ex generale della Folgore, Carlo Calenda non l&#8217;ha toccata piano: se gli imprenditori e i lobbisti cacio e pepe hanno interesse ad ascoltarlo \u00e8 solo perch\u00e9 hanno fiutato l\u2019aria, e si preparano, come da tradizione, a \u201cgenuflettersi davanti all\u2019ultimo populista, un neofascista, razzista e pro-russo\u201d.\u00a0 \u00a0<\/p>\n<p class=\"disable\">\u00a0<\/p>\n<p class=\"disable\">Come Calenda, pur senza proclami, si \u00e8 smarcato dal Forum vannacciano anche Guido Crosetto, ministro della Difesa e nemico numero uno di Vannacci (dopo la pubblicazione del libro \u201cil Mondo al contrario\u201d, sosteneva che il generale andasse processato e cacciato dall\u2019esercito, ma fu come al solito messo in totale minoranza da Fratelli d\u2019Italia che consideravano il Par\u00e0(culo) nostalgico della Decima Mas una risorsa per la destra&#8230;).<\/p>\n<p class=\"disable\">\u00a0<\/p>\n<p class=\"imgRight\"><a href=\"https:\/\/www.dagospia.com\/media-gallery\/dago-fotogallery-522156\/2269609\" class=\"float-right img-wrapper\"><img decoding=\"async\" id=\"2269609\" loading=\"lazy\" src=\"https:\/\/static.dagospia.com\/img\/foto\/06-2026\/sergio-mattarella-guido-crosetto-altare-della-patria-2-giugno-2026-foto-lapresse-2269609_800_q50.webp\"><span class=\"img-title\">sergio mattarella guido crosetto altare della patria 2 giugno 2026 foto lapresse <\/span><\/a><\/p>\n<p class=\"disable\">Preso atto del rifiuto di esponenti e leader politici di incrociare le lame con\u00a0Vannacci,\u00a0gli organizzatori avevano pensato di arruolare Ferruccio De Bortoli: l\u2019autorevole ex direttore del \u201cCorriere della Sera\u201d sembrava un contraltare autorevole per smontare le sparate fascistoidi dell\u2019ex militare.<\/p>\n<p class=\"disable\">\u00a0<\/p>\n<p class=\"disable\">Invito che De Bortoli ha rifiutato elegantemente non mancando di farlo accompagnare da un articolo indignatissimo per la sua rubrica, \u201cFrammenti\u201d, sul sito del \u201cCorriere\u201d: \u201cPurtroppo ci sar\u00e0 Vannacci\u201d. (il direttore Luciano Fontana \u00e8 stato ben attento a non pubblicarla sul cartaceo)<\/p>\n<p class=\"disable\">\u00a0<\/p>\n<p><a href=\"https:\/\/www.dagospia.com\/media-gallery\/dago-fotogallery-522156\/488508\" class=\"float-left img-wrapper\"><img decoding=\"async\" id=\"488508\" loading=\"lazy\" src=\"https:\/\/static.dagospia.com\/img\/foto\/09-2013\/gianroberto-casaleggio-roberto-265267_800_q50.webp\"><span class=\"img-title\">GIANROBERTO CASALEGGIO ROBERTO NAPOLETANO FABRIZIO SACCOMANNI AL FORUM AMBROSETTI DI CERNOBBIO <\/span><\/a><\/p>\n<p class=\"disable\">Il trucibaldo sfascista di Futuro Nazionale ieri gli ha risposto: \u00abSi metta il cuore in pace, caro de Bortoli\u00bb. Quindi ha rivendicato di essere \u00abl\u2019europarlamentare italiano pi\u00f9 votato\u00bb e accusato il giornalista di riconoscere il pluralismo soltanto quando le opinioni convergono. \u00abNonostante il mal di pancia di de Bortoli vi far\u00f2 sapere come la penso. Ci vediamo sabato a Cernobbio\u00bb<\/p>\n<p class=\"disable\">\u00a0<\/p>\n<p class=\"imgRight\"><a href=\"https:\/\/www.dagospia.com\/media-gallery\/dago-fotogallery-522156\/2196750\" class=\"float-left img-wrapper\"><img decoding=\"async\" id=\"2196750\" loading=\"lazy\" src=\"https:\/\/static.dagospia.com\/img\/foto\/11-2025\/ferruccio-de-bortoli-2196750_800_q50.webp\"><span class=\"img-title\">FERRUCCIO DE BORTOLI <\/span><\/a><\/p>\n<p class=\"disable\">Incassato il gran rifiuto di De Bortoli, De Molli e compagnia non si sono persi d&#8217;animo e hanno tirato fuori dal cilindro il nome del sempiterno Mario Monti, che da decenni partecipa stabilmente ai vari workshop di Cernobbio: sabato sar\u00e0 il presidente della Bocconi a dibattere di Europa con Vannacci.\u00a0<\/p>\n<p class=\"disable\">\u00a0<\/p>\n<p class=\"disable\">Il generale al \u201cFoglio\u201d promette mare e monti: \u201cForse li stupir\u00f2 con il buonsenso. Gli imprenditori italiani hanno bisogno che la politica smetta di sorprenderli ogni giorno con nuove tasse, adempimenti, costi, regole instabili e direttive europee. Dir\u00f2 con chiarezza che integrazione non pu\u00f2 significare sottomissione e sovranit\u00e0 non significa isolamento&#8230;&#8221; (ciao core&#8230;)<\/p>\n<p class=\"disable\">\u00a0<\/p>\n<p class=\"disable\"><strong>CHI CI SAR\u00c0 AL FORUM TEHA AMBROSETTI DI CERNOBBIO<\/strong><\/p>\n<p class=\"disable\"><strong>Ettore Bellavia per<\/strong><a href=\"https:\/\/www.policymakermag.it\/italia\/chi-ci-sara-al-forum-teha-ambrosetti-di-cernobbio\/\">https:\/\/www.policymakermag.it\/italia\/chi-ci-sara-al-forum-teha-ambrosetti-di-cernobbio\/<\/a><\/p>\n<p class=\"disable\">\u00a0<\/p>\n<p class=\"imgLeft\"><a href=\"https:\/\/www.dagospia.com\/media-gallery\/dago-fotogallery-522156\/2301080\" class=\"float-right img-wrapper\"><img decoding=\"async\" id=\"2301080\" loading=\"lazy\" src=\"https:\/\/static.dagospia.com\/img\/foto\/08-2026\/valerio-de-molli-e-mario-monti-forum-ambrosetti-a-cernobbio-2301080_800_q50.webp\"><span class=\"img-title\">valerio de molli e mario monti &#8211; forum ambrosetti a cernobbio<\/span><\/a><\/p>\n<p class=\"disable\">Venerd\u00ec prossimo si apre la 52esima edizione del Forum di Cernobbio, la kermesse annuale che riunir\u00e0 a Villa d\u2019Este, dal 4 al 6 settembre, esponenti della politica, dell\u2019economia e dell\u2019accademia mondiale.<\/p>\n<p class=\"disable\">\u00a0<\/p>\n<p class=\"disable\">Come da tradizione l\u2019evento, che avr\u00e0 come tema centrale \u201cLo Scenario di oggi e di domani per le strategie competitive\u201d, si svolger\u00e0 a porte chiuse, nel rispetto della Chatham House Rule, mentre la novit\u00e0 probabilmente pi\u00f9 rilevante \u00e8 il debutto di Roberto Vannacci, che sabato sar\u00e0 in dialogo con l\u2019ex presidente del Consiglio Mario Monti in un dibattito sul \u201cprogetto europeo tra integrazione e sovranit\u00e0\u201d moderato dalla giornalista di Bloomberg Francine Lacqua.<\/p>\n<p><a href=\"https:\/\/www.dagospia.com\/media-gallery\/dago-fotogallery-522156\/488502\" class=\"float-right img-wrapper\"><img decoding=\"async\" id=\"488502\" loading=\"lazy\" src=\"https:\/\/static.dagospia.com\/img\/foto\/09-2013\/gianroberto-casaleggio-forum-265261_800_q50.webp\"><span class=\"img-title\">GIANROBERTO CASALEGGIO AL FORUM AMBROSETTI DI CERNOBBIO <\/span><\/a><\/p>\n<p class=\"disable\">\u00a0<\/p>\n<p class=\"disable\">Tra gli ospiti sono attesi inoltre esponenti del governo di 7 Paesi \u2013 oltre all\u2019Italia, Ucraina, Croazia, Albania, Stati Uniti, Portogallo e Turchia -, il Presidente del Consiglio Europeo Antonio Costa e l\u2019EU Rapporteur per il Single Market Enrico Letta.<\/p>\n<p class=\"disable\">\u00a0<\/p>\n<p class=\"disable\"><strong>TUTTI I PROTAGONISTI<\/strong><\/p>\n<p class=\"imgRight\">\u00a0<\/p>\n<p class=\"disable\">L\u2019apertura istituzionale del vertice \u00e8 affidata a un messaggio scritto del Presidente della Repubblica Italiana Sergio Mattarella, seguito da un videomessaggio del Presidente del Consiglio dei Ministri Giorgia Meloni e dall\u2019introduzione di Valerio De Molli, Managing Partner e CEO di The European House \u2013 Ambrosetti e TEHA Group.<\/p>\n<p><a href=\"https:\/\/www.dagospia.com\/media-gallery\/dago-fotogallery-522156\/795196\" class=\"float-left img-wrapper\"><img decoding=\"async\" id=\"795196\" loading=\"lazy\" src=\"https:\/\/static.dagospia.com\/img\/foto\/05-2016\/michela-brambilla-luciano-fontana-3-795196_800_q50.webp\"><span class=\"img-title\">michela brambilla luciano fontana (3)<\/span><\/a><\/p>\n<p class=\"disable\">\u00a0<\/p>\n<p class=\"disable\">Il panorama istituzionale estero vanta presenze di altissimo profilo, a partire dal Presidente dell\u2019Ucraina Volodymyr Zelensky, in collegamento video, oltre ad Ant\u00f3nio Costa, Presidente del Consiglio Europeo, Andrej Plenkovic, Primo Ministro della Croazia e Presidente dell\u2019alleanza MED9, ed Edi Rama, Primo Ministro dell\u2019Albania.<\/p>\n<p class=\"disable\">\u00a0<\/p>\n<p class=\"disable\">Le istituzioni di Bruxelles saranno inoltre rappresentate da Jessika Roswall, Commissaria europea per l\u2019Ambiente, la Resilienza Idrica e un\u2019Economia Circolare Competitiva, e da Raffaele Fitto, Vice Presidente Esecutivo per la Coesione e le Riforme della Commissione Europea.<\/p>\n<p class=\"disable\">\u00a0<\/p>\n<p class=\"disable\"><strong>I RAPPRESENTANTI DEL GOVERNO ITALIANO<\/strong><\/p>\n<p><a href=\"https:\/\/www.dagospia.com\/media-gallery\/dago-fotogallery-522156\/2246159\" class=\"float-left img-wrapper\"><img decoding=\"async\" id=\"2246159\" loading=\"lazy\" src=\"https:\/\/static.dagospia.com\/img\/foto\/03-2026\/geert-wilders-marine-le-pen-viktor-orban-matteo-salvini-2246159_800_q50.webp\"><span class=\"img-title\">GEERT WILDERS &#8211; MARINE LE PEN &#8211; VIKTOR ORBAN &#8211; MATTEO SALVINI <\/span><\/a><\/p>\n<p class=\"disable\">L\u2019esecutivo italiano schiera i suoi ministri di maggior peso per delineare le strategie competitive del Paese. Saranno presenti Antonio Tajani, Vice Presidente del Consiglio e Ministro degli Affari Esteri, Matteo Salvini, Vice Presidente del Consiglio e Ministro delle Infrastrutture e dei Trasporti, Giancarlo Giorgetti, Ministro dell\u2019Economia e delle Finanze, e Adolfo Urso, Ministro delle Imprese e del Made in Italy.<\/p>\n<p class=\"imgLeft\">\u00a0<\/p>\n<p class=\"imgRight\">\u00a0<\/p>\n<p class=\"disable\">\u00a0<\/p>\n<p class=\"disable\">Completano la delegazione del Governo Gilberto Pichetto Fratin, Ministro dell\u2019Ambiente e della Sicurezza Energetica, Carlo Nordio, Ministro della Giustizia, Paolo Zangrillo, Ministro della Pubblica Amministrazione, e Marina Calderone, Ministro del Lavoro e delle Politiche Sociali.<\/p>\n<p><a href=\"https:\/\/www.dagospia.com\/media-gallery\/dago-fotogallery-522156\/2282571\" class=\"float-right img-wrapper\"><img decoding=\"async\" id=\"2282571\" loading=\"lazy\" src=\"https:\/\/static.dagospia.com\/img\/foto\/07-2026\/le-pen-bardella-2282571_800_q50.webp\"><span class=\"img-title\">le pen bardella<\/span><\/a><\/p>\n<p class=\"disable\">\u00a0<\/p>\n<p class=\"disable\"><strong>CHI PARTECIPA PER IL CAMPO LARGO<\/strong><\/p>\n<p class=\"disable\">Il panorama politico nazionale si chiuder\u00e0 domenica con un confronto diretto che raduner\u00e0 le massime cariche delle opposizioni. Il parterre accoglier\u00e0 Angelo Bonelli di Alleanza Verdi e Sinistra, Giuseppe Conte, ex Presidente del Consiglio e attuale Presidente del Movimento 5 Stelle, Matteo Renzi, ex Premier e leader di Italia Viva, ed Elly Schlein, Segretaria Nazionale del Partito Democratico.<\/p>\n<p class=\"disable\">\u00a0<\/p>\n<p class=\"imgLeft\"><a href=\"https:\/\/www.dagospia.com\/media-gallery\/dago-fotogallery-522156\/2281599\" class=\"float-left img-wrapper\"><img decoding=\"async\" id=\"2281599\" loading=\"lazy\" src=\"https:\/\/static.dagospia.com\/img\/foto\/07-2026\/roberto-vannacci-e-matteo-salvini-2281599_800_q50.webp\"><span class=\"img-title\">Roberto Vannacci e Matteo Salvini<\/span><\/a><\/p>\n<p class=\"disable\"><strong>LA DELEGAZIONE DEGLI USA<\/strong><\/p>\n<p class=\"disable\">Di particolare rilevanza strategica \u00e8 la delegazione inviata dagli Stati Uniti. Prenderanno la parola Jarrod Agen, Assistente del Presidente Trump e direttore esecutivo del Consiglio nazionale per il predominio energetico presso la Casa Bianca, Matthew G. Whitaker, Rappresentante Permanente degli Stati Uniti presso la NATO, e Gina M. Raimondo, Distinguished Fellow del Council on Foreign Relations nonch\u00e9 quarantesimo Segretario al Commercio degli Stati Uniti.<\/p>\n<p class=\"disable\">\u00a0<\/p>\n<p><a href=\"https:\/\/www.dagospia.com\/media-gallery\/dago-fotogallery-522156\/1340702\" class=\"float-right img-wrapper\"><img decoding=\"async\" id=\"1340702\" loading=\"lazy\" src=\"https:\/\/static.dagospia.com\/img\/foto\/07-2020\/matteo-salvini-geert-wilders-1340702_800_q50.webp\"><span class=\"img-title\">matteo salvini geert wilders<\/span><\/a><\/p>\n<p class=\"disable\">Le dinamiche politiche americane verranno approfondite in un dibattito biparte tra John Barrasso, Senatore del Partito Repubblicano per il Wyoming, e Kirsten Gillibrand, Senatrice del Partito Democratico per lo Stato di New York.<\/p>\n<p class=\"disable\">\u00a0<\/p>\n<p class=\"disable\"><strong>GLI ALTRI OSPITI<\/strong><\/p>\n<p class=\"disable\">Sulle sfide europee interverranno figure storiche e contemporanee del panorama politico continentale, tra cui Mario Monti, Presidente della Fondazione Bocconi e gi\u00e0 Primo Ministro italiano, Paulo Rangel, Ministro degli Esteri del Portogallo, ed Enrico Letta, Dean della IE University in Spagna e Presidente del Jacques Delors Institute in Francia.<\/p>\n<p class=\"disable\">\u00a0<\/p>\n<p><a href=\"https:\/\/www.dagospia.com\/media-gallery\/dago-fotogallery-522156\/2301081\" class=\"float-left img-wrapper\"><img decoding=\"async\" id=\"2301081\" loading=\"lazy\" src=\"https:\/\/static.dagospia.com\/img\/foto\/08-2026\/forum-ambrosetti-a-cernobbio-2301081_800_q50.webp\"><span class=\"img-title\">forum ambrosetti a cernobbio<\/span><\/a><\/p>\n<p class=\"disable\">A portare il punto di vista d\u2019oltralpe sulla sovranit\u00e0 nazionale ci sar\u00e0 Jordan Bardella, Presidente del Rassemblement National e del gruppo Patriots for Europe.<\/p>\n<p class=\"disable\">\u00a0<\/p>\n<p class=\"imgRight disable\">\u00a0<\/p>\n<p class=\"disable\">Il mondo economico, scientifico e tecnologico sar\u00e0 rappresentato da voci autorevoli quali Laurence D. Fink, CEO della multinazionale degli investimenti BlackRock, Fabiola Gianotti, affermata fisica e gi\u00e0 Direttore Generale del CERN, Omar M. Yaghi, Premio Nobel per la Chimica e Professore alla Tsinghua University, Nouriel Roubini, influente economista e CEO di Roubini Macro Associates, e Marco Tronchetti Provera, Executive Vice President del Gruppo Pirelli.<\/p>\n<p class=\"imgRight\">\u00a0<\/p>\n<p><a href=\"https:\/\/www.dagospia.com\/media-gallery\/dago-fotogallery-522156\/2172535\" class=\"float-right img-wrapper\"><img decoding=\"async\" id=\"2172535\" loading=\"lazy\" src=\"https:\/\/static.dagospia.com\/img\/foto\/09-2025\/carlo-calenda-cernobbio-forum-ambrosetti-2172535_800_q50.webp\"><span class=\"img-title\">carlo calenda &#8211; cernobbio forum ambrosetti<\/span><\/a><\/p>\n<p class=\"disable\"><span><strong>Il programma con tutti gli appuntamenti e i temi della kermesse \u00e8 consultabile<\/strong><\/span><a href=\"https:\/\/www.ambrosetti.eu\/summit-eventi\/lo-scenario-di-oggi-e-di-domani-per-le-strategie-competitive\/\" rel=\"noopener\" target=\"_blank\">sul sito di TEHA<\/a><span>.<\/span><\/p>\n<p class=\"disable\">\u00a0<\/p>\n<p class=\"disable\">\u00a0<\/p>\n<p class=\"disable\">\u00a0<\/p>\n<p class=\"disable\">\u00a0<\/p>\n<p class=\"disable\">\u00a0<\/p>\n<p class=\"disable\">\u00a0<\/p>\n<p class=\"disable\">\u00a0<\/p>\n<p class=\"disable\">\u00a0<\/p>\n<p class=\"disable\">\u00a0<\/p>\n<p class=\"disable\">\u00a0<\/p>\n<p><a href=\"https:\/\/www.dagospia.com\/media-gallery\/dago-fotogallery-522156\/2036179\" class=\"float-left img-wrapper\"><img decoding=\"async\" id=\"2036179\" loading=\"lazy\" src=\"https:\/\/static.dagospia.com\/img\/foto\/09-2024\/giorgia-meloni-luciano-fontana-2036179_800_q50.webp\"><span class=\"img-title\">GIORGIA MELONI &#8211; LUCIANO FONTANA<\/span><\/a><\/p>\n<p class=\"disable\">\u00a0<\/p>\n<p class=\"disable\">\u00a0<\/p>\n<p><a href=\"https:\/\/www.dagospia.com\/media-gallery\/dago-fotogallery-522156\/2036177\" class=\"float-right img-wrapper\"><img decoding=\"async\" id=\"2036177\" loading=\"lazy\" src=\"https:\/\/static.dagospia.com\/img\/foto\/09-2024\/giorgia-meloni-luciano-fontana-forum-di-cernobbio-2036177_800_q50.webp\"><span class=\"img-title\">LUCIANO FONTANA GIORGIA MELONI &#8211; FORUM DI CERNOBBIO<\/span><\/a><\/p>\n<p class=\"disable\">\u00a0<\/p>\n<p class=\"disable\">\u00a0<\/p>\n<p class=\"disable\">\u00a0<\/p>\n<p class=\"disable\">\u00a0<\/p>\n<p class=\"disable\">,<\/p>\n<p class=\"disable\">\u00a0<\/p>\n<p class=\"disable\">\u00a0<\/p>\n<p class=\"disable\">\u00a0<\/p>\n<p><a href=\"https:\/\/www.dagospia.com\/media-gallery\/dago-fotogallery-522156\/2035673\" class=\"float-left img-wrapper\"><img decoding=\"async\" id=\"2035673\" loading=\"lazy\" src=\"https:\/\/static.dagospia.com\/img\/foto\/09-2024\/viktor-orban-al-forum-di-cernobbio-2035673_800_q50.webp\"><span class=\"img-title\">viktor orban al forum di cernobbio <\/span><\/a><a href=\"https:\/\/www.dagospia.com\/media-gallery\/dago-fotogallery-522156\/1712006\" class=\"float-left img-wrapper\"><img decoding=\"async\" id=\"1712006\" loading=\"lazy\" src=\"https:\/\/static.dagospia.com\/img\/foto\/09-2022\/matteo-salvini-e-giorgia-meloni-a-cernobbio-1712006_800_q50.webp\"><span class=\"img-title\">matteo salvini e giorgia meloni a cernobbio <\/span><\/a><a href=\"https:\/\/www.dagospia.com\/media-gallery\/dago-fotogallery-522156\/1712005\" class=\"float-left img-wrapper\"><img decoding=\"async\" id=\"1712005\" loading=\"lazy\" src=\"https:\/\/static.dagospia.com\/img\/foto\/09-2022\/enrico-letta-e-carlo-calenda-a-cernobbio-1712005_800_q50.webp\"><span class=\"img-title\">enrico letta e carlo calenda a cernobbio. <\/span><\/a><\/p>\n<p class=\"imgRight\"><a href=\"https:\/\/www.dagospia.com\/media-gallery\/dago-fotogallery-522156\/2279110\" class=\"float-right img-wrapper\"><img decoding=\"async\" id=\"2279110\" loading=\"lazy\" src=\"https:\/\/static.dagospia.com\/img\/foto\/06-2026\/roberto-vannacci3-2279110_800_q50.webp\"><span class=\"img-title\">Roberto Vannacci3<\/span><\/a><a href=\"https:\/\/www.dagospia.com\/media-gallery\/dago-fotogallery-522156\/2281186\" class=\"float-right img-wrapper\"><img decoding=\"async\" id=\"2281186\" loading=\"lazy\" src=\"https:\/\/static.dagospia.com\/img\/foto\/07-2026\/triathlon-furutista-di-roberto-vannacci-a-sanremo-2281186_800_q50.webp\"><span class=\"img-title\">triathlon furutista di roberto vannacci a sanremo<\/span><\/a><a href=\"https:\/\/www.dagospia.com\/media-gallery\/dago-fotogallery-522156\/2248601\" class=\"float-right img-wrapper\"><img decoding=\"async\" id=\"2248601\" loading=\"lazy\" src=\"https:\/\/static.dagospia.com\/img\/foto\/03-2026\/roberto-vannacci-inaugurazione-sede-di-futuro-nazionale-a-roma-accanto-a-quella--2248601_800_q50.webp\"><span class=\"img-title\">roberto vannacci &#8211; inaugurazione sede di futuro nazionale a roma accanto a quella di forza italia<\/span><\/a><\/p>\n<p class=\"disable\">\u00a0<\/p>\n<p><a href=\"https:\/\/www.dagospia.com\/media-gallery\/dago-fotogallery-522156\/488504\" class=\"float-left img-wrapper\"><img decoding=\"async\" id=\"488504\" loading=\"lazy\" src=\"https:\/\/static.dagospia.com\/img\/foto\/09-2013\/gianroberto-casaleggio-forum-265263_800_q50.webp\"><span class=\"img-title\">GIANROBERTO CASALEGGIO AL FORUM AMBROSETTI DI CERNOBBIO <\/span><\/a><\/p>\n<p class=\"imgRight\"><a href=\"https:\/\/www.dagospia.com\/media-gallery\/dago-fotogallery-522156\/2283959\" class=\"float-right img-wrapper\"><img decoding=\"async\" id=\"2283959\" loading=\"lazy\" src=\"https:\/\/static.dagospia.com\/img\/foto\/07-2026\/roberto-vannacci-a-in-onda-2283959_800_q50.webp\"><span class=\"img-title\">roberto vannacci a in onda. <\/span><\/a><\/p>\n<\/div>\n<article><a href=\"https:\/\/www.dagospia.com\/politica\/dagoreport-giorgia-meloni-e-in-modalita-cattivissima-me-fronte-guai-485762\"><\/p>\n<div class=\"img-wrapper\"><img decoding=\"async\" src=\"https:\/\/static.dagospia.com\/img\/patch\/09-2026\/giorgia-meloni-sigfrido-ranucci-giampaolo-rossi-giovambattista-fazzolari-patrizi-2302272_600_q50.webp\" alt=\"giorgia meloni sigfrido ranucci giampaolo rossi giovambattista fazzolari patrizia scurti antonio tajani matteo salvini \" loading=\"lazy\"><time class=\"data-ora\">3 set 20:07<\/time><\/div>\n<div class=\"excerpt\">\n<p>DAGOREPORT \u2013 <span>GIORGIA MELONI \u00c8 IN MODALIT\u00c0 \u201cCATTIVISSIMA ME\u201d<\/span>: DOPO QUATTRO ANNI DI LUNA DI MIELE, PER LA DUCETTA \u00c8 ARRIVATA LA TEMPESTA PERFETTA: LO STOP AL PREMIERATO,\u00a0LA BATOSTA AL REFERENDUM, LE RAFFICHE DI \u201cVAFFA\u201d DI TRUMP, L&#8217;ESPLOSIONE DEL FENOMENO VANNACCI, IL CROLLO DELLA LEGA, FORZA ITALIA ALLA BERLUSCONINA, IL CAOS INTORNO ALLA NUOVA LEGGE ELETTORALE, L&#8217;AUTOGOL SULLA SOSTITUZIONE DI RANUCCI &#8211; <span>PIU&#8217; IRRIDUCIBILE DELLA MALASORTE, ANZICHE&#8217; ASCOLTARE I CO-FONDATORI DI FDI, LA RUSSA E CROSETTO, L&#8217;UNDERDOG PREFERISCE\u00a0CIRCONDARSI DALL&#8217;AFFETTO DEL SUO CIRCOLETTO DELLA GARBATELLA<\/span>\u00a0&#8211; DOMANI DA BARI, DOVE FESTEGGIA IL RECORD DI DURATA DEL SUO GOVERNO, L&#8217;UNDERDOG LANCER\u00c0 IL SUO GRIDO DI RISCOSSA ELETTORALE &#8211; <span>SA CHE L&#8217;ARMATA BRANCA-MELONI NON PUO&#8217; REGGERE FINO A OTTOBRE 2027, OCCORRE ANTICIPARE IL VOTO AD APRILE, LASCIANDO LE COMUNALI A GIUGNO <\/span>&#8211; MA MATTARELLA VUOLE L\u2019ELECTION A CUI SI OPPONE LA MELONI, TERRORIZZATA DALL\u2019EFFETTO TRAINO DI UN FILOTTO DEL CENTROSINISTRA : CHE DECIDERA&#8217; IL COLLE? AH, SAPERLO&#8230;<\/p>\n<\/div>\n<p><\/a><\/article>\n<article><a href=\"https:\/\/www.dagospia.com\/politica\/dagoreport-roberto-vannacci-marcia-cernobbio-gli-imprenditori-italiani-485729\"><\/p>\n<div class=\"img-wrapper\"><img decoding=\"async\" src=\"https:\/\/static.dagospia.com\/img\/patch\/09-2026\/crosetto-calenda-vannacci-monti-de-bortoli-forum-ambrosetti-cernobbio-2302201_600_q50.webp\" alt=\"crosetto calenda vannacci monti de bortoli forum ambrosetti cernobbio\" loading=\"lazy\"><time class=\"data-ora\">3 set 20:02<\/time><\/div>\n<div class=\"excerpt\">\n<p><span>DAGOREPORT <\/span>&#8211; MENTRE LA PROCURA MILITARE DI ROMA AVVIA UN\u2019INDAGINE SUGLI UFFICIALI CHE HANNO ADERITO ALLA &#8220;SPORCA DOZZINA&#8221; DI ROBERTO VANNACCI, <span>IL RE-DUX DI FUTURO NAZIONALE MARCIA SU CERNOBBIO: SABATO \u00c8 ATTESO IN POMPA MAGNA AL FORUM AMBROSETTI PER DIBATTERE CON L\u2019EX PREMIER MARIO MONTI<\/span> &#8211; DALL&#8217;IDEOLOGO DEL POPULISMO GRILLINO, GIAN ROBERTO CASALEGGIO AL LEADER SOVRANISTA OLANDESE, IL RAZZISTA GEERT WILDERS, LE PRESENZE PROVOCATORIE E ACCHIAPPA-TITOLI NON SONO UNA NOVITA&#8217; A VILLA D&#8217;ESTE &#8211;<span> SDEGNATI PER LA PRESENZA E &#8220;TRATTAMENTO PREFERENZIALE&#8221; DEDICATO ALL\u2019EX PAR\u00c0(CULO) DELLA FOLGORE, CARLO CALENDA E GUIDO CROSETTO NON METTERANNO PIEDE A CERNOBBIO<\/span> \u2013 ANCHE FERRUCCIO DE BORTOLI RIFIUTA DI DUETTARE CON L\u2019EX GENERALE NOSTALGICO DEL MANGANELLO E DELL\u2019OLIO DI RICINO &#8211; NON SOLO: E&#8217; L\u2019EX DIRETTORE DEL \u201cCORRIERE\u201d IL PRIMO CHE SPARA LA NOTIZIA:<span> \u201cPURTROPPO A CERNOBBIO CI SAR\u00c0 VANNACCI&#8221;<\/span> (IL CAUTO DIRETTORE FONTANA \u00c8 STATO BEN ATTENTO A NON PUBBLICARLA SUBITO SUL CARTACEO)&#8230;<\/p>\n<\/div>\n<p><\/a><\/article>\n<article><a href=\"https:\/\/www.dagospia.com\/media-tv\/dagoreport-riunione-interlocutoria-qualche-piccola-apertura-caso-report-485651\"><\/p>\n<div class=\"img-wrapper\"><img decoding=\"async\" src=\"https:\/\/static.dagospia.com\/img\/patch\/09-2026\/rai-via-teulada-paolo-corsini-giulia-innocenzi-presutti-daniele-piervincenzi-dan-2301944_600_q50.webp\" alt=\"rai via teulada paolo corsini giulia innocenzi presutti daniele piervincenzi danilo procaccianti report sigfrido ranucci \" loading=\"lazy\"><time class=\"data-ora\">2 set 20:05<\/time><\/div>\n<div class=\"excerpt\">\n<p>DAGOREPORT \u2013 <span>RIUNIONE INTERLOCUTORIA MA CON QUALCHE PICCOLA APERTURA <\/span>TRA IL DIRETTORE DELL&#8217;APPROFONDIMENTO RAI, PAOLO CORSINI, E I MEMBRI DELLA SQUADRA DI \u201cREPORT\u201d: I GIORNALISTI <span>HANNO RIBADITO IL \u201cNO\u201d ALLA CONDUZIONE DI GIULIA PRESUTTI E DANIELE<\/span><span>PIERVINCENZI, MA SU QUEST\u2019ULTIMO LA POSIZIONE SAREBBE PI\u00d9 MORBIDA: <\/span>POTREBBE AVERE UN VIA LIBERA MAGARI COME CONDUTTORE DEL \u201cREPORT LAB\u201d, CON LA CONDUZIONE VERA E PROPRIA DA AFFIDARE A DUE \u201cSTORICI\u201d (CHE DIVENTEREBBERO TRE NEL CASO DI UN REINTEGRO DI RANUCCI DA PARTE DEL TRIBUNALE).\u00a0 SULLA PRESUTTI IL MURO RESTA GRANITICO \u2013 <span>PALAZZO CHIGI, INVECE, SAREBBE IRREMOVIBILE SUI DUE NOMI<\/span> \u2013 EPISODIO PITTORESCO NEL MEZZO DELLA RIUNIONE: UN GIORNALISTA DI UNA PRESTIGIOSA TESTATA DELLA RAI SAREBBE STATO <span>BECCATO A ORIGLIARE DA UN BAGNO VICINO ALLA SALA\u2026<\/span><\/p>\n<\/div>\n<p><\/a><\/article>\n<article><a href=\"https:\/\/www.dagospia.com\/politica\/dagoreport-grazie-trump-mondo-verso-de-americanizzazione-oggi-si-485332\"><\/p>\n<div class=\"img-wrapper\"><img decoding=\"async\" src=\"https:\/\/static.dagospia.com\/img\/patch\/09-2026\/trump-modi-xi-jinping-putin-2301524_600_q50.webp\" alt=\"trump modi xi jinping putin\" loading=\"lazy\"><time class=\"data-ora\">1 set 19:59<\/time><\/div>\n<div class=\"excerpt\">\n<p>DAGOREPORT \u2013<span> GRAZIE A TRUMP, IL DOLLARO RISCHIA DI DIVENTARE CARTA STRACCIA \u2013<\/span>\u00a0IL PIATTO FORTE AL SUMMIT IN KIRGHIZISTAN DI XI JINPING, VLADIMIR PUTIN E NARENDRA MODI, HA FATTO STRA-INCAZZARE IL CALIGOLA DELLA CASA BIANCA: SUL TAVOLO,\u00a0<span>IL PROGETTO DEI &#8221;BRICS&#8221; (BRASILE, RUSSIA, INDIA, CINA, SUDAFRICA) DI DAR VITA A UNA \u201cMONETA UNICA&#8221;, PER FAR FUORI IL DOLLARO NEGLI SCAMBI INTERNAZIONALI<\/span>\u00a0&#8211; CON UN DEBITO PUBBLICO MONSTRE DI 40MILA MILIARDI, LA DE-DOLLARIZZAZIONE SAREBBE LA FINE DELL&#8217;IMPERO AMERICANO: IL VERDONE&#8221; VIENE UTILIZZATO IN OLTRE L&#8217;80% DELLE TRANSAZIONI COMMERCIALI E IN PI\u00d9 DELLA MET\u00c0 DEI PAGAMENTI INTERNAZIONALI DELLE MATERIE PRIME, COME IL PETROLIO\u00a0&#8211; <span>LA DECISIONE E&#8217; NELLE MANI DELLA CINA: RINUNCERA&#8217; ALLO MONETA NAZIONALE, LO YUAN, PER DIVENTARE LA LOCOMOTIVA DEI &#8221;BRICS&#8221;?<\/span>\u00a0&#8211;\u00a0SUL MAGGIORE IMPEGNO A FAVORE DELL\u2019IRAN, PESANO I DUBBI\u00a0DI MODI (GLI USA SONO IL PRIMO PARTNER COMMERCIALE DELL\u2019INDIA)\u00a0&#8211; PROSSIMO ROUND: IL VERTICE DI XI JIN PING DEL 24 SETTEMBRE CON IL &#8220;DERAGLIATO MENTALE&#8221; DELLA CASA BIANCA&#8230;<\/p>\n<\/div>\n<p><\/a><\/article>\n<article><a href=\"https:\/\/www.dagospia.com\/politica\/elly-ascolta-gli-amici-i-big-pd-scesi-in-campo-cosi-pesantemente-per-485354\"><\/p>\n<div class=\"img-wrapper\"><img decoding=\"async\" src=\"https:\/\/static.dagospia.com\/img\/patch\/08-2026\/giuseppe-conte-elly-schlein-franceschini-bonaccini-nardella-2301098_600_q50.webp\" alt=\"giuseppe conte elly schlein franceschini bonaccini nardella\" loading=\"lazy\"><time class=\"data-ora\">31 ago 20:17<\/time><\/div>\n<div class=\"excerpt\">\n<p>DAGOREPORT &#8211; <span>ELLY, ASCOLTA GLI AMICI!<\/span> I CAPOCCIONI E LE MEZZECALZE DEL PD, CHE SONO SCESI COS\u00cc PESANTEMENTE IN CAMPO PER SCONGIURARE LA JATTURA DELLE PRIMARIE, NON CE L&#8217;HANNO CON TE, LO FANNO SOLO PER IL TUO BENE &#8211; CERTO, TEMONO (A RAGIONE) ANCHE PER LA LORO SOPRAVVIVENZA PARLAMENTARE: <span>SE ELLY, COME PROBABILE, PERDESSE AI GAZEBO IL DUELLO CON CONTE, TRASCINEREBBE IL PARTITO NEL BARATRO <\/span>&#8211; \u00c8 PER QUESTO CHE DA QUALCHE SETTIMANA SONO PARTITI GLI AVVERTIMENTI VIA STAMPA, ANCHE DI ESPONENTI PD NON OSTILI ALLA SCHLEIN COME DARIO NARDELLA, DI FARE UN PASSO INDIETRO \u2013 <span>LA TRAGEDIA \u00c8 CHE L\u2019AMBIZIOSA DUCETTA DEL NAZARENO, NONOSTANTE I SONDAGGI HORROR, SI VEDE GI\u00c0 A PALAZZO CHIGI, VALUTANDOLI COME ATTACCHI ALLA SUA LEADERSHIP<\/span>: \u201cLE INTERVISTE SULLE PRIMARIE? SONO SOLO ESERCIZI INTELLETTUALI, ALLA FESTA DELL\u2019UNITA\u2019 PARLO IO\u201d &#8211; SE ELLY CONTINUA COS\u00cc, RISCHIA CHE LA SUA PROSSIMA OCCUPAZIONE SARA&#8217; DI BALLARE SUI CARRI DEL GAY PRIDE&#8230;<\/p>\n<\/div>\n<p><\/a><\/article>\n<article><a href=\"https:\/\/www.dagospia.com\/politica\/l-ingaggio-fedorov-fa-incazzare-zelensky-mette-in-allarme-agenzie-485343\"><\/p>\n<div class=\"img-wrapper\"><img decoding=\"async\" src=\"https:\/\/static.dagospia.com\/img\/patch\/08-2026\/fedorov-musk-thiel-zelensky-crosetto-2301168_600_q50.webp\" alt=\"fedorov musk thiel zelensky crosetto\" loading=\"lazy\"><time class=\"data-ora\">31 ago 18:41<\/time><\/div>\n<div class=\"excerpt\">\n<p>DAGOREPORT &#8211; <span>A QUALCUNO NON PIACE &#8216;STO FEDOROV<\/span> &#8211;\u00a0PIU&#8217; CHE A INDIGNARE I NEURONI ALLA VODKA DI VANNACCI E DI TRAVAGLIO, L\u2019INGAGGIO DEL GOVERNO ITALIANO DELL&#8217;EX MINISTRO DELLA DIFESA UCRAINO<span> FA INCAZZARE ZELENSKY E METTE IN ALLARME LE AGENZIE DI INTELLIGENCE EUROPEE &#8211; <\/span>IL DINAMISMO DEL NOVELLO CONSULENTE DEL MINISTRO CROSETTO NON POTEVA NON FINIRE &#8220;ATTENZIONATO&#8221;, VISTO E CONFERMATO <span>IL RAPPORTO STRETTISSIMO CON L&#8217;EMINENZA GRIGIA DELLA TECNO-DESTRA PETER THIEL E CON IL CAVALIERE NERO DELLA GALASSIA MAGA, ELON MUSK<\/span> &#8211; \u00c8 STATO FEDOROV A OTTENERE LO SBLOCCO DEL SISTEMA STARLINK E A COLTIVARE RAPPORTI CON PALANTIR, CHE FORNISCE A KIEV I SOFTWARE PER LA DIFESA &#8211; <span>CHE STA COMBINANDO IN QUESTI GIORNI FEDOROV NEGLI STATI UNITI? <\/span>COSA VOGLIONO MUSK E THIEL DA LUI? LE ELEZIONI A KIEV, MAGARI PER SOSTITUIRE ZELENSKY E ARRIVARE A QUALUNQUE \u2018PACE\u2019\u201d?<\/p>\n<\/div>\n<p><\/a><\/article>\n<article><a href=\"https:\/\/www.dagospia.com\/media-tv\/acrobazie-spaccanti-il-55enne-raoul-bova-beatrice-arnera-beccati-chi-485632\"><\/p>\n<div class=\"img-wrapper\"><img decoding=\"async\" src=\"https:\/\/static.dagospia.com\/img\/patch\/09-2026\/raoul-bova-beatrice-arnera-chi-2301906_600_q50.webp\" alt=\"raoul bova beatrice arnera chi\" loading=\"lazy\"><\/div>\n<div class=\"excerpt\">ACROBAZIE \u201cSPACCANTI\u201d \u2013 IL 55ENNE RAOUL BOVA E BEATRICE ARNERA SONO STATI BECCATI DA \u201cCHI\u201d A\u2026<\/div>\n<p><\/a><\/article>\n<article><a href=\"https:\/\/www.dagospia.com\/sport\/pennellone-frou-frou-mole-juve-acquistato-l-attaccante-nick-woltemade-485601\"><\/p>\n<div class=\"img-wrapper\"><img decoding=\"async\" src=\"https:\/\/static.dagospia.com\/img\/patch\/09-2026\/nick-woltemade-2301780_600_q50.webp\" alt loading=\"lazy\"><\/div>\n<div class=\"excerpt\">UN PENNELLONE &#8220;FROU FROU&#8221; SOTTO LA MOLE? \u2013 LA JUVE HA ACQUISTATO IN PRESTITO DAL NEWCASTLE\u2026<\/div>\n<p><\/a><\/article>\n<article><a href=\"https:\/\/www.dagospia.com\/cronache\/42enne-bengalese-abusato-13enne-torino-e-porcellone-prima-categoria-485694\"><\/p>\n<div class=\"img-wrapper\"><img decoding=\"async\" src=\"https:\/\/static.dagospia.com\/img\/patch\/03-2019\/palpeggiamento-1138602_600_q50.webp\" alt=\"palpeggiamento\" loading=\"lazy\"><\/div>\n<div class=\"excerpt\">IL 42ENNE BENGALESE CHE HA ABUSATO UNA 13ENNE DI TORINO \u00c8 UN PORCELLONE DI PRIMA CATEGORIA! &#8211; POCO\u2026<\/div>\n<p><\/a><\/article>\n<article><a href=\"https:\/\/www.dagospia.com\/media-tv\/pillole-gossip-wanda-nara-i-festini-violenti-dell-ex-belen-485709\"><\/p>\n<div class=\"img-wrapper\"><img decoding=\"async\" src=\"https:\/\/static.dagospia.com\/img\/patch\/09-2026\/pillole-avanti-gossip-2302145_600_q50.webp\" alt=\"pillole avanti gossip\" loading=\"lazy\"><\/div>\n<div class=\"excerpt\">PILLOLE DI GOSSIP! WANDA NARA E I FESTINI VIOLENTI DELL\u2019EX MAXI LOPEZ IN RUSSIA: \u201cCHE PECCATO\u2026<\/div>\n<p><\/a><\/article>\n<article><a href=\"https:\/\/www.dagospia.com\/media-tv\/riconoscete-frasche-28enne-e-nata-milano-ed-e-cresciuta-in-famiglia-485496\"><\/p>\n<div class=\"img-wrapper\"><img decoding=\"async\" src=\"https:\/\/static.dagospia.com\/img\/patch\/09-2026\/celeste-della-porta-2301415_600_q50.webp\" alt=\"celeste della porta \" loading=\"lazy\"><\/div>\n<div class=\"excerpt\">LA RICONOSCETE TRA LE FRASCHE?\u00a0&#8211; L&#8217;AUDACE 28ENNE E\u2019 NATA A MILANO ED E\u2019 CRESCIUTA IN UNA FAMIGLIA\u2026<\/div>\n<p><\/a><\/article>\n<article><a href=\"https:\/\/www.dagospia.com\/politica\/dagoreport-giorgia-meloni-e-in-modalita-cattivissima-me-fronte-guai-485762\"><\/p>\n<div class=\"img-wrapper\"><img decoding=\"async\" src=\"https:\/\/static.dagospia.com\/img\/patch\/09-2026\/giorgia-meloni-sigfrido-ranucci-giampaolo-rossi-giovambattista-fazzolari-patrizi-2302272_600_q50.webp\" alt=\"giorgia meloni sigfrido ranucci giampaolo rossi giovambattista fazzolari patrizia scurti antonio tajani matteo salvini \" loading=\"lazy\"><\/div>\n<div class=\"excerpt\">DAGOREPORT \u2013 GIORGIA MELONI \u00c8 IN MODALIT\u00c0 \u201cCATTIVISSIMA ME\u201d: DOPO QUATTRO ANNI DI LUNA DI MIELE,\u2026<\/div>\n<p><\/a><\/article>\n<article><a href=\"https:\/\/www.dagospia.com\/politica\/dagoreport-roberto-vannacci-marcia-cernobbio-gli-imprenditori-italiani-485729\"><\/p>\n<div class=\"img-wrapper\"><img decoding=\"async\" src=\"https:\/\/static.dagospia.com\/img\/patch\/09-2026\/crosetto-calenda-vannacci-monti-de-bortoli-forum-ambrosetti-cernobbio-2302201_600_q50.webp\" alt=\"crosetto calenda vannacci monti de bortoli forum ambrosetti cernobbio\" loading=\"lazy\"><\/div>\n<div class=\"excerpt\">DAGOREPORT &#8211; MENTRE LA PROCURA MILITARE DI ROMA AVVIA UN\u2019INDAGINE SUGLI UFFICIALI CHE HANNO ADERITO\u2026<\/div>\n<p><\/a><\/article>\n<article><a href=\"https:\/\/www.dagospia.com\/media-tv\/dagoreport-riunione-interlocutoria-qualche-piccola-apertura-caso-report-485651\"><\/p>\n<div class=\"img-wrapper\"><img decoding=\"async\" src=\"https:\/\/static.dagospia.com\/img\/patch\/09-2026\/rai-via-teulada-paolo-corsini-giulia-innocenzi-presutti-daniele-piervincenzi-dan-2301944_600_q50.webp\" alt=\"rai via teulada paolo corsini giulia innocenzi presutti daniele piervincenzi danilo procaccianti report sigfrido ranucci \" loading=\"lazy\"><\/div>\n<div class=\"excerpt\">DAGOREPORT \u2013 RIUNIONE INTERLOCUTORIA MA CON QUALCHE PICCOLA APERTURA TRA IL DIRETTORE\u2026<\/div>\n<p><\/a><\/article>\n<article><a href=\"https:\/\/www.dagospia.com\/politica\/dagoreport-grazie-trump-mondo-verso-de-americanizzazione-oggi-si-485332\"><\/p>\n<div class=\"img-wrapper\"><img decoding=\"async\" src=\"https:\/\/static.dagospia.com\/img\/patch\/09-2026\/trump-modi-xi-jinping-putin-2301524_600_q50.webp\" alt=\"trump modi xi jinping putin\" loading=\"lazy\"><\/div>\n<div class=\"excerpt\">DAGOREPORT \u2013 GRAZIE A TRUMP, IL DOLLARO RISCHIA DI DIVENTARE CARTA STRACCIA \u2013\u00a0IL PIATTO FORTE AL\u2026<\/div>\n<p><\/a><\/article>\n<article><a href=\"https:\/\/www.dagospia.com\/politica\/elly-ascolta-gli-amici-i-big-pd-scesi-in-campo-cosi-pesantemente-per-485354\"><\/p>\n<div class=\"img-wrapper\"><img decoding=\"async\" src=\"https:\/\/static.dagospia.com\/img\/patch\/08-2026\/giuseppe-conte-elly-schlein-franceschini-bonaccini-nardella-2301098_600_q50.webp\" alt=\"giuseppe conte elly schlein franceschini bonaccini nardella\" loading=\"lazy\"><\/div>\n<div class=\"excerpt\">DAGOREPORT &#8211; ELLY, ASCOLTA GLI AMICI! I CAPOCCIONI E LE MEZZECALZE DEL PD, CHE SONO SCESI COS\u00cc\u2026<\/div>\n<p><\/a><\/article>\n<article><a href=\"https:\/\/www.dagospia.com\/politica\/l-ingaggio-fedorov-fa-incazzare-zelensky-mette-in-allarme-agenzie-485343\"><\/p>\n<div class=\"img-wrapper\"><img decoding=\"async\" src=\"https:\/\/static.dagospia.com\/img\/patch\/08-2026\/fedorov-musk-thiel-zelensky-crosetto-2301168_600_q50.webp\" alt=\"fedorov musk thiel zelensky crosetto\" loading=\"lazy\"><\/div>\n<div class=\"excerpt\">DAGOREPORT &#8211; A QUALCUNO NON PIACE &#8216;STO FEDOROV &#8211;\u00a0PIU&#8217; CHE A INDIGNARE I NEURONI ALLA VODKA DI\u2026<\/div>\n<p><\/a><\/article>\n<article><a href=\"https:\/\/www.dagospia.com\/politica\/flash-c-e-grande-perplessita-i-draghi-boys-per-presenza-andrea-485336\"><\/p>\n<div class=\"img-wrapper\"><img decoding=\"async\" src=\"https:\/\/static.dagospia.com\/img\/patch\/08-2026\/xavier-niel-draghi-pignataro-2301175_600_q50.webp\" alt=\"xavier niel draghi pignataro\" loading=\"lazy\"><\/div>\n<div class=\"excerpt\">FLASH! \u2013 I \u201cDRAGHI BOYS\u201d DEL POTERE ECONOMICO ITALIANO AVREBBERO ESPRESSO QUALCHE PERPLESSITA&#8217;\u2026<\/div>\n<p><\/a><\/article>\n<article><a href=\"https:\/\/www.dagospia.com\/politica\/quale-episodio-giulia-presutti-era-habitue-cefalu-bistro-dove-piu-e-485248\"><\/p>\n<div class=\"img-wrapper\"><img decoding=\"async\" src=\"https:\/\/static.dagospia.com\/img\/patch\/08-2026\/ranucci-presutti-cianfoni-floridia-2300757_600_q50.webp\" alt=\"ranucci presutti cianfoni floridia\" loading=\"lazy\"><\/div>\n<div class=\"excerpt\">DAGOREPORT &#8211;\u00a0MA QUALE &#8220;EPISODIO&#8221;! GIULIA PRESUTTI ERA UN HABITU\u00c8 DEL \u201cCEFAL\u00d9 BISTR\u00d2\u201d DOVE PI\u00d9 VOLTE\u2026<\/div>\n<p><\/a><\/article>\n<article><a href=\"https:\/\/www.dagospia.com\/politica\/risiko-s-ingrossa-l-apertura-assicurazioni-generali-valutare-l-offerta-484996\"><\/p>\n<div class=\"img-wrapper\"><img decoding=\"async\" src=\"https:\/\/static.dagospia.com\/img\/patch\/08-2026\/generali-philippe-donnet-luigi-lovaglio-carlo-messina-2292458_600_q50.webp\" alt=\"generali philippe donnet luigi lovaglio carlo messina \" loading=\"lazy\"><\/div>\n<div class=\"excerpt\">DAGOREPORT &#8211; IL RISIKO S&#8217;INGROSSA! L\u2019APERTURA DI ASSICURAZIONI GENERALI A VALUTARE L&#8217;OFFERTA\u201d DI\u2026<\/div>\n<p><\/a><\/article>\n<article><a href=\"https:\/\/www.dagospia.com\/cronache\/voluto-trump-t-attacchi-scorta-i-leader-silicon-valley-484985\"><\/p>\n<div class=\"img-wrapper\"><img decoding=\"async\" src=\"https:\/\/static.dagospia.com\/img\/patch\/08-2026\/mark-zuckerberg-proteste-2299936_600_q50.webp\" alt=\"mark zuckerberg proteste \" loading=\"lazy\"><\/div>\n<div class=\"excerpt\">HAI VOLUTO TRUMP? E ORA T\u2019ATTACCHI ALLA SCORTA! \u2013 I LEADER DELLA SILICON VALLEY SONO OSSESSIONATI\u2026<\/div>\n<p><\/a><\/article>\n<article><a href=\"https:\/\/www.dagospia.com\/cafonal\/cafonalino-roma-proiezione-documentario-marco-bellocchio-marco-travaglio-485081\"><\/p>\n<div class=\"img-wrapper\"><img decoding=\"async\" src=\"https:\/\/static.dagospia.com\/img\/patch\/08-2026\/2026bellocchio-anteprima-film-di-marco-bellocchio-2300339_600_q50.webp\" alt=\"2026bellocchio anteprima film di marco bellocchio\" loading=\"lazy\"><\/div>\n<div class=\"excerpt\">CAFONALINO! AL CINEMA QUATTRO FONTANE DI ROMA LA PROIEZIONE SPECIALE DEL DOCUMENTARIO \u201cMARCO\u2026<\/div>\n<p><\/a><\/article>\n<article><a href=\"https:\/\/www.dagospia.com\/cafonal\/cafonal-show-ranucci-cerveteri-freni-ho-fatto-scoop-nazionali-484807\"><\/p>\n<div class=\"img-wrapper\"><img decoding=\"async\" src=\"https:\/\/static.dagospia.com\/img\/patch\/08-2026\/2026ranucci-sigfrido-ranucci-2299409_600_q50.webp\" alt=\"2026ranucci sigfrido ranucci\" loading=\"lazy\"><\/div>\n<div class=\"excerpt\">SIGFRIDO, IL MASANIELLO DE NOANTRI \u2013 RANUCCI HA PERSO OGNI FRENO E, ALLA PRESENTAZIONE DEL SUO\u2026<\/div>\n<p><\/a><\/article>\n<article><a href=\"https:\/\/www.dagospia.com\/cafonal\/funeralino-l-ultimo-saluto-mitico-produttore-cinematografico-fulvio-484127\"><\/p>\n<div class=\"img-wrapper\"><img decoding=\"async\" src=\"https:\/\/static.dagospia.com\/img\/patch\/08-2026\/2026lucisano-2297424_600_q50.webp\" alt=\"2026lucisano\" loading=\"lazy\"><\/div>\n<div class=\"excerpt\">FUNERALINO \u2013 NELLA CALLARA ROMANA D\u2019AGOSTO, L\u2019ULTIMO SALUTO AL MITICO PRODUTTORE CINEMATOGRAFICO\u2026<\/div>\n<p><\/a><\/article>\n<article><a href=\"https:\/\/www.dagospia.com\/cafonal\/cafonalino-pizza-riformista-matteo-renzi-raduna-i-suoi-prima-delle-480816\"><\/p>\n<div class=\"img-wrapper\"><img decoding=\"async\" src=\"https:\/\/static.dagospia.com\/img\/patch\/07-2026\/2026kraken-matteo-renzi-2286047_600_q50.webp\" alt=\"2026kraken matteo renzi \" loading=\"lazy\"><\/div>\n<div class=\"excerpt\">CAFONALINO DELLA PIZZA RIFORMISTA \u2013 RENZI RADUNA I SUOI PRIMA DELLE VACANZE ESTIVE AL SATYRUS DI\u2026<\/div>\n<p><\/a><\/article>\n<article><a href=\"https:\/\/www.dagospia.com\/cafonal\/cafonalino-moreno-party-roma-manuela-moreno-festeggia-i-60-anni-480777\"><\/p>\n<div class=\"img-wrapper\"><img decoding=\"async\" src=\"https:\/\/static.dagospia.com\/img\/patch\/07-2026\/manuela-moreno-festa-60-anni-2285871_600_q50.webp\" alt=\"manuela moreno festa 60 anni \" loading=\"lazy\"><\/div>\n<div class=\"excerpt\">CAFONALINO! NO MORENO, NO PARTY \u2013 A ROMA, AL LOVE BAR DI PONTE MILVIO, MANUELA MORENO, CONDUTTRICE\u2026<\/div>\n<p><\/a><\/article>\n<article><a href=\"https:\/\/www.dagospia.com\/cafonal\/cafonalino-firenze-tevere-direttori-redattori-forchettoni-scrocconi-480745\"><\/p>\n<div class=\"img-wrapper\"><img decoding=\"async\" src=\"https:\/\/static.dagospia.com\/img\/patch\/07-2026\/2026agno-marco-agnoletti-2285763_600_q50.webp\" alt=\"2026agno marco agnoletti \" loading=\"lazy\"><\/div>\n<div class=\"excerpt\">CAFONALINO DEGLI AGNOLETTI IN BRODO &#8211; DIRETTORI, REDATTORI, FORCHETTONI E SCROCCONI SFIDANO\u2026<\/div>\n<p><\/a><\/article>\n<p>[analyse_source url=&#8221;https:\/\/www.dagospia.com\/politica\/dagoreport-roberto-vannacci-marcia-cernobbio-gli-imprenditori-italiani-485729&#8243;]<\/p>\n","protected":false},"excerpt":{"rendered":"<p>[analyse_image type=&#8221;featured&#8221; src=&#8221;https:\/\/static.dagospia.com\/img\/patch\/09-2026\/crosetto-calenda-vannacci-monti-de-bortoli-forum-ambrosetti-cernobbio-2302201_600_q50.webp&#8221;] 3 set 2026 20:02 DAGOREPORT &#8211; MENTRE LA PROCURA MILITARE DI ROMA AVVIA UN\u2019INDAGINE SUGLI UFFICIALI CHE HANNO ADERITO ALLA &#8220;SPORCA DOZZINA&#8221; DI ROBERTO VANNACCI, IL RE-DUX DI FUTURO NAZIONALE MARCIA SU CERNOBBIO: SABATO \u00c8 ATTESO IN POMPA MAGNA AL FORUM AMBROSETTI PER DIBATTERE CON L\u2019EX PREMIER MARIO MONTI &#8211; DALL&#8217;IDEOLOGO DEL [&hellip;]<\/p>\n","protected":false},"author":1,"featured_media":0,"comment_status":"open","ping_status":"","sticky":false,"template":"","format":"standard","meta":{"footnotes":""},"categories":[87],"tags":[226,149],"class_list":["post-2127027","post","type-post","status-publish","format-standard","hentry","category-italy","tag-crawlmanager","tag-dagospia-com"],"_links":{"self":[{"href":"https:\/\/analyse.optim.biz\/index.php?rest_route=\/wp\/v2\/posts\/2127027","targetHints":{"allow":["GET"]}}],"collection":[{"href":"https:\/\/analyse.optim.biz\/index.php?rest_route=\/wp\/v2\/posts"}],"about":[{"href":"https:\/\/analyse.optim.biz\/index.php?rest_route=\/wp\/v2\/types\/post"}],"author":[{"embeddable":true,"href":"https:\/\/analyse.optim.biz\/index.php?rest_route=\/wp\/v2\/users\/1"}],"replies":[{"embeddable":true,"href":"https:\/\/analyse.optim.biz\/index.php?rest_route=%2Fwp%2Fv2%2Fcomments&post=2127027"}],"version-history":[{"count":0,"href":"https:\/\/analyse.optim.biz\/index.php?rest_route=\/wp\/v2\/posts\/2127027\/revisions"}],"wp:attachment":[{"href":"https:\/\/analyse.optim.biz\/index.php?rest_route=%2Fwp%2Fv2%2Fmedia&parent=2127027"}],"wp:term":[{"taxonomy":"category","embeddable":true,"href":"https:\/\/analyse.optim.biz\/index.php?rest_route=%2Fwp%2Fv2%2Fcategories&post=2127027"},{"taxonomy":"post_tag","embeddable":true,"href":"https:\/\/analyse.optim.biz\/index.php?rest_route=%2Fwp%2Fv2%2Ftags&post=2127027"}],"curies":[{"name":"wp","href":"https:\/\/api.w.org\/{rel}","templated":true}]}}