{"id":2127019,"date":"2026-09-03T17:56:37","date_gmt":"2026-09-03T14:56:37","guid":{"rendered":"https:\/\/analyse.optim.biz\/?p=2127019"},"modified":"2026-09-03T17:56:37","modified_gmt":"2026-09-03T14:56:37","slug":"luigino-berlusconi-diventa-papa-per-la-terza-volta-il-6-agosto-e-nata-miriam-rosa","status":"publish","type":"post","link":"https:\/\/analyse.optim.biz\/?p=2127019","title":{"rendered":"Luigino berlusconi diventa papa\u2019 per la terza volta \u2013 il 6 agosto e\u2019 nata miriam rosa"},"content":{"rendered":"<p>[analyse_image type=&#8221;featured&#8221; src=&#8221;https:\/\/static.dagospia.com\/img\/patch\/09-2026\/luigi-silvio-berlusconi-2302162_600_q50.webp&#8221;]<\/p>\n<article>\n<div class=\"img-wrapper\"><img decoding=\"async\" src=\"https:\/\/static.dagospia.com\/img\/patch\/09-2026\/luigi-silvio-berlusconi-2302162_600_q50.webp\" alt=\"luigi silvio berlusconi \"><time class=\"data-ora\">3 set 2026 19:56<\/time><\/div>\n<p>LUIGINO, OGNI BOTTA, UNA TACCA!<span> IL DEVOTISSIMO FIGLIO PIU\u2019 PICCOLO DI SILVIO BERLUSCONI E VERONICA LARIO, LUIGI, DIVENTA PAPA\u2019 PER LA TERZA VOLTA <\/span>\u2013 IL 6 AGOSTO E\u2019 NATA MIRIAM ROSA E \u201cCHI\u201d SCODELLA LE IMMAGINI DELL\u2019ARRIVO IN SARDEGNA CON LEI E TUTTA LA FAMIGLIA &#8211; <span>IL NOME DELLA BAMBINA \u00c8 UN OMAGGIO A NONNA VERONICA LARIO, ALL&#8217;ANAGRAFE MIRIAM RAFFAELLA BARTOLINI. <\/span>ROSA ERA INVECE LA MAMMA DI SILVIO BERLUSCONI (E LA NONNA DI FEDERICA FUMAGALLI, MOGLIE DEL &#8220;BERLUSCHINO&#8221;) \u2013 LUIGI, MOLTO IMPEGNATO NELLA GESTIONE DEL FAMILY OFFICE &#8220;H14&#8221;, CHE HA FONDATO CON LE SUE SORELLE, CONDUCE UNA VITA LOW PROFILE &#8211; ARCHEO! QUANDO, NEL 2006, IL CAV RACCONTO\u2019: <span>&#8220;TELEFONO, CHIEDO DI LUIGI E MI DICONO DI CHIAMARE DOPO 5 MINUTI PERCH\u00c9 \u00c8 RACCOLTO IN PREGHIERA. RICHIAMO E MI DICONO CHE STA ANCORA PREGANDO. SBOTTO: MA ALLORA STA DICENDO MESSA!&#8221;<\/span><\/p>\n<div class=\"share-section\">\n                Condividi  questo articolo<\/p>\n<div class=\"socials\"><a href=\"http:\/\/www.facebook.com\/sharer.php?u=http:\/\/www.dagospia.com\/media-tv\/luigino-berlusconi-diventa-papa-per-terza-volta-6-agosto-e-nata-miriam-485717\" target=\"_blank\"><img decoding=\"async\" src=\"https:\/\/static.dagospia.com\/img\/icons\/facebook.svg\" alt=\"Condividi su Facebook\"><\/a><a href=\"http:\/\/www.twitter.com\/share?url=http:\/\/www.dagospia.com\/media-tv\/luigino-berlusconi-diventa-papa-per-terza-volta-6-agosto-e-nata-miriam-485717&amp;text=LUIGINO%20BERLUSCONI%20DIVENTA%20PAPA%E2%80%99%20PER%20LA%20TERZA%20VOLTA%20%E2%80%93%20IL%206%20AGOSTO%20E%E2%80%99%20NATA%20MIRIAM%20ROSA\" target=\"_blank\"><img decoding=\"async\" src=\"https:\/\/static.dagospia.com\/img\/icons\/x-icon.png\" alt=\"Condividi su X\"><\/a><a href=\"\/\/www.dagospia.com\/media-tv\/luigino-berlusconi-diventa-papa-per-terza-volta-6-agosto-e-nata-miriam-485717\" target=\"_blank\"><img decoding=\"async\" src=\"https:\/\/static.dagospia.com\/img\/icons\/whatsapp.svg\" alt=\"Condividi su Whatsapp\"><\/a><a href=\"mailto:?body=http:\/\/www.dagospia.com\/media-tv\/luigino-berlusconi-diventa-papa-per-terza-volta-6-agosto-e-nata-miriam-485717\" target=\"_blank\"><img decoding=\"async\" src=\"https:\/\/static.dagospia.com\/img\/icons\/mail.svg\" alt=\"Invia in email\"><\/a><\/div>\n<\/div>\n<div class=\"content\">\n<p class=\"disable\"><strong>Valerio Palmieri per <a href=\"http:\/\/chimagazine\" target=\"_blank\">Chi \u2013 www.chimagazine.it<\/a><\/strong><\/p>\n<p class=\"disable\">\u00a0<\/p>\n<p class=\"disable\">\u00a0<\/p>\n<p><a href=\"https:\/\/www.dagospia.com\/media-gallery\/dago-fotogallery-522144\/2302168\" class=\"float-right img-wrapper\"><img decoding=\"async\" id=\"2302168\" loading=\"lazy\" src=\"https:\/\/static.dagospia.com\/img\/foto\/09-2026\/luigi-berlusconi-e-miriam-rosa-foto-chi-2302168_800_q50.webp\"><span class=\"img-title\">luigi berlusconi e miriam rosa foto chi<\/span><\/a><\/p>\n<p class=\"disable\">Il senso della paternit\u00e0 \u00e8 racchiuso nell\u2019immagine di un uomo che tiene fra le braccia il suo piccolo per proteggerlo, rassicurarlo. Per sentire il suo respiro, il suo calore, facendo attenzione a reggergli bene la testa. Luigi Berlusconi \u00e8 diventato pap\u00e0 per la terza volta. Una notizia che \u00e8 rimasta segreta per alcune settimane, visto che risale al 6 agosto.<\/p>\n<p class=\"disable\">\u00a0<\/p>\n<p class=\"disable\">\u00a0<\/p>\n<p class=\"disable\">Ma ora lo vediamo all\u2019aeroporto di Olbia, in arrivo da Milano con sua figlia e con tutta la famiglia. Sua moglie, Federica Fumagalli, gli altri due bambini, Emanuele Silvio e Tommaso Fabio, e sua mamma, Veronica Lario, che festeggia l\u2019arrivo del suo undicesimo nipotino: i cinque figli di Barbara, i tre di Eleonora e, adesso, i tre di Luigi.<\/p>\n<p class=\"disable\">\u00a0<\/p>\n<p><a href=\"https:\/\/www.dagospia.com\/media-gallery\/dago-fotogallery-522144\/2302166\" class=\"float-left img-wrapper\"><img decoding=\"async\" id=\"2302166\" loading=\"lazy\" src=\"https:\/\/static.dagospia.com\/img\/foto\/09-2026\/silvio-luigi-berlusconi-2302166_800_q50.webp\"><span class=\"img-title\">silvio luigi berlusconi<\/span><\/a><\/p>\n<p class=\"disable\">E c\u2019\u00e8 un nonno che, purtroppo, la piccola non potr\u00e0 conoscere, Silvio Berlusconi. Ma sentir\u00e0 parlare molto di lui, del suo amore per la famiglia, del suo orgoglio per i figli e i nipoti. La bimba si chiama Miriam Rosa. Miriam \u00e8 il vero nome di Veronica Lario, all\u2019anagrafe Miriam Raffaella Bartolini, mentre Rosa \u00e8 il nome della nonna paterna di Luigi e anche della nonna di Federica.<\/p>\n<p class=\"disable\">\u00a0<\/p>\n<p class=\"disable\">\u00a0<\/p>\n<p class=\"disable\">\u00a0<\/p>\n<p class=\"disable\">Luigi, che porta il nome del nonno paterno, \u00e8 un ragazzo molto impegnato nel lavoro, nella gestione del family office H14 che ha fondato con le sue sorelle. Ma ha trovato sempre un equilibrio con la famiglia. Dedica gran parte del tempo libero a sua moglie, ai figli, alle sorelle, alla mamma, agli amici. Lo fa mostrando sempre grande serenit\u00e0 e riservatezza. Ha condotto una vita ispirata al low profile, come i suoi fratelli, mettendo al centro gli affetti.<\/p>\n<p class=\"disable\">\u00a0<\/p>\n<p><a href=\"https:\/\/www.dagospia.com\/media-gallery\/dago-fotogallery-522144\/2302169\" class=\"float-right img-wrapper\"><img decoding=\"async\" id=\"2302169\" loading=\"lazy\" src=\"https:\/\/static.dagospia.com\/img\/foto\/09-2026\/luigi-berlusconi-federica-fumagalli-2302169_800_q50.webp\"><span class=\"img-title\">luigi berlusconi federica fumagalli<\/span><\/a><\/p>\n<p class=\"disable\">\u00a0<\/p>\n<p class=\"disable\">Di lui si sa pochissimo e anche la notizia della gravidanza di Federica e della nascita di Miriam Rosa, rivelate da \u201cChi\u201d, sono rimaste a lungo circoscritte alla sua stretta cerchia. Cos\u00ec come non ha mai voluto pubblicizzare i suoi vari impegni benefici, che sostiene attraverso una holding dedicata.<\/p>\n<p class=\"disable\">\u00a0<\/p>\n<p class=\"disable\">Ha voluto condividere parte della sua fortuna, che per lui non \u00e8 mai stata un peso. O forse ha imparato fin da piccolo a convivere con un cognome importante e con le responsabilit\u00e0 che comporta. Lo ha fatto con forza e con dolcezza, come l\u2019abbraccio di un padre che dura tutta la vita.<\/p>\n<p><a href=\"https:\/\/www.dagospia.com\/media-gallery\/dago-fotogallery-522144\/2302164\" class=\"float-right img-wrapper\"><img decoding=\"async\" id=\"2302164\" loading=\"lazy\" src=\"https:\/\/static.dagospia.com\/img\/foto\/09-2026\/luigi-berlusconi-4-foto-chi-2302164_800_q50.webp\"><span class=\"img-title\">luigi berlusconi 4 foto chi<\/span><\/a><a href=\"https:\/\/www.dagospia.com\/media-gallery\/dago-fotogallery-522144\/2302167\" class=\"float-right img-wrapper\"><img decoding=\"async\" id=\"2302167\" loading=\"lazy\" src=\"https:\/\/static.dagospia.com\/img\/foto\/09-2026\/silvio-luigi-berlusconi-3-2302167_800_q50.webp\"><span class=\"img-title\">silvio luigi berlusconi 3<\/span><\/a><a href=\"https:\/\/www.dagospia.com\/media-gallery\/dago-fotogallery-522144\/2302163\" class=\"float-right img-wrapper\"><img decoding=\"async\" id=\"2302163\" loading=\"lazy\" src=\"https:\/\/static.dagospia.com\/img\/foto\/09-2026\/luigi-berlusconi-federica-fumagalli-e-famiglia-foto-chi-2302163_800_q50.webp\"><span class=\"img-title\">luigi berlusconi federica fumagalli e famiglia foto chi<\/span><\/a><a href=\"https:\/\/www.dagospia.com\/media-gallery\/dago-fotogallery-522144\/1948844\" class=\"float-right img-wrapper\"><img decoding=\"async\" id=\"1948844\" loading=\"lazy\" src=\"https:\/\/static.dagospia.com\/img\/foto\/02-2024\/barbara-eleonora-luigi-berlusconi-1948844_800_q50.webp\"><span class=\"img-title\">barbara eleonora luigi berlusconi<\/span><\/a><a href=\"https:\/\/www.dagospia.com\/media-gallery\/dago-fotogallery-522144\/1907500\" class=\"float-right img-wrapper\"><img decoding=\"async\" id=\"1907500\" loading=\"lazy\" src=\"https:\/\/static.dagospia.com\/img\/foto\/10-2023\/luigi-berlusconi-con-il-figlio-foto-di-chi-1907500_800_q50.webp\"><span class=\"img-title\">luigi berlusconi con il figlio foto di chi <\/span><\/a><a href=\"https:\/\/www.dagospia.com\/media-gallery\/dago-fotogallery-522144\/2302165\" class=\"float-left img-wrapper\"><img decoding=\"async\" id=\"2302165\" loading=\"lazy\" src=\"https:\/\/static.dagospia.com\/img\/foto\/09-2026\/luigi-berlusconi-federica-fumagalli-e-figli-foto-chi-2302165_800_q50.webp\"><span class=\"img-title\">luigi berlusconi federica fumagalli e figli foto chi<\/span><\/a><a href=\"https:\/\/www.dagospia.com\/media-gallery\/dago-fotogallery-522144\/1873203\" class=\"float-right img-wrapper\"><img decoding=\"async\" id=\"1873203\" loading=\"lazy\" src=\"https:\/\/static.dagospia.com\/img\/foto\/08-2023\/marta-fascina-luigi-berlusconi-adriano-galliani-paolo-berlusconi-1873203_800_q50.webp\"><span class=\"img-title\">marta fascina luigi berlusconi adriano galliani paolo berlusconi <\/span><\/a><a href=\"https:\/\/www.dagospia.com\/media-gallery\/dago-fotogallery-522144\/1873200\" class=\"float-right img-wrapper\"><img decoding=\"async\" id=\"1873200\" loading=\"lazy\" src=\"https:\/\/static.dagospia.com\/img\/foto\/08-2023\/luigi-berlusconi-e-marta-fascina-1873200_800_q50.webp\"><span class=\"img-title\">luigi berlusconi e marta fascina <\/span><\/a><a href=\"https:\/\/www.dagospia.com\/media-gallery\/dago-fotogallery-522144\/1873179\" class=\"float-right img-wrapper\"><img decoding=\"async\" id=\"1873179\" loading=\"lazy\" src=\"https:\/\/static.dagospia.com\/img\/foto\/08-2023\/pier-silvio-berlusconi-marta-fascina-luigi-berlusconi-adriano-galliani-paolo-ber-1873179_800_q50.webp\"><span class=\"img-title\">pier silvio berlusconi marta fascina luigi berlusconi adriano galliani paolo berlusconi <\/span><\/a><a href=\"https:\/\/www.dagospia.com\/media-gallery\/dago-fotogallery-522144\/1907495\" class=\"float-right img-wrapper\"><img decoding=\"async\" id=\"1907495\" loading=\"lazy\" src=\"https:\/\/static.dagospia.com\/img\/foto\/10-2023\/luigi-berlusconi-con-il-figlio-tommaso-fabio-la-moglie-federica-fumagalli-e-mari-1907495_800_q50.webp\"><span class=\"img-title\">luigi berlusconi con il figlio tommaso fabio la moglie federica fumagalli e marina foto di chi <\/span><\/a><\/p>\n<\/div>\n<div class=\"share-section\">\n                Condividi  questo articolo<\/p>\n<div class=\"socials\"><a href=\"https:\/\/www.dagospia.com\/media-tv\/luigino-berlusconi-diventa-papa-per-terza-volta-6-agosto-e-nata-miriam-485717\"><img decoding=\"async\" src=\"https:\/\/static.dagospia.com\/img\/icons\/facebook.svg\" alt=\"Condividi su Facebook\"><\/a><a href=\"https:\/\/www.dagospia.com\/media-tv\/luigino-berlusconi-diventa-papa-per-terza-volta-6-agosto-e-nata-miriam-485717\"><img decoding=\"async\" src=\"https:\/\/static.dagospia.com\/img\/icons\/x-icon.png\" alt=\"Condividi su X\"><\/a><a href=\"https:\/\/www.dagospia.com\/media-tv\/luigino-berlusconi-diventa-papa-per-terza-volta-6-agosto-e-nata-miriam-485717\"><img decoding=\"async\" src=\"https:\/\/static.dagospia.com\/img\/icons\/whatsapp.svg\" alt=\"Condividi su Whatsapp\"><\/a><a href=\"https:\/\/www.dagospia.com\/media-tv\/luigino-berlusconi-diventa-papa-per-terza-volta-6-agosto-e-nata-miriam-485717\"><img decoding=\"async\" src=\"https:\/\/static.dagospia.com\/img\/icons\/mail.svg\" alt=\"Invia in email\"><\/a><\/div>\n<\/div>\n<\/article>\n<div class=\"content\">\n<p class=\"disable\"><strong>Valerio Palmieri per <a href=\"http:\/\/chimagazine\" target=\"_blank\">Chi \u2013 www.chimagazine.it<\/a><\/strong><\/p>\n<p class=\"disable\">\u00a0<\/p>\n<p class=\"disable\">\u00a0<\/p>\n<p><a href=\"https:\/\/www.dagospia.com\/media-gallery\/dago-fotogallery-522144\/2302168\" class=\"float-right img-wrapper\"><img decoding=\"async\" id=\"2302168\" loading=\"lazy\" src=\"https:\/\/static.dagospia.com\/img\/foto\/09-2026\/luigi-berlusconi-e-miriam-rosa-foto-chi-2302168_800_q50.webp\"><span class=\"img-title\">luigi berlusconi e miriam rosa foto chi<\/span><\/a><\/p>\n<p class=\"disable\">Il senso della paternit\u00e0 \u00e8 racchiuso nell\u2019immagine di un uomo che tiene fra le braccia il suo piccolo per proteggerlo, rassicurarlo. Per sentire il suo respiro, il suo calore, facendo attenzione a reggergli bene la testa. Luigi Berlusconi \u00e8 diventato pap\u00e0 per la terza volta. Una notizia che \u00e8 rimasta segreta per alcune settimane, visto che risale al 6 agosto.<\/p>\n<p class=\"disable\">\u00a0<\/p>\n<p class=\"disable\">\u00a0<\/p>\n<p class=\"disable\">Ma ora lo vediamo all\u2019aeroporto di Olbia, in arrivo da Milano con sua figlia e con tutta la famiglia. Sua moglie, Federica Fumagalli, gli altri due bambini, Emanuele Silvio e Tommaso Fabio, e sua mamma, Veronica Lario, che festeggia l\u2019arrivo del suo undicesimo nipotino: i cinque figli di Barbara, i tre di Eleonora e, adesso, i tre di Luigi.<\/p>\n<p class=\"disable\">\u00a0<\/p>\n<p><a href=\"https:\/\/www.dagospia.com\/media-gallery\/dago-fotogallery-522144\/2302166\" class=\"float-left img-wrapper\"><img decoding=\"async\" id=\"2302166\" loading=\"lazy\" src=\"https:\/\/static.dagospia.com\/img\/foto\/09-2026\/silvio-luigi-berlusconi-2302166_800_q50.webp\"><span class=\"img-title\">silvio luigi berlusconi<\/span><\/a><\/p>\n<p class=\"disable\">E c\u2019\u00e8 un nonno che, purtroppo, la piccola non potr\u00e0 conoscere, Silvio Berlusconi. Ma sentir\u00e0 parlare molto di lui, del suo amore per la famiglia, del suo orgoglio per i figli e i nipoti. La bimba si chiama Miriam Rosa. Miriam \u00e8 il vero nome di Veronica Lario, all\u2019anagrafe Miriam Raffaella Bartolini, mentre Rosa \u00e8 il nome della nonna paterna di Luigi e anche della nonna di Federica.<\/p>\n<p class=\"disable\">\u00a0<\/p>\n<p class=\"disable\">\u00a0<\/p>\n<p class=\"disable\">\u00a0<\/p>\n<p class=\"disable\">Luigi, che porta il nome del nonno paterno, \u00e8 un ragazzo molto impegnato nel lavoro, nella gestione del family office H14 che ha fondato con le sue sorelle. Ma ha trovato sempre un equilibrio con la famiglia. Dedica gran parte del tempo libero a sua moglie, ai figli, alle sorelle, alla mamma, agli amici. Lo fa mostrando sempre grande serenit\u00e0 e riservatezza. Ha condotto una vita ispirata al low profile, come i suoi fratelli, mettendo al centro gli affetti.<\/p>\n<p class=\"disable\">\u00a0<\/p>\n<p><a href=\"https:\/\/www.dagospia.com\/media-gallery\/dago-fotogallery-522144\/2302169\" class=\"float-right img-wrapper\"><img decoding=\"async\" id=\"2302169\" loading=\"lazy\" src=\"https:\/\/static.dagospia.com\/img\/foto\/09-2026\/luigi-berlusconi-federica-fumagalli-2302169_800_q50.webp\"><span class=\"img-title\">luigi berlusconi federica fumagalli<\/span><\/a><\/p>\n<p class=\"disable\">\u00a0<\/p>\n<p class=\"disable\">Di lui si sa pochissimo e anche la notizia della gravidanza di Federica e della nascita di Miriam Rosa, rivelate da \u201cChi\u201d, sono rimaste a lungo circoscritte alla sua stretta cerchia. Cos\u00ec come non ha mai voluto pubblicizzare i suoi vari impegni benefici, che sostiene attraverso una holding dedicata.<\/p>\n<p class=\"disable\">\u00a0<\/p>\n<p class=\"disable\">Ha voluto condividere parte della sua fortuna, che per lui non \u00e8 mai stata un peso. O forse ha imparato fin da piccolo a convivere con un cognome importante e con le responsabilit\u00e0 che comporta. Lo ha fatto con forza e con dolcezza, come l\u2019abbraccio di un padre che dura tutta la vita.<\/p>\n<p><a href=\"https:\/\/www.dagospia.com\/media-gallery\/dago-fotogallery-522144\/2302164\" class=\"float-right img-wrapper\"><img decoding=\"async\" id=\"2302164\" loading=\"lazy\" src=\"https:\/\/static.dagospia.com\/img\/foto\/09-2026\/luigi-berlusconi-4-foto-chi-2302164_800_q50.webp\"><span class=\"img-title\">luigi berlusconi 4 foto chi<\/span><\/a><a href=\"https:\/\/www.dagospia.com\/media-gallery\/dago-fotogallery-522144\/2302167\" class=\"float-right img-wrapper\"><img decoding=\"async\" id=\"2302167\" loading=\"lazy\" src=\"https:\/\/static.dagospia.com\/img\/foto\/09-2026\/silvio-luigi-berlusconi-3-2302167_800_q50.webp\"><span class=\"img-title\">silvio luigi berlusconi 3<\/span><\/a><a href=\"https:\/\/www.dagospia.com\/media-gallery\/dago-fotogallery-522144\/2302163\" class=\"float-right img-wrapper\"><img decoding=\"async\" id=\"2302163\" loading=\"lazy\" src=\"https:\/\/static.dagospia.com\/img\/foto\/09-2026\/luigi-berlusconi-federica-fumagalli-e-famiglia-foto-chi-2302163_800_q50.webp\"><span class=\"img-title\">luigi berlusconi federica fumagalli e famiglia foto chi<\/span><\/a><a href=\"https:\/\/www.dagospia.com\/media-gallery\/dago-fotogallery-522144\/1948844\" class=\"float-right img-wrapper\"><img decoding=\"async\" id=\"1948844\" loading=\"lazy\" src=\"https:\/\/static.dagospia.com\/img\/foto\/02-2024\/barbara-eleonora-luigi-berlusconi-1948844_800_q50.webp\"><span class=\"img-title\">barbara eleonora luigi berlusconi<\/span><\/a><a href=\"https:\/\/www.dagospia.com\/media-gallery\/dago-fotogallery-522144\/1907500\" class=\"float-right img-wrapper\"><img decoding=\"async\" id=\"1907500\" loading=\"lazy\" src=\"https:\/\/static.dagospia.com\/img\/foto\/10-2023\/luigi-berlusconi-con-il-figlio-foto-di-chi-1907500_800_q50.webp\"><span class=\"img-title\">luigi berlusconi con il figlio foto di chi <\/span><\/a><a href=\"https:\/\/www.dagospia.com\/media-gallery\/dago-fotogallery-522144\/2302165\" class=\"float-left img-wrapper\"><img decoding=\"async\" id=\"2302165\" loading=\"lazy\" src=\"https:\/\/static.dagospia.com\/img\/foto\/09-2026\/luigi-berlusconi-federica-fumagalli-e-figli-foto-chi-2302165_800_q50.webp\"><span class=\"img-title\">luigi berlusconi federica fumagalli e figli foto chi<\/span><\/a><a href=\"https:\/\/www.dagospia.com\/media-gallery\/dago-fotogallery-522144\/1873203\" class=\"float-right img-wrapper\"><img decoding=\"async\" id=\"1873203\" loading=\"lazy\" src=\"https:\/\/static.dagospia.com\/img\/foto\/08-2023\/marta-fascina-luigi-berlusconi-adriano-galliani-paolo-berlusconi-1873203_800_q50.webp\"><span class=\"img-title\">marta fascina luigi berlusconi adriano galliani paolo berlusconi <\/span><\/a><a href=\"https:\/\/www.dagospia.com\/media-gallery\/dago-fotogallery-522144\/1873200\" class=\"float-right img-wrapper\"><img decoding=\"async\" id=\"1873200\" loading=\"lazy\" src=\"https:\/\/static.dagospia.com\/img\/foto\/08-2023\/luigi-berlusconi-e-marta-fascina-1873200_800_q50.webp\"><span class=\"img-title\">luigi berlusconi e marta fascina <\/span><\/a><a href=\"https:\/\/www.dagospia.com\/media-gallery\/dago-fotogallery-522144\/1873179\" class=\"float-right img-wrapper\"><img decoding=\"async\" id=\"1873179\" loading=\"lazy\" src=\"https:\/\/static.dagospia.com\/img\/foto\/08-2023\/pier-silvio-berlusconi-marta-fascina-luigi-berlusconi-adriano-galliani-paolo-ber-1873179_800_q50.webp\"><span class=\"img-title\">pier silvio berlusconi marta fascina luigi berlusconi adriano galliani paolo berlusconi <\/span><\/a><a href=\"https:\/\/www.dagospia.com\/media-gallery\/dago-fotogallery-522144\/1907495\" class=\"float-right img-wrapper\"><img decoding=\"async\" id=\"1907495\" loading=\"lazy\" src=\"https:\/\/static.dagospia.com\/img\/foto\/10-2023\/luigi-berlusconi-con-il-figlio-tommaso-fabio-la-moglie-federica-fumagalli-e-mari-1907495_800_q50.webp\"><span class=\"img-title\">luigi berlusconi con il figlio tommaso fabio la moglie federica fumagalli e marina foto di chi <\/span><\/a><\/p>\n<\/div>\n<article><a href=\"https:\/\/www.dagospia.com\/politica\/dagoreport-giorgia-meloni-e-in-modalita-cattivissima-me-fronte-guai-485762\"><\/p>\n<div class=\"img-wrapper\"><img decoding=\"async\" src=\"https:\/\/static.dagospia.com\/img\/patch\/09-2026\/giorgia-meloni-sigfrido-ranucci-giampaolo-rossi-giovambattista-fazzolari-patrizi-2302272_600_q50.webp\" alt=\"giorgia meloni sigfrido ranucci giampaolo rossi giovambattista fazzolari patrizia scurti antonio tajani matteo salvini \" loading=\"lazy\"><time class=\"data-ora\">3 set 20:07<\/time><\/div>\n<div class=\"excerpt\">\n<p>DAGOREPORT \u2013 <span>GIORGIA MELONI \u00c8 IN MODALIT\u00c0 \u201cCATTIVISSIMA ME\u201d<\/span>: DOPO QUATTRO ANNI DI LUNA DI MIELE, PER LA DUCETTA \u00c8 ARRIVATA LA TEMPESTA PERFETTA: LO STOP AL PREMIERATO,\u00a0LA BATOSTA AL REFERENDUM, LE RAFFICHE DI \u201cVAFFA\u201d DI TRUMP, L&#8217;ESPLOSIONE DEL FENOMENO VANNACCI, IL CROLLO DELLA LEGA, FORZA ITALIA ALLA BERLUSCONINA, IL CAOS INTORNO ALLA NUOVA LEGGE ELETTORALE, L&#8217;AUTOGOL SULLA SOSTITUZIONE DI RANUCCI &#8211; <span>PIU&#8217; IRRIDUCIBILE DELLA MALASORTE, ANZICHE&#8217; ASCOLTARE I CO-FONDATORI DI FDI, LA RUSSA E CROSETTO, L&#8217;UNDERDOG PREFERISCE\u00a0CIRCONDARSI DALL&#8217;AFFETTO DEL SUO CIRCOLETTO DELLA GARBATELLA<\/span>\u00a0&#8211; DOMANI DA BARI, DOVE FESTEGGIA IL RECORD DI DURATA DEL SUO GOVERNO, L&#8217;UNDERDOG LANCER\u00c0 IL SUO GRIDO DI RISCOSSA ELETTORALE &#8211; <span>SA CHE L&#8217;ARMATA BRANCA-MELONI NON PUO&#8217; REGGERE FINO A OTTOBRE 2027, OCCORRE ANTICIPARE IL VOTO AD APRILE, LASCIANDO LE COMUNALI A GIUGNO <\/span>&#8211; MA MATTARELLA VUOLE L\u2019ELECTION A CUI SI OPPONE LA MELONI, TERRORIZZATA DALL\u2019EFFETTO TRAINO DI UN FILOTTO DEL CENTROSINISTRA : CHE DECIDERA&#8217; IL COLLE? AH, SAPERLO&#8230;<\/p>\n<\/div>\n<p><\/a><\/article>\n<article><a href=\"https:\/\/www.dagospia.com\/politica\/dagoreport-roberto-vannacci-marcia-cernobbio-gli-imprenditori-italiani-485729\"><\/p>\n<div class=\"img-wrapper\"><img decoding=\"async\" src=\"https:\/\/static.dagospia.com\/img\/patch\/09-2026\/crosetto-calenda-vannacci-monti-de-bortoli-forum-ambrosetti-cernobbio-2302201_600_q50.webp\" alt=\"crosetto calenda vannacci monti de bortoli forum ambrosetti cernobbio\" loading=\"lazy\"><time class=\"data-ora\">3 set 20:02<\/time><\/div>\n<div class=\"excerpt\">\n<p><span>DAGOREPORT <\/span>&#8211; MENTRE LA PROCURA MILITARE DI ROMA AVVIA UN\u2019INDAGINE SUGLI UFFICIALI CHE HANNO ADERITO ALLA &#8220;SPORCA DOZZINA&#8221; DI ROBERTO VANNACCI, <span>IL RE-DUX DI FUTURO NAZIONALE MARCIA SU CERNOBBIO: SABATO \u00c8 ATTESO IN POMPA MAGNA AL FORUM AMBROSETTI PER DIBATTERE CON L\u2019EX PREMIER MARIO MONTI<\/span> &#8211; DALL&#8217;IDEOLOGO DEL POPULISMO GRILLINO, GIAN ROBERTO CASALEGGIO AL LEADER SOVRANISTA OLANDESE, IL RAZZISTA GEERT WILDERS, LE PRESENZE PROVOCATORIE E ACCHIAPPA-TITOLI NON SONO UNA NOVITA&#8217; A VILLA D&#8217;ESTE &#8211;<span> SDEGNATI PER LA PRESENZA E &#8220;TRATTAMENTO PREFERENZIALE&#8221; DEDICATO ALL\u2019EX PAR\u00c0(CULO) DELLA FOLGORE, CARLO CALENDA E GUIDO CROSETTO NON METTERANNO PIEDE A CERNOBBIO<\/span> \u2013 ANCHE FERRUCCIO DE BORTOLI RIFIUTA DI DUETTARE CON L\u2019EX GENERALE NOSTALGICO DEL MANGANELLO E DELL\u2019OLIO DI RICINO &#8211; NON SOLO: E&#8217; L\u2019EX DIRETTORE DEL \u201cCORRIERE\u201d IL PRIMO CHE SPARA LA NOTIZIA:<span> \u201cPURTROPPO A CERNOBBIO CI SAR\u00c0 VANNACCI&#8221;<\/span> (IL CAUTO DIRETTORE FONTANA \u00c8 STATO BEN ATTENTO A NON PUBBLICARLA SUBITO SUL CARTACEO)&#8230;<\/p>\n<\/div>\n<p><\/a><\/article>\n<article><a href=\"https:\/\/www.dagospia.com\/media-tv\/dagoreport-riunione-interlocutoria-qualche-piccola-apertura-caso-report-485651\"><\/p>\n<div class=\"img-wrapper\"><img decoding=\"async\" src=\"https:\/\/static.dagospia.com\/img\/patch\/09-2026\/rai-via-teulada-paolo-corsini-giulia-innocenzi-presutti-daniele-piervincenzi-dan-2301944_600_q50.webp\" alt=\"rai via teulada paolo corsini giulia innocenzi presutti daniele piervincenzi danilo procaccianti report sigfrido ranucci \" loading=\"lazy\"><time class=\"data-ora\">2 set 20:05<\/time><\/div>\n<div class=\"excerpt\">\n<p>DAGOREPORT \u2013 <span>RIUNIONE INTERLOCUTORIA MA CON QUALCHE PICCOLA APERTURA <\/span>TRA IL DIRETTORE DELL&#8217;APPROFONDIMENTO RAI, PAOLO CORSINI, E I MEMBRI DELLA SQUADRA DI \u201cREPORT\u201d: I GIORNALISTI <span>HANNO RIBADITO IL \u201cNO\u201d ALLA CONDUZIONE DI GIULIA PRESUTTI E DANIELE<\/span><span>PIERVINCENZI, MA SU QUEST\u2019ULTIMO LA POSIZIONE SAREBBE PI\u00d9 MORBIDA: <\/span>POTREBBE AVERE UN VIA LIBERA MAGARI COME CONDUTTORE DEL \u201cREPORT LAB\u201d, CON LA CONDUZIONE VERA E PROPRIA DA AFFIDARE A DUE \u201cSTORICI\u201d (CHE DIVENTEREBBERO TRE NEL CASO DI UN REINTEGRO DI RANUCCI DA PARTE DEL TRIBUNALE).\u00a0 SULLA PRESUTTI IL MURO RESTA GRANITICO \u2013 <span>PALAZZO CHIGI, INVECE, SAREBBE IRREMOVIBILE SUI DUE NOMI<\/span> \u2013 EPISODIO PITTORESCO NEL MEZZO DELLA RIUNIONE: UN GIORNALISTA DI UNA PRESTIGIOSA TESTATA DELLA RAI SAREBBE STATO <span>BECCATO A ORIGLIARE DA UN BAGNO VICINO ALLA SALA\u2026<\/span><\/p>\n<\/div>\n<p><\/a><\/article>\n<article><a href=\"https:\/\/www.dagospia.com\/politica\/dagoreport-grazie-trump-mondo-verso-de-americanizzazione-oggi-si-485332\"><\/p>\n<div class=\"img-wrapper\"><img decoding=\"async\" src=\"https:\/\/static.dagospia.com\/img\/patch\/09-2026\/trump-modi-xi-jinping-putin-2301524_600_q50.webp\" alt=\"trump modi xi jinping putin\" loading=\"lazy\"><time class=\"data-ora\">1 set 19:59<\/time><\/div>\n<div class=\"excerpt\">\n<p>DAGOREPORT \u2013<span> GRAZIE A TRUMP, IL DOLLARO RISCHIA DI DIVENTARE CARTA STRACCIA \u2013<\/span>\u00a0IL PIATTO FORTE AL SUMMIT IN KIRGHIZISTAN DI XI JINPING, VLADIMIR PUTIN E NARENDRA MODI, HA FATTO STRA-INCAZZARE IL CALIGOLA DELLA CASA BIANCA: SUL TAVOLO,\u00a0<span>IL PROGETTO DEI &#8221;BRICS&#8221; (BRASILE, RUSSIA, INDIA, CINA, SUDAFRICA) DI DAR VITA A UNA \u201cMONETA UNICA&#8221;, PER FAR FUORI IL DOLLARO NEGLI SCAMBI INTERNAZIONALI<\/span>\u00a0&#8211; CON UN DEBITO PUBBLICO MONSTRE DI 40MILA MILIARDI, LA DE-DOLLARIZZAZIONE SAREBBE LA FINE DELL&#8217;IMPERO AMERICANO: IL VERDONE&#8221; VIENE UTILIZZATO IN OLTRE L&#8217;80% DELLE TRANSAZIONI COMMERCIALI E IN PI\u00d9 DELLA MET\u00c0 DEI PAGAMENTI INTERNAZIONALI DELLE MATERIE PRIME, COME IL PETROLIO\u00a0&#8211; <span>LA DECISIONE E&#8217; NELLE MANI DELLA CINA: RINUNCERA&#8217; ALLO MONETA NAZIONALE, LO YUAN, PER DIVENTARE LA LOCOMOTIVA DEI &#8221;BRICS&#8221;?<\/span>\u00a0&#8211;\u00a0SUL MAGGIORE IMPEGNO A FAVORE DELL\u2019IRAN, PESANO I DUBBI\u00a0DI MODI (GLI USA SONO IL PRIMO PARTNER COMMERCIALE DELL\u2019INDIA)\u00a0&#8211; PROSSIMO ROUND: IL VERTICE DI XI JIN PING DEL 24 SETTEMBRE CON IL &#8220;DERAGLIATO MENTALE&#8221; DELLA CASA BIANCA&#8230;<\/p>\n<\/div>\n<p><\/a><\/article>\n<article><a href=\"https:\/\/www.dagospia.com\/politica\/elly-ascolta-gli-amici-i-big-pd-scesi-in-campo-cosi-pesantemente-per-485354\"><\/p>\n<div class=\"img-wrapper\"><img decoding=\"async\" src=\"https:\/\/static.dagospia.com\/img\/patch\/08-2026\/giuseppe-conte-elly-schlein-franceschini-bonaccini-nardella-2301098_600_q50.webp\" alt=\"giuseppe conte elly schlein franceschini bonaccini nardella\" loading=\"lazy\"><time class=\"data-ora\">31 ago 20:17<\/time><\/div>\n<div class=\"excerpt\">\n<p>DAGOREPORT &#8211; <span>ELLY, ASCOLTA GLI AMICI!<\/span> I CAPOCCIONI E LE MEZZECALZE DEL PD, CHE SONO SCESI COS\u00cc PESANTEMENTE IN CAMPO PER SCONGIURARE LA JATTURA DELLE PRIMARIE, NON CE L&#8217;HANNO CON TE, LO FANNO SOLO PER IL TUO BENE &#8211; CERTO, TEMONO (A RAGIONE) ANCHE PER LA LORO SOPRAVVIVENZA PARLAMENTARE: <span>SE ELLY, COME PROBABILE, PERDESSE AI GAZEBO IL DUELLO CON CONTE, TRASCINEREBBE IL PARTITO NEL BARATRO <\/span>&#8211; \u00c8 PER QUESTO CHE DA QUALCHE SETTIMANA SONO PARTITI GLI AVVERTIMENTI VIA STAMPA, ANCHE DI ESPONENTI PD NON OSTILI ALLA SCHLEIN COME DARIO NARDELLA, DI FARE UN PASSO INDIETRO \u2013 <span>LA TRAGEDIA \u00c8 CHE L\u2019AMBIZIOSA DUCETTA DEL NAZARENO, NONOSTANTE I SONDAGGI HORROR, SI VEDE GI\u00c0 A PALAZZO CHIGI, VALUTANDOLI COME ATTACCHI ALLA SUA LEADERSHIP<\/span>: \u201cLE INTERVISTE SULLE PRIMARIE? SONO SOLO ESERCIZI INTELLETTUALI, ALLA FESTA DELL\u2019UNITA\u2019 PARLO IO\u201d &#8211; SE ELLY CONTINUA COS\u00cc, RISCHIA CHE LA SUA PROSSIMA OCCUPAZIONE SARA&#8217; DI BALLARE SUI CARRI DEL GAY PRIDE&#8230;<\/p>\n<\/div>\n<p><\/a><\/article>\n<article><a href=\"https:\/\/www.dagospia.com\/politica\/l-ingaggio-fedorov-fa-incazzare-zelensky-mette-in-allarme-agenzie-485343\"><\/p>\n<div class=\"img-wrapper\"><img decoding=\"async\" src=\"https:\/\/static.dagospia.com\/img\/patch\/08-2026\/fedorov-musk-thiel-zelensky-crosetto-2301168_600_q50.webp\" alt=\"fedorov musk thiel zelensky crosetto\" loading=\"lazy\"><time class=\"data-ora\">31 ago 18:41<\/time><\/div>\n<div class=\"excerpt\">\n<p>DAGOREPORT &#8211; <span>A QUALCUNO NON PIACE &#8216;STO FEDOROV<\/span> &#8211;\u00a0PIU&#8217; CHE A INDIGNARE I NEURONI ALLA VODKA DI VANNACCI E DI TRAVAGLIO, L\u2019INGAGGIO DEL GOVERNO ITALIANO DELL&#8217;EX MINISTRO DELLA DIFESA UCRAINO<span> FA INCAZZARE ZELENSKY E METTE IN ALLARME LE AGENZIE DI INTELLIGENCE EUROPEE &#8211; <\/span>IL DINAMISMO DEL NOVELLO CONSULENTE DEL MINISTRO CROSETTO NON POTEVA NON FINIRE &#8220;ATTENZIONATO&#8221;, VISTO E CONFERMATO <span>IL RAPPORTO STRETTISSIMO CON L&#8217;EMINENZA GRIGIA DELLA TECNO-DESTRA PETER THIEL E CON IL CAVALIERE NERO DELLA GALASSIA MAGA, ELON MUSK<\/span> &#8211; \u00c8 STATO FEDOROV A OTTENERE LO SBLOCCO DEL SISTEMA STARLINK E A COLTIVARE RAPPORTI CON PALANTIR, CHE FORNISCE A KIEV I SOFTWARE PER LA DIFESA &#8211; <span>CHE STA COMBINANDO IN QUESTI GIORNI FEDOROV NEGLI STATI UNITI? <\/span>COSA VOGLIONO MUSK E THIEL DA LUI? LE ELEZIONI A KIEV, MAGARI PER SOSTITUIRE ZELENSKY E ARRIVARE A QUALUNQUE \u2018PACE\u2019\u201d?<\/p>\n<\/div>\n<p><\/a><\/article>\n<article><a href=\"https:\/\/www.dagospia.com\/media-tv\/acrobazie-spaccanti-il-55enne-raoul-bova-beatrice-arnera-beccati-chi-485632\"><\/p>\n<div class=\"img-wrapper\"><img decoding=\"async\" src=\"https:\/\/static.dagospia.com\/img\/patch\/09-2026\/raoul-bova-beatrice-arnera-chi-2301906_600_q50.webp\" alt=\"raoul bova beatrice arnera chi\" loading=\"lazy\"><\/div>\n<div class=\"excerpt\">ACROBAZIE \u201cSPACCANTI\u201d \u2013 IL 55ENNE RAOUL BOVA E BEATRICE ARNERA SONO STATI BECCATI DA \u201cCHI\u201d A\u2026<\/div>\n<p><\/a><\/article>\n<article><a href=\"https:\/\/www.dagospia.com\/sport\/pennellone-frou-frou-mole-juve-acquistato-l-attaccante-nick-woltemade-485601\"><\/p>\n<div class=\"img-wrapper\"><img decoding=\"async\" src=\"https:\/\/static.dagospia.com\/img\/patch\/09-2026\/nick-woltemade-2301780_600_q50.webp\" alt loading=\"lazy\"><\/div>\n<div class=\"excerpt\">UN PENNELLONE &#8220;FROU FROU&#8221; SOTTO LA MOLE? \u2013 LA JUVE HA ACQUISTATO IN PRESTITO DAL NEWCASTLE\u2026<\/div>\n<p><\/a><\/article>\n<article><a href=\"https:\/\/www.dagospia.com\/cronache\/42enne-bengalese-abusato-13enne-torino-e-porcellone-prima-categoria-485694\"><\/p>\n<div class=\"img-wrapper\"><img decoding=\"async\" src=\"https:\/\/static.dagospia.com\/img\/patch\/03-2019\/palpeggiamento-1138602_600_q50.webp\" alt=\"palpeggiamento\" loading=\"lazy\"><\/div>\n<div class=\"excerpt\">IL 42ENNE BENGALESE CHE HA ABUSATO UNA 13ENNE DI TORINO \u00c8 UN PORCELLONE DI PRIMA CATEGORIA! &#8211; POCO\u2026<\/div>\n<p><\/a><\/article>\n<article><a href=\"https:\/\/www.dagospia.com\/media-tv\/pillole-gossip-wanda-nara-i-festini-violenti-dell-ex-belen-485709\"><\/p>\n<div class=\"img-wrapper\"><img decoding=\"async\" src=\"https:\/\/static.dagospia.com\/img\/patch\/09-2026\/pillole-avanti-gossip-2302145_600_q50.webp\" alt=\"pillole avanti gossip\" loading=\"lazy\"><\/div>\n<div class=\"excerpt\">PILLOLE DI GOSSIP! WANDA NARA E I FESTINI VIOLENTI DELL\u2019EX MAXI LOPEZ IN RUSSIA: \u201cCHE PECCATO\u2026<\/div>\n<p><\/a><\/article>\n<article><a href=\"https:\/\/www.dagospia.com\/media-tv\/riconoscete-frasche-28enne-e-nata-milano-ed-e-cresciuta-in-famiglia-485496\"><\/p>\n<div class=\"img-wrapper\"><img decoding=\"async\" src=\"https:\/\/static.dagospia.com\/img\/patch\/09-2026\/celeste-della-porta-2301415_600_q50.webp\" alt=\"celeste della porta \" loading=\"lazy\"><\/div>\n<div class=\"excerpt\">LA RICONOSCETE TRA LE FRASCHE?\u00a0&#8211; L&#8217;AUDACE 28ENNE E\u2019 NATA A MILANO ED E\u2019 CRESCIUTA IN UNA FAMIGLIA\u2026<\/div>\n<p><\/a><\/article>\n<article><a href=\"https:\/\/www.dagospia.com\/politica\/dagoreport-giorgia-meloni-e-in-modalita-cattivissima-me-fronte-guai-485762\"><\/p>\n<div class=\"img-wrapper\"><img decoding=\"async\" src=\"https:\/\/static.dagospia.com\/img\/patch\/09-2026\/giorgia-meloni-sigfrido-ranucci-giampaolo-rossi-giovambattista-fazzolari-patrizi-2302272_600_q50.webp\" alt=\"giorgia meloni sigfrido ranucci giampaolo rossi giovambattista fazzolari patrizia scurti antonio tajani matteo salvini \" loading=\"lazy\"><\/div>\n<div class=\"excerpt\">DAGOREPORT \u2013 GIORGIA MELONI \u00c8 IN MODALIT\u00c0 \u201cCATTIVISSIMA ME\u201d: DOPO QUATTRO ANNI DI LUNA DI MIELE,\u2026<\/div>\n<p><\/a><\/article>\n<article><a href=\"https:\/\/www.dagospia.com\/politica\/dagoreport-roberto-vannacci-marcia-cernobbio-gli-imprenditori-italiani-485729\"><\/p>\n<div class=\"img-wrapper\"><img decoding=\"async\" src=\"https:\/\/static.dagospia.com\/img\/patch\/09-2026\/crosetto-calenda-vannacci-monti-de-bortoli-forum-ambrosetti-cernobbio-2302201_600_q50.webp\" alt=\"crosetto calenda vannacci monti de bortoli forum ambrosetti cernobbio\" loading=\"lazy\"><\/div>\n<div class=\"excerpt\">DAGOREPORT &#8211; MENTRE LA PROCURA MILITARE DI ROMA AVVIA UN\u2019INDAGINE SUGLI UFFICIALI CHE HANNO ADERITO\u2026<\/div>\n<p><\/a><\/article>\n<article><a href=\"https:\/\/www.dagospia.com\/media-tv\/dagoreport-riunione-interlocutoria-qualche-piccola-apertura-caso-report-485651\"><\/p>\n<div class=\"img-wrapper\"><img decoding=\"async\" src=\"https:\/\/static.dagospia.com\/img\/patch\/09-2026\/rai-via-teulada-paolo-corsini-giulia-innocenzi-presutti-daniele-piervincenzi-dan-2301944_600_q50.webp\" alt=\"rai via teulada paolo corsini giulia innocenzi presutti daniele piervincenzi danilo procaccianti report sigfrido ranucci \" loading=\"lazy\"><\/div>\n<div class=\"excerpt\">DAGOREPORT \u2013 RIUNIONE INTERLOCUTORIA MA CON QUALCHE PICCOLA APERTURA TRA IL DIRETTORE\u2026<\/div>\n<p><\/a><\/article>\n<article><a href=\"https:\/\/www.dagospia.com\/politica\/dagoreport-grazie-trump-mondo-verso-de-americanizzazione-oggi-si-485332\"><\/p>\n<div class=\"img-wrapper\"><img decoding=\"async\" src=\"https:\/\/static.dagospia.com\/img\/patch\/09-2026\/trump-modi-xi-jinping-putin-2301524_600_q50.webp\" alt=\"trump modi xi jinping putin\" loading=\"lazy\"><\/div>\n<div class=\"excerpt\">DAGOREPORT \u2013 GRAZIE A TRUMP, IL DOLLARO RISCHIA DI DIVENTARE CARTA STRACCIA \u2013\u00a0IL PIATTO FORTE AL\u2026<\/div>\n<p><\/a><\/article>\n<article><a href=\"https:\/\/www.dagospia.com\/politica\/elly-ascolta-gli-amici-i-big-pd-scesi-in-campo-cosi-pesantemente-per-485354\"><\/p>\n<div class=\"img-wrapper\"><img decoding=\"async\" src=\"https:\/\/static.dagospia.com\/img\/patch\/08-2026\/giuseppe-conte-elly-schlein-franceschini-bonaccini-nardella-2301098_600_q50.webp\" alt=\"giuseppe conte elly schlein franceschini bonaccini nardella\" loading=\"lazy\"><\/div>\n<div class=\"excerpt\">DAGOREPORT &#8211; ELLY, ASCOLTA GLI AMICI! I CAPOCCIONI E LE MEZZECALZE DEL PD, CHE SONO SCESI COS\u00cc\u2026<\/div>\n<p><\/a><\/article>\n<article><a href=\"https:\/\/www.dagospia.com\/politica\/l-ingaggio-fedorov-fa-incazzare-zelensky-mette-in-allarme-agenzie-485343\"><\/p>\n<div class=\"img-wrapper\"><img decoding=\"async\" src=\"https:\/\/static.dagospia.com\/img\/patch\/08-2026\/fedorov-musk-thiel-zelensky-crosetto-2301168_600_q50.webp\" alt=\"fedorov musk thiel zelensky crosetto\" loading=\"lazy\"><\/div>\n<div class=\"excerpt\">DAGOREPORT &#8211; A QUALCUNO NON PIACE &#8216;STO FEDOROV &#8211;\u00a0PIU&#8217; CHE A INDIGNARE I NEURONI ALLA VODKA DI\u2026<\/div>\n<p><\/a><\/article>\n<article><a href=\"https:\/\/www.dagospia.com\/politica\/flash-c-e-grande-perplessita-i-draghi-boys-per-presenza-andrea-485336\"><\/p>\n<div class=\"img-wrapper\"><img decoding=\"async\" src=\"https:\/\/static.dagospia.com\/img\/patch\/08-2026\/xavier-niel-draghi-pignataro-2301175_600_q50.webp\" alt=\"xavier niel draghi pignataro\" loading=\"lazy\"><\/div>\n<div class=\"excerpt\">FLASH! \u2013 I \u201cDRAGHI BOYS\u201d DEL POTERE ECONOMICO ITALIANO AVREBBERO ESPRESSO QUALCHE PERPLESSITA&#8217;\u2026<\/div>\n<p><\/a><\/article>\n<article><a href=\"https:\/\/www.dagospia.com\/politica\/quale-episodio-giulia-presutti-era-habitue-cefalu-bistro-dove-piu-e-485248\"><\/p>\n<div class=\"img-wrapper\"><img decoding=\"async\" src=\"https:\/\/static.dagospia.com\/img\/patch\/08-2026\/ranucci-presutti-cianfoni-floridia-2300757_600_q50.webp\" alt=\"ranucci presutti cianfoni floridia\" loading=\"lazy\"><\/div>\n<div class=\"excerpt\">DAGOREPORT &#8211;\u00a0MA QUALE &#8220;EPISODIO&#8221;! GIULIA PRESUTTI ERA UN HABITU\u00c8 DEL \u201cCEFAL\u00d9 BISTR\u00d2\u201d DOVE PI\u00d9 VOLTE\u2026<\/div>\n<p><\/a><\/article>\n<article><a href=\"https:\/\/www.dagospia.com\/politica\/risiko-s-ingrossa-l-apertura-assicurazioni-generali-valutare-l-offerta-484996\"><\/p>\n<div class=\"img-wrapper\"><img decoding=\"async\" src=\"https:\/\/static.dagospia.com\/img\/patch\/08-2026\/generali-philippe-donnet-luigi-lovaglio-carlo-messina-2292458_600_q50.webp\" alt=\"generali philippe donnet luigi lovaglio carlo messina \" loading=\"lazy\"><\/div>\n<div class=\"excerpt\">DAGOREPORT &#8211; IL RISIKO S&#8217;INGROSSA! L\u2019APERTURA DI ASSICURAZIONI GENERALI A VALUTARE L&#8217;OFFERTA\u201d DI\u2026<\/div>\n<p><\/a><\/article>\n<article><a href=\"https:\/\/www.dagospia.com\/cronache\/voluto-trump-t-attacchi-scorta-i-leader-silicon-valley-484985\"><\/p>\n<div class=\"img-wrapper\"><img decoding=\"async\" src=\"https:\/\/static.dagospia.com\/img\/patch\/08-2026\/mark-zuckerberg-proteste-2299936_600_q50.webp\" alt=\"mark zuckerberg proteste \" loading=\"lazy\"><\/div>\n<div class=\"excerpt\">HAI VOLUTO TRUMP? E ORA T\u2019ATTACCHI ALLA SCORTA! \u2013 I LEADER DELLA SILICON VALLEY SONO OSSESSIONATI\u2026<\/div>\n<p><\/a><\/article>\n<article><a href=\"https:\/\/www.dagospia.com\/cafonal\/cafonalino-roma-proiezione-documentario-marco-bellocchio-marco-travaglio-485081\"><\/p>\n<div class=\"img-wrapper\"><img decoding=\"async\" src=\"https:\/\/static.dagospia.com\/img\/patch\/08-2026\/2026bellocchio-anteprima-film-di-marco-bellocchio-2300339_600_q50.webp\" alt=\"2026bellocchio anteprima film di marco bellocchio\" loading=\"lazy\"><\/div>\n<div class=\"excerpt\">CAFONALINO! AL CINEMA QUATTRO FONTANE DI ROMA LA PROIEZIONE SPECIALE DEL DOCUMENTARIO \u201cMARCO\u2026<\/div>\n<p><\/a><\/article>\n<article><a href=\"https:\/\/www.dagospia.com\/cafonal\/cafonal-show-ranucci-cerveteri-freni-ho-fatto-scoop-nazionali-484807\"><\/p>\n<div class=\"img-wrapper\"><img decoding=\"async\" src=\"https:\/\/static.dagospia.com\/img\/patch\/08-2026\/2026ranucci-sigfrido-ranucci-2299409_600_q50.webp\" alt=\"2026ranucci sigfrido ranucci\" loading=\"lazy\"><\/div>\n<div class=\"excerpt\">SIGFRIDO, IL MASANIELLO DE NOANTRI \u2013 RANUCCI HA PERSO OGNI FRENO E, ALLA PRESENTAZIONE DEL SUO\u2026<\/div>\n<p><\/a><\/article>\n<article><a href=\"https:\/\/www.dagospia.com\/cafonal\/funeralino-l-ultimo-saluto-mitico-produttore-cinematografico-fulvio-484127\"><\/p>\n<div class=\"img-wrapper\"><img decoding=\"async\" src=\"https:\/\/static.dagospia.com\/img\/patch\/08-2026\/2026lucisano-2297424_600_q50.webp\" alt=\"2026lucisano\" loading=\"lazy\"><\/div>\n<div class=\"excerpt\">FUNERALINO \u2013 NELLA CALLARA ROMANA D\u2019AGOSTO, L\u2019ULTIMO SALUTO AL MITICO PRODUTTORE CINEMATOGRAFICO\u2026<\/div>\n<p><\/a><\/article>\n<article><a href=\"https:\/\/www.dagospia.com\/cafonal\/cafonalino-pizza-riformista-matteo-renzi-raduna-i-suoi-prima-delle-480816\"><\/p>\n<div class=\"img-wrapper\"><img decoding=\"async\" src=\"https:\/\/static.dagospia.com\/img\/patch\/07-2026\/2026kraken-matteo-renzi-2286047_600_q50.webp\" alt=\"2026kraken matteo renzi \" loading=\"lazy\"><\/div>\n<div class=\"excerpt\">CAFONALINO DELLA PIZZA RIFORMISTA \u2013 RENZI RADUNA I SUOI PRIMA DELLE VACANZE ESTIVE AL SATYRUS DI\u2026<\/div>\n<p><\/a><\/article>\n<article><a href=\"https:\/\/www.dagospia.com\/cafonal\/cafonalino-moreno-party-roma-manuela-moreno-festeggia-i-60-anni-480777\"><\/p>\n<div class=\"img-wrapper\"><img decoding=\"async\" src=\"https:\/\/static.dagospia.com\/img\/patch\/07-2026\/manuela-moreno-festa-60-anni-2285871_600_q50.webp\" alt=\"manuela moreno festa 60 anni \" loading=\"lazy\"><\/div>\n<div class=\"excerpt\">CAFONALINO! NO MORENO, NO PARTY \u2013 A ROMA, AL LOVE BAR DI PONTE MILVIO, MANUELA MORENO, CONDUTTRICE\u2026<\/div>\n<p><\/a><\/article>\n<article><a href=\"https:\/\/www.dagospia.com\/cafonal\/cafonalino-firenze-tevere-direttori-redattori-forchettoni-scrocconi-480745\"><\/p>\n<div class=\"img-wrapper\"><img decoding=\"async\" src=\"https:\/\/static.dagospia.com\/img\/patch\/07-2026\/2026agno-marco-agnoletti-2285763_600_q50.webp\" alt=\"2026agno marco agnoletti \" loading=\"lazy\"><\/div>\n<div class=\"excerpt\">CAFONALINO DEGLI AGNOLETTI IN BRODO &#8211; DIRETTORI, REDATTORI, FORCHETTONI E SCROCCONI SFIDANO\u2026<\/div>\n<p><\/a><\/article>\n<p>[analyse_source url=&#8221;https:\/\/www.dagospia.com\/media-tv\/luigino-berlusconi-diventa-papa-per-terza-volta-6-agosto-e-nata-miriam-485717&#8243;]<\/p>\n","protected":false},"excerpt":{"rendered":"<p>[analyse_image type=&#8221;featured&#8221; src=&#8221;https:\/\/static.dagospia.com\/img\/patch\/09-2026\/luigi-silvio-berlusconi-2302162_600_q50.webp&#8221;] 3 set 2026 19:56 LUIGINO, OGNI BOTTA, UNA TACCA! IL DEVOTISSIMO FIGLIO PIU\u2019 PICCOLO DI SILVIO BERLUSCONI E VERONICA LARIO, LUIGI, DIVENTA PAPA\u2019 PER LA TERZA VOLTA \u2013 IL 6 AGOSTO E\u2019 NATA MIRIAM ROSA E \u201cCHI\u201d SCODELLA LE IMMAGINI DELL\u2019ARRIVO IN SARDEGNA CON LEI E TUTTA LA FAMIGLIA &#8211; IL NOME [&hellip;]<\/p>\n","protected":false},"author":1,"featured_media":0,"comment_status":"open","ping_status":"","sticky":false,"template":"","format":"standard","meta":{"footnotes":""},"categories":[87],"tags":[226,149],"class_list":["post-2127019","post","type-post","status-publish","format-standard","hentry","category-italy","tag-crawlmanager","tag-dagospia-com"],"_links":{"self":[{"href":"https:\/\/analyse.optim.biz\/index.php?rest_route=\/wp\/v2\/posts\/2127019","targetHints":{"allow":["GET"]}}],"collection":[{"href":"https:\/\/analyse.optim.biz\/index.php?rest_route=\/wp\/v2\/posts"}],"about":[{"href":"https:\/\/analyse.optim.biz\/index.php?rest_route=\/wp\/v2\/types\/post"}],"author":[{"embeddable":true,"href":"https:\/\/analyse.optim.biz\/index.php?rest_route=\/wp\/v2\/users\/1"}],"replies":[{"embeddable":true,"href":"https:\/\/analyse.optim.biz\/index.php?rest_route=%2Fwp%2Fv2%2Fcomments&post=2127019"}],"version-history":[{"count":0,"href":"https:\/\/analyse.optim.biz\/index.php?rest_route=\/wp\/v2\/posts\/2127019\/revisions"}],"wp:attachment":[{"href":"https:\/\/analyse.optim.biz\/index.php?rest_route=%2Fwp%2Fv2%2Fmedia&parent=2127019"}],"wp:term":[{"taxonomy":"category","embeddable":true,"href":"https:\/\/analyse.optim.biz\/index.php?rest_route=%2Fwp%2Fv2%2Fcategories&post=2127019"},{"taxonomy":"post_tag","embeddable":true,"href":"https:\/\/analyse.optim.biz\/index.php?rest_route=%2Fwp%2Fv2%2Ftags&post=2127019"}],"curies":[{"name":"wp","href":"https:\/\/api.w.org\/{rel}","templated":true}]}}