{"id":2126997,"date":"2026-09-03T17:11:14","date_gmt":"2026-09-03T14:11:14","guid":{"rendered":"https:\/\/analyse.optim.biz\/?p=2126997"},"modified":"2026-09-03T17:11:14","modified_gmt":"2026-09-03T14:11:14","slug":"oh-romeo-romeo-vista-la-virata-riformista-di-cappellini-su-repubblica-elly-schlein","status":"publish","type":"post","link":"https:\/\/analyse.optim.biz\/?p=2126997","title":{"rendered":"Oh romeo, romeo\u2026 &#8211; vista la virata &#8220;riformista&#8221; di cappellini su &#8216;repubblica&#8217;, elly schlein &#8230;"},"content":{"rendered":"<p>[analyse_image type=&#8221;featured&#8221; src=&#8221;https:\/\/static.dagospia.com\/img\/patch\/09-2026\/alfredo-romeo-schlein-lunita-unita-2302330_600_q50.webp&#8221;]<\/p>\n<article>\n<div class=\"img-wrapper\"><img decoding=\"async\" src=\"https:\/\/static.dagospia.com\/img\/patch\/09-2026\/alfredo-romeo-schlein-lunita-unita-2302330_600_q50.webp\" alt=\"alfredo romeo schlein lunita unita\"><time class=\"data-ora\">3 set 2026 19:11<\/time><\/div>\n<p>OH ROMEO, ROMEO\u2026 &#8211; VISTA LA VIRATA &#8220;RIFORMISTA&#8221; DI CAPPELLINI SU &#8220;REPUBBLICA&#8221;, <span>ELLY SCHLEIN ACCAREZZA IL SOGNO DI UN QUOTIDIANO A SUA IMMAGINE E SOMIGLIANZA, E HA PUNTATO \u201cL\u2019UNIT\u00c0\u201d, LA STORICA TESTATA DEL PCI FONDATA DA ANTONIO GRAMSCI NEL 1921.<\/span> MA L\u2019EDITORE DEL QUOTIDIANO, ALFREDO ROMEO, SI METTE DI TRAVERSO: DOPO IL FALLIMENTO DELLA TRATTATIVA CON IL PD (CHE NON LO VUOLE COME SOCIO DI MINORANZA), HA FATTO CAUSA AL PARTITO DEMOCRATICO PER IMPEDIRE L\u2019UTILIZZO DELLA TESTATA PER LE FESTE DEL PARTITO (BATTEZZATE PROPRIO FESTE DE L\u2019UNIT\u00c0) \u2013 A QUESTO PUNTO, \u00c8 PI\u00d9 PROBABILE CHE IL GIORNALE TORNI IN EDICOLA, MA ANCORA SOTTO L\u2019INSEGNA DEL GRUPPO EDITORIALE ROMEO\u2026<\/p>\n<div class=\"share-section\">\n                Condividi  questo articolo<\/p>\n<div class=\"socials\"><a href=\"http:\/\/www.facebook.com\/sharer.php?u=http:\/\/www.dagospia.com\/media-tv\/oh-romeo-romeo-vista-virata-riformista-cappellini-repubblica-elly-485776\" target=\"_blank\"><img decoding=\"async\" src=\"https:\/\/static.dagospia.com\/img\/icons\/facebook.svg\" alt=\"Condividi su Facebook\"><\/a><a href=\"http:\/\/www.twitter.com\/share?url=http:\/\/www.dagospia.com\/media-tv\/oh-romeo-romeo-vista-virata-riformista-cappellini-repubblica-elly-485776&amp;text=OH%20ROMEO,%20ROMEO%E2%80%A6%20-%20VISTA%20LA%20VIRATA%20\" target=\"_blank\"><img decoding=\"async\" src=\"https:\/\/static.dagospia.com\/img\/icons\/x-icon.png\" alt=\"Condividi su X\"><\/a><a href=\"\/\/www.dagospia.com\/media-tv\/oh-romeo-romeo-vista-virata-riformista-cappellini-repubblica-elly-485776\" target=\"_blank\"><img decoding=\"async\" src=\"https:\/\/static.dagospia.com\/img\/icons\/whatsapp.svg\" alt=\"Condividi su Whatsapp\"><\/a><a href=\"mailto:?body=http:\/\/www.dagospia.com\/media-tv\/oh-romeo-romeo-vista-virata-riformista-cappellini-repubblica-elly-485776\" target=\"_blank\"><img decoding=\"async\" src=\"https:\/\/static.dagospia.com\/img\/icons\/mail.svg\" alt=\"Invia in email\"><\/a><\/div>\n<\/div>\n<div class=\"content\">\n<p class=\"disable\"><strong>Flop Schlein pure sulla conquista dell\u2019\u00abUnit\u00e0\u00bb<\/strong><\/p>\n<p class=\"disable\"><strong>Estratto dell\u2019articolo di Tobia De Stefano per <a href=\"http:\/\/www.laverita.info\" target=\"_blank\">\u201cLa Verit\u00e0\u201d<\/a><\/strong><\/p>\n<p class=\"disable\">\u00a0<\/p>\n<p><a href=\"https:\/\/www.dagospia.com\/media-gallery\/dago-fotogallery-522203\/2297031\" class=\"float-right img-wrapper\"><img decoding=\"async\" id=\"2297031\" loading=\"lazy\" src=\"https:\/\/static.dagospia.com\/img\/foto\/08-2026\/elly-schlein-2297031_800_q50.webp\"><span class=\"img-title\">Elly Schlein <\/span><\/a><\/p>\n<p class=\"disable\">\u00abDa oltre un anno il Partito Democratico lavora perch\u00e9 l\u2019Unit\u00e0 torni nella disponibilit\u00e0 della comunit\u00e0 politica alla quale la sua storia \u00e8 legata. Lo abbiamo fatto con discrezione, seriet\u00e0 e prudenza. Oggi, dopo la sospensione delle pubblicazioni, sentiamo il dovere di dire con chiarezza che la nostra disponibilit\u00e0 \u00e8 piena e concreta\u00bb.<\/p>\n<p class=\"disable\">\u00a0<\/p>\n<p class=\"disable\">Inizia cos\u00ec il comunicato che ormai da circa tre settimane campeggia sull\u2019home page del sito del Partito Democratico. Un testo asciutto, con toni abbastanza convinti, per mettere nero su bianco l\u2019intenzione di Schlein e compagni di riportare all\u2019ovile lo storico giornale fondato da Antonio Gramsci nel 1924.<\/p>\n<p class=\"disable\">\u00a0<\/p>\n<p><a href=\"https:\/\/www.dagospia.com\/media-gallery\/dago-fotogallery-522203\/2302329\" class=\"float-left img-wrapper\"><img decoding=\"async\" id=\"2302329\" loading=\"lazy\" src=\"https:\/\/static.dagospia.com\/img\/foto\/09-2026\/comunicato-del-pd-sulla-proposta-di-acquisto-de-lunita-2302329_800_q50.webp\"><span class=\"img-title\">comunicato del pd sulla proposta di acquisto de lunita <\/span><\/a><\/p>\n<p class=\"disable\">Quotidiano che [\u2026] da anni vive in una sorta di infinita Odissea, con continue chiusure e cambi di editori, fino all\u2019ultimo approdo, quello del 2023 nei lidi delle societ\u00e0 dell\u2019imprenditore campano Alfredo Romeo.<\/p>\n<p class=\"disable\">\u00a0<\/p>\n<p class=\"disable\">\u00abSiamo pronti ad acquistare subito la testata\u00bb, si legge ancora nell\u2019accorata manifestazione di interessi dem, \u00aba un prezzo superiore a quello dell\u2019asta del 2022 (910.000 euro l\u2019esborso di Romeo ai tempi ndr).<\/p>\n<p class=\"disable\">\u00a0<\/p>\n<p class=\"disable\">Una proposta limpida: l\u2019Unit\u00e0 torna al Partito Democratico, senza compartecipazioni societarie&#8230;\u00bb. Per poi concludere: \u00abLa nostra offerta \u00e8 sul tavolo. Prima che si imbocchino altre strade, ci auguriamo che prevalga la volont\u00e0 di riconsegnare l\u2019Unit\u00e0 al suo popolo. Sarebbe bello poter presentare la nuova Unit\u00e0 gi\u00e0 nei giorni di settembre alla Festa nazionale di Reggio Emilia. Non per nostalgia. Ma perch\u00e9 una sinistra che vuole cambiare il Paese ha bisogno anche di luoghi nei quali costruire idee, cultura e pensiero\u00bb.<\/p>\n<p class=\"disable\">\u00a0<\/p>\n<p><a href=\"https:\/\/www.dagospia.com\/media-gallery\/dago-fotogallery-522203\/878881\" class=\"float-right img-wrapper\"><img decoding=\"async\" id=\"878881\" loading=\"lazy\" src=\"https:\/\/static.dagospia.com\/img\/foto\/03-2017\/alfredo-romeo-3-878881_800_q50.webp\"><span class=\"img-title\">Alfredo Romeo 3<\/span><\/a><\/p>\n<p class=\"disable\">Tutto molto bello, [\u2026] ma anche estremamente dem. Perch\u00e9 la Schlein e quindi il Pd, come spesso gli capita, hanno fatto i conti senza l\u2019oste.<\/p>\n<p class=\"disable\">\u00a0<\/p>\n<p class=\"disable\">L\u2019oste che in questo caso si chiama \u00abRomeo Editore\u00bb. Che oltre a essere proprietario della testata giornalistica (acquistate il 24 febbraio 2023 dalla procedura fallimentare) \u00e8 anche titolare del marchio d\u2019impresa. [\u2026]<\/p>\n<p class=\"disable\">\u00a0<\/p>\n<p class=\"disable\">Da tempo dem e Romeo trattano e a un certo punto sembravano vicinissimi alla chiusura. Sarebbe nata una nuova societ\u00e0 al 90% in mano al Partito Democratico (che avrebbe potuto pagare in 10 anni la cifra pattuita, di certo superiore ai 910.000 euro di cui sopra) e al 10% partecipata dalla \u00abRomeo Editore\u00bb che aveva posto come condizione quella di mantenere una quota. Sulla quota appunto le parti hanno rotto.<\/p>\n<p class=\"disable\">A questo punto, secondo quanto risulta alla Verit\u00e0, Romeo avrebbe deciso di sospendere le pubblicazioni per rilanciare il progetto editoriale con la partecipazione di altri soggetti istituzionali di sinistra.<\/p>\n<p class=\"disable\">\u00a0<\/p>\n<p><a href=\"https:\/\/www.dagospia.com\/media-gallery\/dago-fotogallery-522203\/2294565\" class=\"float-left img-wrapper\"><img decoding=\"async\" id=\"2294565\" loading=\"lazy\" src=\"https:\/\/static.dagospia.com\/img\/foto\/08-2026\/lunita-ultimo-numero-del-7-luglio-2026-2294565_800_q50.webp\"><span class=\"img-title\">LUNITA &#8211; ULTIMO NUMERO DEL 7 LUGLIO 2026 <\/span><\/a><\/p>\n<p class=\"disable\">Nella partita erano entrati anche il sindaco di Roma, Roberto Gualtieri, il primo cittadino di Bologna, Matteo Lepore, e un gruppo di cooperative. Ma pare che il Pd si sia messo di traverso.<\/p>\n<p class=\"disable\">\u00a0<\/p>\n<p class=\"disable\">E arriviamo ai giorni nostri. [\u2026] E alla risposta di Romeo. Che secondo quanto risulta alla Verit\u00e0 lascia scarsissimi margini di apertura. Sembra infatti che proprio nelle scorse ore sia stato notificato l\u2019atto di citazione con il quale i legali dell\u2019imprenditore campano chiedono ai giudici di dichiarare la piena titolarit\u00e0 in capo alla Romeo Editore dei diritti di esclusiva sui marchi d\u2019impresa de l\u2019Unit\u00e0 e di conseguenza di inibirne l\u2019uso per la omonima festa del partito (\u00abFesta de l\u2019Unit\u00e0\u00bb).<\/p>\n<p class=\"disable\">\u00a0<\/p>\n<p class=\"disable\">\u00a0Il tutto infarcito da una richiesta di applicare sanzioni pecuniarie nel caso di mancati rispetto dei divieti. [\u2026]<\/p>\n<p class=\"disable\">\u00a0<\/p>\n<p><a href=\"https:\/\/www.dagospia.com\/media-gallery\/dago-fotogallery-522203\/929158\" class=\"float-right img-wrapper\"><img decoding=\"async\" id=\"929158\" loading=\"lazy\" src=\"https:\/\/static.dagospia.com\/img\/foto\/08-2017\/alfredo-romeo-929158_800_q50.webp\"><span class=\"img-title\">ALFREDO ROMEO<\/span><\/a><\/p>\n<p class=\"disable\">\u00a0L\u2019ipotesi pi\u00f9 probabile al momento \u00e8 che il giornale torni in edicola sotto l\u2019insegna del gruppo editoriale Romeo. E dall\u2019altro riapre una partita giudiziaria che con l\u2019inizio della trattativa per la cessione sembrava chiusa.<\/p>\n<p class=\"disable\">\u00a0<\/p>\n<p class=\"disable\">Partita che tirava in ballo anche l\u2019associazione \u00abEnrico Berlinguer per la conservazione e la valorizzazione del patrimonio culturale della sinistra italiana\u00bb, che aveva provveduto a registrare i marchi \u00abFesta de l\u2019Unit\u00e0\u00bb e \u00abFesta nazionale de l\u2019Unit\u00e0\u00bb qualche anno prima.<\/p>\n<p class=\"disable\">\u00a0<\/p>\n<p class=\"disable\">Gi\u00e0 nel 2023 il gruppo Romeo aveva presentato un ricorso per inibire l\u2019uso del brand dell\u2019Unit\u00e0 alle feste dem. In quell\u2019occasione i giudici avevano evidenziato una \u00abautonoma capacit\u00e0 distintiva\u00bb rispetto al marchio del giornale. E adesso si andr\u00e0 avanti fino ad arrivare al giudizio di merito. Vedremo come andr\u00e0 a finire. Ma qualsiasi sia l\u2019esito siamo sicuri che Antonio Gramsci si sta rivoltando nella tomba.<\/p>\n<p><a href=\"https:\/\/www.dagospia.com\/media-gallery\/dago-fotogallery-522203\/2285774\" class=\"float-right img-wrapper\"><img decoding=\"async\" id=\"2285774\" loading=\"lazy\" src=\"https:\/\/static.dagospia.com\/img\/foto\/07-2026\/il-pollice-verso-di-elly-schlein-2285774_800_q50.webp\"><span class=\"img-title\">IL POLLICE VERSO DI ELLY SCHLEIN <\/span><\/a><a href=\"https:\/\/www.dagospia.com\/media-gallery\/dago-fotogallery-522203\/2289717\" class=\"float-right img-wrapper\"><img decoding=\"async\" id=\"2289717\" loading=\"lazy\" src=\"https:\/\/static.dagospia.com\/img\/foto\/07-2026\/elly-schlein-2289717_800_q50.webp\"><span class=\"img-title\">Elly Schlein<\/span><\/a><a href=\"https:\/\/www.dagospia.com\/media-gallery\/dago-fotogallery-522203\/568971\" class=\"float-right img-wrapper\"><img decoding=\"async\" id=\"568971\" loading=\"lazy\" src=\"https:\/\/static.dagospia.com\/img\/foto\/07-2014\/alfredo-romeo-568971_800_q50.webp\"><span class=\"img-title\">ALFREDO ROMEO <\/span><\/a><\/p>\n<\/div>\n<div class=\"share-section\">\n                Condividi  questo articolo<\/p>\n<div class=\"socials\"><a href=\"https:\/\/www.dagospia.com\/media-tv\/oh-romeo-romeo-vista-virata-riformista-cappellini-repubblica-elly-485776\"><img decoding=\"async\" src=\"https:\/\/static.dagospia.com\/img\/icons\/facebook.svg\" alt=\"Condividi su Facebook\"><\/a><a href=\"https:\/\/www.dagospia.com\/media-tv\/oh-romeo-romeo-vista-virata-riformista-cappellini-repubblica-elly-485776\"><img decoding=\"async\" src=\"https:\/\/static.dagospia.com\/img\/icons\/x-icon.png\" alt=\"Condividi su X\"><\/a><a href=\"https:\/\/www.dagospia.com\/media-tv\/oh-romeo-romeo-vista-virata-riformista-cappellini-repubblica-elly-485776\"><img decoding=\"async\" src=\"https:\/\/static.dagospia.com\/img\/icons\/whatsapp.svg\" alt=\"Condividi su Whatsapp\"><\/a><a href=\"https:\/\/www.dagospia.com\/media-tv\/oh-romeo-romeo-vista-virata-riformista-cappellini-repubblica-elly-485776\"><img decoding=\"async\" src=\"https:\/\/static.dagospia.com\/img\/icons\/mail.svg\" alt=\"Invia in email\"><\/a><\/div>\n<\/div>\n<\/article>\n<div class=\"content\">\n<p class=\"disable\"><strong>Flop Schlein pure sulla conquista dell\u2019\u00abUnit\u00e0\u00bb<\/strong><\/p>\n<p class=\"disable\"><strong>Estratto dell\u2019articolo di Tobia De Stefano per <a href=\"http:\/\/www.laverita.info\" target=\"_blank\">\u201cLa Verit\u00e0\u201d<\/a><\/strong><\/p>\n<p class=\"disable\">\u00a0<\/p>\n<p><a href=\"https:\/\/www.dagospia.com\/media-gallery\/dago-fotogallery-522203\/2297031\" class=\"float-right img-wrapper\"><img decoding=\"async\" id=\"2297031\" loading=\"lazy\" src=\"https:\/\/static.dagospia.com\/img\/foto\/08-2026\/elly-schlein-2297031_800_q50.webp\"><span class=\"img-title\">Elly Schlein <\/span><\/a><\/p>\n<p class=\"disable\">\u00abDa oltre un anno il Partito Democratico lavora perch\u00e9 l\u2019Unit\u00e0 torni nella disponibilit\u00e0 della comunit\u00e0 politica alla quale la sua storia \u00e8 legata. Lo abbiamo fatto con discrezione, seriet\u00e0 e prudenza. Oggi, dopo la sospensione delle pubblicazioni, sentiamo il dovere di dire con chiarezza che la nostra disponibilit\u00e0 \u00e8 piena e concreta\u00bb.<\/p>\n<p class=\"disable\">\u00a0<\/p>\n<p class=\"disable\">Inizia cos\u00ec il comunicato che ormai da circa tre settimane campeggia sull\u2019home page del sito del Partito Democratico. Un testo asciutto, con toni abbastanza convinti, per mettere nero su bianco l\u2019intenzione di Schlein e compagni di riportare all\u2019ovile lo storico giornale fondato da Antonio Gramsci nel 1924.<\/p>\n<p class=\"disable\">\u00a0<\/p>\n<p><a href=\"https:\/\/www.dagospia.com\/media-gallery\/dago-fotogallery-522203\/2302329\" class=\"float-left img-wrapper\"><img decoding=\"async\" id=\"2302329\" loading=\"lazy\" src=\"https:\/\/static.dagospia.com\/img\/foto\/09-2026\/comunicato-del-pd-sulla-proposta-di-acquisto-de-lunita-2302329_800_q50.webp\"><span class=\"img-title\">comunicato del pd sulla proposta di acquisto de lunita <\/span><\/a><\/p>\n<p class=\"disable\">Quotidiano che [\u2026] da anni vive in una sorta di infinita Odissea, con continue chiusure e cambi di editori, fino all\u2019ultimo approdo, quello del 2023 nei lidi delle societ\u00e0 dell\u2019imprenditore campano Alfredo Romeo.<\/p>\n<p class=\"disable\">\u00a0<\/p>\n<p class=\"disable\">\u00abSiamo pronti ad acquistare subito la testata\u00bb, si legge ancora nell\u2019accorata manifestazione di interessi dem, \u00aba un prezzo superiore a quello dell\u2019asta del 2022 (910.000 euro l\u2019esborso di Romeo ai tempi ndr).<\/p>\n<p class=\"disable\">\u00a0<\/p>\n<p class=\"disable\">Una proposta limpida: l\u2019Unit\u00e0 torna al Partito Democratico, senza compartecipazioni societarie&#8230;\u00bb. Per poi concludere: \u00abLa nostra offerta \u00e8 sul tavolo. Prima che si imbocchino altre strade, ci auguriamo che prevalga la volont\u00e0 di riconsegnare l\u2019Unit\u00e0 al suo popolo. Sarebbe bello poter presentare la nuova Unit\u00e0 gi\u00e0 nei giorni di settembre alla Festa nazionale di Reggio Emilia. Non per nostalgia. Ma perch\u00e9 una sinistra che vuole cambiare il Paese ha bisogno anche di luoghi nei quali costruire idee, cultura e pensiero\u00bb.<\/p>\n<p class=\"disable\">\u00a0<\/p>\n<p><a href=\"https:\/\/www.dagospia.com\/media-gallery\/dago-fotogallery-522203\/878881\" class=\"float-right img-wrapper\"><img decoding=\"async\" id=\"878881\" loading=\"lazy\" src=\"https:\/\/static.dagospia.com\/img\/foto\/03-2017\/alfredo-romeo-3-878881_800_q50.webp\"><span class=\"img-title\">Alfredo Romeo 3<\/span><\/a><\/p>\n<p class=\"disable\">Tutto molto bello, [\u2026] ma anche estremamente dem. Perch\u00e9 la Schlein e quindi il Pd, come spesso gli capita, hanno fatto i conti senza l\u2019oste.<\/p>\n<p class=\"disable\">\u00a0<\/p>\n<p class=\"disable\">L\u2019oste che in questo caso si chiama \u00abRomeo Editore\u00bb. Che oltre a essere proprietario della testata giornalistica (acquistate il 24 febbraio 2023 dalla procedura fallimentare) \u00e8 anche titolare del marchio d\u2019impresa. [\u2026]<\/p>\n<p class=\"disable\">\u00a0<\/p>\n<p class=\"disable\">Da tempo dem e Romeo trattano e a un certo punto sembravano vicinissimi alla chiusura. Sarebbe nata una nuova societ\u00e0 al 90% in mano al Partito Democratico (che avrebbe potuto pagare in 10 anni la cifra pattuita, di certo superiore ai 910.000 euro di cui sopra) e al 10% partecipata dalla \u00abRomeo Editore\u00bb che aveva posto come condizione quella di mantenere una quota. Sulla quota appunto le parti hanno rotto.<\/p>\n<p class=\"disable\">A questo punto, secondo quanto risulta alla Verit\u00e0, Romeo avrebbe deciso di sospendere le pubblicazioni per rilanciare il progetto editoriale con la partecipazione di altri soggetti istituzionali di sinistra.<\/p>\n<p class=\"disable\">\u00a0<\/p>\n<p><a href=\"https:\/\/www.dagospia.com\/media-gallery\/dago-fotogallery-522203\/2294565\" class=\"float-left img-wrapper\"><img decoding=\"async\" id=\"2294565\" loading=\"lazy\" src=\"https:\/\/static.dagospia.com\/img\/foto\/08-2026\/lunita-ultimo-numero-del-7-luglio-2026-2294565_800_q50.webp\"><span class=\"img-title\">LUNITA &#8211; ULTIMO NUMERO DEL 7 LUGLIO 2026 <\/span><\/a><\/p>\n<p class=\"disable\">Nella partita erano entrati anche il sindaco di Roma, Roberto Gualtieri, il primo cittadino di Bologna, Matteo Lepore, e un gruppo di cooperative. Ma pare che il Pd si sia messo di traverso.<\/p>\n<p class=\"disable\">\u00a0<\/p>\n<p class=\"disable\">E arriviamo ai giorni nostri. [\u2026] E alla risposta di Romeo. Che secondo quanto risulta alla Verit\u00e0 lascia scarsissimi margini di apertura. Sembra infatti che proprio nelle scorse ore sia stato notificato l\u2019atto di citazione con il quale i legali dell\u2019imprenditore campano chiedono ai giudici di dichiarare la piena titolarit\u00e0 in capo alla Romeo Editore dei diritti di esclusiva sui marchi d\u2019impresa de l\u2019Unit\u00e0 e di conseguenza di inibirne l\u2019uso per la omonima festa del partito (\u00abFesta de l\u2019Unit\u00e0\u00bb).<\/p>\n<p class=\"disable\">\u00a0<\/p>\n<p class=\"disable\">\u00a0Il tutto infarcito da una richiesta di applicare sanzioni pecuniarie nel caso di mancati rispetto dei divieti. [\u2026]<\/p>\n<p class=\"disable\">\u00a0<\/p>\n<p><a href=\"https:\/\/www.dagospia.com\/media-gallery\/dago-fotogallery-522203\/929158\" class=\"float-right img-wrapper\"><img decoding=\"async\" id=\"929158\" loading=\"lazy\" src=\"https:\/\/static.dagospia.com\/img\/foto\/08-2017\/alfredo-romeo-929158_800_q50.webp\"><span class=\"img-title\">ALFREDO ROMEO<\/span><\/a><\/p>\n<p class=\"disable\">\u00a0L\u2019ipotesi pi\u00f9 probabile al momento \u00e8 che il giornale torni in edicola sotto l\u2019insegna del gruppo editoriale Romeo. E dall\u2019altro riapre una partita giudiziaria che con l\u2019inizio della trattativa per la cessione sembrava chiusa.<\/p>\n<p class=\"disable\">\u00a0<\/p>\n<p class=\"disable\">Partita che tirava in ballo anche l\u2019associazione \u00abEnrico Berlinguer per la conservazione e la valorizzazione del patrimonio culturale della sinistra italiana\u00bb, che aveva provveduto a registrare i marchi \u00abFesta de l\u2019Unit\u00e0\u00bb e \u00abFesta nazionale de l\u2019Unit\u00e0\u00bb qualche anno prima.<\/p>\n<p class=\"disable\">\u00a0<\/p>\n<p class=\"disable\">Gi\u00e0 nel 2023 il gruppo Romeo aveva presentato un ricorso per inibire l\u2019uso del brand dell\u2019Unit\u00e0 alle feste dem. In quell\u2019occasione i giudici avevano evidenziato una \u00abautonoma capacit\u00e0 distintiva\u00bb rispetto al marchio del giornale. E adesso si andr\u00e0 avanti fino ad arrivare al giudizio di merito. Vedremo come andr\u00e0 a finire. Ma qualsiasi sia l\u2019esito siamo sicuri che Antonio Gramsci si sta rivoltando nella tomba.<\/p>\n<p><a href=\"https:\/\/www.dagospia.com\/media-gallery\/dago-fotogallery-522203\/2285774\" class=\"float-right img-wrapper\"><img decoding=\"async\" id=\"2285774\" loading=\"lazy\" src=\"https:\/\/static.dagospia.com\/img\/foto\/07-2026\/il-pollice-verso-di-elly-schlein-2285774_800_q50.webp\"><span class=\"img-title\">IL POLLICE VERSO DI ELLY SCHLEIN <\/span><\/a><a href=\"https:\/\/www.dagospia.com\/media-gallery\/dago-fotogallery-522203\/2289717\" class=\"float-right img-wrapper\"><img decoding=\"async\" id=\"2289717\" loading=\"lazy\" src=\"https:\/\/static.dagospia.com\/img\/foto\/07-2026\/elly-schlein-2289717_800_q50.webp\"><span class=\"img-title\">Elly Schlein<\/span><\/a><a href=\"https:\/\/www.dagospia.com\/media-gallery\/dago-fotogallery-522203\/568971\" class=\"float-right img-wrapper\"><img decoding=\"async\" id=\"568971\" loading=\"lazy\" src=\"https:\/\/static.dagospia.com\/img\/foto\/07-2014\/alfredo-romeo-568971_800_q50.webp\"><span class=\"img-title\">ALFREDO ROMEO <\/span><\/a><\/p>\n<\/div>\n<article><a href=\"https:\/\/www.dagospia.com\/politica\/dagoreport-giorgia-meloni-e-in-modalita-cattivissima-me-fronte-guai-485762\"><\/p>\n<div class=\"img-wrapper\"><img decoding=\"async\" src=\"https:\/\/static.dagospia.com\/img\/patch\/09-2026\/giorgia-meloni-sigfrido-ranucci-giampaolo-rossi-giovambattista-fazzolari-patrizi-2302272_600_q50.webp\" alt=\"giorgia meloni sigfrido ranucci giampaolo rossi giovambattista fazzolari patrizia scurti antonio tajani matteo salvini \" loading=\"lazy\"><time class=\"data-ora\">3 set 20:07<\/time><\/div>\n<div class=\"excerpt\">\n<p>DAGOREPORT \u2013 <span>GIORGIA MELONI \u00c8 IN MODALIT\u00c0 \u201cCATTIVISSIMA ME\u201d<\/span>: DOPO QUATTRO ANNI DI LUNA DI MIELE, PER LA DUCETTA \u00c8 ARRIVATA LA TEMPESTA PERFETTA: LO STOP AL PREMIERATO,\u00a0LA BATOSTA AL REFERENDUM, LE RAFFICHE DI \u201cVAFFA\u201d DI TRUMP, L&#8217;ESPLOSIONE DEL FENOMENO VANNACCI, IL CROLLO DELLA LEGA, FORZA ITALIA ALLA BERLUSCONINA, IL CAOS INTORNO ALLA NUOVA LEGGE ELETTORALE, L&#8217;AUTOGOL SULLA SOSTITUZIONE DI RANUCCI &#8211; <span>PIU&#8217; IRRIDUCIBILE DELLA MALASORTE, ANZICHE&#8217; ASCOLTARE I CO-FONDATORI DI FDI, LA RUSSA E CROSETTO, L&#8217;UNDERDOG PREFERISCE\u00a0CIRCONDARSI DALL&#8217;AFFETTO DEL SUO CIRCOLETTO DELLA GARBATELLA<\/span>\u00a0&#8211; DOMANI DA BARI, DOVE FESTEGGIA IL RECORD DI DURATA DEL SUO GOVERNO, L&#8217;UNDERDOG LANCER\u00c0 IL SUO GRIDO DI RISCOSSA ELETTORALE &#8211; <span>SA CHE L&#8217;ARMATA BRANCA-MELONI NON PUO&#8217; REGGERE FINO A OTTOBRE 2027, OCCORRE ANTICIPARE IL VOTO AD APRILE, LASCIANDO LE COMUNALI A GIUGNO <\/span>&#8211; MA MATTARELLA VUOLE L\u2019ELECTION A CUI SI OPPONE LA MELONI, TERRORIZZATA DALL\u2019EFFETTO TRAINO DI UN FILOTTO DEL CENTROSINISTRA : CHE DECIDERA&#8217; IL COLLE? AH, SAPERLO&#8230;<\/p>\n<\/div>\n<p><\/a><\/article>\n<article><a href=\"https:\/\/www.dagospia.com\/politica\/dagoreport-roberto-vannacci-marcia-cernobbio-gli-imprenditori-italiani-485729\"><\/p>\n<div class=\"img-wrapper\"><img decoding=\"async\" src=\"https:\/\/static.dagospia.com\/img\/patch\/09-2026\/crosetto-calenda-vannacci-monti-de-bortoli-forum-ambrosetti-cernobbio-2302201_600_q50.webp\" alt=\"crosetto calenda vannacci monti de bortoli forum ambrosetti cernobbio\" loading=\"lazy\"><time class=\"data-ora\">3 set 20:02<\/time><\/div>\n<div class=\"excerpt\">\n<p><span>DAGOREPORT <\/span>&#8211; MENTRE LA PROCURA MILITARE DI ROMA AVVIA UN\u2019INDAGINE SUGLI UFFICIALI CHE HANNO ADERITO ALLA &#8220;SPORCA DOZZINA&#8221; DI ROBERTO VANNACCI, <span>IL RE-DUX DI FUTURO NAZIONALE MARCIA SU CERNOBBIO: SABATO \u00c8 ATTESO IN POMPA MAGNA AL FORUM AMBROSETTI PER DIBATTERE CON L\u2019EX PREMIER MARIO MONTI<\/span> &#8211; DALL&#8217;IDEOLOGO DEL POPULISMO GRILLINO, GIAN ROBERTO CASALEGGIO AL LEADER SOVRANISTA OLANDESE, IL RAZZISTA GEERT WILDERS, LE PRESENZE PROVOCATORIE E ACCHIAPPA-TITOLI NON SONO UNA NOVITA&#8217; A VILLA D&#8217;ESTE &#8211;<span> SDEGNATI PER LA PRESENZA E &#8220;TRATTAMENTO PREFERENZIALE&#8221; DEDICATO ALL\u2019EX PAR\u00c0(CULO) DELLA FOLGORE, CARLO CALENDA E GUIDO CROSETTO NON METTERANNO PIEDE A CERNOBBIO<\/span> \u2013 ANCHE FERRUCCIO DE BORTOLI RIFIUTA DI DUETTARE CON L\u2019EX GENERALE NOSTALGICO DEL MANGANELLO E DELL\u2019OLIO DI RICINO &#8211; NON SOLO: E&#8217; L\u2019EX DIRETTORE DEL \u201cCORRIERE\u201d IL PRIMO CHE SPARA LA NOTIZIA:<span> \u201cPURTROPPO A CERNOBBIO CI SAR\u00c0 VANNACCI&#8221;<\/span> (IL CAUTO DIRETTORE FONTANA \u00c8 STATO BEN ATTENTO A NON PUBBLICARLA SUBITO SUL CARTACEO)&#8230;<\/p>\n<\/div>\n<p><\/a><\/article>\n<article><a href=\"https:\/\/www.dagospia.com\/media-tv\/dagoreport-riunione-interlocutoria-qualche-piccola-apertura-caso-report-485651\"><\/p>\n<div class=\"img-wrapper\"><img decoding=\"async\" src=\"https:\/\/static.dagospia.com\/img\/patch\/09-2026\/rai-via-teulada-paolo-corsini-giulia-innocenzi-presutti-daniele-piervincenzi-dan-2301944_600_q50.webp\" alt=\"rai via teulada paolo corsini giulia innocenzi presutti daniele piervincenzi danilo procaccianti report sigfrido ranucci \" loading=\"lazy\"><time class=\"data-ora\">2 set 20:05<\/time><\/div>\n<div class=\"excerpt\">\n<p>DAGOREPORT \u2013 <span>RIUNIONE INTERLOCUTORIA MA CON QUALCHE PICCOLA APERTURA <\/span>TRA IL DIRETTORE DELL&#8217;APPROFONDIMENTO RAI, PAOLO CORSINI, E I MEMBRI DELLA SQUADRA DI \u201cREPORT\u201d: I GIORNALISTI <span>HANNO RIBADITO IL \u201cNO\u201d ALLA CONDUZIONE DI GIULIA PRESUTTI E DANIELE<\/span><span>PIERVINCENZI, MA SU QUEST\u2019ULTIMO LA POSIZIONE SAREBBE PI\u00d9 MORBIDA: <\/span>POTREBBE AVERE UN VIA LIBERA MAGARI COME CONDUTTORE DEL \u201cREPORT LAB\u201d, CON LA CONDUZIONE VERA E PROPRIA DA AFFIDARE A DUE \u201cSTORICI\u201d (CHE DIVENTEREBBERO TRE NEL CASO DI UN REINTEGRO DI RANUCCI DA PARTE DEL TRIBUNALE).\u00a0 SULLA PRESUTTI IL MURO RESTA GRANITICO \u2013 <span>PALAZZO CHIGI, INVECE, SAREBBE IRREMOVIBILE SUI DUE NOMI<\/span> \u2013 EPISODIO PITTORESCO NEL MEZZO DELLA RIUNIONE: UN GIORNALISTA DI UNA PRESTIGIOSA TESTATA DELLA RAI SAREBBE STATO <span>BECCATO A ORIGLIARE DA UN BAGNO VICINO ALLA SALA\u2026<\/span><\/p>\n<\/div>\n<p><\/a><\/article>\n<article><a href=\"https:\/\/www.dagospia.com\/politica\/dagoreport-grazie-trump-mondo-verso-de-americanizzazione-oggi-si-485332\"><\/p>\n<div class=\"img-wrapper\"><img decoding=\"async\" src=\"https:\/\/static.dagospia.com\/img\/patch\/09-2026\/trump-modi-xi-jinping-putin-2301524_600_q50.webp\" alt=\"trump modi xi jinping putin\" loading=\"lazy\"><time class=\"data-ora\">1 set 19:59<\/time><\/div>\n<div class=\"excerpt\">\n<p>DAGOREPORT \u2013<span> GRAZIE A TRUMP, IL DOLLARO RISCHIA DI DIVENTARE CARTA STRACCIA \u2013<\/span>\u00a0IL PIATTO FORTE AL SUMMIT IN KIRGHIZISTAN DI XI JINPING, VLADIMIR PUTIN E NARENDRA MODI, HA FATTO STRA-INCAZZARE IL CALIGOLA DELLA CASA BIANCA: SUL TAVOLO,\u00a0<span>IL PROGETTO DEI &#8221;BRICS&#8221; (BRASILE, RUSSIA, INDIA, CINA, SUDAFRICA) DI DAR VITA A UNA \u201cMONETA UNICA&#8221;, PER FAR FUORI IL DOLLARO NEGLI SCAMBI INTERNAZIONALI<\/span>\u00a0&#8211; CON UN DEBITO PUBBLICO MONSTRE DI 40MILA MILIARDI, LA DE-DOLLARIZZAZIONE SAREBBE LA FINE DELL&#8217;IMPERO AMERICANO: IL VERDONE&#8221; VIENE UTILIZZATO IN OLTRE L&#8217;80% DELLE TRANSAZIONI COMMERCIALI E IN PI\u00d9 DELLA MET\u00c0 DEI PAGAMENTI INTERNAZIONALI DELLE MATERIE PRIME, COME IL PETROLIO\u00a0&#8211; <span>LA DECISIONE E&#8217; NELLE MANI DELLA CINA: RINUNCERA&#8217; ALLO MONETA NAZIONALE, LO YUAN, PER DIVENTARE LA LOCOMOTIVA DEI &#8221;BRICS&#8221;?<\/span>\u00a0&#8211;\u00a0SUL MAGGIORE IMPEGNO A FAVORE DELL\u2019IRAN, PESANO I DUBBI\u00a0DI MODI (GLI USA SONO IL PRIMO PARTNER COMMERCIALE DELL\u2019INDIA)\u00a0&#8211; PROSSIMO ROUND: IL VERTICE DI XI JIN PING DEL 24 SETTEMBRE CON IL &#8220;DERAGLIATO MENTALE&#8221; DELLA CASA BIANCA&#8230;<\/p>\n<\/div>\n<p><\/a><\/article>\n<article><a href=\"https:\/\/www.dagospia.com\/politica\/elly-ascolta-gli-amici-i-big-pd-scesi-in-campo-cosi-pesantemente-per-485354\"><\/p>\n<div class=\"img-wrapper\"><img decoding=\"async\" src=\"https:\/\/static.dagospia.com\/img\/patch\/08-2026\/giuseppe-conte-elly-schlein-franceschini-bonaccini-nardella-2301098_600_q50.webp\" alt=\"giuseppe conte elly schlein franceschini bonaccini nardella\" loading=\"lazy\"><time class=\"data-ora\">31 ago 20:17<\/time><\/div>\n<div class=\"excerpt\">\n<p>DAGOREPORT &#8211; <span>ELLY, ASCOLTA GLI AMICI!<\/span> I CAPOCCIONI E LE MEZZECALZE DEL PD, CHE SONO SCESI COS\u00cc PESANTEMENTE IN CAMPO PER SCONGIURARE LA JATTURA DELLE PRIMARIE, NON CE L&#8217;HANNO CON TE, LO FANNO SOLO PER IL TUO BENE &#8211; CERTO, TEMONO (A RAGIONE) ANCHE PER LA LORO SOPRAVVIVENZA PARLAMENTARE: <span>SE ELLY, COME PROBABILE, PERDESSE AI GAZEBO IL DUELLO CON CONTE, TRASCINEREBBE IL PARTITO NEL BARATRO <\/span>&#8211; \u00c8 PER QUESTO CHE DA QUALCHE SETTIMANA SONO PARTITI GLI AVVERTIMENTI VIA STAMPA, ANCHE DI ESPONENTI PD NON OSTILI ALLA SCHLEIN COME DARIO NARDELLA, DI FARE UN PASSO INDIETRO \u2013 <span>LA TRAGEDIA \u00c8 CHE L\u2019AMBIZIOSA DUCETTA DEL NAZARENO, NONOSTANTE I SONDAGGI HORROR, SI VEDE GI\u00c0 A PALAZZO CHIGI, VALUTANDOLI COME ATTACCHI ALLA SUA LEADERSHIP<\/span>: \u201cLE INTERVISTE SULLE PRIMARIE? SONO SOLO ESERCIZI INTELLETTUALI, ALLA FESTA DELL\u2019UNITA\u2019 PARLO IO\u201d &#8211; SE ELLY CONTINUA COS\u00cc, RISCHIA CHE LA SUA PROSSIMA OCCUPAZIONE SARA&#8217; DI BALLARE SUI CARRI DEL GAY PRIDE&#8230;<\/p>\n<\/div>\n<p><\/a><\/article>\n<article><a href=\"https:\/\/www.dagospia.com\/politica\/l-ingaggio-fedorov-fa-incazzare-zelensky-mette-in-allarme-agenzie-485343\"><\/p>\n<div class=\"img-wrapper\"><img decoding=\"async\" src=\"https:\/\/static.dagospia.com\/img\/patch\/08-2026\/fedorov-musk-thiel-zelensky-crosetto-2301168_600_q50.webp\" alt=\"fedorov musk thiel zelensky crosetto\" loading=\"lazy\"><time class=\"data-ora\">31 ago 18:41<\/time><\/div>\n<div class=\"excerpt\">\n<p>DAGOREPORT &#8211; <span>A QUALCUNO NON PIACE &#8216;STO FEDOROV<\/span> &#8211;\u00a0PIU&#8217; CHE A INDIGNARE I NEURONI ALLA VODKA DI VANNACCI E DI TRAVAGLIO, L\u2019INGAGGIO DEL GOVERNO ITALIANO DELL&#8217;EX MINISTRO DELLA DIFESA UCRAINO<span> FA INCAZZARE ZELENSKY E METTE IN ALLARME LE AGENZIE DI INTELLIGENCE EUROPEE &#8211; <\/span>IL DINAMISMO DEL NOVELLO CONSULENTE DEL MINISTRO CROSETTO NON POTEVA NON FINIRE &#8220;ATTENZIONATO&#8221;, VISTO E CONFERMATO <span>IL RAPPORTO STRETTISSIMO CON L&#8217;EMINENZA GRIGIA DELLA TECNO-DESTRA PETER THIEL E CON IL CAVALIERE NERO DELLA GALASSIA MAGA, ELON MUSK<\/span> &#8211; \u00c8 STATO FEDOROV A OTTENERE LO SBLOCCO DEL SISTEMA STARLINK E A COLTIVARE RAPPORTI CON PALANTIR, CHE FORNISCE A KIEV I SOFTWARE PER LA DIFESA &#8211; <span>CHE STA COMBINANDO IN QUESTI GIORNI FEDOROV NEGLI STATI UNITI? <\/span>COSA VOGLIONO MUSK E THIEL DA LUI? LE ELEZIONI A KIEV, MAGARI PER SOSTITUIRE ZELENSKY E ARRIVARE A QUALUNQUE \u2018PACE\u2019\u201d?<\/p>\n<\/div>\n<p><\/a><\/article>\n<article><a href=\"https:\/\/www.dagospia.com\/media-tv\/acrobazie-spaccanti-il-55enne-raoul-bova-beatrice-arnera-beccati-chi-485632\"><\/p>\n<div class=\"img-wrapper\"><img decoding=\"async\" src=\"https:\/\/static.dagospia.com\/img\/patch\/09-2026\/raoul-bova-beatrice-arnera-chi-2301906_600_q50.webp\" alt=\"raoul bova beatrice arnera chi\" loading=\"lazy\"><\/div>\n<div class=\"excerpt\">ACROBAZIE \u201cSPACCANTI\u201d \u2013 IL 55ENNE RAOUL BOVA E BEATRICE ARNERA SONO STATI BECCATI DA \u201cCHI\u201d A\u2026<\/div>\n<p><\/a><\/article>\n<article><a href=\"https:\/\/www.dagospia.com\/sport\/pennellone-frou-frou-mole-juve-acquistato-l-attaccante-nick-woltemade-485601\"><\/p>\n<div class=\"img-wrapper\"><img decoding=\"async\" src=\"https:\/\/static.dagospia.com\/img\/patch\/09-2026\/nick-woltemade-2301780_600_q50.webp\" alt loading=\"lazy\"><\/div>\n<div class=\"excerpt\">UN PENNELLONE &#8220;FROU FROU&#8221; SOTTO LA MOLE? \u2013 LA JUVE HA ACQUISTATO IN PRESTITO DAL NEWCASTLE\u2026<\/div>\n<p><\/a><\/article>\n<article><a href=\"https:\/\/www.dagospia.com\/cronache\/42enne-bengalese-abusato-13enne-torino-e-porcellone-prima-categoria-485694\"><\/p>\n<div class=\"img-wrapper\"><img decoding=\"async\" src=\"https:\/\/static.dagospia.com\/img\/patch\/03-2019\/palpeggiamento-1138602_600_q50.webp\" alt=\"palpeggiamento\" loading=\"lazy\"><\/div>\n<div class=\"excerpt\">IL 42ENNE BENGALESE CHE HA ABUSATO UNA 13ENNE DI TORINO \u00c8 UN PORCELLONE DI PRIMA CATEGORIA! &#8211; POCO\u2026<\/div>\n<p><\/a><\/article>\n<article><a href=\"https:\/\/www.dagospia.com\/media-tv\/pillole-gossip-wanda-nara-i-festini-violenti-dell-ex-belen-485709\"><\/p>\n<div class=\"img-wrapper\"><img decoding=\"async\" src=\"https:\/\/static.dagospia.com\/img\/patch\/09-2026\/pillole-avanti-gossip-2302145_600_q50.webp\" alt=\"pillole avanti gossip\" loading=\"lazy\"><\/div>\n<div class=\"excerpt\">PILLOLE DI GOSSIP! WANDA NARA E I FESTINI VIOLENTI DELL\u2019EX MAXI LOPEZ IN RUSSIA: \u201cCHE PECCATO\u2026<\/div>\n<p><\/a><\/article>\n<article><a href=\"https:\/\/www.dagospia.com\/media-tv\/riconoscete-frasche-28enne-e-nata-milano-ed-e-cresciuta-in-famiglia-485496\"><\/p>\n<div class=\"img-wrapper\"><img decoding=\"async\" src=\"https:\/\/static.dagospia.com\/img\/patch\/09-2026\/celeste-della-porta-2301415_600_q50.webp\" alt=\"celeste della porta \" loading=\"lazy\"><\/div>\n<div class=\"excerpt\">LA RICONOSCETE TRA LE FRASCHE?\u00a0&#8211; L&#8217;AUDACE 28ENNE E\u2019 NATA A MILANO ED E\u2019 CRESCIUTA IN UNA FAMIGLIA\u2026<\/div>\n<p><\/a><\/article>\n<article><a href=\"https:\/\/www.dagospia.com\/politica\/dagoreport-giorgia-meloni-e-in-modalita-cattivissima-me-fronte-guai-485762\"><\/p>\n<div class=\"img-wrapper\"><img decoding=\"async\" src=\"https:\/\/static.dagospia.com\/img\/patch\/09-2026\/giorgia-meloni-sigfrido-ranucci-giampaolo-rossi-giovambattista-fazzolari-patrizi-2302272_600_q50.webp\" alt=\"giorgia meloni sigfrido ranucci giampaolo rossi giovambattista fazzolari patrizia scurti antonio tajani matteo salvini \" loading=\"lazy\"><\/div>\n<div class=\"excerpt\">DAGOREPORT \u2013 GIORGIA MELONI \u00c8 IN MODALIT\u00c0 \u201cCATTIVISSIMA ME\u201d: DOPO QUATTRO ANNI DI LUNA DI MIELE,\u2026<\/div>\n<p><\/a><\/article>\n<article><a href=\"https:\/\/www.dagospia.com\/politica\/dagoreport-roberto-vannacci-marcia-cernobbio-gli-imprenditori-italiani-485729\"><\/p>\n<div class=\"img-wrapper\"><img decoding=\"async\" src=\"https:\/\/static.dagospia.com\/img\/patch\/09-2026\/crosetto-calenda-vannacci-monti-de-bortoli-forum-ambrosetti-cernobbio-2302201_600_q50.webp\" alt=\"crosetto calenda vannacci monti de bortoli forum ambrosetti cernobbio\" loading=\"lazy\"><\/div>\n<div class=\"excerpt\">DAGOREPORT &#8211; MENTRE LA PROCURA MILITARE DI ROMA AVVIA UN\u2019INDAGINE SUGLI UFFICIALI CHE HANNO ADERITO\u2026<\/div>\n<p><\/a><\/article>\n<article><a href=\"https:\/\/www.dagospia.com\/media-tv\/dagoreport-riunione-interlocutoria-qualche-piccola-apertura-caso-report-485651\"><\/p>\n<div class=\"img-wrapper\"><img decoding=\"async\" src=\"https:\/\/static.dagospia.com\/img\/patch\/09-2026\/rai-via-teulada-paolo-corsini-giulia-innocenzi-presutti-daniele-piervincenzi-dan-2301944_600_q50.webp\" alt=\"rai via teulada paolo corsini giulia innocenzi presutti daniele piervincenzi danilo procaccianti report sigfrido ranucci \" loading=\"lazy\"><\/div>\n<div class=\"excerpt\">DAGOREPORT \u2013 RIUNIONE INTERLOCUTORIA MA CON QUALCHE PICCOLA APERTURA TRA IL DIRETTORE\u2026<\/div>\n<p><\/a><\/article>\n<article><a href=\"https:\/\/www.dagospia.com\/politica\/dagoreport-grazie-trump-mondo-verso-de-americanizzazione-oggi-si-485332\"><\/p>\n<div class=\"img-wrapper\"><img decoding=\"async\" src=\"https:\/\/static.dagospia.com\/img\/patch\/09-2026\/trump-modi-xi-jinping-putin-2301524_600_q50.webp\" alt=\"trump modi xi jinping putin\" loading=\"lazy\"><\/div>\n<div class=\"excerpt\">DAGOREPORT \u2013 GRAZIE A TRUMP, IL DOLLARO RISCHIA DI DIVENTARE CARTA STRACCIA \u2013\u00a0IL PIATTO FORTE AL\u2026<\/div>\n<p><\/a><\/article>\n<article><a href=\"https:\/\/www.dagospia.com\/politica\/elly-ascolta-gli-amici-i-big-pd-scesi-in-campo-cosi-pesantemente-per-485354\"><\/p>\n<div class=\"img-wrapper\"><img decoding=\"async\" src=\"https:\/\/static.dagospia.com\/img\/patch\/08-2026\/giuseppe-conte-elly-schlein-franceschini-bonaccini-nardella-2301098_600_q50.webp\" alt=\"giuseppe conte elly schlein franceschini bonaccini nardella\" loading=\"lazy\"><\/div>\n<div class=\"excerpt\">DAGOREPORT &#8211; ELLY, ASCOLTA GLI AMICI! I CAPOCCIONI E LE MEZZECALZE DEL PD, CHE SONO SCESI COS\u00cc\u2026<\/div>\n<p><\/a><\/article>\n<article><a href=\"https:\/\/www.dagospia.com\/politica\/l-ingaggio-fedorov-fa-incazzare-zelensky-mette-in-allarme-agenzie-485343\"><\/p>\n<div class=\"img-wrapper\"><img decoding=\"async\" src=\"https:\/\/static.dagospia.com\/img\/patch\/08-2026\/fedorov-musk-thiel-zelensky-crosetto-2301168_600_q50.webp\" alt=\"fedorov musk thiel zelensky crosetto\" loading=\"lazy\"><\/div>\n<div class=\"excerpt\">DAGOREPORT &#8211; A QUALCUNO NON PIACE &#8216;STO FEDOROV &#8211;\u00a0PIU&#8217; CHE A INDIGNARE I NEURONI ALLA VODKA DI\u2026<\/div>\n<p><\/a><\/article>\n<article><a href=\"https:\/\/www.dagospia.com\/politica\/flash-c-e-grande-perplessita-i-draghi-boys-per-presenza-andrea-485336\"><\/p>\n<div class=\"img-wrapper\"><img decoding=\"async\" src=\"https:\/\/static.dagospia.com\/img\/patch\/08-2026\/xavier-niel-draghi-pignataro-2301175_600_q50.webp\" alt=\"xavier niel draghi pignataro\" loading=\"lazy\"><\/div>\n<div class=\"excerpt\">FLASH! \u2013 I \u201cDRAGHI BOYS\u201d DEL POTERE ECONOMICO ITALIANO AVREBBERO ESPRESSO QUALCHE PERPLESSITA&#8217;\u2026<\/div>\n<p><\/a><\/article>\n<article><a href=\"https:\/\/www.dagospia.com\/politica\/quale-episodio-giulia-presutti-era-habitue-cefalu-bistro-dove-piu-e-485248\"><\/p>\n<div class=\"img-wrapper\"><img decoding=\"async\" src=\"https:\/\/static.dagospia.com\/img\/patch\/08-2026\/ranucci-presutti-cianfoni-floridia-2300757_600_q50.webp\" alt=\"ranucci presutti cianfoni floridia\" loading=\"lazy\"><\/div>\n<div class=\"excerpt\">DAGOREPORT &#8211;\u00a0MA QUALE &#8220;EPISODIO&#8221;! GIULIA PRESUTTI ERA UN HABITU\u00c8 DEL \u201cCEFAL\u00d9 BISTR\u00d2\u201d DOVE PI\u00d9 VOLTE\u2026<\/div>\n<p><\/a><\/article>\n<article><a href=\"https:\/\/www.dagospia.com\/politica\/risiko-s-ingrossa-l-apertura-assicurazioni-generali-valutare-l-offerta-484996\"><\/p>\n<div class=\"img-wrapper\"><img decoding=\"async\" src=\"https:\/\/static.dagospia.com\/img\/patch\/08-2026\/generali-philippe-donnet-luigi-lovaglio-carlo-messina-2292458_600_q50.webp\" alt=\"generali philippe donnet luigi lovaglio carlo messina \" loading=\"lazy\"><\/div>\n<div class=\"excerpt\">DAGOREPORT &#8211; IL RISIKO S&#8217;INGROSSA! L\u2019APERTURA DI ASSICURAZIONI GENERALI A VALUTARE L&#8217;OFFERTA\u201d DI\u2026<\/div>\n<p><\/a><\/article>\n<article><a href=\"https:\/\/www.dagospia.com\/cronache\/voluto-trump-t-attacchi-scorta-i-leader-silicon-valley-484985\"><\/p>\n<div class=\"img-wrapper\"><img decoding=\"async\" src=\"https:\/\/static.dagospia.com\/img\/patch\/08-2026\/mark-zuckerberg-proteste-2299936_600_q50.webp\" alt=\"mark zuckerberg proteste \" loading=\"lazy\"><\/div>\n<div class=\"excerpt\">HAI VOLUTO TRUMP? E ORA T\u2019ATTACCHI ALLA SCORTA! \u2013 I LEADER DELLA SILICON VALLEY SONO OSSESSIONATI\u2026<\/div>\n<p><\/a><\/article>\n<article><a href=\"https:\/\/www.dagospia.com\/cafonal\/cafonalino-roma-proiezione-documentario-marco-bellocchio-marco-travaglio-485081\"><\/p>\n<div class=\"img-wrapper\"><img decoding=\"async\" src=\"https:\/\/static.dagospia.com\/img\/patch\/08-2026\/2026bellocchio-anteprima-film-di-marco-bellocchio-2300339_600_q50.webp\" alt=\"2026bellocchio anteprima film di marco bellocchio\" loading=\"lazy\"><\/div>\n<div class=\"excerpt\">CAFONALINO! AL CINEMA QUATTRO FONTANE DI ROMA LA PROIEZIONE SPECIALE DEL DOCUMENTARIO \u201cMARCO\u2026<\/div>\n<p><\/a><\/article>\n<article><a href=\"https:\/\/www.dagospia.com\/cafonal\/cafonal-show-ranucci-cerveteri-freni-ho-fatto-scoop-nazionali-484807\"><\/p>\n<div class=\"img-wrapper\"><img decoding=\"async\" src=\"https:\/\/static.dagospia.com\/img\/patch\/08-2026\/2026ranucci-sigfrido-ranucci-2299409_600_q50.webp\" alt=\"2026ranucci sigfrido ranucci\" loading=\"lazy\"><\/div>\n<div class=\"excerpt\">SIGFRIDO, IL MASANIELLO DE NOANTRI \u2013 RANUCCI HA PERSO OGNI FRENO E, ALLA PRESENTAZIONE DEL SUO\u2026<\/div>\n<p><\/a><\/article>\n<article><a href=\"https:\/\/www.dagospia.com\/cafonal\/funeralino-l-ultimo-saluto-mitico-produttore-cinematografico-fulvio-484127\"><\/p>\n<div class=\"img-wrapper\"><img decoding=\"async\" src=\"https:\/\/static.dagospia.com\/img\/patch\/08-2026\/2026lucisano-2297424_600_q50.webp\" alt=\"2026lucisano\" loading=\"lazy\"><\/div>\n<div class=\"excerpt\">FUNERALINO \u2013 NELLA CALLARA ROMANA D\u2019AGOSTO, L\u2019ULTIMO SALUTO AL MITICO PRODUTTORE CINEMATOGRAFICO\u2026<\/div>\n<p><\/a><\/article>\n<article><a href=\"https:\/\/www.dagospia.com\/cafonal\/cafonalino-pizza-riformista-matteo-renzi-raduna-i-suoi-prima-delle-480816\"><\/p>\n<div class=\"img-wrapper\"><img decoding=\"async\" src=\"https:\/\/static.dagospia.com\/img\/patch\/07-2026\/2026kraken-matteo-renzi-2286047_600_q50.webp\" alt=\"2026kraken matteo renzi \" loading=\"lazy\"><\/div>\n<div class=\"excerpt\">CAFONALINO DELLA PIZZA RIFORMISTA \u2013 RENZI RADUNA I SUOI PRIMA DELLE VACANZE ESTIVE AL SATYRUS DI\u2026<\/div>\n<p><\/a><\/article>\n<article><a href=\"https:\/\/www.dagospia.com\/cafonal\/cafonalino-moreno-party-roma-manuela-moreno-festeggia-i-60-anni-480777\"><\/p>\n<div class=\"img-wrapper\"><img decoding=\"async\" src=\"https:\/\/static.dagospia.com\/img\/patch\/07-2026\/manuela-moreno-festa-60-anni-2285871_600_q50.webp\" alt=\"manuela moreno festa 60 anni \" loading=\"lazy\"><\/div>\n<div class=\"excerpt\">CAFONALINO! NO MORENO, NO PARTY \u2013 A ROMA, AL LOVE BAR DI PONTE MILVIO, MANUELA MORENO, CONDUTTRICE\u2026<\/div>\n<p><\/a><\/article>\n<article><a href=\"https:\/\/www.dagospia.com\/cafonal\/cafonalino-firenze-tevere-direttori-redattori-forchettoni-scrocconi-480745\"><\/p>\n<div class=\"img-wrapper\"><img decoding=\"async\" src=\"https:\/\/static.dagospia.com\/img\/patch\/07-2026\/2026agno-marco-agnoletti-2285763_600_q50.webp\" alt=\"2026agno marco agnoletti \" loading=\"lazy\"><\/div>\n<div class=\"excerpt\">CAFONALINO DEGLI AGNOLETTI IN BRODO &#8211; DIRETTORI, REDATTORI, FORCHETTONI E SCROCCONI SFIDANO\u2026<\/div>\n<p><\/a><\/article>\n<p>[analyse_source url=&#8221;https:\/\/www.dagospia.com\/media-tv\/oh-romeo-romeo-vista-virata-riformista-cappellini-repubblica-elly-485776&#8243;]<\/p>\n","protected":false},"excerpt":{"rendered":"<p>[analyse_image type=&#8221;featured&#8221; src=&#8221;https:\/\/static.dagospia.com\/img\/patch\/09-2026\/alfredo-romeo-schlein-lunita-unita-2302330_600_q50.webp&#8221;] 3 set 2026 19:11 OH ROMEO, ROMEO\u2026 &#8211; VISTA LA VIRATA &#8220;RIFORMISTA&#8221; DI CAPPELLINI SU &#8220;REPUBBLICA&#8221;, ELLY SCHLEIN ACCAREZZA IL SOGNO DI UN QUOTIDIANO A SUA IMMAGINE E SOMIGLIANZA, E HA PUNTATO \u201cL\u2019UNIT\u00c0\u201d, LA STORICA TESTATA DEL PCI FONDATA DA ANTONIO GRAMSCI NEL 1921. MA L\u2019EDITORE DEL QUOTIDIANO, ALFREDO ROMEO, SI METTE [&hellip;]<\/p>\n","protected":false},"author":1,"featured_media":0,"comment_status":"open","ping_status":"","sticky":false,"template":"","format":"standard","meta":{"footnotes":""},"categories":[87],"tags":[226,149],"class_list":["post-2126997","post","type-post","status-publish","format-standard","hentry","category-italy","tag-crawlmanager","tag-dagospia-com"],"_links":{"self":[{"href":"https:\/\/analyse.optim.biz\/index.php?rest_route=\/wp\/v2\/posts\/2126997","targetHints":{"allow":["GET"]}}],"collection":[{"href":"https:\/\/analyse.optim.biz\/index.php?rest_route=\/wp\/v2\/posts"}],"about":[{"href":"https:\/\/analyse.optim.biz\/index.php?rest_route=\/wp\/v2\/types\/post"}],"author":[{"embeddable":true,"href":"https:\/\/analyse.optim.biz\/index.php?rest_route=\/wp\/v2\/users\/1"}],"replies":[{"embeddable":true,"href":"https:\/\/analyse.optim.biz\/index.php?rest_route=%2Fwp%2Fv2%2Fcomments&post=2126997"}],"version-history":[{"count":0,"href":"https:\/\/analyse.optim.biz\/index.php?rest_route=\/wp\/v2\/posts\/2126997\/revisions"}],"wp:attachment":[{"href":"https:\/\/analyse.optim.biz\/index.php?rest_route=%2Fwp%2Fv2%2Fmedia&parent=2126997"}],"wp:term":[{"taxonomy":"category","embeddable":true,"href":"https:\/\/analyse.optim.biz\/index.php?rest_route=%2Fwp%2Fv2%2Fcategories&post=2126997"},{"taxonomy":"post_tag","embeddable":true,"href":"https:\/\/analyse.optim.biz\/index.php?rest_route=%2Fwp%2Fv2%2Ftags&post=2126997"}],"curies":[{"name":"wp","href":"https:\/\/api.w.org\/{rel}","templated":true}]}}