{"id":2126957,"date":"2026-09-03T12:12:56","date_gmt":"2026-09-03T09:12:56","guid":{"rendered":"https:\/\/analyse.optim.biz\/?p=2126957"},"modified":"2026-09-03T12:12:56","modified_gmt":"2026-09-03T09:12:56","slug":"scoala-din-madulari-va-fi-refacuta-din-temelii-licitatia-a-fost-lansata-gradinita-intra-si-ea-in-modernizare","status":"publish","type":"post","link":"https:\/\/analyse.optim.biz\/?p=2126957","title":{"rendered":"\u0218coala din M\u0103dulari va fi ref\u0103cut\u0103 din temelii, licita\u021bia a fost lansat\u0103, gr\u0103dini\u021ba intr\u0103 \u0219i ea \u00een modernizare"},"content":{"rendered":"<p>[analyse_image type=&#8221;featured&#8221; src=&#8221;https:\/\/www.impactreal.ro\/wp-content\/uploads\/2026\/09\/Madulari-COLAJ.jpg&#8221;]<\/p>\n<div class=\"single-news-content\">\n<div class=\"news-image\"><img loading=\"lazy\" decoding=\"async\" width=\"2000\" height=\"1125\" src=\"https:\/\/www.impactreal.ro\/wp-content\/uploads\/2026\/09\/Madulari-COLAJ.jpg\" class=\"img-responsive wp-post-image\" alt=\"\u0218coala din M\u0103dulari va fi ref\u0103cut\u0103 din temelii, licita\u021bia a fost lansat\u0103, gr\u0103dini\u021ba intr\u0103 \u0219i ea \u00een modernizare\"><\/div>\n<div class=\"news-detail clearfix\">\n<div class=\"entry-meta\"><span class=\"posted-date\"><a href=\"https:\/\/www.impactreal.ro\/2026\/09\/03\/scoala-din-madulari-va-fi-refacuta-din-temelii-licitatia-a-fost-lansata-gradinita-intra-si-ea-in-modernizare\/\" rel=\"bookmark\"><time class=\"entry-date published\" datetime=\"2026-09-03T15:12:56+03:00\">3 septembrie 2026<\/time><time class=\"updated\" datetime=\"2026-09-03T20:19:12+03:00\">3 septembrie 2026<\/time><\/a><\/span><span class=\"author vcard\"><a href=\"https:\/\/www.impactreal.ro\/author\/claudia-schiopu\/\">Claudia Schiopu<\/a><\/span><span class=\"cat-links\"><a href=\"https:\/\/www.impactreal.ro\/category\/administratie\/\" rel=\"category tag\">Administra\u0163ie<\/a><a href=\"https:\/\/www.impactreal.ro\/category\/madulari\/\" rel=\"category tag\">Madulari<\/a><\/span><\/div>\n<div class=\"news-content editor-content-entry\">\n<p>\u0218coala din comuna M\u0103dulari va fi consolidat\u0103 \u0219i renovat\u0103 complet printr-un proiect destinat cl\u0103dirilor cu risc seismic. Primarul Daniel Dimulescu anun\u021b\u0103 c\u0103 licita\u021bia a fost lansat\u0103, procedura urm\u00e2nd s\u0103 fie \u00eencheiat\u0103 \u00een aproximativ dou\u0103 luni. Lucr\u0103ri asem\u0103n\u0103toare sunt preg\u0103tite \u0219i la gr\u0103dini\u021b\u0103, pentru care contractul de finan\u021bare este semnat.<\/p>\n<p><strong><u>Lucr\u0103ri ample la \u0219coal\u0103<\/u><\/strong><\/p>\n<p>Proiectul prevede interven\u021bii de la funda\u021bie p\u00e2n\u0103 la acoperi\u0219. Vor fi executate subzidiri, cl\u0103direa va fi consolidat\u0103, toate spa\u021biile vor fi renovate, urm\u00e2nd s\u0103 fie amenajat\u0103 inclusiv o sal\u0103 de mese:<\/p>\n<p>\u201e<strong><em>Am lansat licita\u021bia pentru proiectul de la \u0219coal\u0103. Este vorba despre lucr\u0103ri ample, de la temelie p\u00e2n\u0103 la acoperi\u0219. Practic, numai zidurile vor mai r\u0103m\u00e2ne. Se vor face subzidiri, consolid\u0103ri \u0219i tot ceea ce este necesar. Este un proiect foarte complet, prin care \u0219coala va avea inclusiv o sal\u0103 de mese<\/em><\/strong>\u201d, a declarat primarul comunei M\u0103dulari, Daniel Dimulescu.<\/p>\n<p>La unitatea de \u00eenv\u0103\u021b\u0103m\u00e2nt din localitate sunt \u00eenscri\u0219i 72 de copii. Pe durata \u0219antierului, ace\u0219tia vor fi muta\u021bi \u00eentr-un alt spa\u021biu, astfel \u00eenc\u00e2t orele s\u0103 se desf\u0103\u0219oare f\u0103r\u0103 probleme:<\/p>\n<p>\u201e<strong><em>Eu cred c\u0103 licita\u021bia se va \u00eencheia \u00een cel mult dou\u0103 luni. Dup\u0103 desemnarea constructorului, copiii vor fi reloca\u021bi. Sper\u0103m s\u0103 avem o firm\u0103 serioas\u0103, care s\u0103 execute corect lucr\u0103rile \u0219i s\u0103 respecte termenele<\/em><\/strong>\u201d, a precizat primarul.<\/p>\n<p><strong><u>Mobilierul este cump\u0103rat<\/u><\/strong><\/p>\n<p>Dup\u0103 finalizarea renov\u0103rii, \u0219coala va putea fi echipat\u0103 f\u0103r\u0103 alte \u00eent\u00e2rzieri.\u00a0 Mobilierul necesar a fost deja cump\u0103rat prin PNRR \u0219i va fi instalat dup\u0103 \u00eencheierea lucr\u0103rilor.<\/p>\n<p>Elevii beneficiaz\u0103 \u0219i de programul \u201eMas\u0103 s\u0103n\u0103toas\u0103\u201d, pentru care administra\u021bia local\u0103 are contractul semnat \u0219i finan\u021barea asigurat\u0103. Transportul copiilor este realizat cu ajutorul microbuzului \u0219colar, parcul auto fiind completat cu un vehicul electric primit prin Consiliul Jude\u021bean V\u00e2lcea: \u201e<strong>Mobilierul este deja cump\u0103rat prin PNRR, deci nu avem motive de \u00eengrijorare \u00een privin\u021ba dot\u0103rilor. Avem contract semnat pentru masa oferit\u0103 copiilor \u0219i fonduri suficiente pentru continuarea programului. Dispunem \u0219i de microbuz \u0219colar, inclusiv de unul electric primit prin Consiliul Jude\u021bean<\/strong>\u201d, ane-a explicat Daniel Dimulescu.<\/p>\n<p><strong><u>Promisiune din 2016<\/u><\/strong><\/p>\n<p>Modernizarea \u0219colii este unul dintre proiectele pe care primarul spune c\u0103 le urm\u0103re\u0219te \u00eenc\u0103 din anul 2016. Investi\u021bia fusese acceptat\u0103 anterior la finan\u021bare prin Compania Na\u021bional\u0103 de Investi\u021bii, \u00eens\u0103 lucr\u0103rile nu au mai \u00eenceput:\u00a0 \u201e<strong><em>Este un proiect pe care mi l-am dorit foarte mult. Din 2016 am promis c\u0103 vom moderniza \u0219coala. Celelalte lucruri pe care le-am promis au fost realizate, unele chiar au dep\u0103\u0219it ceea ce ne propuseser\u0103m. \u0218coala nu am reu\u0219it s\u0103 o facem p\u00e2n\u0103 acum. Fusese acceptat\u0103 la finan\u021bare prin CNI \u0219i ar fi trebuit s\u0103 fie gata, \u00eens\u0103 proiectul a fost blocat din motive politice, pentru c\u0103 administra\u021bia era condus\u0103 de un primar PSD<\/em><\/strong>\u201d, sus\u021bine Daniel Dimulescu.<\/p>\n<p><strong><u>Gr\u0103dini\u021ba va fi modernizat\u0103<\/u><\/strong><\/p>\n<p>\u0218i cl\u0103direa gr\u0103dini\u021bei din M\u0103dulari urmeaz\u0103 s\u0103 fie consolidat\u0103 \u0219i renovat\u0103 printr-un proiect finan\u021bat din fonduri europene. Potrivit primarului, contractul de finan\u021bare este semnat, iar lucr\u0103rile vor putea \u00eencepe dup\u0103 \u00eencheierea procedurilor necesare.<\/p>\n<p>Investi\u021bia \u00een \u0219coal\u0103 se ridic\u0103 la aproape 14 milioane de lei, cea destinat\u0103 gr\u0103dini\u021bei ajunge la aproximativ 5,8 milioane de lei, valoarea total\u0103 dep\u0103\u0219ind 19,7 milioane de lei.<\/p>\n<div class=\"wp-video\"><video class=\"wp-video-shortcode\" id=\"video-58561-1\" width=\"640\" height=\"361\" preload=\"metadata\" controls=\"controls\"><source type=\"video\/mp4\" src=\"https:\/\/www.impactreal.ro\/wp-content\/uploads\/2026\/09\/Madulari_-video.mp4?_=1\" \/><\/video><\/div>\n<p>\u00a0<\/p>\n<p><img loading=\"lazy\" decoding=\"async\" class=\"alignnone size-medium wp-image-58565\" src=\"https:\/\/www.impactreal.ro\/wp-content\/uploads\/2026\/09\/MADULARI-SCOALA-300x169.jpg\" alt width=\"300\" height=\"169\"><img loading=\"lazy\" decoding=\"async\" class=\"alignnone size-medium wp-image-58568\" src=\"https:\/\/www.impactreal.ro\/wp-content\/uploads\/2026\/09\/MADULARI-primarie-5cea7af597ff-300x169.jpg\" alt width=\"300\" height=\"169\"><img decoding=\"async\" loading=\"lazy\" class=\"alignnone size-medium wp-image-58569\" src=\"https:\/\/www.impactreal.ro\/wp-content\/uploads\/2026\/09\/madulari-dispensar-300x169.jpg\" alt width=\"300\" height=\"169\"><\/p>\n<p>\u00a0<\/p>\n<p>\u00a0<\/p>\n<p>\u00a0<\/p>\n<p>\u00a0<\/p>\n<p>\u00a0<\/p>\n<\/div>\n<\/div>\n<\/div>\n<div class=\"news-content editor-content-entry\">\n<p>\u0218coala din comuna M\u0103dulari va fi consolidat\u0103 \u0219i renovat\u0103 complet printr-un proiect destinat cl\u0103dirilor cu risc seismic. Primarul Daniel Dimulescu anun\u021b\u0103 c\u0103 licita\u021bia a fost lansat\u0103, procedura urm\u00e2nd s\u0103 fie \u00eencheiat\u0103 \u00een aproximativ dou\u0103 luni. Lucr\u0103ri asem\u0103n\u0103toare sunt preg\u0103tite \u0219i la gr\u0103dini\u021b\u0103, pentru care contractul de finan\u021bare este semnat.<\/p>\n<p><strong><u>Lucr\u0103ri ample la \u0219coal\u0103<\/u><\/strong><\/p>\n<p>Proiectul prevede interven\u021bii de la funda\u021bie p\u00e2n\u0103 la acoperi\u0219. Vor fi executate subzidiri, cl\u0103direa va fi consolidat\u0103, toate spa\u021biile vor fi renovate, urm\u00e2nd s\u0103 fie amenajat\u0103 inclusiv o sal\u0103 de mese:<\/p>\n<p>\u201e<strong><em>Am lansat licita\u021bia pentru proiectul de la \u0219coal\u0103. Este vorba despre lucr\u0103ri ample, de la temelie p\u00e2n\u0103 la acoperi\u0219. Practic, numai zidurile vor mai r\u0103m\u00e2ne. Se vor face subzidiri, consolid\u0103ri \u0219i tot ceea ce este necesar. Este un proiect foarte complet, prin care \u0219coala va avea inclusiv o sal\u0103 de mese<\/em><\/strong>\u201d, a declarat primarul comunei M\u0103dulari, Daniel Dimulescu.<\/p>\n<p>La unitatea de \u00eenv\u0103\u021b\u0103m\u00e2nt din localitate sunt \u00eenscri\u0219i 72 de copii. Pe durata \u0219antierului, ace\u0219tia vor fi muta\u021bi \u00eentr-un alt spa\u021biu, astfel \u00eenc\u00e2t orele s\u0103 se desf\u0103\u0219oare f\u0103r\u0103 probleme:<\/p>\n<p>\u201e<strong><em>Eu cred c\u0103 licita\u021bia se va \u00eencheia \u00een cel mult dou\u0103 luni. Dup\u0103 desemnarea constructorului, copiii vor fi reloca\u021bi. Sper\u0103m s\u0103 avem o firm\u0103 serioas\u0103, care s\u0103 execute corect lucr\u0103rile \u0219i s\u0103 respecte termenele<\/em><\/strong>\u201d, a precizat primarul.<\/p>\n<p><strong><u>Mobilierul este cump\u0103rat<\/u><\/strong><\/p>\n<p>Dup\u0103 finalizarea renov\u0103rii, \u0219coala va putea fi echipat\u0103 f\u0103r\u0103 alte \u00eent\u00e2rzieri.\u00a0 Mobilierul necesar a fost deja cump\u0103rat prin PNRR \u0219i va fi instalat dup\u0103 \u00eencheierea lucr\u0103rilor.<\/p>\n<p>Elevii beneficiaz\u0103 \u0219i de programul \u201eMas\u0103 s\u0103n\u0103toas\u0103\u201d, pentru care administra\u021bia local\u0103 are contractul semnat \u0219i finan\u021barea asigurat\u0103. Transportul copiilor este realizat cu ajutorul microbuzului \u0219colar, parcul auto fiind completat cu un vehicul electric primit prin Consiliul Jude\u021bean V\u00e2lcea: \u201e<strong>Mobilierul este deja cump\u0103rat prin PNRR, deci nu avem motive de \u00eengrijorare \u00een privin\u021ba dot\u0103rilor. Avem contract semnat pentru masa oferit\u0103 copiilor \u0219i fonduri suficiente pentru continuarea programului. Dispunem \u0219i de microbuz \u0219colar, inclusiv de unul electric primit prin Consiliul Jude\u021bean<\/strong>\u201d, ane-a explicat Daniel Dimulescu.<\/p>\n<p><strong><u>Promisiune din 2016<\/u><\/strong><\/p>\n<p>Modernizarea \u0219colii este unul dintre proiectele pe care primarul spune c\u0103 le urm\u0103re\u0219te \u00eenc\u0103 din anul 2016. Investi\u021bia fusese acceptat\u0103 anterior la finan\u021bare prin Compania Na\u021bional\u0103 de Investi\u021bii, \u00eens\u0103 lucr\u0103rile nu au mai \u00eenceput:\u00a0 \u201e<strong><em>Este un proiect pe care mi l-am dorit foarte mult. Din 2016 am promis c\u0103 vom moderniza \u0219coala. Celelalte lucruri pe care le-am promis au fost realizate, unele chiar au dep\u0103\u0219it ceea ce ne propuseser\u0103m. \u0218coala nu am reu\u0219it s\u0103 o facem p\u00e2n\u0103 acum. Fusese acceptat\u0103 la finan\u021bare prin CNI \u0219i ar fi trebuit s\u0103 fie gata, \u00eens\u0103 proiectul a fost blocat din motive politice, pentru c\u0103 administra\u021bia era condus\u0103 de un primar PSD<\/em><\/strong>\u201d, sus\u021bine Daniel Dimulescu.<\/p>\n<p><strong><u>Gr\u0103dini\u021ba va fi modernizat\u0103<\/u><\/strong><\/p>\n<p>\u0218i cl\u0103direa gr\u0103dini\u021bei din M\u0103dulari urmeaz\u0103 s\u0103 fie consolidat\u0103 \u0219i renovat\u0103 printr-un proiect finan\u021bat din fonduri europene. Potrivit primarului, contractul de finan\u021bare este semnat, iar lucr\u0103rile vor putea \u00eencepe dup\u0103 \u00eencheierea procedurilor necesare.<\/p>\n<p>Investi\u021bia \u00een \u0219coal\u0103 se ridic\u0103 la aproape 14 milioane de lei, cea destinat\u0103 gr\u0103dini\u021bei ajunge la aproximativ 5,8 milioane de lei, valoarea total\u0103 dep\u0103\u0219ind 19,7 milioane de lei.<\/p>\n<div class=\"wp-video\"><video class=\"wp-video-shortcode\" id=\"video-58561-1\" width=\"640\" height=\"361\" preload=\"metadata\" controls=\"controls\"><source type=\"video\/mp4\" src=\"https:\/\/www.impactreal.ro\/wp-content\/uploads\/2026\/09\/Madulari_-video.mp4?_=1\" \/><\/video><\/div>\n<p>\u00a0<\/p>\n<p><img loading=\"lazy\" decoding=\"async\" class=\"alignnone size-medium wp-image-58565\" src=\"https:\/\/www.impactreal.ro\/wp-content\/uploads\/2026\/09\/MADULARI-SCOALA-300x169.jpg\" alt width=\"300\" height=\"169\"><img loading=\"lazy\" decoding=\"async\" class=\"alignnone size-medium wp-image-58568\" src=\"https:\/\/www.impactreal.ro\/wp-content\/uploads\/2026\/09\/MADULARI-primarie-5cea7af597ff-300x169.jpg\" alt width=\"300\" height=\"169\"><img decoding=\"async\" loading=\"lazy\" class=\"alignnone size-medium wp-image-58569\" src=\"https:\/\/www.impactreal.ro\/wp-content\/uploads\/2026\/09\/madulari-dispensar-300x169.jpg\" alt width=\"300\" height=\"169\"><\/p>\n<p>\u00a0<\/p>\n<p>\u00a0<\/p>\n<p>\u00a0<\/p>\n<p>\u00a0<\/p>\n<p>\u00a0<\/p>\n<\/div>\n<div class=\"news-content editor-content-entry\">\n<p>\u0218coala din comuna M\u0103dulari va fi consolidat\u0103 \u0219i renovat\u0103 complet printr-un proiect destinat cl\u0103dirilor cu risc seismic. Primarul Daniel Dimulescu anun\u021b\u0103 c\u0103 licita\u021bia a fost lansat\u0103, procedura urm\u00e2nd s\u0103 fie \u00eencheiat\u0103 \u00een aproximativ dou\u0103 luni. Lucr\u0103ri asem\u0103n\u0103toare sunt preg\u0103tite \u0219i la gr\u0103dini\u021b\u0103, pentru care contractul de finan\u021bare este semnat.<\/p>\n<p><strong><u>Lucr\u0103ri ample la \u0219coal\u0103<\/u><\/strong><\/p>\n<p>Proiectul prevede interven\u021bii de la funda\u021bie p\u00e2n\u0103 la acoperi\u0219. Vor fi executate subzidiri, cl\u0103direa va fi consolidat\u0103, toate spa\u021biile vor fi renovate, urm\u00e2nd s\u0103 fie amenajat\u0103 inclusiv o sal\u0103 de mese:<\/p>\n<p>\u201e<strong><em>Am lansat licita\u021bia pentru proiectul de la \u0219coal\u0103. Este vorba despre lucr\u0103ri ample, de la temelie p\u00e2n\u0103 la acoperi\u0219. Practic, numai zidurile vor mai r\u0103m\u00e2ne. Se vor face subzidiri, consolid\u0103ri \u0219i tot ceea ce este necesar. Este un proiect foarte complet, prin care \u0219coala va avea inclusiv o sal\u0103 de mese<\/em><\/strong>\u201d, a declarat primarul comunei M\u0103dulari, Daniel Dimulescu.<\/p>\n<p>La unitatea de \u00eenv\u0103\u021b\u0103m\u00e2nt din localitate sunt \u00eenscri\u0219i 72 de copii. Pe durata \u0219antierului, ace\u0219tia vor fi muta\u021bi \u00eentr-un alt spa\u021biu, astfel \u00eenc\u00e2t orele s\u0103 se desf\u0103\u0219oare f\u0103r\u0103 probleme:<\/p>\n<p>\u201e<strong><em>Eu cred c\u0103 licita\u021bia se va \u00eencheia \u00een cel mult dou\u0103 luni. Dup\u0103 desemnarea constructorului, copiii vor fi reloca\u021bi. Sper\u0103m s\u0103 avem o firm\u0103 serioas\u0103, care s\u0103 execute corect lucr\u0103rile \u0219i s\u0103 respecte termenele<\/em><\/strong>\u201d, a precizat primarul.<\/p>\n<p><strong><u>Mobilierul este cump\u0103rat<\/u><\/strong><\/p>\n<p>Dup\u0103 finalizarea renov\u0103rii, \u0219coala va putea fi echipat\u0103 f\u0103r\u0103 alte \u00eent\u00e2rzieri.\u00a0 Mobilierul necesar a fost deja cump\u0103rat prin PNRR \u0219i va fi instalat dup\u0103 \u00eencheierea lucr\u0103rilor.<\/p>\n<p>Elevii beneficiaz\u0103 \u0219i de programul \u201eMas\u0103 s\u0103n\u0103toas\u0103\u201d, pentru care administra\u021bia local\u0103 are contractul semnat \u0219i finan\u021barea asigurat\u0103. Transportul copiilor este realizat cu ajutorul microbuzului \u0219colar, parcul auto fiind completat cu un vehicul electric primit prin Consiliul Jude\u021bean V\u00e2lcea: \u201e<strong>Mobilierul este deja cump\u0103rat prin PNRR, deci nu avem motive de \u00eengrijorare \u00een privin\u021ba dot\u0103rilor. Avem contract semnat pentru masa oferit\u0103 copiilor \u0219i fonduri suficiente pentru continuarea programului. Dispunem \u0219i de microbuz \u0219colar, inclusiv de unul electric primit prin Consiliul Jude\u021bean<\/strong>\u201d, ane-a explicat Daniel Dimulescu.<\/p>\n<p><strong><u>Promisiune din 2016<\/u><\/strong><\/p>\n<p>Modernizarea \u0219colii este unul dintre proiectele pe care primarul spune c\u0103 le urm\u0103re\u0219te \u00eenc\u0103 din anul 2016. Investi\u021bia fusese acceptat\u0103 anterior la finan\u021bare prin Compania Na\u021bional\u0103 de Investi\u021bii, \u00eens\u0103 lucr\u0103rile nu au mai \u00eenceput:\u00a0 \u201e<strong><em>Este un proiect pe care mi l-am dorit foarte mult. Din 2016 am promis c\u0103 vom moderniza \u0219coala. Celelalte lucruri pe care le-am promis au fost realizate, unele chiar au dep\u0103\u0219it ceea ce ne propuseser\u0103m. \u0218coala nu am reu\u0219it s\u0103 o facem p\u00e2n\u0103 acum. Fusese acceptat\u0103 la finan\u021bare prin CNI \u0219i ar fi trebuit s\u0103 fie gata, \u00eens\u0103 proiectul a fost blocat din motive politice, pentru c\u0103 administra\u021bia era condus\u0103 de un primar PSD<\/em><\/strong>\u201d, sus\u021bine Daniel Dimulescu.<\/p>\n<p><strong><u>Gr\u0103dini\u021ba va fi modernizat\u0103<\/u><\/strong><\/p>\n<p>\u0218i cl\u0103direa gr\u0103dini\u021bei din M\u0103dulari urmeaz\u0103 s\u0103 fie consolidat\u0103 \u0219i renovat\u0103 printr-un proiect finan\u021bat din fonduri europene. Potrivit primarului, contractul de finan\u021bare este semnat, iar lucr\u0103rile vor putea \u00eencepe dup\u0103 \u00eencheierea procedurilor necesare.<\/p>\n<p>Investi\u021bia \u00een \u0219coal\u0103 se ridic\u0103 la aproape 14 milioane de lei, cea destinat\u0103 gr\u0103dini\u021bei ajunge la aproximativ 5,8 milioane de lei, valoarea total\u0103 dep\u0103\u0219ind 19,7 milioane de lei.<\/p>\n<div class=\"wp-video\"><video class=\"wp-video-shortcode\" id=\"video-58561-1\" width=\"640\" height=\"361\" preload=\"metadata\" controls=\"controls\"><source type=\"video\/mp4\" src=\"https:\/\/www.impactreal.ro\/wp-content\/uploads\/2026\/09\/Madulari_-video.mp4?_=1\" \/><\/video><\/div>\n<p>\u00a0<\/p>\n<p><img loading=\"lazy\" decoding=\"async\" class=\"alignnone size-medium wp-image-58565\" src=\"https:\/\/www.impactreal.ro\/wp-content\/uploads\/2026\/09\/MADULARI-SCOALA-300x169.jpg\" alt width=\"300\" height=\"169\"><img loading=\"lazy\" decoding=\"async\" class=\"alignnone size-medium wp-image-58568\" src=\"https:\/\/www.impactreal.ro\/wp-content\/uploads\/2026\/09\/MADULARI-primarie-5cea7af597ff-300x169.jpg\" alt width=\"300\" height=\"169\"><img decoding=\"async\" loading=\"lazy\" class=\"alignnone size-medium wp-image-58569\" src=\"https:\/\/www.impactreal.ro\/wp-content\/uploads\/2026\/09\/madulari-dispensar-300x169.jpg\" alt width=\"300\" height=\"169\"><\/p>\n<p>\u00a0<\/p>\n<p>\u00a0<\/p>\n<p>\u00a0<\/p>\n<p>\u00a0<\/p>\n<p>\u00a0<\/p>\n<\/div>\n<p>[analyse_source url=&#8221;https:\/\/www.impactreal.ro\/2026\/09\/03\/scoala-din-madulari-va-fi-refacuta-din-temelii-licitatia-a-fost-lansata-gradinita-intra-si-ea-in-modernizare\/&#8221;]<\/p>\n","protected":false},"excerpt":{"rendered":"<p>[analyse_image type=&#8221;featured&#8221; src=&#8221;https:\/\/www.impactreal.ro\/wp-content\/uploads\/2026\/09\/Madulari-COLAJ.jpg&#8221;] 3 septembrie 20263 septembrie 2026Claudia SchiopuAdministra\u0163ieMadulari \u0218coala din comuna M\u0103dulari va fi consolidat\u0103 \u0219i renovat\u0103 complet printr-un proiect destinat cl\u0103dirilor cu risc seismic. Primarul Daniel Dimulescu anun\u021b\u0103 c\u0103 licita\u021bia a fost lansat\u0103, procedura urm\u00e2nd s\u0103 fie \u00eencheiat\u0103 \u00een aproximativ dou\u0103 luni. Lucr\u0103ri asem\u0103n\u0103toare sunt preg\u0103tite \u0219i la gr\u0103dini\u021b\u0103, pentru care contractul de [&hellip;]<\/p>\n","protected":false},"author":1,"featured_media":0,"comment_status":"open","ping_status":"","sticky":false,"template":"","format":"standard","meta":{"footnotes":""},"categories":[89],"tags":[226,212],"class_list":["post-2126957","post","type-post","status-publish","format-standard","hentry","category-romania","tag-crawlmanager","tag-impactreal-ro"],"_links":{"self":[{"href":"https:\/\/analyse.optim.biz\/index.php?rest_route=\/wp\/v2\/posts\/2126957","targetHints":{"allow":["GET"]}}],"collection":[{"href":"https:\/\/analyse.optim.biz\/index.php?rest_route=\/wp\/v2\/posts"}],"about":[{"href":"https:\/\/analyse.optim.biz\/index.php?rest_route=\/wp\/v2\/types\/post"}],"author":[{"embeddable":true,"href":"https:\/\/analyse.optim.biz\/index.php?rest_route=\/wp\/v2\/users\/1"}],"replies":[{"embeddable":true,"href":"https:\/\/analyse.optim.biz\/index.php?rest_route=%2Fwp%2Fv2%2Fcomments&post=2126957"}],"version-history":[{"count":0,"href":"https:\/\/analyse.optim.biz\/index.php?rest_route=\/wp\/v2\/posts\/2126957\/revisions"}],"wp:attachment":[{"href":"https:\/\/analyse.optim.biz\/index.php?rest_route=%2Fwp%2Fv2%2Fmedia&parent=2126957"}],"wp:term":[{"taxonomy":"category","embeddable":true,"href":"https:\/\/analyse.optim.biz\/index.php?rest_route=%2Fwp%2Fv2%2Fcategories&post=2126957"},{"taxonomy":"post_tag","embeddable":true,"href":"https:\/\/analyse.optim.biz\/index.php?rest_route=%2Fwp%2Fv2%2Ftags&post=2126957"}],"curies":[{"name":"wp","href":"https:\/\/api.w.org\/{rel}","templated":true}]}}