{"id":2126949,"date":"2026-09-02T16:29:45","date_gmt":"2026-09-02T13:29:45","guid":{"rendered":"https:\/\/analyse.optim.biz\/?p=2126949"},"modified":"2026-09-02T16:29:45","modified_gmt":"2026-09-02T13:29:45","slug":"fonduri-europene-pentru-apa-si-canalizare-in-douasprezece-localitati-din-judetul-valcea","status":"publish","type":"post","link":"https:\/\/analyse.optim.biz\/?p=2126949","title":{"rendered":"Fonduri europene pentru ap\u0103 \u0219i canalizare \u00een dou\u0103sprezece localit\u0103\u021bi din jude\u021bul V\u00e2lcea"},"content":{"rendered":"<p>[analyse_image type=&#8221;featured&#8221; src=&#8221;https:\/\/www.impactreal.ro\/wp-content\/uploads\/2026\/09\/C-J-02-SEPT-2026-597ef2e3e0f2-1024&#215;455.png&#8221;]<\/p>\n<div class=\"single-news-content\">\n<div class=\"news-image\"><img loading=\"lazy\" decoding=\"async\" width=\"1881\" height=\"836\" src=\"https:\/\/www.impactreal.ro\/wp-content\/uploads\/2026\/09\/C-J-02-SEPT-2026-597ef2e3e0f2.png\" class=\"img-responsive wp-post-image\" alt=\"Fonduri europene pentru ap\u0103 \u0219i canalizare \u00een dou\u0103sprezece localit\u0103\u021bi din jude\u021bul V\u00e2lcea\"><\/div>\n<div class=\"news-detail clearfix\">\n<div class=\"entry-meta\"><span class=\"posted-date\"><a href=\"https:\/\/www.impactreal.ro\/2026\/09\/02\/fonduri-europene-pentru-apa-si-canalizare-in-douasprezece-localitati-din-judetul-valcea\/\" rel=\"bookmark\"><time class=\"entry-date published updated\" datetime=\"2026-09-02T19:29:45+03:00\">2 septembrie 2026<\/time><\/a><\/span><span class=\"author vcard\"><a href=\"https:\/\/www.impactreal.ro\/author\/claudia-schiopu\/\">Claudia Schiopu<\/a><\/span><span class=\"cat-links\"><a href=\"https:\/\/www.impactreal.ro\/category\/eveniment\/\" rel=\"category tag\">Eveniment<\/a><\/span><\/div>\n<div class=\"news-content editor-content-entry\">\n<p>Contractul de finan\u021bare, \u00een valoare de peste 152 de milioane de euro, a fost semnat ast\u0103zi. Proiectul cuprinde lucr\u0103ri \u00een Dr\u0103g\u0103\u0219ani, Brezoi, B\u0103beni, B\u0103ile Govora, Horezu, Bude\u0219ti, Bujoreni, P\u0103u\u0219e\u0219ti-M\u0103gla\u0219i, Vaideeni, Mih\u0103e\u0219ti, Fr\u00e2nce\u0219ti \u0219i Voineasa.<\/p>\n<p><strong><em>Constantin R\u0103dulescu.: 152 MILIOANE EURO din fonduri europene, pentru ap\u0103 \u0219i canal \u00een jude\u021bul V\u00e2lcea!<\/em><\/strong><\/p>\n<p>\u201d<em><strong>Ast\u0103zi, la Ministerul Investi\u021biilor \u0219i Proiectelor Europene, a avut loc semnarea contractului de finan\u021bare pentru \u201eProiectul regional de dezvoltare a infrastructurii de ap\u0103 \u0219i ap\u0103 uzat\u0103 \u00een jude\u021bul V\u00e2lcea\u201d. Peste 152 de milioane euro se vor investi \u00een lucr\u0103ri de extindere \u0219i reabilitare a re\u021belelor de ap\u0103 \u0219i canalizare \u00een 12 localit\u0103\u021bi v\u00e2lcene: Dr\u0103g\u0103\u0219ani, Brezoi, B\u0103beni, B\u0103ile Govora, Horezu, Bude\u0219ti, Bujoreni, P\u0103u\u0219e\u0219ti M\u0103gla\u0219i, Vaideeni, Mih\u0103e\u0219ti, Fr\u00e2nce\u0219ti \u0219i Voineasa.\u00a0 Semnarea de ast\u0103zi reprezint\u0103 un moment istoric pentru jude\u021bul nostru! Cu perseveren\u021b\u0103 \u0219i dup\u0103 mult\u0103 munc\u0103 depus\u0103 de \u00eentreaga echip\u0103, iat\u0103 c\u0103 reu\u0219im s\u0103 intr\u0103m \u00een linie dreapt\u0103 cu acest proiect. Aducem bani europeni acas\u0103 \u0219i am \u00eencredere c\u0103 acest proiect \u00ee\u0219i va g\u0103si finalitatea cu succes pentru cele 12 localit\u0103\u021bi v\u00e2lcene. Spor la treab\u0103 tuturor!\u201d<\/strong><\/em> a transmis pre\u0219edintele Consiliului \u00a0Jude\u021bean V\u00e2lcea, \u00a0Constantin R\u0103dulescu.<\/p>\n<p>\u00a0<\/p>\n<p>\u00a0<\/p>\n<p>\u00a0<\/p>\n<\/div>\n<\/div>\n<\/div>\n<div class=\"news-content editor-content-entry\">\n<p>Contractul de finan\u021bare, \u00een valoare de peste 152 de milioane de euro, a fost semnat ast\u0103zi. Proiectul cuprinde lucr\u0103ri \u00een Dr\u0103g\u0103\u0219ani, Brezoi, B\u0103beni, B\u0103ile Govora, Horezu, Bude\u0219ti, Bujoreni, P\u0103u\u0219e\u0219ti-M\u0103gla\u0219i, Vaideeni, Mih\u0103e\u0219ti, Fr\u00e2nce\u0219ti \u0219i Voineasa.<\/p>\n<p><strong><em>Constantin R\u0103dulescu.: 152 MILIOANE EURO din fonduri europene, pentru ap\u0103 \u0219i canal \u00een jude\u021bul V\u00e2lcea!<\/em><\/strong><\/p>\n<p>\u201d<em><strong>Ast\u0103zi, la Ministerul Investi\u021biilor \u0219i Proiectelor Europene, a avut loc semnarea contractului de finan\u021bare pentru \u201eProiectul regional de dezvoltare a infrastructurii de ap\u0103 \u0219i ap\u0103 uzat\u0103 \u00een jude\u021bul V\u00e2lcea\u201d. Peste 152 de milioane euro se vor investi \u00een lucr\u0103ri de extindere \u0219i reabilitare a re\u021belelor de ap\u0103 \u0219i canalizare \u00een 12 localit\u0103\u021bi v\u00e2lcene: Dr\u0103g\u0103\u0219ani, Brezoi, B\u0103beni, B\u0103ile Govora, Horezu, Bude\u0219ti, Bujoreni, P\u0103u\u0219e\u0219ti M\u0103gla\u0219i, Vaideeni, Mih\u0103e\u0219ti, Fr\u00e2nce\u0219ti \u0219i Voineasa.\u00a0 Semnarea de ast\u0103zi reprezint\u0103 un moment istoric pentru jude\u021bul nostru! Cu perseveren\u021b\u0103 \u0219i dup\u0103 mult\u0103 munc\u0103 depus\u0103 de \u00eentreaga echip\u0103, iat\u0103 c\u0103 reu\u0219im s\u0103 intr\u0103m \u00een linie dreapt\u0103 cu acest proiect. Aducem bani europeni acas\u0103 \u0219i am \u00eencredere c\u0103 acest proiect \u00ee\u0219i va g\u0103si finalitatea cu succes pentru cele 12 localit\u0103\u021bi v\u00e2lcene. Spor la treab\u0103 tuturor!\u201d<\/strong><\/em> a transmis pre\u0219edintele Consiliului \u00a0Jude\u021bean V\u00e2lcea, \u00a0Constantin R\u0103dulescu.<\/p>\n<p>\u00a0<\/p>\n<p>\u00a0<\/p>\n<p>\u00a0<\/p>\n<\/div>\n<div class=\"news-content editor-content-entry\">\n<p>Contractul de finan\u021bare, \u00een valoare de peste 152 de milioane de euro, a fost semnat ast\u0103zi. Proiectul cuprinde lucr\u0103ri \u00een Dr\u0103g\u0103\u0219ani, Brezoi, B\u0103beni, B\u0103ile Govora, Horezu, Bude\u0219ti, Bujoreni, P\u0103u\u0219e\u0219ti-M\u0103gla\u0219i, Vaideeni, Mih\u0103e\u0219ti, Fr\u00e2nce\u0219ti \u0219i Voineasa.<\/p>\n<p><strong><em>Constantin R\u0103dulescu.: 152 MILIOANE EURO din fonduri europene, pentru ap\u0103 \u0219i canal \u00een jude\u021bul V\u00e2lcea!<\/em><\/strong><\/p>\n<p>\u201d<em><strong>Ast\u0103zi, la Ministerul Investi\u021biilor \u0219i Proiectelor Europene, a avut loc semnarea contractului de finan\u021bare pentru \u201eProiectul regional de dezvoltare a infrastructurii de ap\u0103 \u0219i ap\u0103 uzat\u0103 \u00een jude\u021bul V\u00e2lcea\u201d. Peste 152 de milioane euro se vor investi \u00een lucr\u0103ri de extindere \u0219i reabilitare a re\u021belelor de ap\u0103 \u0219i canalizare \u00een 12 localit\u0103\u021bi v\u00e2lcene: Dr\u0103g\u0103\u0219ani, Brezoi, B\u0103beni, B\u0103ile Govora, Horezu, Bude\u0219ti, Bujoreni, P\u0103u\u0219e\u0219ti M\u0103gla\u0219i, Vaideeni, Mih\u0103e\u0219ti, Fr\u00e2nce\u0219ti \u0219i Voineasa.\u00a0 Semnarea de ast\u0103zi reprezint\u0103 un moment istoric pentru jude\u021bul nostru! Cu perseveren\u021b\u0103 \u0219i dup\u0103 mult\u0103 munc\u0103 depus\u0103 de \u00eentreaga echip\u0103, iat\u0103 c\u0103 reu\u0219im s\u0103 intr\u0103m \u00een linie dreapt\u0103 cu acest proiect. Aducem bani europeni acas\u0103 \u0219i am \u00eencredere c\u0103 acest proiect \u00ee\u0219i va g\u0103si finalitatea cu succes pentru cele 12 localit\u0103\u021bi v\u00e2lcene. Spor la treab\u0103 tuturor!\u201d<\/strong><\/em> a transmis pre\u0219edintele Consiliului \u00a0Jude\u021bean V\u00e2lcea, \u00a0Constantin R\u0103dulescu.<\/p>\n<p>\u00a0<\/p>\n<p>\u00a0<\/p>\n<p>\u00a0<\/p>\n<\/div>\n<p>[analyse_source url=&#8221;https:\/\/www.impactreal.ro\/2026\/09\/02\/fonduri-europene-pentru-apa-si-canalizare-in-douasprezece-localitati-din-judetul-valcea\/&#8221;]<\/p>\n","protected":false},"excerpt":{"rendered":"<p>[analyse_image type=&#8221;featured&#8221; src=&#8221;https:\/\/www.impactreal.ro\/wp-content\/uploads\/2026\/09\/C-J-02-SEPT-2026-597ef2e3e0f2-1024&#215;455.png&#8221;] 2 septembrie 2026Claudia SchiopuEveniment Contractul de finan\u021bare, \u00een valoare de peste 152 de milioane de euro, a fost semnat ast\u0103zi. Proiectul cuprinde lucr\u0103ri \u00een Dr\u0103g\u0103\u0219ani, Brezoi, B\u0103beni, B\u0103ile Govora, Horezu, Bude\u0219ti, Bujoreni, P\u0103u\u0219e\u0219ti-M\u0103gla\u0219i, Vaideeni, Mih\u0103e\u0219ti, Fr\u00e2nce\u0219ti \u0219i Voineasa. Constantin R\u0103dulescu.: 152 MILIOANE EURO din fonduri europene, pentru ap\u0103 \u0219i canal \u00een jude\u021bul [&hellip;]<\/p>\n","protected":false},"author":1,"featured_media":0,"comment_status":"open","ping_status":"","sticky":false,"template":"","format":"standard","meta":{"footnotes":""},"categories":[89],"tags":[226,212],"class_list":["post-2126949","post","type-post","status-publish","format-standard","hentry","category-romania","tag-crawlmanager","tag-impactreal-ro"],"_links":{"self":[{"href":"https:\/\/analyse.optim.biz\/index.php?rest_route=\/wp\/v2\/posts\/2126949","targetHints":{"allow":["GET"]}}],"collection":[{"href":"https:\/\/analyse.optim.biz\/index.php?rest_route=\/wp\/v2\/posts"}],"about":[{"href":"https:\/\/analyse.optim.biz\/index.php?rest_route=\/wp\/v2\/types\/post"}],"author":[{"embeddable":true,"href":"https:\/\/analyse.optim.biz\/index.php?rest_route=\/wp\/v2\/users\/1"}],"replies":[{"embeddable":true,"href":"https:\/\/analyse.optim.biz\/index.php?rest_route=%2Fwp%2Fv2%2Fcomments&post=2126949"}],"version-history":[{"count":0,"href":"https:\/\/analyse.optim.biz\/index.php?rest_route=\/wp\/v2\/posts\/2126949\/revisions"}],"wp:attachment":[{"href":"https:\/\/analyse.optim.biz\/index.php?rest_route=%2Fwp%2Fv2%2Fmedia&parent=2126949"}],"wp:term":[{"taxonomy":"category","embeddable":true,"href":"https:\/\/analyse.optim.biz\/index.php?rest_route=%2Fwp%2Fv2%2Fcategories&post=2126949"},{"taxonomy":"post_tag","embeddable":true,"href":"https:\/\/analyse.optim.biz\/index.php?rest_route=%2Fwp%2Fv2%2Ftags&post=2126949"}],"curies":[{"name":"wp","href":"https:\/\/api.w.org\/{rel}","templated":true}]}}