{"id":2126946,"date":"2026-09-02T15:55:12","date_gmt":"2026-09-02T12:55:12","guid":{"rendered":"https:\/\/analyse.optim.biz\/?p=2126946"},"modified":"2026-09-02T15:55:12","modified_gmt":"2026-09-02T12:55:12","slug":"vestea-mult-asteptata-la-pausesti-maglasi-reteaua-de-canalizare-primeste-finantare-europeana","status":"publish","type":"post","link":"https:\/\/analyse.optim.biz\/?p=2126946","title":{"rendered":"Vestea mult a\u0219teptat\u0103 la P\u0103u\u0219e\u0219ti-M\u0103gla\u0219i: re\u021beaua de canalizare prime\u0219te finan\u021bare european\u0103"},"content":{"rendered":"<p>[analyse_image type=&#8221;featured&#8221; src=&#8221;https:\/\/www.impactreal.ro\/wp-content\/uploads\/2024\/12\/pausesti-maglasi-radi-01.jpg&#8221;]<\/p>\n<div class=\"single-news-content\">\n<div class=\"news-image\"><img loading=\"lazy\" decoding=\"async\" width=\"2040\" height=\"1530\" src=\"https:\/\/www.impactreal.ro\/wp-content\/uploads\/2024\/12\/pausesti-maglasi-radi-01.jpg\" class=\"img-responsive wp-post-image\" alt=\"Vestea mult a\u0219teptat\u0103 la P\u0103u\u0219e\u0219ti-M\u0103gla\u0219i: re\u021beaua de canalizare prime\u0219te finan\u021bare european\u0103\"><\/div>\n<div class=\"news-detail clearfix\">\n<div class=\"entry-meta\"><span class=\"posted-date\"><a href=\"https:\/\/www.impactreal.ro\/2026\/09\/02\/vestea-mult-asteptata-la-pausesti-maglasi-reteaua-de-canalizare-primeste-finantare-europeana\/\" rel=\"bookmark\"><time class=\"entry-date published updated\" datetime=\"2026-09-02T18:55:12+03:00\">2 septembrie 2026<\/time><\/a><\/span><span class=\"author vcard\"><a href=\"https:\/\/www.impactreal.ro\/author\/claudia-schiopu\/\">Claudia Schiopu<\/a><\/span><span class=\"cat-links\"><a href=\"https:\/\/www.impactreal.ro\/category\/actualitate\/\" rel=\"category tag\">Actual<\/a><a href=\"https:\/\/www.impactreal.ro\/category\/stiri-pausesti-maglasi-un-loc-unde-traditiile-si-obiceiurile-sunt-inca-pastrate-si-respectate\/\" rel=\"category tag\">Pausesti Maglasi<\/a><\/span><\/div>\n<div class=\"news-content editor-content-entry\">\n<p>Comuna P\u0103u\u0219e\u0219ti-M\u0103gla\u0219i va beneficia de o investi\u021bie important\u0103 pentru extinderea re\u021belei de canalizare. Contractul de finan\u021bare a fost semnat ast\u0103zi, dup\u0103 mai mul\u021bi ani \u00een care administra\u021bia local\u0103 a sus\u021binut includerea comunei \u00een proiectul preg\u0103tit de ADI Ap\u0103 V\u00e2lcea \u0219i Apavil.<\/p>\n<p><strong><u>Investi\u021bie ampl\u0103<\/u><\/strong><\/p>\n<p>Aproximativ 18 milioane de euro vor fi alocate lucr\u0103rilor din P\u0103u\u0219e\u0219ti-M\u0103gla\u0219i prin Programul Dezvoltare Durabil\u0103 2021-2027. Proiectul prevede construirea a aproape 30 de kilometri de canalizare, extinderea conductelor pe str\u0103zile secundare \u0219i realizarea sta\u021biilor de pompare necesare \u00een zonele cu diferen\u021be de nivel.<\/p>\n<p>Comuna dispune deja de o magistral\u0103 de canalizare pe drumul principal, de la Cheia p\u00e2n\u0103 la limita cu Vl\u0103de\u0219ti, precum \u0219i de sta\u021bie de epurare. Prin noua investi\u021bie, re\u021beaua va fi extins\u0103 c\u0103tre gospod\u0103riile care nu beneficiaz\u0103 acum de acest serviciu.<\/p>\n<p>Alimentarea cu ap\u0103 acoper\u0103 aproximativ 98% din localitate, astfel c\u0103 lucr\u0103rile se vor concentra \u00een principal asupra canaliz\u0103rii. O mare parte a noii re\u021bele va func\u021biona gravita\u021bional, ceea ce va permite reducerea num\u0103rului de sta\u021bii de pompare.<\/p>\n<p><strong><u>Marcel Radi: \u201eAm crezut mereu \u00een acest proiect\u201d<\/u><\/strong><\/p>\n<p>Primarul comunei P\u0103u\u0219e\u0219ti-M\u0103gla\u0219i, Marcel Radi, a primit cu bucurie vestea semn\u0103rii contractului \u0219i a vorbit despre avantajele care au sus\u021binut includerea localit\u0103\u021bii \u00een proiect:\u00a0 \u201e<strong><em>Este o veste minunat\u0103 pentru locuitorii comunei. Am crezut mereu \u00een acest proiect \u0219i am avut \u00eencredere c\u0103 finan\u021barea va fi ob\u021binut\u0103. Existen\u021ba magistralei pe tronsonul principal \u0219i a sta\u021biei de epurare este un avantaj foarte mare. O mare parte a re\u021belei va func\u021biona gravita\u021bional, astfel c\u0103 va fi nevoie de mai pu\u021bine sta\u021bii de pompare\u201d,<\/em><\/strong> a declarat primarul Marcel Radi.<\/p>\n<p><strong><u>Contract semnat<\/u><\/strong><\/p>\n<p>Ast\u0103zi, la Ministerul Investi\u021biilor \u0219i Proiectelor Europene, contractul de finan\u021bare a fost semnat \u00een prezen\u021ba ministrului Drago\u0219 P\u00eeslaru, a pre\u0219edintelui Consiliului Jude\u021bean V\u00e2lcea, Constantin R\u0103dulescu, a conducerii operatorului regional Apavil, a pre\u0219edintelui ADI Ap\u0103 V\u00e2lcea, C\u0103t\u0103lin Avan, \u0219i a primarului municipiului R\u00e2mnicu V\u00e2lcea.<\/p>\n<p>Proiectul are o valoare total\u0103 de peste 152 de milioane de euro \u0219i cuprinde lucr\u0103ri de extindere \u0219i reabilitare a re\u021belelor de ap\u0103 \u0219i canalizare din Dr\u0103g\u0103\u0219ani, Brezoi, B\u0103beni, B\u0103ile Govora, Horezu, Bude\u0219ti, Bujoreni, P\u0103u\u0219e\u0219ti-M\u0103gla\u0219i, Vaideeni, Mih\u0103e\u0219ti, Fr\u00e2nce\u0219ti \u0219i Voineasa.<\/p>\n<p>\u00a0<\/p>\n<\/div>\n<\/div>\n<\/div>\n<div class=\"news-content editor-content-entry\">\n<p>Comuna P\u0103u\u0219e\u0219ti-M\u0103gla\u0219i va beneficia de o investi\u021bie important\u0103 pentru extinderea re\u021belei de canalizare. Contractul de finan\u021bare a fost semnat ast\u0103zi, dup\u0103 mai mul\u021bi ani \u00een care administra\u021bia local\u0103 a sus\u021binut includerea comunei \u00een proiectul preg\u0103tit de ADI Ap\u0103 V\u00e2lcea \u0219i Apavil.<\/p>\n<p><strong><u>Investi\u021bie ampl\u0103<\/u><\/strong><\/p>\n<p>Aproximativ 18 milioane de euro vor fi alocate lucr\u0103rilor din P\u0103u\u0219e\u0219ti-M\u0103gla\u0219i prin Programul Dezvoltare Durabil\u0103 2021-2027. Proiectul prevede construirea a aproape 30 de kilometri de canalizare, extinderea conductelor pe str\u0103zile secundare \u0219i realizarea sta\u021biilor de pompare necesare \u00een zonele cu diferen\u021be de nivel.<\/p>\n<p>Comuna dispune deja de o magistral\u0103 de canalizare pe drumul principal, de la Cheia p\u00e2n\u0103 la limita cu Vl\u0103de\u0219ti, precum \u0219i de sta\u021bie de epurare. Prin noua investi\u021bie, re\u021beaua va fi extins\u0103 c\u0103tre gospod\u0103riile care nu beneficiaz\u0103 acum de acest serviciu.<\/p>\n<p>Alimentarea cu ap\u0103 acoper\u0103 aproximativ 98% din localitate, astfel c\u0103 lucr\u0103rile se vor concentra \u00een principal asupra canaliz\u0103rii. O mare parte a noii re\u021bele va func\u021biona gravita\u021bional, ceea ce va permite reducerea num\u0103rului de sta\u021bii de pompare.<\/p>\n<p><strong><u>Marcel Radi: \u201eAm crezut mereu \u00een acest proiect\u201d<\/u><\/strong><\/p>\n<p>Primarul comunei P\u0103u\u0219e\u0219ti-M\u0103gla\u0219i, Marcel Radi, a primit cu bucurie vestea semn\u0103rii contractului \u0219i a vorbit despre avantajele care au sus\u021binut includerea localit\u0103\u021bii \u00een proiect:\u00a0 \u201e<strong><em>Este o veste minunat\u0103 pentru locuitorii comunei. Am crezut mereu \u00een acest proiect \u0219i am avut \u00eencredere c\u0103 finan\u021barea va fi ob\u021binut\u0103. Existen\u021ba magistralei pe tronsonul principal \u0219i a sta\u021biei de epurare este un avantaj foarte mare. O mare parte a re\u021belei va func\u021biona gravita\u021bional, astfel c\u0103 va fi nevoie de mai pu\u021bine sta\u021bii de pompare\u201d,<\/em><\/strong> a declarat primarul Marcel Radi.<\/p>\n<p><strong><u>Contract semnat<\/u><\/strong><\/p>\n<p>Ast\u0103zi, la Ministerul Investi\u021biilor \u0219i Proiectelor Europene, contractul de finan\u021bare a fost semnat \u00een prezen\u021ba ministrului Drago\u0219 P\u00eeslaru, a pre\u0219edintelui Consiliului Jude\u021bean V\u00e2lcea, Constantin R\u0103dulescu, a conducerii operatorului regional Apavil, a pre\u0219edintelui ADI Ap\u0103 V\u00e2lcea, C\u0103t\u0103lin Avan, \u0219i a primarului municipiului R\u00e2mnicu V\u00e2lcea.<\/p>\n<p>Proiectul are o valoare total\u0103 de peste 152 de milioane de euro \u0219i cuprinde lucr\u0103ri de extindere \u0219i reabilitare a re\u021belelor de ap\u0103 \u0219i canalizare din Dr\u0103g\u0103\u0219ani, Brezoi, B\u0103beni, B\u0103ile Govora, Horezu, Bude\u0219ti, Bujoreni, P\u0103u\u0219e\u0219ti-M\u0103gla\u0219i, Vaideeni, Mih\u0103e\u0219ti, Fr\u00e2nce\u0219ti \u0219i Voineasa.<\/p>\n<p>\u00a0<\/p>\n<\/div>\n<div class=\"news-content editor-content-entry\">\n<p>Comuna P\u0103u\u0219e\u0219ti-M\u0103gla\u0219i va beneficia de o investi\u021bie important\u0103 pentru extinderea re\u021belei de canalizare. Contractul de finan\u021bare a fost semnat ast\u0103zi, dup\u0103 mai mul\u021bi ani \u00een care administra\u021bia local\u0103 a sus\u021binut includerea comunei \u00een proiectul preg\u0103tit de ADI Ap\u0103 V\u00e2lcea \u0219i Apavil.<\/p>\n<p><strong><u>Investi\u021bie ampl\u0103<\/u><\/strong><\/p>\n<p>Aproximativ 18 milioane de euro vor fi alocate lucr\u0103rilor din P\u0103u\u0219e\u0219ti-M\u0103gla\u0219i prin Programul Dezvoltare Durabil\u0103 2021-2027. Proiectul prevede construirea a aproape 30 de kilometri de canalizare, extinderea conductelor pe str\u0103zile secundare \u0219i realizarea sta\u021biilor de pompare necesare \u00een zonele cu diferen\u021be de nivel.<\/p>\n<p>Comuna dispune deja de o magistral\u0103 de canalizare pe drumul principal, de la Cheia p\u00e2n\u0103 la limita cu Vl\u0103de\u0219ti, precum \u0219i de sta\u021bie de epurare. Prin noua investi\u021bie, re\u021beaua va fi extins\u0103 c\u0103tre gospod\u0103riile care nu beneficiaz\u0103 acum de acest serviciu.<\/p>\n<p>Alimentarea cu ap\u0103 acoper\u0103 aproximativ 98% din localitate, astfel c\u0103 lucr\u0103rile se vor concentra \u00een principal asupra canaliz\u0103rii. O mare parte a noii re\u021bele va func\u021biona gravita\u021bional, ceea ce va permite reducerea num\u0103rului de sta\u021bii de pompare.<\/p>\n<p><strong><u>Marcel Radi: \u201eAm crezut mereu \u00een acest proiect\u201d<\/u><\/strong><\/p>\n<p>Primarul comunei P\u0103u\u0219e\u0219ti-M\u0103gla\u0219i, Marcel Radi, a primit cu bucurie vestea semn\u0103rii contractului \u0219i a vorbit despre avantajele care au sus\u021binut includerea localit\u0103\u021bii \u00een proiect:\u00a0 \u201e<strong><em>Este o veste minunat\u0103 pentru locuitorii comunei. Am crezut mereu \u00een acest proiect \u0219i am avut \u00eencredere c\u0103 finan\u021barea va fi ob\u021binut\u0103. Existen\u021ba magistralei pe tronsonul principal \u0219i a sta\u021biei de epurare este un avantaj foarte mare. O mare parte a re\u021belei va func\u021biona gravita\u021bional, astfel c\u0103 va fi nevoie de mai pu\u021bine sta\u021bii de pompare\u201d,<\/em><\/strong> a declarat primarul Marcel Radi.<\/p>\n<p><strong><u>Contract semnat<\/u><\/strong><\/p>\n<p>Ast\u0103zi, la Ministerul Investi\u021biilor \u0219i Proiectelor Europene, contractul de finan\u021bare a fost semnat \u00een prezen\u021ba ministrului Drago\u0219 P\u00eeslaru, a pre\u0219edintelui Consiliului Jude\u021bean V\u00e2lcea, Constantin R\u0103dulescu, a conducerii operatorului regional Apavil, a pre\u0219edintelui ADI Ap\u0103 V\u00e2lcea, C\u0103t\u0103lin Avan, \u0219i a primarului municipiului R\u00e2mnicu V\u00e2lcea.<\/p>\n<p>Proiectul are o valoare total\u0103 de peste 152 de milioane de euro \u0219i cuprinde lucr\u0103ri de extindere \u0219i reabilitare a re\u021belelor de ap\u0103 \u0219i canalizare din Dr\u0103g\u0103\u0219ani, Brezoi, B\u0103beni, B\u0103ile Govora, Horezu, Bude\u0219ti, Bujoreni, P\u0103u\u0219e\u0219ti-M\u0103gla\u0219i, Vaideeni, Mih\u0103e\u0219ti, Fr\u00e2nce\u0219ti \u0219i Voineasa.<\/p>\n<p>\u00a0<\/p>\n<\/div>\n<p>[analyse_source url=&#8221;https:\/\/www.impactreal.ro\/2026\/09\/02\/vestea-mult-asteptata-la-pausesti-maglasi-reteaua-de-canalizare-primeste-finantare-europeana\/&#8221;]<\/p>\n","protected":false},"excerpt":{"rendered":"<p>[analyse_image type=&#8221;featured&#8221; src=&#8221;https:\/\/www.impactreal.ro\/wp-content\/uploads\/2024\/12\/pausesti-maglasi-radi-01.jpg&#8221;] 2 septembrie 2026Claudia SchiopuActualPausesti Maglasi Comuna P\u0103u\u0219e\u0219ti-M\u0103gla\u0219i va beneficia de o investi\u021bie important\u0103 pentru extinderea re\u021belei de canalizare. Contractul de finan\u021bare a fost semnat ast\u0103zi, dup\u0103 mai mul\u021bi ani \u00een care administra\u021bia local\u0103 a sus\u021binut includerea comunei \u00een proiectul preg\u0103tit de ADI Ap\u0103 V\u00e2lcea \u0219i Apavil. Investi\u021bie ampl\u0103 Aproximativ 18 milioane de [&hellip;]<\/p>\n","protected":false},"author":1,"featured_media":0,"comment_status":"open","ping_status":"","sticky":false,"template":"","format":"standard","meta":{"footnotes":""},"categories":[89],"tags":[226,212],"class_list":["post-2126946","post","type-post","status-publish","format-standard","hentry","category-romania","tag-crawlmanager","tag-impactreal-ro"],"_links":{"self":[{"href":"https:\/\/analyse.optim.biz\/index.php?rest_route=\/wp\/v2\/posts\/2126946","targetHints":{"allow":["GET"]}}],"collection":[{"href":"https:\/\/analyse.optim.biz\/index.php?rest_route=\/wp\/v2\/posts"}],"about":[{"href":"https:\/\/analyse.optim.biz\/index.php?rest_route=\/wp\/v2\/types\/post"}],"author":[{"embeddable":true,"href":"https:\/\/analyse.optim.biz\/index.php?rest_route=\/wp\/v2\/users\/1"}],"replies":[{"embeddable":true,"href":"https:\/\/analyse.optim.biz\/index.php?rest_route=%2Fwp%2Fv2%2Fcomments&post=2126946"}],"version-history":[{"count":0,"href":"https:\/\/analyse.optim.biz\/index.php?rest_route=\/wp\/v2\/posts\/2126946\/revisions"}],"wp:attachment":[{"href":"https:\/\/analyse.optim.biz\/index.php?rest_route=%2Fwp%2Fv2%2Fmedia&parent=2126946"}],"wp:term":[{"taxonomy":"category","embeddable":true,"href":"https:\/\/analyse.optim.biz\/index.php?rest_route=%2Fwp%2Fv2%2Fcategories&post=2126946"},{"taxonomy":"post_tag","embeddable":true,"href":"https:\/\/analyse.optim.biz\/index.php?rest_route=%2Fwp%2Fv2%2Ftags&post=2126946"}],"curies":[{"name":"wp","href":"https:\/\/api.w.org\/{rel}","templated":true}]}}