{"id":2126888,"date":"2026-09-02T21:01:25","date_gmt":"2026-09-02T18:01:25","guid":{"rendered":"https:\/\/analyse.optim.biz\/?p=2126888"},"modified":"2026-09-02T21:01:25","modified_gmt":"2026-09-02T18:01:25","slug":"3-septembrie-ziua-in-care-a-murit-ecaterinei-teodoroiu-fata-ce-a-lasat-fusta-pentru-uniforma-militara-si","status":"publish","type":"post","link":"https:\/\/analyse.optim.biz\/?p=2126888","title":{"rendered":"3 septembrie: Ziua \u00een care a murit Ecaterinei Teodoroiu, fata ce a l\u0103sat fusta pentru uniforma militar\u0103 \u0219i&#8230;"},"content":{"rendered":"<p>[analyse_image type=&#8221;featured&#8221; src=&#8221;https:\/\/cdn.adh.reperio.news\/image-f\/fc94bbd2-23f4-444a-881b-7d75bb2ea48c\/index.jpeg?p=f%3Djpeg%26w%3D1200%26h%3D630%26r%3Dcover&#8221;]<\/p>\n<article class=\"svelte-x63bga\">\n<nav>\n<ul class=\"breadcrump svelte-1pk9a69\">\n<li class=\"svelte-1pk9a69\"><a href=\"https:\/\/adevarul.ro\/\" title=\"Adev\u0103rul\" class=\"svelte-1pk9a69\">Home<\/a><\/li>\n<li class=\"svelte-1pk9a69\"><a href=\"https:\/\/adevarul.ro\/istoria-zilei\" class=\"svelte-1pk9a69\">Istoria zilei<\/a><\/li>\n<li class=\"svelte-1pk9a69\"><a href=\"https:\/\/adevarul.ro\/istoria-zilei\/3-septembrie-ziua-in-care-a-murit-ecaterinei-2552655.html\" class=\"svelte-1pk9a69\">3 septembrie: Ziua \u00een care a murit Ecaterinei Teodoroiu, fata ce a l\u0103sat fusta pentru uniforma militar\u0103 \u0219i a intrat \u00een istorie<\/a><\/li>\n<\/ul>\n<\/nav>\n<p><main class=\"svelte-x63bga\"><\/p>\n<p>\u00cen data de 3 septembrie 1917 murea Ecaterina Teodoroiu, \u201eeroina de la Jiu\u201d. De asemenea, Maria Ciobanu s-a n\u0103scut pe 3 septembrie 1937. Tot pe 3 septembrie a murit Ivan Turgheniev, romancier \u0219i dramaturg rus \u0219i Elvira<br \/>\nGodeanu, actri\u021b\u0103 rom\u00e2n\u0103 de teatru \u0219i film.<\/p>\n<div class=\"container-image  svelte-1xbw4f3\"><source type=\"image\/webp\" srcset=\"https:\/\/cdn.adh.reperio.news\/image-f\/fc94bbd2-23f4-444a-881b-7d75bb2ea48c\/index.jpeg?p=a%3D1%26co%3D1.05%26w%3D1400%26h%3D750%26r%3Dcontain%26f%3Dwebp 1400w\" media=\"(min-width: 1400px)\" \/><\/p>\n<div class=\"caption svelte-1xbw4f3\"><span class=\"captionText svelte-1xbw4f3\">Povestea Ecaterinei Teodoroiu, \u201eeroina de la Jiu\u201d. <span class=\"source svelte-1xbw4f3\">Foto: Arhiv\u0103<\/span><\/span><\/div>\n<\/div>\n<h2>1783: Semnarea Tratatului de pace de la Versailles \u0219i a Tratatului de la Paris\u00a0<\/h2>\n<p>\u00cen urm\u0103 cu 243 de ani, au fost semnate dou\u0103 tratate importante. Tratatul de pace de la Versailles a fost \u00eencheiat \u00eentre Fran\u021ba \u0219i Regatul Unit la finalul r\u0103zboiului american de independen\u021b\u0103, iar cel de la Paris a fost semnat de Statele Unite \u0219i Regatul Unit. Fran\u021ba se alegea cu teritorii \u00een Marea Caraibelor \u0219i restituirea bazelor din Senegal \u0219i India, \u00een timp ce Regatul Unit recuno\u0219tea existen\u021ba Statelor Unite.<\/p>\n<h2>1875: S-a<br \/>\nn\u0103scut Ferdinand Porsche, constructor german de automobile\u00a0<\/h2>\n<p>Ferdinand Porsche (n. 3 septembrie 1875, Maffersdorf, Reichenberg,<br \/>\nBoemia; d. 30 ianuarie 1951, Stuttgart) a fost un constructor de automobile<br \/>\naustriac renumit.<\/p>\n<p>Construc\u021bia sa cea mai celebr\u0103 este VW K\u00e4fer (o parte dintre patente i-au<br \/>\nfost \u00eens\u0103 recunoscute subalternului s\u0103u, constructorul B\u00e9la Bar\u00e9nyi,<br \/>\n1907-1997).<\/p>\n<div class=\"container-image  svelte-1xbw4f3\"><source type=\"image\/webp\" srcset=\"https:\/\/cdn.adh.reperio.news\/image-c\/c3cf1be7-8b0f-4b62-b195-bcad01e90237\/index.jpeg?p=a%3D1%26co%3D1.05%26w%3D1400%26h%3D750%26r%3Dcontain%26f%3Dwebp 1400w\" media=\"(min-width: 1400px)\" \/><\/p>\n<div class=\"caption svelte-1xbw4f3\"><span class=\"captionText svelte-1xbw4f3\">Ferdinand Porsche  <span class=\"source svelte-1xbw4f3\">Foto: Arhiv\u0103<\/span><\/span><\/div>\n<\/div>\n<p>Numele de familie Porsche [Por\u0219e] \u0219i Borsche reprezint\u0103 variante<br \/>\ngermanizate ale unor nume slave (de ex. cehe Bore\u0161 [Bore\u0219], Bor\u0161, Borutta),<br \/>\ndiminutive ale vechiului nume slav Borislav.<\/p>\n<h2>1876: S-a<br \/>\nn\u0103scut Constantin Kiri\u021bescu, om de \u0219tiin\u021b\u0103, zoolog, publicist \u0219i istoric<br \/>\nrom\u00e2n\u00a0<\/h2>\n<p>Constantin Kiri\u021bescu (n. 3 septembrie 1876 \u2013 d. 12 august 1965) a fost un<br \/>\nom de \u0219tiin\u021b\u0103, doctor \u00een \u0219tiintele naturii, membru al\u00a0<i>Academiei Rom\u00e2ne<\/i>,<br \/>\nzoolog, publicist \u0219i istoric rom\u00e2n.<\/p>\n<p>A fost profesor la\u00a0<i>Liceul Sf. Sava<\/i>. A contribuit la<br \/>\ndezvoltarea \u00eenv\u0103\u021b\u0103m\u00e2ntului secundar, a reprezentat \u021bara noastr\u0103 la\u00a0<i>Liga<br \/>\nNa\u021biunilor<\/i>, \u00een sec\u021bia \u0219colar\u0103 (3\/16).<\/p>\n<p>A fost membru fondator al\u00a0<i>Academiei de \u0218tiin\u021be din Rom\u00e2nia<\/i>.<\/p>\n<h2>1883: A<br \/>\nmurit Ivan Turgheniev, romancier \u0219i dramaturg rus<\/h2>\n<p>Ivan Sergheievici Turgheniev (n. 28 octombrie\/9 noiembrie 1818, Oriol,<br \/>\nRusia \u2013 d. 22 august\/3 septembrie 1883, Bougival, l\u00e2ng\u0103 Paris) a fost un<br \/>\nromancier \u0219i dramaturg rus.<\/p>\n<p>Cel mai cunoscut roman al s\u0103u este\u00a0<i>P\u0103rin\u021bi \u0219i copii<\/i>, publicat<br \/>\n\u00een 1862.<\/p>\n<div class=\"container-image  svelte-1xbw4f3\"><source type=\"image\/webp\" srcset=\"https:\/\/cdn.adh.reperio.news\/image-0\/08b58a49-1ed8-430d-b77b-97e796691fdc\/index.jpeg?p=a%3D1%26co%3D1.05%26w%3D1400%26h%3D750%26r%3Dcontain%26f%3Dwebp 1400w\" media=\"(min-width: 1400px)\" \/><\/p>\n<div class=\"caption svelte-1xbw4f3\"><span class=\"captionText svelte-1xbw4f3\">Ivan Turgheniev <span class=\"source svelte-1xbw4f3\">Foto: Arhiv\u0103<\/span><\/span><\/div>\n<\/div>\n<p>\u201e<i>Maestru al realismului rus, prieten cu Gustave Flaubert \u0219i model al<br \/>\nlui Guy de Maupassant, Turgheniev este un ne\u00eentrecut analist al vie\u021bii<br \/>\nsentimentale a eroilor s\u0103i, pe care-i surprinde, \u00een ipostaze specifice, de la<br \/>\nfulger\u0103toarea sc\u00e2nteie a primei idile adolescentine p\u00e2n\u0103 la pasiunea n\u0103valnic\u0103<br \/>\na tinere\u021bii \u0219i chiar p\u00e2n\u0103 la zbuciumul iubirilor t\u00e2rzii, cel mai adesea<br \/>\n\u00eengr\u0103dite de normele sociale.<\/i>\u201d<\/p>\n<h2>\u00a01917:<br \/>\nA murit Ecaterina Teodoroiu, \u201eeroina de la Jiu\u201d<\/h2>\n<p>Ecaterina Teodoroiu, (C\u0103t\u0103lina Vasile Toderoiu)\u00a0s-a n\u0103scut pe 14<br \/>\nianuarie 1894 \u00eentr-o familie numeroas\u0103 de \u0163\u0103rani, \u00een V\u0103deni, T\u00e2rgu-Jiu. Iar<br \/>\nodat\u0103 cu intrarea Rom\u00e2niei \u00een Primul R\u0103zboi Mondial, C\u0103t\u0103lina Toderoiu a\u015fa a<br \/>\nintrat \u00een corpul de cerceta\u015fi \u201eDomnul Tudor\u201d \u015fi mai apoi \u00een cel de infirmiere<br \/>\nla spitalul din T\u00e2rgul Jiu. Fratele C\u0103t\u0103linei, Nicolae lupta pe front. \u00cen 1916,<br \/>\nchiar la \u00eenceputul r\u0103zboiului, Nicolae moare pe front. C\u0103t\u0103lina \u00eei i-a locul \u015fi<br \/>\ndevine soldat. S-a remarcat \u00een b\u0103t\u0103liile de la Jiu \u015fi Filia\u015fi. Era descris\u0103 ca<br \/>\nun soldat viteaz \u015fi priceput.<\/p>\n<div class=\"container-image  svelte-1xbw4f3\"><source type=\"image\/webp\" srcset=\"https:\/\/cdn.adh.reperio.news\/image-f\/fc94bbd2-23f4-444a-881b-7d75bb2ea48c\/index.jpeg?p=a%3D1%26co%3D1.05%26w%3D1400%26h%3D750%26r%3Dcontain%26f%3Dwebp 1400w\" media=\"(min-width: 1400px)\" \/><\/p>\n<div class=\"caption svelte-1xbw4f3\"><span class=\"captionText svelte-1xbw4f3\">Ecaterina Teodoroiu   <span class=\"source svelte-1xbw4f3\">Foto: Arhiv\u0103<\/span><\/span><\/div>\n<\/div>\n<p>La Filia\u015fi a fost r\u0103nit\u0103 la ambele picioare. A primit de la regele<br \/>\nFerdinand I, personal, decora\u0163ia \u201dVirtutea militar\u0103\u201d fiind avansat\u0103 la gradul<br \/>\nde sublocotenent. A primit chiar comanda unui pluton din Regimentul 43\/59<br \/>\ninfanterie din Lupeni. A devenit un comandat foarte respectat, sufletist \u015fi<br \/>\ndedicat. \u00cen fruntea solda\u0163ilor a c\u0103zut eroic \u00een seara zilei de 22 august 1917<br \/>\n\u00een b\u0103t\u0103lia de la M\u0103r\u0103\u015fe\u015fti. A fost \u00eempu\u015fcat\u0103 \u00een piept, \u00een fruntea trupei. Dup\u0103<br \/>\nr\u0103zboi a fost declarat\u0103 eroin\u0103 a Rom\u00e2niei Mari.<\/p>\n<h2>1929: S-a n\u0103scut actri\u021ba\u00a0greac\u0103 Irene Papas<\/h2>\n<div class=\"container-image  svelte-1xbw4f3\"><source type=\"image\/webp\" srcset=\"https:\/\/cdn.adh.reperio.news\/image-c\/c85a3ab5-092d-4a07-bceb-e3c2758ecd5a\/index.jpeg?p=a%3D1%26co%3D1.05%26w%3D1400%26h%3D750%26r%3Dcontain%26f%3Dwebp 1400w\" media=\"(min-width: 1400px)\" \/><\/p>\n<div class=\"caption svelte-1xbw4f3\"><span class=\"captionText svelte-1xbw4f3\">Irene Papas a murit \u00een anul 2022.  <span class=\"source svelte-1xbw4f3\">Foto: Profimedia<\/span><\/span><\/div>\n<\/div>\n<p>N\u0103scut\u0103 \u00een Chiliomodi, prefectura Corintia, Irene Papas a devenit cunoscut\u0103 datorit\u0103 rolurilor interpretate \u00een \u201eTunurile din Navarone\u201d \u0219i \u201eZorba Grecul\u201d.\u00a0<\/p>\n<p>A fost recompensat\u0103 cu diverse premii, precum trofeul pentru Cea mai bun\u0103 actri\u021b\u0103, \u00een 1961 la Festivalul de Film de la Berlin, \u0219i un Leu de Aur la Vene\u021bia \u00een 2009.\u00a0<\/p>\n<p><a href=\"https:\/\/adevarul.ro\/showbiz\/vedete\/actrita-greaca-irene-papas-a-murit-la-96-de-ani-a-2205143.html\">Actri\u021ba a murit la data de 14 septembrie 2022.\u00a0<\/a><\/p>\n<h2>1936: S-a<br \/>\nn\u0103scut artista Marina Voica<\/h2>\n<p>N\u0103scut\u0103 \u00een<br \/>\nora\u0219ul Ivanovo, Rusia, Marina Voica este o cunoscut\u0103 c\u00e2nt\u0103rea\u021b\u0103 de muzic\u0103<br \/>\nu\u0219oar\u0103 \u0219i pop din Rom\u00e2nia. Artista a dezv\u0103luit, \u00een urm\u0103 cu c\u00e2\u021biva ani, pentru<br \/>\n\u201eAdev\u0103rul\u201d, c\u0103 era deja vedet\u0103 \u00een Rusia atunci c\u00e2nd a dat la facultate.\u00a0<\/p>\n<div class=\"container-image  svelte-1xbw4f3\"><source type=\"image\/webp\" srcset=\"https:\/\/cdn.adh.reperio.news\/image-3\/33577c47-fa7b-4f93-891e-5cf6e8144adf\/index.jpeg?p=a%3D1%26co%3D1.05%26w%3D1400%26h%3D750%26r%3Dcontain%26f%3Dwebp 1400w\" media=\"(min-width: 1400px)\" \/><\/p>\n<div class=\"caption svelte-1xbw4f3\"><span class=\"captionText svelte-1xbw4f3\">Marina Voica. <span class=\"source svelte-1xbw4f3\">Foto: Facebook<\/span><\/span><\/div>\n<\/div>\n<p><i>\u201eEu c\u00e2nt de<br \/>\nc\u00e2nd m\u0103 \u015ftiu, am f\u0103cut \u015fcoal\u0103 de muzic\u0103, la fel \u015fi fratele meu, care e medic<br \/>\ncardiolog. C\u00e2nd am dat la facultate, la Moscova, eram deja o vedet\u0103 acolo,<br \/>\nveneau profesorii \u015fi m\u0103 \u00eentrebau ce caut la Finan\u0163e. O imitam pe Lolita Torres,<br \/>\no celebr\u0103 actri\u0163\u0103 argentinian\u0103. Dup\u0103 ce m-am c\u0103s\u0103torit cu Voica \u015fi am venit \u00een<br \/>\nRom\u00e2nia, a venit la mine \u00een vizit\u0103 o prieten\u0103, cu cineva din televiziune. Am<br \/>\nc\u00e2ntat, am dansat, am b\u0103tut din castaniete. L-am \u00eennebunit. Aveam 20 \u015fi un pic<br \/>\nde ani. Apoi, m-au chemat la o emisiune, dup\u0103 care mi-am cusut singur\u0103 o rochie<br \/>\n\u015fi mi-am f\u0103cut debutul. Acest t\u00e2n\u0103r regizor nu era altul dec\u00e2t Valeriu Lazarov.<br \/>\nEl m-a lansat. \u015ei am \u00eenceput f\u0103r\u0103 s\u0103 \u015ftiu c\u0103 m\u0103 a\u015fteapt\u0103 a\u015fa o carier\u0103 \u015fi a\u015fa o<br \/>\ncruce grea\u201d,<\/i> a spus artista care \u00eempline\u0219te v\u00e2rsta de 90 de ani.<\/p>\n<p><a class=\"related-inline svelte-78g0vl\" data-gtrack=\"{&quot;event&quot;:&quot;utm_click&quot;,&quot;data&quot;:{&quot;event_category&quot;:&quot;article_related&quot;}}\" href=\"https:\/\/adevarul.ro\/istoria-zilei\/3-septembrie-74-de-ani-de-la-moartea-2384408.html\" title=\"Alt articol de interes pentru tine\"><span class=\"inline-title svelte-78g0vl\">3 septembrie: 74 de ani de la moartea inventatorului rom\u00e2n Traian Vuia<\/span><\/a><\/p>\n<div class=\"_hydratable\" data-props=\"%7B%22data%22%3A%7B%22caption%22%3A%22%22%2C%22embed%22%3A%22https%3A%2F%2Fwww.youtube.com%2Fembed%2FRZwoiUj-LP0%22%2C%22height%22%3A320%2C%22service%22%3A%22youtube%22%2C%22source%22%3A%22https%3A%2F%2Fwww.youtube.com%2Fwatch%3Fv%3DRZwoiUj-LP0%22%2C%22width%22%3A580%7D%2C%22id%22%3A%22qoFYD8wntF%22%2C%22type%22%3A%22embed%22%2C%22lines%22%3A10%2C%22linesAbove%22%3A195%2C%22index%22%3A31%2C%22paragraphsAbove%22%3A18%2C%22percentage%22%3A0.6%2C%22linesBellow%22%3A130%7D\" data-context=\"%7B%22parentBlockColumnCount%22%3A%7B%22value%22%3A0%2C%22type%22%3A%22store%2Freadable%22%7D%2C%22parentBlockBackgroundColor%22%3A%7B%22type%22%3A%22store%2Freadable%22%7D%7D\" data-component=\"EditorEmbedViewDefault\">\n<div class=\"container-embed svelte-1petmjv\"><iframe src=\"https:\/\/www.youtube.com\/embed\/RZwoiUj-LP0\" class=\"embed-youtube svelte-1petmjv\" width=\"580\" allowfullscreen title=\"embed media\" loading=\"lazy\"><\/iframe><\/div>\n<\/div>\n<p>Amintim<br \/>\nc\u00e2teva dintre piesele sale: <i>\u201e\u00centr-un col\u021b de cafenea\u201d, \u201eCe vrei tu, mare<br \/>\nalbastr\u0103?\u201d, \u201eDor c\u0103l\u0103tor\u201d \u0219i \u201eLa \u021b\u0103rmul iubirii\u201d.<\/i><\/p>\n<p>\u00cen anul<br \/>\n2013, Marina Voica a fost recompensat\u0103 cu Ordinul Coroana Rom\u00e2niei \u00een grad de<br \/>\nCavaler.<\/p>\n<h2>1937: S-a<br \/>\nn\u0103scut solist\u0103 de muzic\u0103 popular\u0103 Maria Ciobanu<\/h2>\n<p>N\u0103scut\u0103 la<br \/>\nRo\u0219iile, jude\u021bul V\u00e2lcea, Maria Ciobanu,\u00a0supranumit\u0103 \u201e<i>cioc\u00e2rlia c\u00e2ntecului<br \/>\npopular rom\u00e2nesc\u201c<\/i>, a urmat cursurile \u0218colii de Arte Populare din Capital\u0103 \u0219i a<br \/>\ncunoscut succesul cu c\u00e2ntecul <i>\u201eLie, lie, cioc\u00e2rlie\u201d.\u00a0<\/i><\/p>\n<div class=\"container-image  svelte-1xbw4f3\"><source type=\"image\/webp\" srcset=\"https:\/\/cdn.adh.reperio.news\/image-9\/90f2aab9-d828-47ed-9fe1-f1c8b8990544\/index.jpeg?p=a%3D1%26co%3D1.05%26w%3D1400%26h%3D750%26r%3Dcontain%26f%3Dwebp 1400w\" media=\"(min-width: 1400px)\" \/><\/p>\n<div class=\"caption svelte-1xbw4f3\"><span class=\"captionText svelte-1xbw4f3\">Maria Ciobanu  <span class=\"source svelte-1xbw4f3\">Foto: Arhiv\u0103<\/span><\/span><\/div>\n<\/div>\n<p>Amintim<br \/>\nc\u00e2teva piese cunoscute din repertoriul Mariei Ciobanu: \u201e<i>Aurelu\u2019 mamii\u201d, \u201eV\u00e2ntul<br \/>\nde var\u0103 m\u0103 bate\u201d,<\/i><i>\u201eL\u00e2ng\u0103 poart\u0103 am un tei\u201d,<\/i><i>\u201eCe n-a\u0219 da s\u0103 mai fiu mic\u0103\u201d \u0219i<br \/>\n\u201eRoata mare\u201d.\u00a0<\/i><\/p>\n<p>C\u00e2nt\u0103rea\u021ba a<br \/>\nfost c\u0103s\u0103torit\u0103 cu celebrul Ion Dol\u0103nescu.\u00a0<\/p>\n<div class=\"_hydratable\" data-props=\"%7B%22data%22%3A%7B%22caption%22%3A%22%22%2C%22embed%22%3A%22https%3A%2F%2Fwww.youtube.com%2Fembed%2FS1Gvt3zrKGI%22%2C%22height%22%3A320%2C%22service%22%3A%22youtube%22%2C%22source%22%3A%22https%3A%2F%2Fwww.youtube.com%2Fwatch%3Fv%3DS1Gvt3zrKGI%22%2C%22width%22%3A580%7D%2C%22id%22%3A%22Qnll23bbUX%22%2C%22type%22%3A%22embed%22%2C%22lines%22%3A10%2C%22linesAbove%22%3A236%2C%22index%22%3A39%2C%22paragraphsAbove%22%3A23%2C%22percentage%22%3A0.7261538461538461%2C%22linesBellow%22%3A89%7D\" data-context=\"%7B%22parentBlockColumnCount%22%3A%7B%22value%22%3A0%2C%22type%22%3A%22store%2Freadable%22%7D%2C%22parentBlockBackgroundColor%22%3A%7B%22type%22%3A%22store%2Freadable%22%7D%7D\" data-component=\"EditorEmbedViewDefault\">\n<div class=\"container-embed svelte-1petmjv\"><iframe src=\"https:\/\/www.youtube.com\/embed\/S1Gvt3zrKGI\" class=\"embed-youtube svelte-1petmjv\" width=\"580\" allowfullscreen title=\"embed media\" loading=\"lazy\"><\/iframe><\/div>\n<\/div>\n<p>Solista a<br \/>\nfost distins\u0103 cu Crucea Na\u0163ional\u0103 <i>\u201eServiciul Credincios\u201c,<\/i> dou\u0103 Discuri de Aur,<br \/>\nOrdinul Coroana Rom\u00e2niei \u00een grad de Cavaler \u0219i Ordinul Meritul Cultural \u00een grad<br \/>\nde Mare Ofi\u0163er.\u00a0<\/p>\n<h2>1950: A<br \/>\nmurit inventatorul rom\u00e2n, Traian Vuia<\/h2>\n<p>N\u0103scut la 17<br \/>\naugust 1872, la Surducu Mic, Timi\u0219,\u00a0<a href=\"https:\/\/adevarul.ro\/stiri-locale\/timisoara\/traian-vuia-pionier-al-aviatiei-mondiale-a-trait-2338419.html\">Traian<br \/>\nVuia a urmat pentru un an cursurile Politehnicii din Budapesta<\/a>. Ulterior,<br \/>\ns-a \u00eenscris la Drept, \u0219i-a luat doctoratul, \u0219i a lucrat pre\u021b de trei ani \u00een<br \/>\ndiverse barouri, la V\u00e2r\u0219e\u021b \u0219i Lugoj.\u00a0<\/p>\n<p>\u00cen anul<br \/>\n1901, Vuia a sus\u021binut teza de doctorat \u00een \u0219tiin\u021be juridice. Cinci ani mai<br \/>\nt\u00e2rziu, la 18 martie, pe o tarla de l\u00e2ng\u0103 Montesson, o localitate din<br \/>\napropierea Parisului, aparatul de zbor realizat de Traian Vuia s-a desprins de<br \/>\nla sol. \u00a0<\/p>\n<div class=\"container-image  svelte-1xbw4f3\"><source type=\"image\/webp\" srcset=\"https:\/\/cdn.adh.reperio.news\/image-e\/e66912b0-ec89-4374-a795-5d7d9b6965e5\/index.jpeg?p=a%3D1%26co%3D1.05%26w%3D1400%26h%3D750%26r%3Dcontain%26f%3Dwebp 1400w\" media=\"(min-width: 1400px)\" \/><\/p>\n<div class=\"caption svelte-1xbw4f3\"><span class=\"captionText svelte-1xbw4f3\">Traian Vuia   <span class=\"source svelte-1xbw4f3\">Foto: Arhiv\u0103<\/span><\/span><\/div>\n<\/div>\n<p><a class=\"related-inline svelte-78g0vl\" data-gtrack=\"{&quot;event&quot;:&quot;utm_click&quot;,&quot;data&quot;:{&quot;event_category&quot;:&quot;article_related&quot;}}\" href=\"https:\/\/adevarul.ro\/istoria-zilei\/17-septembrie-143-de-ani-de-la-nasterea-lui-2387625.html\" title=\"Alt articol de interes pentru tine\"><span class=\"inline-title svelte-78g0vl\">17 septembrie: 143 de ani de la na\u0219terea lui George Bacovia. Ce i-a marcat existen\u021ba: \u201eMi-am croit fatal o astfel de via\u0163\u0103\u201d<\/span><\/a><\/p>\n<p>Dup\u0103 o<br \/>\naccelerare pe o distan\u021b\u0103 de 50 de metri, aparatul de zbor s-a \u00een\u0103l\u021bat \u0219i a<br \/>\nzburat 12 metri. \u00cens\u0103, paletele elicei s-au oprit, iar aparatul de zbor a<br \/>\naterizat for\u021bat.\u00a0<\/p>\n<div class=\"container-image  svelte-1xbw4f3\"><source type=\"image\/webp\" srcset=\"https:\/\/cdn.adh.reperio.news\/image-b\/b816b142-13a8-42d0-9e5b-c91a387b26ee\/index.jpeg?p=a%3D1%26co%3D1.05%26w%3D1400%26h%3D750%26r%3Dcontain%26f%3Dwebp 1400w\" media=\"(min-width: 1400px)\" \/><\/p>\n<div class=\"caption svelte-1xbw4f3\"><span class=\"captionText svelte-1xbw4f3\"><span class=\"source svelte-1xbw4f3\">Foto: Arhiv\u0103<\/span><\/span><\/div>\n<\/div>\n<p>A murit la 3<br \/>\nseptembrie 1950, la Bucure\u0219ti, fiind \u00eenmorm\u00e2ntat \u00een Cimitirul Bellu.<\/p>\n<h2>1953 A<br \/>\nintrat \u00een vigoare \u201eConven\u021bia European\u0103 a Drepturilor Omului&#8221;<\/h2>\n<p>\u201eConven\u021bia<br \/>\nEuropean\u0103 a Drepturilor Omului&#8221;, intrat\u0103 \u00een vigoare \u00een<br \/>\nseptembrie\u00a01953,\u00a0fusese semnat\u0103 la Roma, \u00een urm\u0103 cu trei ani, pe 4<br \/>\nnoiembrie 1950. Conven\u0163ia european\u0103 pentru ap\u0103rarea drepturilor omului a fost<br \/>\nelaborat\u0103 \u00een cadrul Consiliului Europei. Rom\u00e2nia este parte a Conven\u0163iei din<br \/>\n1994. CEDO a fost primul instrument juridic interna\u0163ional pentru garantarea<br \/>\nprotec\u0163iei drepturilor omului.<\/p>\n<h2>1991: A murit Elvira Godeanu, actri\u021b\u0103 rom\u00e2n\u0103 de teatru \u0219i film<\/h2>\n<p>Elvira<br \/>\nGodeanu (n. 13 mai 1904 Bucure\u0219ti \u2013 d. 3 septembrie 1991) a fost o cunoscut\u0103<br \/>\nactri\u021b\u0103 rom\u00e2n\u0103 de film, radio, teatru \u0219i voce format\u0103 la genera\u021bia de aur a<br \/>\nmarilor arti\u0219ti interbelici.<\/p>\n<p>A<br \/>\ninterpretat roluri extrem de variate, at\u00e2t din literatura universal\u0103, c\u00e2t \u0219i<br \/>\ndin cea rom\u00e2n\u0103.<\/p>\n<div class=\"container-image  svelte-1xbw4f3\"><source type=\"image\/webp\" srcset=\"https:\/\/cdn.adh.reperio.news\/image-6\/6120c33d-999b-45ee-bfae-181512712323\/index.jpeg?p=a%3D1%26co%3D1.05%26w%3D1400%26h%3D750%26r%3Dcontain%26f%3Dwebp 1400w\" media=\"(min-width: 1400px)\" \/><\/p>\n<div class=\"caption svelte-1xbw4f3\"><span class=\"captionText svelte-1xbw4f3\">Elvira Godeanu  <span class=\"source svelte-1xbw4f3\">Foto: Adev\u0103rul<\/span><\/span><\/div>\n<\/div>\n<p>Elvira<br \/>\nGodeanu r\u0103m\u00e2ne una din marile interprete ale rolului\u00a0<i>Zoe Trahanache<\/i>\u00a0din<br \/>\ncomedia lui Ion Luca Caragiale.<\/p>\n<p>A fost<br \/>\nc\u0103s\u0103torit\u0103 cu Emil Prager, un cunoscut inginer constructor \u0219i arhitect din<br \/>\nperioada interbelic\u0103.<\/p>\n<p>A fost<br \/>\ndistins\u0103 cu Ordinul Muncii clasa II (1952) \u201e<i>pentru munca depus\u0103 cu ocazia<br \/>\n\u00abCentenarului Caragiale\u00bb<\/i>\u201d \u0219i cu\u00a0<i>Ordinul Meritul Cultural clasa a<br \/>\nII-a<\/i>\u00a0(1967) \u201e<i>pentru merite deosebite \u00een domeniul artei dramatice<\/i>\u201d.<\/p>\n<p><\/main><\/p>\n<footer class=\"svelte-x63bga\">\n<div class=\"related-wrap related-footer svelte-78g0vl\"><span class=\"related-label svelte-78g0vl\">Cite\u0219te \u0219i<\/span><a class=\"related svelte-78g0vl\" data-gtrack=\"{&quot;event&quot;:&quot;utm_click&quot;,&quot;data&quot;:{&quot;event_category&quot;:&quot;article_related&quot;}}\" href=\"https:\/\/adevarul.ro\/istoria-zilei\/22-august-135-de-ani-de-la-moartea-scriitorului-2465119.html\" title=\"Alt articol de interes pentru tine\"><img decoding=\"async\" class=\"thumb svelte-78g0vl\" src=\"https:\/\/cdn.adh.reperio.news\/image-4\/4f283d1c-f08b-4b27-baa7-e411931eff7c\/index.jpeg?p=f%3Dwebp%26w%3D120%26h%3D80%26r%3Dcover%26a%3D0\" alt loading=\"lazy\" width=\"80\" height=\"54\"><span class=\"title svelte-78g0vl\">22 august: 135 de ani de la moartea scriitorului Vasile Alecsandri, autorul \u201eHorei Unirii\u201d<\/span><\/a><\/div>\n<div class=\"meta svelte-x63bga\">\n<div class=\"authors svelte-x63bga\"><span class=\"names svelte-x63bga\"><a href=\"https:\/\/adevarul.ro\/author\/1899\" rel=\"author\" class=\"svelte-x63bga\">Maria \u0162aga<\/a><\/span><\/p>\n<div class=\"_hydratable\" data-props=\"%7B%22showLive%22%3Atrue%7D\" data-context=\"%7B%22parentBlockColumnCount%22%3A%7B%22value%22%3A0%2C%22type%22%3A%22store%2Freadable%22%7D%2C%22parentBlockBackgroundColor%22%3A%7B%22type%22%3A%22store%2Freadable%22%7D%7D\" data-component=\"ShareButton\">\n<div class=\"shareButtons svelte-itwbrr\">\n<div class=\"liveSessions metaFont svelte-1maxmbf\"><span class=\"value svelte-1maxmbf\">1<\/span> live <\/div>\n<\/div>\n<\/div>\n<\/div>\n<div class=\"tags svelte-1l3vwp1\"><span class=\"tags-label metaFont svelte-1l3vwp1\">Cite\u0219te mai multe despre<\/span><\/p>\n<div class=\"tags-list svelte-1l3vwp1\"><a href=\"https:\/\/adevarul.ro\/tag\/ecaterina%20teodoroiu\" title=\"Ultimele \u0219tiri despre ecaterina teodoroiu\" class=\"tag-pill svelte-1l3vwp1\">ecaterina teodoroiu<\/a><a href=\"https:\/\/adevarul.ro\/tag\/maria%20ciobanu\" title=\"Ultimele \u0219tiri despre maria ciobanu\" class=\"tag-pill svelte-1l3vwp1\">maria ciobanu<\/a><a href=\"https:\/\/adevarul.ro\/tag\/elvira%20godeanu\" title=\"Ultimele \u0219tiri despre elvira godeanu\" class=\"tag-pill svelte-1l3vwp1\">elvira godeanu<\/a><\/div>\n<\/div>\n<\/div>\n<p><a class=\"moreFromCategory svelte-x63bga\" href=\"https:\/\/adevarul.ro\/istoria-zilei\" title=\"Istoria zilei\">Mai multe din <strong class=\"svelte-x63bga\">Istoria zilei<\/strong> \u203a<\/a><\/footer>\n<\/article>\n<p>[analyse_source url=&#8221;https:\/\/adevarul.ro\/istoria-zilei\/3-septembrie-ziua-in-care-a-murit-ecaterinei-2552655.html&#8221;]<\/p>\n","protected":false},"excerpt":{"rendered":"<p>[analyse_image type=&#8221;featured&#8221; src=&#8221;https:\/\/cdn.adh.reperio.news\/image-f\/fc94bbd2-23f4-444a-881b-7d75bb2ea48c\/index.jpeg?p=f%3Djpeg%26w%3D1200%26h%3D630%26r%3Dcover&#8221;] Home Istoria zilei 3 septembrie: Ziua \u00een care a murit Ecaterinei Teodoroiu, fata ce a l\u0103sat fusta pentru uniforma militar\u0103 \u0219i a intrat \u00een istorie \u00cen data de 3 septembrie 1917 murea Ecaterina Teodoroiu, \u201eeroina de la Jiu\u201d. De asemenea, Maria Ciobanu s-a n\u0103scut pe 3 septembrie 1937. Tot pe 3 septembrie [&hellip;]<\/p>\n","protected":false},"author":1,"featured_media":0,"comment_status":"open","ping_status":"","sticky":false,"template":"","format":"standard","meta":{"footnotes":""},"categories":[89],"tags":[19,226],"class_list":["post-2126888","post","type-post","status-publish","format-standard","hentry","category-romania","tag-adevarul","tag-crawlmanager"],"_links":{"self":[{"href":"https:\/\/analyse.optim.biz\/index.php?rest_route=\/wp\/v2\/posts\/2126888","targetHints":{"allow":["GET"]}}],"collection":[{"href":"https:\/\/analyse.optim.biz\/index.php?rest_route=\/wp\/v2\/posts"}],"about":[{"href":"https:\/\/analyse.optim.biz\/index.php?rest_route=\/wp\/v2\/types\/post"}],"author":[{"embeddable":true,"href":"https:\/\/analyse.optim.biz\/index.php?rest_route=\/wp\/v2\/users\/1"}],"replies":[{"embeddable":true,"href":"https:\/\/analyse.optim.biz\/index.php?rest_route=%2Fwp%2Fv2%2Fcomments&post=2126888"}],"version-history":[{"count":0,"href":"https:\/\/analyse.optim.biz\/index.php?rest_route=\/wp\/v2\/posts\/2126888\/revisions"}],"wp:attachment":[{"href":"https:\/\/analyse.optim.biz\/index.php?rest_route=%2Fwp%2Fv2%2Fmedia&parent=2126888"}],"wp:term":[{"taxonomy":"category","embeddable":true,"href":"https:\/\/analyse.optim.biz\/index.php?rest_route=%2Fwp%2Fv2%2Fcategories&post=2126888"},{"taxonomy":"post_tag","embeddable":true,"href":"https:\/\/analyse.optim.biz\/index.php?rest_route=%2Fwp%2Fv2%2Ftags&post=2126888"}],"curies":[{"name":"wp","href":"https:\/\/api.w.org\/{rel}","templated":true}]}}