{"id":2126882,"date":"2026-09-02T17:17:19","date_gmt":"2026-09-02T14:17:19","guid":{"rendered":"https:\/\/analyse.optim.biz\/?p=2126882"},"modified":"2026-09-02T17:17:19","modified_gmt":"2026-09-02T14:17:19","slug":"ceasul-floral-din-timisoara-isi-pastreaza-identitatea-doua-concepte-pentru-reamenajarea-scuarului","status":"publish","type":"post","link":"https:\/\/analyse.optim.biz\/?p=2126882","title":{"rendered":"Ceasul Floral din Timi\u0219oara \u00ee\u0219i p\u0103streaz\u0103 identitatea. Dou\u0103 concepte pentru reamenajarea scuarului"},"content":{"rendered":"<p>[analyse_image type=&#8221;featured&#8221; src=&#8221;https:\/\/orasul-timisoara.ro\/wp-content\/uploads\/2024\/10\/ceasul-floral.jpg&#8221;]<\/p>\n<article id=\"post-40678\" class=\"td-post-template-7 post-40678 post type-post status-publish format-standard has-post-thumbnail category-featured category-stiri-timisoara tag-administratia-locala tag-amenajare-scuar tag-arhitectura-timisoara tag-ceasul-floral tag-ceasul-floral-timisoara tag-primaria-timisoara-2 tag-proiecte-timisoara-2 tag-reabilitare-ceasul-floral tag-spatii-verzi-timisoara tag-stiri-timisoara-3 tag-timisoara-2 td-container-wrap\">\n<div class=\"td-full-screen-header-image-wrap\">\n<div class=\"td-container td-post-header\">\n<div class=\"td-crumb-container\">\n<div class=\"entry-crumbs\"><span><a title=\"Vede\u021bi toate articolele \u00een \u0218tiri Locale\" class=\"entry-crumb\" href=\"https:\/\/orasul-timisoara.ro\/local-category\/stiri-timisoara\/\">\u0218tiri Locale<\/a><\/span><span class=\"td-bred-no-url-last\">Ceasul Floral din Timi\u0219oara \u00ee\u0219i p\u0103streaz\u0103 identitatea. Dou\u0103 concepte pentru reamenajarea scuarului<\/span><\/div>\n<\/div>\n<div class=\"td-post-header-holder\">\n<div class=\"td-parallax-header\">\n<header class=\"td-post-title\">\n<ul class=\"td-category\">\n<li class=\"entry-category\"><a href=\"https:\/\/orasul-timisoara.ro\/local-category\/stiri-timisoara\/\">\u0218tiri Locale<\/a><\/li>\n<\/ul>\n<h1 class=\"entry-title\">Ceasul Floral din Timi\u0219oara \u00ee\u0219i p\u0103streaz\u0103 identitatea. Dou\u0103 concepte pentru reamenajarea scuarului<\/h1>\n<div class=\"td-module-meta-info\">\n<div class=\"td-post-author-name\">\n<div class=\"td-author-by\">De c\u0103tre<\/div>\n<p><a href=\"https:\/\/orasul-timisoara.ro\/author\/timisoara\/\">redactia<\/a><\/p>\n<div class=\"td-author-line\"> &#8211; <\/div>\n<\/div>\n<p><span class=\"td-post-date\"><time class=\"entry-date updated td-module-date\" datetime=\"2026-09-02T20:17:19+03:00\">02\/09\/2026<\/time><\/span><\/div>\n<\/header>\n<\/div>\n<\/div>\n<\/div>\n<div id=\"td-full-screen-header-image\" class=\"td-image-gradient-style7\"><img decoding=\"async\" class=\"td-backstretch\" src=\"https:\/\/orasul-timisoara.ro\/wp-content\/uploads\/2024\/10\/ceasul-floral.jpg\"><\/div>\n<\/div>\n<div class=\"td-container\">\n<div class=\"td-pb-row\">\n<div class=\"td-pb-span8 td-main-content\" role=\"main\">\n<div class=\"td-ss-main-content\">\n<div class=\"td-post-sharing-top\">\n<div class=\"td-post-sharing-classic\"><iframe title=\"topFacebookLike\" frameborder src=\"https:\/\/www.facebook.com\/plugins\/like.php?href=https:\/\/orasul-timisoara.ro\/local-40678\/&amp;layout=button_count&amp;show_faces=false&amp;width=105&amp;action=like&amp;colorscheme=light&amp;height=21\"><\/iframe><\/div>\n<div id=\"td_social_sharing_article_top\" class=\"td-post-sharing td-ps-bg td-ps-notext td-post-sharing-style1 \">\n<div class=\"td-post-sharing-visible\"><a class=\"td-social-sharing-button td-social-sharing-button-js td-social-network td-social-facebook\" href=\"https:\/\/www.facebook.com\/sharer.php?u=https%3A%2F%2Forasul-timisoara.ro%2Flocal-40678%2F\" title=\"Facebook\"><\/p>\n<div class=\"td-social-but-text\">Facebook<\/div>\n<p><\/a><a class=\"td-social-sharing-button td-social-sharing-button-js td-social-network td-social-twitter\" href=\"https:\/\/twitter.com\/intent\/tweet?text=Ceasul+Floral+din+Timi%C8%99oara+%C3%AE%C8%99i+p%C4%83streaz%C4%83+identitatea.+Dou%C4%83+concepte+pentru+reamenajarea+scuarului&amp;url=https%3A%2F%2Forasul-timisoara.ro%2Flocal-40678%2F&amp;via=orasultm\" title=\"Twitter\"><\/p>\n<div class=\"td-social-but-text\">Twitter<\/div>\n<p><\/a><a class=\"td-social-sharing-button td-social-sharing-button-js td-social-network td-social-whatsapp\" href=\"https:\/\/api.whatsapp.com\/send?text=Ceasul+Floral+din+Timi%C8%99oara+%C3%AE%C8%99i+p%C4%83streaz%C4%83+identitatea.+Dou%C4%83+concepte+pentru+reamenajarea+scuarului%20%0A%0A%20https:\/\/orasul-timisoara.ro\/local-40678\/\" title=\"WhatsApp\"><\/p>\n<div class=\"td-social-but-text\">WhatsApp<\/div>\n<p><\/a><a class=\"td-social-sharing-button td-social-sharing-button-js td-social-network td-social-linkedin\" href=\"https:\/\/www.linkedin.com\/shareArticle?mini=true&amp;url=https:\/\/orasul-timisoara.ro\/local-40678\/&amp;title=Ceasul+Floral+din+Timi%C8%99oara+%C3%AE%C8%99i+p%C4%83streaz%C4%83+identitatea.+Dou%C4%83+concepte+pentru+reamenajarea+scuarului\" title=\"Linkedin\"><\/p>\n<div class=\"td-social-but-text\">Linkedin<\/div>\n<p><\/a><a class=\"td-social-sharing-button td-social-sharing-button-js td-social-network td-social-reddit\" href=\"https:\/\/reddit.com\/submit?url=https:\/\/orasul-timisoara.ro\/local-40678\/&amp;title=Ceasul+Floral+din+Timi%C8%99oara+%C3%AE%C8%99i+p%C4%83streaz%C4%83+identitatea.+Dou%C4%83+concepte+pentru+reamenajarea+scuarului\" title=\"ReddIt\"><\/p>\n<div class=\"td-social-but-text\">ReddIt<\/div>\n<p><\/a><a class=\"td-social-sharing-button td-social-sharing-button-js td-social-network td-social-mail\" href=\"mailto:?subject=Ceasul%20Floral%20din%20Timi%C8%99oara%20%C3%AE%C8%99i%20p%C4%83streaz%C4%83%20identitatea.%20Dou%C4%83%20concepte%20pentru%20reamenajarea%20scuarului&amp;body=https:\/\/orasul-timisoara.ro\/local-40678\/\" title=\"Email\"><\/p>\n<div class=\"td-social-but-text\">Email<\/div>\n<p><\/a><a class=\"td-social-sharing-button td-social-sharing-button-js td-social-network td-social-print\" href=\"https:\/\/orasul-timisoara.ro\/local-40678\/\" title=\"Imprimare\"><\/p>\n<div class=\"td-social-but-text\">Imprimare<\/div>\n<p><\/a><\/div>\n<\/div>\n<\/div>\n<div class=\"td-post-content tagdiv-type\">\n<p class=\"wp-block-paragraph\">Prim\u0103ria Timi\u0219oara preg\u0103te\u0219te reabilitarea Ceasului Floral \u0219i a scuarului din jurul acestuia, obiectiv construit \u00een anii \u201970. Proiectan\u021bii au elaborat dou\u0103 variante de amenajare, ambele pornind de la memoria locului \u0219i av\u00e2nd ca obiectiv p\u0103strarea identit\u0103\u021bii Ceasului Floral, \u00een timp ce spa\u021biul verde din zon\u0103 urmeaz\u0103 s\u0103 fie extins \u0219i modernizat.<\/p>\n<h2 class=\"wp-block-heading\">Dou\u0103 concepte pentru reamenajarea Ceasului Floral<\/h2>\n<p class=\"wp-block-paragraph\">Prima variant\u0103 propus\u0103 de echipa de proiectare p\u0103streaz\u0103 ceasul ca element central al scuarului. Cadranul este integrat \u00eentr-o form\u0103 de relief vegetal\u0103, \u00eenconjurat\u0103 de spa\u021bii cu flori, plante perene, arbu\u0219ti \u0219i arbori.<\/p>\n<p class=\"wp-block-paragraph\">Cea de-a doua variant\u0103 propune o reinterpretare a obiectivului, \u00een care Ceasul Floral devine parte integrant\u0103 din peisajul scuarului, \u00een loc s\u0103 fie tratat ca un element distinct.<\/p>\n<p class=\"wp-block-paragraph\">Forma ceasului este abstractizat\u0103 \u0219i integrat\u0103 \u00een amenajare printr-un relief vegetal care p\u0103streaz\u0103 geometria circular\u0103 a obiectivului.<\/p>\n<h2 class=\"wp-block-heading\">Mai mult spa\u021biu verde \u0219i noi alei pietonale<\/h2>\n<p class=\"wp-block-paragraph\">Ambele variante de proiectare prev\u0103d p\u0103strarea arborilor existen\u021bi \u0219i diversificarea vegeta\u021biei din scuar.<\/p>\n<p class=\"wp-block-paragraph\">Amenajarea ar urma s\u0103 includ\u0103 \u0219i noi alei pietonale care traverseaz\u0103 spa\u021biul verde \u0219i creeaz\u0103 leg\u0103turi \u00eentre zonele din jur. Proiectul prevede, de asemenea, mobilier urban \u0219i o ci\u0219mea, astfel \u00eenc\u00e2t zona s\u0103 poat\u0103 fi folosit\u0103 at\u00e2t pentru odihn\u0103, c\u00e2t \u0219i pentru plimbare.<\/p>\n<p class=\"wp-block-paragraph\">Solu\u021bia final\u0103 pe care Prim\u0103ria Timi\u0219oara dore\u0219te s\u0103 o implementeze urm\u0103re\u0219te p\u0103strarea identit\u0103\u021bii Ceasului Floral, concomitent cu transformarea spa\u021biului din jur \u00eentr-o zon\u0103 verde mai atractiv\u0103 \u0219i mai accesibil\u0103.<\/p>\n<h2 class=\"wp-block-heading\">Proiectul va fi prezentat public<\/h2>\n<p class=\"wp-block-paragraph\">Prim\u0103ria Municipiului Timi\u0219oara organizeaz\u0103 luni, 7 septembrie, o prezentare public\u0103 a conceptului de arhitectur\u0103 pentru obiectivul de investi\u021bii \u201eDALI+PT Amenajare scuar Ceasul Floral\u201d.<\/p>\n<p class=\"wp-block-paragraph\">Prezentarea public\u0103 va avea loc \u00een Sala de Consiliu a Prim\u0103riei Timi\u0219oara, de la ora 17:00.<\/p>\n<p class=\"wp-block-paragraph\">Pentru buna organizare a evenimentului \u0219i estimarea num\u0103rului de participan\u021bi, persoanele interesate sunt rugate s\u0103 \u00ee\u0219i anun\u021be participarea la adresa de e-mail <a href=\"mailto:consultare@primariatm.ro\">consultare@primariatm.ro<\/a>.<\/p>\n<p class=\"wp-block-paragraph\">Cele dou\u0103 concepte propuse de proiectan\u021bi ofer\u0103 puncte de plecare diferite pentru viitoarea amenajare, \u00eens\u0103 au \u00een comun p\u0103strarea leg\u0103turii cu identitatea istoric\u0103 a Ceasului Floral \u0219i transformarea scuarului \u00eentr-un spa\u021biu verde modern, destinat comunit\u0103\u021bii.<\/p>\n<\/div>\n<footer>\n<div class=\"td-post-source-tags\">\n<ul class=\"td-tags td-post-small-box clearfix\">\n<li><span>ETICHETE<\/span><\/li>\n<li><a href=\"https:\/\/orasul-timisoara.ro\/local-tag\/administratia-locala\/\">administra\u021bia local\u0103<\/a><\/li>\n<li><a href=\"https:\/\/orasul-timisoara.ro\/local-tag\/amenajare-scuar\/\">amenajare scuar<\/a><\/li>\n<li><a href=\"https:\/\/orasul-timisoara.ro\/local-tag\/arhitectura-timisoara\/\">arhitectur\u0103 Timi\u0219oara<\/a><\/li>\n<li><a href=\"https:\/\/orasul-timisoara.ro\/local-tag\/ceasul-floral\/\">ceasul floral<\/a><\/li>\n<li><a href=\"https:\/\/orasul-timisoara.ro\/local-tag\/ceasul-floral-timisoara\/\">Ceasul Floral Timi\u0219oara<\/a><\/li>\n<li><a href=\"https:\/\/orasul-timisoara.ro\/local-tag\/primaria-timisoara-2\/\">Prim\u0103ria Timi\u0219oara<\/a><\/li>\n<li><a href=\"https:\/\/orasul-timisoara.ro\/local-tag\/proiecte-timisoara-2\/\">proiecte Timi\u0219oara<\/a><\/li>\n<li><a href=\"https:\/\/orasul-timisoara.ro\/local-tag\/reabilitare-ceasul-floral\/\">reabilitare Ceasul Floral<\/a><\/li>\n<li><a href=\"https:\/\/orasul-timisoara.ro\/local-tag\/spatii-verzi-timisoara\/\">spa\u021bii verzi timi\u0219oara<\/a><\/li>\n<li><a href=\"https:\/\/orasul-timisoara.ro\/local-tag\/stiri-timisoara-3\/\">\u0218tiri Timi\u0219oara<\/a><\/li>\n<li><a href=\"https:\/\/orasul-timisoara.ro\/local-tag\/timisoara-2\/\">timi\u0219oara<\/a><\/li>\n<\/ul>\n<\/div>\n<div class=\"td-post-sharing-bottom\">\n<div class=\"td-post-sharing-classic\"><iframe title=\"bottomFacebookLike\" frameborder src=\"https:\/\/www.facebook.com\/plugins\/like.php?href=https:\/\/orasul-timisoara.ro\/local-40678\/&amp;layout=button_count&amp;show_faces=false&amp;width=105&amp;action=like&amp;colorscheme=light&amp;height=21\"><\/iframe><\/div>\n<div id=\"td_social_sharing_article_bottom\" class=\"td-post-sharing td-ps-bg td-ps-notext td-post-sharing-style1 \">\n<div class=\"td-post-sharing-visible\"><a class=\"td-social-sharing-button td-social-sharing-button-js td-social-network td-social-facebook\" href=\"https:\/\/www.facebook.com\/sharer.php?u=https%3A%2F%2Forasul-timisoara.ro%2Flocal-40678%2F\" title=\"Facebook\"><\/p>\n<div class=\"td-social-but-text\">Facebook<\/div>\n<p><\/a><a class=\"td-social-sharing-button td-social-sharing-button-js td-social-network td-social-twitter\" href=\"https:\/\/twitter.com\/intent\/tweet?text=Ceasul+Floral+din+Timi%C8%99oara+%C3%AE%C8%99i+p%C4%83streaz%C4%83+identitatea.+Dou%C4%83+concepte+pentru+reamenajarea+scuarului&amp;url=https%3A%2F%2Forasul-timisoara.ro%2Flocal-40678%2F&amp;via=orasultm\" title=\"Twitter\"><\/p>\n<div class=\"td-social-but-text\">Twitter<\/div>\n<p><\/a><a class=\"td-social-sharing-button td-social-sharing-button-js td-social-network td-social-whatsapp\" href=\"https:\/\/api.whatsapp.com\/send?text=Ceasul+Floral+din+Timi%C8%99oara+%C3%AE%C8%99i+p%C4%83streaz%C4%83+identitatea.+Dou%C4%83+concepte+pentru+reamenajarea+scuarului%20%0A%0A%20https:\/\/orasul-timisoara.ro\/local-40678\/\" title=\"WhatsApp\"><\/p>\n<div class=\"td-social-but-text\">WhatsApp<\/div>\n<p><\/a><a class=\"td-social-sharing-button td-social-sharing-button-js td-social-network td-social-linkedin\" href=\"https:\/\/www.linkedin.com\/shareArticle?mini=true&amp;url=https:\/\/orasul-timisoara.ro\/local-40678\/&amp;title=Ceasul+Floral+din+Timi%C8%99oara+%C3%AE%C8%99i+p%C4%83streaz%C4%83+identitatea.+Dou%C4%83+concepte+pentru+reamenajarea+scuarului\" title=\"Linkedin\"><\/p>\n<div class=\"td-social-but-text\">Linkedin<\/div>\n<p><\/a><a class=\"td-social-sharing-button td-social-sharing-button-js td-social-network td-social-reddit\" href=\"https:\/\/reddit.com\/submit?url=https:\/\/orasul-timisoara.ro\/local-40678\/&amp;title=Ceasul+Floral+din+Timi%C8%99oara+%C3%AE%C8%99i+p%C4%83streaz%C4%83+identitatea.+Dou%C4%83+concepte+pentru+reamenajarea+scuarului\" title=\"ReddIt\"><\/p>\n<div class=\"td-social-but-text\">ReddIt<\/div>\n<p><\/a><a class=\"td-social-sharing-button td-social-sharing-button-js td-social-network td-social-mail\" href=\"mailto:?subject=Ceasul%20Floral%20din%20Timi%C8%99oara%20%C3%AE%C8%99i%20p%C4%83streaz%C4%83%20identitatea.%20Dou%C4%83%20concepte%20pentru%20reamenajarea%20scuarului&amp;body=https:\/\/orasul-timisoara.ro\/local-40678\/\" title=\"Email\"><\/p>\n<div class=\"td-social-but-text\">Email<\/div>\n<p><\/a><a class=\"td-social-sharing-button td-social-sharing-button-js td-social-network td-social-print\" href=\"https:\/\/orasul-timisoara.ro\/local-40678\/\" title=\"Imprimare\"><\/p>\n<div class=\"td-social-but-text\">Imprimare<\/div>\n<p><\/a><\/div>\n<\/div>\n<\/div>\n<div class=\"td-block-row td-post-next-prev\">\n<div class=\"td-block-span6 td-post-prev-post\">\n<div class=\"td-post-next-prev-content\"><span>Articolul precedent<\/span><a href=\"https:\/\/orasul-timisoara.ro\/local-40675\/\">Resturile vegetale din pie\u021bele Timi\u0219oarei sunt transformate \u00een energie verde. Dominic Fritz: \u201e\u00cen primele zile am colectat aproape 30 de tone\u201d<\/a><\/div>\n<\/div>\n<div class=\"td-block-span6 td-post-next-post\">\n<div class=\"td-post-next-prev-content\"><span>Articolul urm\u0103tor<\/span><a href=\"https:\/\/orasul-timisoara.ro\/local-40680\/\">Comisia European\u0103 cere explica\u021bii Rom\u00e2niei despre \u201eamendamentul Fritz\u201d din Legea integrit\u0103\u021bii<\/a><\/div>\n<\/div>\n<\/div>\n<div class=\"td-author-name vcard author\"><span class=\"fn\"><a href=\"https:\/\/orasul-timisoara.ro\/author\/timisoara\/\">redactia<\/a><\/span><\/div>\n<p><span class=\"td-page-meta\"><\/span><span class=\"td-page-meta\"><span class=\"td-page-meta\"><\/span><\/span><span class=\"td-page-meta\"><\/span><\/footer>\n<div class=\"td_block_wrap td_block_related_posts tdi_3 td_with_ajax_pagination td-pb-border-top td_block_template_8\" data-td-block-uid=\"tdi_3\">\n<h4 class=\"td-related-title td-block-title\"><a id=\"tdi_4\" class=\"td-related-left td-cur-simple-item\" data-td_filter_value data-td_block_id=\"tdi_3\" href=\"https:\/\/orasul-timisoara.ro\/local-40678\/\">ARTICOLE SIMILARE<\/a><a id=\"tdi_5\" class=\"td-related-right\" data-td_filter_value=\"td_related_more_from_author\" data-td_block_id=\"tdi_3\" href=\"https:\/\/orasul-timisoara.ro\/local-40678\/\">DE LA ACELA\u0218I AUTOR<\/a><\/h4>\n<div id=\"tdi_3\" class=\"td_block_inner\">\n<div class=\"td-related-row\">\n<div class=\"td-related-span4\">\n<div class=\"td_module_related_posts td-animation-stack td_mod_related_posts\">\n<div class=\"td-module-image\">\n<div class=\"td-module-thumb\"><a href=\"https:\/\/orasul-timisoara.ro\/local-40705\/\" rel=\"bookmark\" class=\"td-image-wrap \" title=\"Parcul Botanic din Timi\u0219oara, \u00een plin proces de reamenajare. Se refac iriga\u021biile \u0219i bazinele cu plante acvatice\"><img loading=\"lazy\" decoding=\"async\" class=\"entry-thumb\" src=\"https:\/\/orasul-timisoara.ro\/wp-content\/uploads\/2026\/09\/botnic-interventii-436x300.jpg\" alt title=\"Parcul Botanic din Timi\u0219oara, \u00een plin proces de reamenajare. Se refac iriga\u021biile \u0219i bazinele cu plante acvatice\" width=\"218\" height=\"150\"><\/a><\/div>\n<\/div>\n<div class=\"item-details\">\n<h3 class=\"entry-title td-module-title\"><a href=\"https:\/\/orasul-timisoara.ro\/local-40705\/\" rel=\"bookmark\" title=\"Parcul Botanic din Timi\u0219oara, \u00een plin proces de reamenajare. Se refac iriga\u021biile \u0219i bazinele cu plante acvatice\">Parcul Botanic din Timi\u0219oara, \u00een plin proces de reamenajare. Se refac iriga\u021biile \u0219i bazinele cu plante acvatice<\/a><\/h3>\n<\/div>\n<\/div>\n<\/div>\n<div class=\"td-related-span4\">\n<div class=\"td_module_related_posts td-animation-stack td_mod_related_posts\">\n<div class=\"td-module-image\">\n<div class=\"td-module-thumb\"><a href=\"https:\/\/orasul-timisoara.ro\/local-40614\/\" rel=\"bookmark\" class=\"td-image-wrap \" title=\"Dominic Fritz: \u201eVom transforma aceste 30 de zile dintr-un abuz \u00eentr-un festival al faptelor\u201d\"><img loading=\"lazy\" decoding=\"async\" class=\"entry-thumb\" src=\"https:\/\/orasul-timisoara.ro\/wp-content\/uploads\/2026\/08\/dominic-fritx-maneci-suflecate-436x300.jpg\" alt title=\"Dominic Fritz: \u201eVom transforma aceste 30 de zile dintr-un abuz \u00eentr-un festival al faptelor\u201d\" width=\"218\" height=\"150\"><\/a><\/div>\n<\/div>\n<div class=\"item-details\">\n<h3 class=\"entry-title td-module-title\"><a href=\"https:\/\/orasul-timisoara.ro\/local-40614\/\" rel=\"bookmark\" title=\"Dominic Fritz: \u201eVom transforma aceste 30 de zile dintr-un abuz \u00eentr-un festival al faptelor\u201d\">Dominic Fritz: \u201eVom transforma aceste 30 de zile dintr-un abuz \u00eentr-un festival al faptelor\u201d<\/a><\/h3>\n<\/div>\n<\/div>\n<\/div>\n<div class=\"td-related-span4\">\n<div class=\"td_module_related_posts td-animation-stack td_mod_related_posts\">\n<div class=\"td-module-image\">\n<div class=\"td-module-thumb\"><a href=\"https:\/\/orasul-timisoara.ro\/local-40581\/\" rel=\"bookmark\" class=\"td-image-wrap \" title=\"Dominic Fritz, dup\u0103 promulgarea legii ANI: \u201e\u00cen 30 de zile \u00eemi va \u00eenceta mandatul de primar al Timi\u0219oarei\u201d\"><img loading=\"lazy\" decoding=\"async\" class=\"entry-thumb\" src=\"https:\/\/orasul-timisoara.ro\/wp-content\/uploads\/2026\/03\/dominic-fritz-005-436x300.jpg\" alt title=\"Dominic Fritz, dup\u0103 promulgarea legii ANI: \u201e\u00cen 30 de zile \u00eemi va \u00eenceta mandatul de primar al Timi\u0219oarei\u201d\" width=\"218\" height=\"150\"><\/a><\/div>\n<\/div>\n<div class=\"item-details\">\n<h3 class=\"entry-title td-module-title\"><a href=\"https:\/\/orasul-timisoara.ro\/local-40581\/\" rel=\"bookmark\" title=\"Dominic Fritz, dup\u0103 promulgarea legii ANI: \u201e\u00cen 30 de zile \u00eemi va \u00eenceta mandatul de primar al Timi\u0219oarei\u201d\">Dominic Fritz, dup\u0103 promulgarea legii ANI: \u201e\u00cen 30 de zile \u00eemi va \u00eenceta mandatul de primar al Timi\u0219oarei\u201d<\/a><\/h3>\n<\/div>\n<\/div>\n<\/div>\n<\/div>\n<\/div>\n<\/div>\n<div class=\"comments\" id=\"comments\">\n<div id=\"respond\" class=\"comment-respond\">\n<h3 id=\"reply-title\" class=\"comment-reply-title\">L\u0102SA\u021aI UN MESAJ<\/h3>\n<div class=\"comment-form-input-wrap td-form-comment\">\n<div class=\"td-warning-comment\">V\u0103 rug\u0103m s\u0103 introduce\u021bi comentariul dvs.!<\/div>\n<\/div>\n<div class=\"comment-form-input-wrap td-form-author\">\n<div class=\"td-warning-author\">Introduce\u021bi aici numele dvs.<\/div>\n<\/div>\n<div class=\"comment-form-input-wrap td-form-email\">\n<div class=\"td-warning-email-error\">A\u021bi introdus o adres\u0103 de e-mail incorect\u0103!<\/div>\n<div class=\"td-warning-email\">V\u0103 rug\u0103m s\u0103 introduce\u021bi adresa dvs. de e-mail aici<\/div>\n<\/div>\n<\/div>\n<p class=\"akismet_comment_form_privacy_notice\">Acest site folose\u0219te Akismet pentru a reduce spamul. <a href=\"https:\/\/akismet.com\/privacy\/\" target=\"_blank\" rel=\"nofollow noopener\">Afl\u0103 cum sunt procesate datele comentariilor tale<\/a>.<\/p>\n<\/div>\n<\/div>\n<\/div>\n<div class=\"td-pb-span4 td-main-sidebar\" role=\"complementary\">\n<div class=\"td-ss-main-sidebar\">\n<aside id=\"block-4\" class=\"td_block_template_8 widget block-4 widget_block widget_media_image\">\n<figure class=\"wp-block-image size-full\"><img loading=\"lazy\" decoding=\"async\" width=\"336\" height=\"280\" src=\"https:\/\/orasul-timisoara.ro\/wp-content\/uploads\/2024\/11\/ReTIM-Abonamentul-Verde-Google-Ads-336x280px.gif\" alt class=\"wp-image-29257\"><\/figure>\n<\/aside>\n<div class=\"td_block_wrap td_block_social_counter td_block_widget tdi_6 td-social-style5 td-social-boxed td-pb-border-top td_block_template_8\">\n<div class=\"td-block-title-wrap\">\n<h4 class=\"td-block-title\"><span>Urm\u0103re\u0219te-ne pe Social Media<\/span><\/h4>\n<\/div>\n<div class=\"td-social-list\">\n<div class=\"td_social_type td-pb-margin-side td_social_facebook\">\n<div class=\"td-social-box\"><span class=\"td_social_info td_social_info_counter\">344,595<\/span><span class=\"td_social_info td_social_info_name\">Fani<\/span><span class=\"td_social_button\"><a href=\"https:\/\/www.facebook.com\/247timisoara\" target=\"_blank\" rel=\"nofollow\">\u00cemi place<\/a><\/span><\/div>\n<\/div>\n<div class=\"td_social_type td-pb-margin-side td_social_instagram\">\n<div class=\"td-social-box\"><span class=\"td_social_info td_social_info_counter\">4,416<\/span><span class=\"td_social_info td_social_info_name\">Cititori<\/span><span class=\"td_social_button\"><a href=\"https:\/\/instagram.com\/orasultimisoararo\/\" target=\"_blank\" rel=\"nofollow\">Conecta\u021bi-v\u0103<\/a><\/span><\/div>\n<\/div>\n<div class=\"td_social_type td-pb-margin-side td_social_rss\">\n<div class=\"td-social-box\"><span class=\"td_social_info td_social_info_counter\">12,506<\/span><span class=\"td_social_info td_social_info_name\">Cititori<\/span><span class=\"td_social_button\"><a href=\"https:\/\/orasul-timisoara.ro\/feed\/\" target=\"_blank\" rel=\"nofollow\">Conecta\u021bi-v\u0103<\/a><\/span><\/div>\n<\/div>\n<div class=\"td_social_type td-pb-margin-side td_social_tiktok\">\n<div class=\"td-social-box\"><span class=\"td_social_info td_social_info_counter\">1,500<\/span><span class=\"td_social_info td_social_info_name\">Cititori<\/span><span class=\"td_social_button\"><a href=\"https:\/\/www.tiktok.com\/@orasultimisoara\" target=\"_blank\" rel=\"nofollow\">Conecta\u021bi-v\u0103<\/a><\/span><\/div>\n<\/div>\n<div class=\"td_social_type td-pb-margin-side td_social_twitter\">\n<div class=\"td-social-box\"><span class=\"td_social_info td_social_info_counter\">1,595<\/span><span class=\"td_social_info td_social_info_name\">Cititori<\/span><span class=\"td_social_button\"><a href=\"https:\/\/twitter.com\/orasultm\" target=\"_blank\" rel=\"nofollow\">Conecta\u021bi-v\u0103<\/a><\/span><\/div>\n<\/div>\n<div class=\"td_social_type td-pb-margin-side td_social_youtube\">\n<div class=\"td-social-box\"><span class=\"td_social_info td_social_info_counter\">3,506<\/span><span class=\"td_social_info td_social_info_name\">Abona\u021bi<\/span><span class=\"td_social_button\"><a href=\"https:\/\/www.youtube.com\/channel\/UCQNsQvs2XCSIm1Z-AHRturw?sub_confirmation=1\" target=\"_blank\" rel=\"nofollow\">Abona\u021bi-v\u0103<\/a><\/span><\/div>\n<\/div>\n<\/div>\n<\/div>\n<aside id=\"text-7\" class=\"td_block_template_8 widget text-7 widget_text\">\n<h4 class=\"td-block-title\"><span>C\u0103ut\u0103ri populare pe OTM<\/span><\/h4>\n<div class=\"textwidget\"><a href=\"https:\/\/orasul-timisoara.ro\/?s=timisoara\"><span>Timisoara<\/span><\/a><a href=\"https:\/\/orasul-timisoara.ro\/?s=calin+dobra\"><span>Calin Dobra<\/span><\/a><a href=\"https:\/\/orasul-timisoara.ro\/?s=primaria+timisoara\"><span>Primaria Timisoara<\/span><\/a><a href=\"https:\/\/orasul-timisoara.ro\/?s=dominic+fritz\"><span>Dominic Fritz<\/span><\/a><a href=\"https:\/\/orasul-timisoara.ro\/?s=nicolae+robu\"><span>Nicolae Robu<\/span><\/a><a href=\"https:\/\/orasul-timisoara.ro\/?s=consiliul+local+timisoara\">Consiliul Local Timisoara<\/a><a href=\"https:\/\/orasul-timisoara.ro\/?s=consiliul+judetean+timis\"><span>Consiliul Judetean Timis<\/span><\/a><a href=\"https:\/\/orasul-timisoara.ro\/?s=cjt\"><span>CJT<\/span><\/a><a href=\"https:\/\/orasul-timisoara.ro\/?s=Alfred+Simonis\"><span>Alfred Simonis<\/span><\/a><a href=\"https:\/\/orasul-timisoara.ro\/?s=PNL\"><span>PNL<\/span><\/a><a href=\"https:\/\/orasul-timisoara.ro\/?s=coronavirus\"><span>coronavirus<\/span><\/a><a href=\"https:\/\/orasul-timisoara.ro\/?s=teatru+timisoara\">teatru Timisoara<\/a><a href=\"https:\/\/orasul-timisoara.ro\/?s=restaurante\"><span>restaurante Timisoara<\/span><\/a><a href=\"https:\/\/orasul-timisoara.ro\/?s=diskoteka\"><span>Diskoteka<\/span><\/a><a href=\"https:\/\/orasul-timisoara.ro\/?s=iulius+town\"><span>Iulius Town<\/span><\/a><a href=\"https:\/\/orasul-timisoara.ro\/?s=iulius+mall\"><span>Iulius Mall<\/span><\/a><a href=\"https:\/\/orasul-timisoara.ro\/?s=stpt\"><span>STPT<\/span><\/a><a href=\"https:\/\/orasul-timisoara.ro\/?s=alin+nica\"><span>Alin Nica<\/span><\/a><a href=\"https:\/\/orasul-timisoara.ro\/?s=psd\"><span>PSD<\/span><\/a><a href=\"https:\/\/orasul-timisoara.ro\/?s=aeroport\"><span>Aeroportul International Timisoara<\/span><\/a><a href=\"https:\/\/orasul-timisoara.ro\/?s=babes\"><span>Spitalul Victor Babes Timisoara<\/span><\/a><a href=\"https:\/\/orasul-timisoara.ro\/?s=poli\"><span>Poli Timi\u0219oara<\/span><\/a><a href=\"https:\/\/orasul-timisoara.ro\/?s=carantina\"><span>carantina<\/span><\/a><a href=\"https:\/\/orasul-timisoara.ro\/?s=aquatim\"><span>Aquatim<\/span><\/a><a href=\"https:\/\/orasul-timisoara.ro\/local-category\/stiri-timisoara\/\"><span>Stiri Timisoara<\/span><\/a><a href=\"https:\/\/orasul-timisoara.ro\/local-category\/investitii-in-timisoara\/\"><span>Investi\u021bii in Timi\u0219oara<\/span><\/a><a href=\"https:\/\/orasul-timisoara.ro\/local-9463\/\"><span>shaorma<\/span><\/a><a href=\"https:\/\/orasul-timisoara.ro\/?s=trafic\"><span>trafic rutier<\/span><\/a><a href=\"https:\/\/orasul-timisoara.ro\/?s=politia\"><span>politia locala timisoara<\/span><\/a><a href=\"https:\/\/orasul-timisoara.ro\/?s=roxana\"><span>Roxana Iliescu<\/span><\/a><a href=\"https:\/\/orasul-timisoara.ro\/?s=colterm\"><span>Colterm<\/span><\/a><a href=\"https:\/\/orasul-timisoara.ro\/?s=latcau\"><span>Ruben La\u021bc\u0103u<\/span><\/a><a href=\"https:\/\/orasul-timisoara.ro\/?s=timis\"><span>\u0218tiri din Timi\u0219<\/span><\/a><a href=\"https:\/\/orasul-timisoara.ro\/?s=spital\"><span>Spitale din Timi\u0219oara<\/span><\/a><a href=\"https:\/\/orasul-timisoara.ro\/?s=tabara\"><span>Cosmin Tab\u0103r\u0103<\/span><\/a><\/div>\n<\/aside>\n<aside id=\"rss-2\" class=\"td_block_template_8 widget rss-2 widget_rss\">\n<h4 class=\"td-block-title\"><span><a class=\"rsswidget rss-widget-feed\" href=\"https:\/\/fashionfridays.ro\/feed\"><img decoding=\"async\" class=\"rss-widget-icon\" width=\"14\" height=\"14\" src=\"https:\/\/orasul-timisoara.ro\/wp-includes\/images\/rss.png\" alt=\"Flux RSS: Fashion Fridays\" loading=\"lazy\"><\/a><a class=\"rsswidget rss-widget-title\" href=\"https:\/\/fashionfridays.ro\/\">Fashion Fridays<\/a><\/span><\/h4>\n<ul>\n<li><a class=\"rsswidget\" href=\"https:\/\/fashionfridays.ro\/romania-devine-a-29-a-piata-vogue-o-noua-era-pentru-industria-locala-de-moda\/\">Rom\u00e2nia devine a 29-a pia\u021b\u0103 Vogue: o nou\u0103 er\u0103 pentru industria local\u0103 de mod\u0103<\/a>\n<div class=\"rssSummary\">Revista Vogue \u00ee\u0219i extinde prezen\u021ba global\u0103 \u0219i va fi lansat\u0103 oficial \u00een Rom\u00e2nia \u00een prim\u0103vara anului 2027, marc\u00e2nd intrarea pe cea de-a 29-a pia\u021b\u0103 interna\u021bional\u0103. Proiectul este realizat \u00een parteneriat cu AEMME Publishing, o companie media recent \u00eenfiin\u021bat\u0103, care va publica edi\u021bia local\u0103 sub licen\u021b\u0103. Noua edi\u021bie, Vogue Rom\u00e2nia, \u00ee\u0219i propune s\u0103 combine autoritatea global\u0103 [\u2026]<\/div>\n<\/li>\n<\/ul>\n<\/aside>\n<aside id=\"rss-4\" class=\"td_block_template_8 widget rss-4 widget_rss\">\n<h4 class=\"td-block-title\"><span><a class=\"rsswidget rss-widget-feed\" href=\"https:\/\/emasini.ro\/feed\"><img decoding=\"async\" class=\"rss-widget-icon\" width=\"14\" height=\"14\" src=\"https:\/\/orasul-timisoara.ro\/wp-includes\/images\/rss.png\" alt=\"Flux RSS: eMasini\" loading=\"lazy\"><\/a><a class=\"rsswidget rss-widget-title\" href=\"https:\/\/emasini.ro\/\">eMasini<\/a><\/span><\/h4>\n<ul>\n<li><a class=\"rsswidget\" href=\"https:\/\/emasini.ro\/adio-bordurilor-pline-de-ecrane-mercedes-benz-readuce-butoanele-in-noile-masini-produse\/\">Adio bordurilor pline de ecrane? Mercedes-Benz readuce butoanele \u00een noile ma\u0219ini produse<\/a>\n<div class=\"rssSummary\">Mercedes-Benz \u00ee\u0219i schimb\u0103 direc\u021bia \u00een ceea ce prive\u0219te designul interioarelor \u0219i va readuce comenzile fizice pentru anumite func\u021bii importante. Constructorul german nu renun\u021b\u0103 la ecranele mari \u0219i la tehnologiile digitale, dar recunoa\u0219te c\u0103 a mers prea departe prin eliminarea unor butoane \u0219i comenzi tactile. Ola K\u00e4llenius, pre\u0219edintele Consiliului de Administra\u021bie al Mercedes-Benz Group \u0219i CEO [\u2026]<\/div>\n<\/li>\n<\/ul>\n<\/aside>\n<\/div>\n<\/div>\n<\/div>\n<\/div>\n<\/article>\n<div class=\"td-post-content tagdiv-type\">\n<p class=\"wp-block-paragraph\">Prim\u0103ria Timi\u0219oara preg\u0103te\u0219te reabilitarea Ceasului Floral \u0219i a scuarului din jurul acestuia, obiectiv construit \u00een anii \u201970. Proiectan\u021bii au elaborat dou\u0103 variante de amenajare, ambele pornind de la memoria locului \u0219i av\u00e2nd ca obiectiv p\u0103strarea identit\u0103\u021bii Ceasului Floral, \u00een timp ce spa\u021biul verde din zon\u0103 urmeaz\u0103 s\u0103 fie extins \u0219i modernizat.<\/p>\n<h2 class=\"wp-block-heading\">Dou\u0103 concepte pentru reamenajarea Ceasului Floral<\/h2>\n<p class=\"wp-block-paragraph\">Prima variant\u0103 propus\u0103 de echipa de proiectare p\u0103streaz\u0103 ceasul ca element central al scuarului. Cadranul este integrat \u00eentr-o form\u0103 de relief vegetal\u0103, \u00eenconjurat\u0103 de spa\u021bii cu flori, plante perene, arbu\u0219ti \u0219i arbori.<\/p>\n<p class=\"wp-block-paragraph\">Cea de-a doua variant\u0103 propune o reinterpretare a obiectivului, \u00een care Ceasul Floral devine parte integrant\u0103 din peisajul scuarului, \u00een loc s\u0103 fie tratat ca un element distinct.<\/p>\n<p class=\"wp-block-paragraph\">Forma ceasului este abstractizat\u0103 \u0219i integrat\u0103 \u00een amenajare printr-un relief vegetal care p\u0103streaz\u0103 geometria circular\u0103 a obiectivului.<\/p>\n<h2 class=\"wp-block-heading\">Mai mult spa\u021biu verde \u0219i noi alei pietonale<\/h2>\n<p class=\"wp-block-paragraph\">Ambele variante de proiectare prev\u0103d p\u0103strarea arborilor existen\u021bi \u0219i diversificarea vegeta\u021biei din scuar.<\/p>\n<p class=\"wp-block-paragraph\">Amenajarea ar urma s\u0103 includ\u0103 \u0219i noi alei pietonale care traverseaz\u0103 spa\u021biul verde \u0219i creeaz\u0103 leg\u0103turi \u00eentre zonele din jur. Proiectul prevede, de asemenea, mobilier urban \u0219i o ci\u0219mea, astfel \u00eenc\u00e2t zona s\u0103 poat\u0103 fi folosit\u0103 at\u00e2t pentru odihn\u0103, c\u00e2t \u0219i pentru plimbare.<\/p>\n<p class=\"wp-block-paragraph\">Solu\u021bia final\u0103 pe care Prim\u0103ria Timi\u0219oara dore\u0219te s\u0103 o implementeze urm\u0103re\u0219te p\u0103strarea identit\u0103\u021bii Ceasului Floral, concomitent cu transformarea spa\u021biului din jur \u00eentr-o zon\u0103 verde mai atractiv\u0103 \u0219i mai accesibil\u0103.<\/p>\n<h2 class=\"wp-block-heading\">Proiectul va fi prezentat public<\/h2>\n<p class=\"wp-block-paragraph\">Prim\u0103ria Municipiului Timi\u0219oara organizeaz\u0103 luni, 7 septembrie, o prezentare public\u0103 a conceptului de arhitectur\u0103 pentru obiectivul de investi\u021bii \u201eDALI+PT Amenajare scuar Ceasul Floral\u201d.<\/p>\n<p class=\"wp-block-paragraph\">Prezentarea public\u0103 va avea loc \u00een Sala de Consiliu a Prim\u0103riei Timi\u0219oara, de la ora 17:00.<\/p>\n<p class=\"wp-block-paragraph\">Pentru buna organizare a evenimentului \u0219i estimarea num\u0103rului de participan\u021bi, persoanele interesate sunt rugate s\u0103 \u00ee\u0219i anun\u021be participarea la adresa de e-mail <a href=\"mailto:consultare@primariatm.ro\">consultare@primariatm.ro<\/a>.<\/p>\n<p class=\"wp-block-paragraph\">Cele dou\u0103 concepte propuse de proiectan\u021bi ofer\u0103 puncte de plecare diferite pentru viitoarea amenajare, \u00eens\u0103 au \u00een comun p\u0103strarea leg\u0103turii cu identitatea istoric\u0103 a Ceasului Floral \u0219i transformarea scuarului \u00eentr-un spa\u021biu verde modern, destinat comunit\u0103\u021bii.<\/p>\n<\/div>\n<p>[analyse_source url=&#8221;https:\/\/orasul-timisoara.ro\/local-40678\/&#8221;]<\/p>\n","protected":false},"excerpt":{"rendered":"<p>[analyse_image type=&#8221;featured&#8221; src=&#8221;https:\/\/orasul-timisoara.ro\/wp-content\/uploads\/2024\/10\/ceasul-floral.jpg&#8221;] \u0218tiri LocaleCeasul Floral din Timi\u0219oara \u00ee\u0219i p\u0103streaz\u0103 identitatea. Dou\u0103 concepte pentru reamenajarea scuarului \u0218tiri Locale Ceasul Floral din Timi\u0219oara \u00ee\u0219i p\u0103streaz\u0103 identitatea. Dou\u0103 concepte pentru reamenajarea scuarului De c\u0103tre redactia &#8211; 02\/09\/2026 Facebook Twitter WhatsApp Linkedin ReddIt Email Imprimare Prim\u0103ria Timi\u0219oara preg\u0103te\u0219te reabilitarea Ceasului Floral \u0219i a scuarului din jurul acestuia, obiectiv [&hellip;]<\/p>\n","protected":false},"author":1,"featured_media":0,"comment_status":"open","ping_status":"","sticky":false,"template":"","format":"standard","meta":{"footnotes":""},"categories":[89],"tags":[226,189],"class_list":["post-2126882","post","type-post","status-publish","format-standard","hentry","category-romania","tag-crawlmanager","tag-orasul-timisoara-ro"],"_links":{"self":[{"href":"https:\/\/analyse.optim.biz\/index.php?rest_route=\/wp\/v2\/posts\/2126882","targetHints":{"allow":["GET"]}}],"collection":[{"href":"https:\/\/analyse.optim.biz\/index.php?rest_route=\/wp\/v2\/posts"}],"about":[{"href":"https:\/\/analyse.optim.biz\/index.php?rest_route=\/wp\/v2\/types\/post"}],"author":[{"embeddable":true,"href":"https:\/\/analyse.optim.biz\/index.php?rest_route=\/wp\/v2\/users\/1"}],"replies":[{"embeddable":true,"href":"https:\/\/analyse.optim.biz\/index.php?rest_route=%2Fwp%2Fv2%2Fcomments&post=2126882"}],"version-history":[{"count":0,"href":"https:\/\/analyse.optim.biz\/index.php?rest_route=\/wp\/v2\/posts\/2126882\/revisions"}],"wp:attachment":[{"href":"https:\/\/analyse.optim.biz\/index.php?rest_route=%2Fwp%2Fv2%2Fmedia&parent=2126882"}],"wp:term":[{"taxonomy":"category","embeddable":true,"href":"https:\/\/analyse.optim.biz\/index.php?rest_route=%2Fwp%2Fv2%2Fcategories&post=2126882"},{"taxonomy":"post_tag","embeddable":true,"href":"https:\/\/analyse.optim.biz\/index.php?rest_route=%2Fwp%2Fv2%2Ftags&post=2126882"}],"curies":[{"name":"wp","href":"https:\/\/api.w.org\/{rel}","templated":true}]}}