{"id":2126844,"date":"2026-09-02T12:03:51","date_gmt":"2026-09-02T09:03:51","guid":{"rendered":"https:\/\/analyse.optim.biz\/?p=2126844"},"modified":"2026-09-02T12:03:51","modified_gmt":"2026-09-02T09:03:51","slug":"furt-la-self-pay-intr-un-supermarket-din-suceava-un-barbat-a-scanat-un-singur-produs-iar-o-femeie-a-scos-caruciorul-plin","status":"publish","type":"post","link":"https:\/\/analyse.optim.biz\/?p=2126844","title":{"rendered":"Furt la self-pay, \u00eentr-un supermarket din Suceava: Un b\u0103rbat a scanat un singur produs, iar o femeie a scos c\u0103ruciorul plin."},"content":{"rendered":"<p>[analyse_image type=&#8221;featured&#8221; src=&#8221;https:\/\/www.newsbucovina.ro\/wp-content\/uploads\/2023\/01\/furt-supermarket.jpghttps:\/\/cdn.newsbucovina.ro\/wp-content\/uploads\/2023\/01\/furt-supermarket.jpg&#8221;]<\/p>\n<div class=\"td-post-content tagdiv-type\">\n<div class=\"td-a-rec td-a-rec-id-content_top  tdi_3 td_block_template_1\">\n<div class=\"nb-social-buttons\"><a class=\"nb-social-btn nb-social-youtube\" href=\"https:\/\/www.youtube.com\/@ZiarulNewsBucovina?sub_confirmation=1\" target=\"_blank\" rel=\"noopener external\" title=\"Aboneaz\u0103-te la NewsBucovina pe YouTube\"><span class=\"nb-social-text\"><strong>Aboneaz\u0103-te pe YouTube<\/strong><small>NewsBucovina<\/small><\/span><\/a><a class=\"nb-social-btn nb-social-telegram\" href=\"https:\/\/t.me\/+TH8wcfnp8fw5NWI0\" target=\"_blank\" rel=\"noopener external\" title=\"Intr\u0103 \u00een grupul Telegram News Bucovina\"><span class=\"nb-social-text\"><strong>Intr\u0103 pe Telegram<\/strong><small>Grupul News Bucovina<\/small><\/span><\/a><a class=\"nb-social-btn nb-social-google\" href=\"https:\/\/www.google.com\/preferences\/source?q=newsbucovina.ro\" target=\"_blank\" rel=\"noopener external\" title=\"Adaug\u0103 NewsBucovina ca surs\u0103 preferat\u0103 \u00een Google\"><span class=\"nb-social-text\"><strong>Adaug\u0103 NewsBucovina<\/strong><small>Surs\u0103 preferat\u0103 \u00een Google<\/small><\/span><\/a><\/div>\n<\/div>\n<p class=\"wp-block-paragraph\">Poli\u021bia municipiului Suceava a fost sesizat\u0103 mar\u021bi, 1 septembrie 2026, la ora 12:54, prin 112, de agentul de paz\u0103 al supermarketului Lidl de pe bulevardul 1 Decembrie 1918 dup\u0103 ce dou\u0103 persoane ar fi scos bunuri f\u0103r\u0103 s\u0103 le pl\u0103teasc\u0103.<\/p>\n<div class=\"wp-block-image\">\n<figure class=\"aligncenter size-full\"><a href=\"https:\/\/cdn.newsbucovina.ro\/wp-content\/uploads\/2023\/01\/furt-supermarket.jpg\"><img loading=\"lazy\" decoding=\"async\" width=\"640\" height=\"477\" src=\"https:\/\/cdn.newsbucovina.ro\/wp-content\/uploads\/2023\/01\/furt-supermarket.jpg\" alt class=\"wp-image-357796\"><\/a><\/figure>\n<\/div>\n<p class=\"wp-block-paragraph\">Potrivit cercet\u0103rilor, la ora 12:31 cei doi s-au oprit la casele Self Pay cu un c\u0103rucior plin. B\u0103rbatul a scos un singur produs, l-a scanat, l-a achitat cu cardul, a luat bonul \u0219i a deschis por\u021bile de ie\u0219ire. Femeia a \u00eempins \u00een urma lui c\u0103ruciorul cu restul m\u0103rfii. Agen\u021bii de paz\u0103 i-au oprit imediat.<\/p>\n<p class=\"wp-block-paragraph\">Prejudiciul, de 1.248,87 lei, a fost recuperat integral. Magazinul nu se constituie parte civil\u0103.<\/p>\n<p class=\"wp-block-paragraph\">Poli\u021bia a deschis dosar penal pentru furt.<\/p>\n<p class=\"wp-block-paragraph\">#Suceava #Lidl #furt #Poli\u021biaSuceava #selfpay<\/p>\n<figure class=\"wp-block-embed is-type-video is-provider-youtube wp-block-embed-youtube wp-embed-aspect-16-9 wp-has-aspect-ratio\">\n<div class=\"wp-block-embed__wrapper\">\n<div class=\"youtube-embed\" data-video_id=\"qxispRB6oWE\"><iframe loading=\"lazy\" title=\"Fra\u021bii care au g\u0103sit drumul c\u0103tre INIMA doamnelor - Regatul CRIZANTEMELOR din Volov\u0103\u021b!\" width=\"696\" height=\"392\" src=\"https:\/\/www.youtube.com\/embed\/qxispRB6oWE?feature=oembed&amp;enablejsapi=1\" frameborder allow=\"accelerometer; autoplay; clipboard-write; encrypted-media; gyroscope; picture-in-picture; web-share\" referrerpolicy=\"strict-origin-when-cross-origin\" allowfullscreen><\/iframe><\/div>\n<\/div>\n<\/figure>\n<div class=\"td-a-rec td-a-rec-id-content_bottom  tdi_4 td_block_template_1\"><strong>Intr\u0103 acum \u0219i \u00een grupul de <\/p>\n<div class=\"wp-block-button\"><a class=\"wp-block-button__link wp-element-button\" href=\"https:\/\/t.me\/+TH8wcfnp8fw5NWI0\">Telegram News Bucovina<\/a><\/div>\n<p><\/strong><\/div>\n<\/div>\n<div class=\"td-post-content tagdiv-type\">\n<div class=\"td-a-rec td-a-rec-id-content_top  tdi_3 td_block_template_1\">\n<div class=\"nb-social-buttons\"><a class=\"nb-social-btn nb-social-youtube\" href=\"https:\/\/www.youtube.com\/@ZiarulNewsBucovina?sub_confirmation=1\" target=\"_blank\" rel=\"noopener external\" title=\"Aboneaz\u0103-te la NewsBucovina pe YouTube\"><span class=\"nb-social-text\"><strong>Aboneaz\u0103-te pe YouTube<\/strong><small>NewsBucovina<\/small><\/span><\/a><a class=\"nb-social-btn nb-social-telegram\" href=\"https:\/\/t.me\/+TH8wcfnp8fw5NWI0\" target=\"_blank\" rel=\"noopener external\" title=\"Intr\u0103 \u00een grupul Telegram News Bucovina\"><span class=\"nb-social-text\"><strong>Intr\u0103 pe Telegram<\/strong><small>Grupul News Bucovina<\/small><\/span><\/a><a class=\"nb-social-btn nb-social-google\" href=\"https:\/\/www.google.com\/preferences\/source?q=newsbucovina.ro\" target=\"_blank\" rel=\"noopener external\" title=\"Adaug\u0103 NewsBucovina ca surs\u0103 preferat\u0103 \u00een Google\"><span class=\"nb-social-text\"><strong>Adaug\u0103 NewsBucovina<\/strong><small>Surs\u0103 preferat\u0103 \u00een Google<\/small><\/span><\/a><\/div>\n<\/div>\n<p class=\"wp-block-paragraph\">Poli\u021bia municipiului Suceava a fost sesizat\u0103 mar\u021bi, 1 septembrie 2026, la ora 12:54, prin 112, de agentul de paz\u0103 al supermarketului Lidl de pe bulevardul 1 Decembrie 1918 dup\u0103 ce dou\u0103 persoane ar fi scos bunuri f\u0103r\u0103 s\u0103 le pl\u0103teasc\u0103.<\/p>\n<div class=\"wp-block-image\">\n<figure class=\"aligncenter size-full\"><a href=\"https:\/\/cdn.newsbucovina.ro\/wp-content\/uploads\/2023\/01\/furt-supermarket.jpg\"><img loading=\"lazy\" decoding=\"async\" width=\"640\" height=\"477\" src=\"https:\/\/cdn.newsbucovina.ro\/wp-content\/uploads\/2023\/01\/furt-supermarket.jpg\" alt class=\"wp-image-357796\"><\/a><\/figure>\n<\/div>\n<p class=\"wp-block-paragraph\">Potrivit cercet\u0103rilor, la ora 12:31 cei doi s-au oprit la casele Self Pay cu un c\u0103rucior plin. B\u0103rbatul a scos un singur produs, l-a scanat, l-a achitat cu cardul, a luat bonul \u0219i a deschis por\u021bile de ie\u0219ire. Femeia a \u00eempins \u00een urma lui c\u0103ruciorul cu restul m\u0103rfii. Agen\u021bii de paz\u0103 i-au oprit imediat.<\/p>\n<p class=\"wp-block-paragraph\">Prejudiciul, de 1.248,87 lei, a fost recuperat integral. Magazinul nu se constituie parte civil\u0103.<\/p>\n<p class=\"wp-block-paragraph\">Poli\u021bia a deschis dosar penal pentru furt.<\/p>\n<p class=\"wp-block-paragraph\">#Suceava #Lidl #furt #Poli\u021biaSuceava #selfpay<\/p>\n<figure class=\"wp-block-embed is-type-video is-provider-youtube wp-block-embed-youtube wp-embed-aspect-16-9 wp-has-aspect-ratio\">\n<div class=\"wp-block-embed__wrapper\">\n<div class=\"youtube-embed\" data-video_id=\"qxispRB6oWE\"><iframe loading=\"lazy\" title=\"Fra\u021bii care au g\u0103sit drumul c\u0103tre INIMA doamnelor - Regatul CRIZANTEMELOR din Volov\u0103\u021b!\" width=\"696\" height=\"392\" src=\"https:\/\/www.youtube.com\/embed\/qxispRB6oWE?feature=oembed&amp;enablejsapi=1\" frameborder allow=\"accelerometer; autoplay; clipboard-write; encrypted-media; gyroscope; picture-in-picture; web-share\" referrerpolicy=\"strict-origin-when-cross-origin\" allowfullscreen><\/iframe><\/div>\n<\/div>\n<\/figure>\n<div class=\"td-a-rec td-a-rec-id-content_bottom  tdi_4 td_block_template_1\"><strong>Intr\u0103 acum \u0219i \u00een grupul de <\/p>\n<div class=\"wp-block-button\"><a class=\"wp-block-button__link wp-element-button\" href=\"https:\/\/t.me\/+TH8wcfnp8fw5NWI0\">Telegram News Bucovina<\/a><\/div>\n<p><\/strong><\/div>\n<\/div>\n<p>[analyse_source url=&#8221;https:\/\/www.newsbucovina.ro\/social\/448387\/furt-la-self-pay-intr-un-supermarket-din-suceava-un-barbat-a-scanat-un-singur-produs-iar-o-femeie-a-scos-caruciorul-plin&#8221;]<\/p>\n","protected":false},"excerpt":{"rendered":"<p>[analyse_image type=&#8221;featured&#8221; src=&#8221;https:\/\/www.newsbucovina.ro\/wp-content\/uploads\/2023\/01\/furt-supermarket.jpghttps:\/\/cdn.newsbucovina.ro\/wp-content\/uploads\/2023\/01\/furt-supermarket.jpg&#8221;] Aboneaz\u0103-te pe YouTubeNewsBucovinaIntr\u0103 pe TelegramGrupul News BucovinaAdaug\u0103 NewsBucovinaSurs\u0103 preferat\u0103 \u00een Google Poli\u021bia municipiului Suceava a fost sesizat\u0103 mar\u021bi, 1 septembrie 2026, la ora 12:54, prin 112, de agentul de paz\u0103 al supermarketului Lidl de pe bulevardul 1 Decembrie 1918 dup\u0103 ce dou\u0103 persoane ar fi scos bunuri f\u0103r\u0103 s\u0103 le pl\u0103teasc\u0103. Potrivit [&hellip;]<\/p>\n","protected":false},"author":1,"featured_media":0,"comment_status":"open","ping_status":"","sticky":false,"template":"","format":"standard","meta":{"footnotes":""},"categories":[89],"tags":[226,165],"class_list":["post-2126844","post","type-post","status-publish","format-standard","hentry","category-romania","tag-crawlmanager","tag-newsbucovina-ro"],"_links":{"self":[{"href":"https:\/\/analyse.optim.biz\/index.php?rest_route=\/wp\/v2\/posts\/2126844","targetHints":{"allow":["GET"]}}],"collection":[{"href":"https:\/\/analyse.optim.biz\/index.php?rest_route=\/wp\/v2\/posts"}],"about":[{"href":"https:\/\/analyse.optim.biz\/index.php?rest_route=\/wp\/v2\/types\/post"}],"author":[{"embeddable":true,"href":"https:\/\/analyse.optim.biz\/index.php?rest_route=\/wp\/v2\/users\/1"}],"replies":[{"embeddable":true,"href":"https:\/\/analyse.optim.biz\/index.php?rest_route=%2Fwp%2Fv2%2Fcomments&post=2126844"}],"version-history":[{"count":0,"href":"https:\/\/analyse.optim.biz\/index.php?rest_route=\/wp\/v2\/posts\/2126844\/revisions"}],"wp:attachment":[{"href":"https:\/\/analyse.optim.biz\/index.php?rest_route=%2Fwp%2Fv2%2Fmedia&parent=2126844"}],"wp:term":[{"taxonomy":"category","embeddable":true,"href":"https:\/\/analyse.optim.biz\/index.php?rest_route=%2Fwp%2Fv2%2Fcategories&post=2126844"},{"taxonomy":"post_tag","embeddable":true,"href":"https:\/\/analyse.optim.biz\/index.php?rest_route=%2Fwp%2Fv2%2Ftags&post=2126844"}],"curies":[{"name":"wp","href":"https:\/\/api.w.org\/{rel}","templated":true}]}}