{"id":2126839,"date":"2026-09-03T18:23:08","date_gmt":"2026-09-03T15:23:08","guid":{"rendered":"https:\/\/analyse.optim.biz\/?p=2126839"},"modified":"2026-09-03T18:23:08","modified_gmt":"2026-09-03T15:23:08","slug":"parintele-constantin-necula-si-victor-dochia-bucuria-credintei-in-chindia-culturala-de-la-manastirea-moldovita","status":"publish","type":"post","link":"https:\/\/analyse.optim.biz\/?p=2126839","title":{"rendered":"P\u0103rintele Constantin Necula \u0219i Victor Dochia, \u201eBucuria Credin\u021bei\u201d, \u00een Chindia cultural\u0103 de la M\u0103n\u0103stirea Moldovi\u021ba"},"content":{"rendered":"<p>[analyse_image type=&#8221;featured&#8221; src=&#8221;https:\/\/img.svnews.ro\/foto\/2026\/09\/03\/557796\/11d6ba48753ed20fc59e4f061.jpeg&#8221;]<\/p>\n<div class=\"entry\"><img loading=\"lazy\" decoding=\"async\" width=\"650\" height=\"325\" src=\"https:\/\/img.svnews.ro\/foto\/2026\/09\/03\/557796\/11d6ba48753ed20fc59e4f06106500325.jpeg\" alt><\/p>\n<div class=\"entry_content\">\n<p>Cu binecuv\u00e2ntarea \u00cenaltpreasfin\u021bitului P\u0103rinte Calinic, Arhiepiscopul Sucevei \u0219i R\u0103d\u0103u\u021bilor, joi, 10 septembrie 2026, \u00eencep\u00e2nd cu ora 18.00, la doar dou\u0103 zile dup\u0103 Praznicul Na\u0219terii Maicii Domnului, va avea loc \u00a0o nou\u0103\u00a0Chindie cultural\u0103\u00a0la M\u0103n\u0103stirea Moldovi\u021ba, eveniment cultural-spiritual, artistic \u0219i educa\u021bional propus \u0219i coordonat de M\u0103n\u0103stirea Moldovi\u021ba, Inspectoratul \u0218colar Jude\u021bean Suceava, Arhiepiscopia Sucevei \u0219i R\u0103d\u0103u\u021bilor, prin Sectorul Cultural \u0219i Sectorul Media \u0219i Comunicare, \u0219i Societatea Femeilor Ortodoxe \u201eMaria de Mangop\u201d.<\/p>\n<p>Invita\u021bii evenimentului, p\u0103rintele prof. univ. dr. habil. Constantin-Valer Necula \u0219i Andrei-Victor Dochia, produc\u0103torul emisiunilor \u201eUniversul Credin\u021bei\u201d \u0219i \u201eBucuria credin\u021bei\u201d de la Televiziunea Rom\u00e2n\u0103, vor dialoga pe tema Valoarea imaginii \u00een misiunea Bisericii \u2013 pentru o cultur\u0103 a Luminii.<\/p>\n<p>Programul chindiei va fi completat de:<\/p>\n<ul>\n<li>Lansarea c\u0103r\u021bii\u00a0Drumul spre Betleem. Medita\u021bii la Postul Na\u0219terii Domnului, publicat\u0103 de\u00a0P\u0103rintele Constantin Necula\u00a0la Editura Crimca a Arhiepiscopiei Sucevei \u0219i R\u0103d\u0103u\u021bilor;<\/li>\n<li>Concert al\u00a0Coralei de fete\u00a0\u201eCiprian Porumbescu\u201d a Colegiului Na\u021bional \u201e\u0218tefan cel Mare\u201d Suceava, dirijor\u00a0pr.\u00a0Lucian Tablan-Popescu.<\/li>\n<\/ul>\n<p>Evenimentul este unul deschis, gratuit, iar comunicarea inten\u021biei de participare se face pe adresa de email:\u00a0\u00a0<a href=\"mailto:ceredeev.daniela@isj.sv.edu.ro\">ceredeev.daniela@isj.sv.edu.ro<\/a>.<\/p>\n<p>\u00a0<\/p>\n<p>Irina Ursachi<\/p>\n<\/div>\n<div>\n<div>VN:F [1.9.22_1171]<\/div>\n<div class=\"ratingblock \">\n<div class=\"ratingstars \">\n<div id=\"article_loader_557796\" class=\"ratingloaderarticle\">\n<div class=\"loader arrows \">\n<div class=\"loaderinner\">se actualizeaz\u0103&#8230;<\/div>\n<\/div>\n<\/div>\n<\/div>\n<div class=\"ratingtext \">\n<div id=\"gdr_text_a557796\">Rating: 0.0\/<strong>10<\/strong> (0 votes cast)<\/div>\n<\/div>\n<\/div>\n<\/div>\n<\/div>\n<div class=\"entry_content\">\n<p>Cu binecuv\u00e2ntarea \u00cenaltpreasfin\u021bitului P\u0103rinte Calinic, Arhiepiscopul Sucevei \u0219i R\u0103d\u0103u\u021bilor, joi, 10 septembrie 2026, \u00eencep\u00e2nd cu ora 18.00, la doar dou\u0103 zile dup\u0103 Praznicul Na\u0219terii Maicii Domnului, va avea loc \u00a0o nou\u0103\u00a0Chindie cultural\u0103\u00a0la M\u0103n\u0103stirea Moldovi\u021ba, eveniment cultural-spiritual, artistic \u0219i educa\u021bional propus \u0219i coordonat de M\u0103n\u0103stirea Moldovi\u021ba, Inspectoratul \u0218colar Jude\u021bean Suceava, Arhiepiscopia Sucevei \u0219i R\u0103d\u0103u\u021bilor, prin Sectorul Cultural \u0219i Sectorul Media \u0219i Comunicare, \u0219i Societatea Femeilor Ortodoxe \u201eMaria de Mangop\u201d.<\/p>\n<p>Invita\u021bii evenimentului, p\u0103rintele prof. univ. dr. habil. Constantin-Valer Necula \u0219i Andrei-Victor Dochia, produc\u0103torul emisiunilor \u201eUniversul Credin\u021bei\u201d \u0219i \u201eBucuria credin\u021bei\u201d de la Televiziunea Rom\u00e2n\u0103, vor dialoga pe tema Valoarea imaginii \u00een misiunea Bisericii \u2013 pentru o cultur\u0103 a Luminii.<\/p>\n<p>Programul chindiei va fi completat de:<\/p>\n<ul>\n<li>Lansarea c\u0103r\u021bii\u00a0Drumul spre Betleem. Medita\u021bii la Postul Na\u0219terii Domnului, publicat\u0103 de\u00a0P\u0103rintele Constantin Necula\u00a0la Editura Crimca a Arhiepiscopiei Sucevei \u0219i R\u0103d\u0103u\u021bilor;<\/li>\n<li>Concert al\u00a0Coralei de fete\u00a0\u201eCiprian Porumbescu\u201d a Colegiului Na\u021bional \u201e\u0218tefan cel Mare\u201d Suceava, dirijor\u00a0pr.\u00a0Lucian Tablan-Popescu.<\/li>\n<\/ul>\n<p>Evenimentul este unul deschis, gratuit, iar comunicarea inten\u021biei de participare se face pe adresa de email:\u00a0\u00a0<a href=\"mailto:ceredeev.daniela@isj.sv.edu.ro\">ceredeev.daniela@isj.sv.edu.ro<\/a>.<\/p>\n<p>\u00a0<\/p>\n<p>Irina Ursachi<\/p>\n<\/div>\n<p>[analyse_source url=&#8221;https:\/\/www.svnews.ro\/parintele-constantin-necula-si-victor-dochia-bucuria-credintei-in-chindia-culturala-de-la-manastirea-moldovita\/557796\/&#8221;]<\/p>\n","protected":false},"excerpt":{"rendered":"<p>[analyse_image type=&#8221;featured&#8221; src=&#8221;https:\/\/img.svnews.ro\/foto\/2026\/09\/03\/557796\/11d6ba48753ed20fc59e4f061.jpeg&#8221;] Cu binecuv\u00e2ntarea \u00cenaltpreasfin\u021bitului P\u0103rinte Calinic, Arhiepiscopul Sucevei \u0219i R\u0103d\u0103u\u021bilor, joi, 10 septembrie 2026, \u00eencep\u00e2nd cu ora 18.00, la doar dou\u0103 zile dup\u0103 Praznicul Na\u0219terii Maicii Domnului, va avea loc \u00a0o nou\u0103\u00a0Chindie cultural\u0103\u00a0la M\u0103n\u0103stirea Moldovi\u021ba, eveniment cultural-spiritual, artistic \u0219i educa\u021bional propus \u0219i coordonat de M\u0103n\u0103stirea Moldovi\u021ba, Inspectoratul \u0218colar Jude\u021bean Suceava, Arhiepiscopia Sucevei \u0219i [&hellip;]<\/p>\n","protected":false},"author":1,"featured_media":0,"comment_status":"open","ping_status":"","sticky":false,"template":"","format":"standard","meta":{"footnotes":""},"categories":[89],"tags":[226,175],"class_list":["post-2126839","post","type-post","status-publish","format-standard","hentry","category-romania","tag-crawlmanager","tag-svnews-ro"],"_links":{"self":[{"href":"https:\/\/analyse.optim.biz\/index.php?rest_route=\/wp\/v2\/posts\/2126839","targetHints":{"allow":["GET"]}}],"collection":[{"href":"https:\/\/analyse.optim.biz\/index.php?rest_route=\/wp\/v2\/posts"}],"about":[{"href":"https:\/\/analyse.optim.biz\/index.php?rest_route=\/wp\/v2\/types\/post"}],"author":[{"embeddable":true,"href":"https:\/\/analyse.optim.biz\/index.php?rest_route=\/wp\/v2\/users\/1"}],"replies":[{"embeddable":true,"href":"https:\/\/analyse.optim.biz\/index.php?rest_route=%2Fwp%2Fv2%2Fcomments&post=2126839"}],"version-history":[{"count":0,"href":"https:\/\/analyse.optim.biz\/index.php?rest_route=\/wp\/v2\/posts\/2126839\/revisions"}],"wp:attachment":[{"href":"https:\/\/analyse.optim.biz\/index.php?rest_route=%2Fwp%2Fv2%2Fmedia&parent=2126839"}],"wp:term":[{"taxonomy":"category","embeddable":true,"href":"https:\/\/analyse.optim.biz\/index.php?rest_route=%2Fwp%2Fv2%2Fcategories&post=2126839"},{"taxonomy":"post_tag","embeddable":true,"href":"https:\/\/analyse.optim.biz\/index.php?rest_route=%2Fwp%2Fv2%2Ftags&post=2126839"}],"curies":[{"name":"wp","href":"https:\/\/api.w.org\/{rel}","templated":true}]}}