{"id":2126819,"date":"2026-09-03T18:12:18","date_gmt":"2026-09-03T15:12:18","guid":{"rendered":"https:\/\/analyse.optim.biz\/?p=2126819"},"modified":"2026-09-03T18:12:18","modified_gmt":"2026-09-03T15:12:18","slug":"99-din-masinile-vandute-in-norvegia-in-luna-august-au-fost-electrice","status":"publish","type":"post","link":"https:\/\/analyse.optim.biz\/?p=2126819","title":{"rendered":"99% din ma\u0219inile v\u00e2ndute \u00een Norvegia \u00een luna august au fost electrice"},"content":{"rendered":"<p>[analyse_image type=&#8221;featured&#8221; src=&#8221;https:\/\/r3media.ro\/wp-content\/uploads\/2025\/07\/ingrijorare-masini-electrice-e1752909028992.pnghttps:\/\/r3media.ro\/wp-content\/uploads\/2025\/07\/ingrijorare-masini-electrice-e1752909028992.png&#8221;]<\/p>\n<article id=\"template-id-109\" class=\"post-109 tdb_templates type-tdb_templates status-publish post\">\n<div id=\"tdi_2\" class=\"tdc-zone\">\n<div class=\"tdc_zone tdi_3  wpb_row td-pb-row\">\n<div id=\"tdi_4\" class=\"tdc-row\">\n<div class=\"vc_row tdi_5  wpb_row td-pb-row\">\n<div class=\"vc_column tdi_7  wpb_column vc_column_container tdc-column td-pb-span8\">\n<div class=\"wpb_wrapper\">\n<div class=\"td_block_wrap tdb_breadcrumbs tdi_8 td-pb-border-top td_block_template_1 tdb-breadcrumbs \" data-td-block-uid=\"tdi_8\">\n<div class=\"tdb-block-inner td-fix-index\"><span><a title=\"Vede\u021bi toate articolele \u00een PRIM PLAN\" class=\"tdb-entry-crumb\" href=\"https:\/\/r3media.ro\/category\/stiri-prim-plan\/\">PRIM PLAN<\/a><\/span><span class=\"tdb-bred-no-url-last\">99% din ma\u0219inile v\u00e2ndute \u00een Norvegia \u00een luna august au fost electrice<\/span><\/div>\n<\/div>\n<div class=\"td_block_wrap tdb_single_categories tdi_9 td-pb-border-top td_block_template_1 \" data-td-block-uid=\"tdi_9\">\n<div class=\"tdb-category td-fix-index\"><a class=\"tdb-entry-category\" href=\"https:\/\/r3media.ro\/category\/stiri-prim-plan\/\">PRIM PLAN<\/a><a class=\"tdb-entry-category\" href=\"https:\/\/r3media.ro\/category\/stiri\/\">\u0218TIRI<\/a><\/div>\n<\/div>\n<div class=\"td_block_wrap tdb_title tdi_10 tdb-single-title td-pb-border-top td_block_template_1\" data-td-block-uid=\"tdi_10\">\n<div class=\"tdb-block-inner td-fix-index\">\n<h1 class=\"tdb-title-text\">99% din ma\u0219inile v\u00e2ndute \u00een Norvegia \u00een luna august au fost electrice<\/h1>\n<\/div>\n<\/div>\n<div class=\"vc_row_inner tdi_12  vc_row vc_inner wpb_row td-pb-row\">\n<div class=\"vc_column_inner tdi_14  wpb_column vc_column_container tdc-inner-column td-pb-span12\">\n<div class=\"vc_column-inner\">\n<div class=\"wpb_wrapper\">\n<div class=\"td_block_wrap tdb_single_author tdi_15 td-pb-border-top td_block_template_1 tdb-post-meta\" data-td-block-uid=\"tdi_15\">\n<div class=\"tdb-block-inner td-fix-index\">\n<div class=\"tdb-author-name-wrap\"><a class=\"tdb-author-name\" href=\"https:\/\/r3media.ro\/author\/oana\/\">Oana Ivan<\/a><\/div>\n<\/div>\n<\/div>\n<div class=\"td_block_wrap tdb_single_date tdi_16 td-pb-border-top td_block_template_1 tdb-post-meta\" data-td-block-uid=\"tdi_16\">\n<div class=\"tdb-block-inner td-fix-index\"><time class=\"entry-date updated td-module-date\" datetime=\"2026-09-03T21:12:18+03:00\">03\/09\/2026<\/time><\/div>\n<\/div>\n<\/div>\n<\/div>\n<\/div>\n<\/div>\n<div class=\"td_block_wrap tdb_single_featured_image tdi_17 tdb-content-horiz-left td-pb-border-top td_block_template_1\" data-td-block-uid=\"tdi_17\">\n<div class=\"tdb-block-inner td-fix-index\">\n<figure><figcaption class=\"tdb-caption-text\">Surs\u0103 &#8211; Unsplash<\/figcaption><\/figure>\n<\/div>\n<\/div>\n<div class=\"wpb_wrapper td_block_wrap vc_raw_html tdi_19 \">\n<div class=\"td-fix-index\"><a href=\"https:\/\/www.google.com\/preferences\/source?q=r3media.ro\" target=\"_blank\" rel=\"noopener nofollow\">Ad\u0103uga\u021bi R3media la sursele preferate din Google<\/a><\/div>\n<\/div>\n<div class=\"td_block_wrap tdb_single_content tdi_20 td-pb-border-top td_block_template_1 td-post-content tagdiv-type\" data-td-block-uid=\"tdi_20\">\n<div class=\"tdb-block-inner td-fix-index\">\n<p><strong>Norvegia a \u00eenmatriculat 13.451 de vehicule noi \u00een august, pu\u021bin mai multe dec\u00e2t \u00een aceea\u0219i lun\u0103 din 2025. Totu\u0219i, ponderea <a href=\"https:\/\/r3media.ro\/tag\/masini-electrice\/\" target=\"_blank\" rel=\"noopener\">ma\u0219inilor electrice<\/a> a crescut la 98,7%, fa\u021b\u0103 de 96,9% \u00een august anul trecut, potrivit publica\u021biei <a href=\"https:\/\/aroundprague.cz\/en\/news\/norway-sets-new-record-electric-cars-capture-almost-99-of-new-car-market\" target=\"_blank\" rel=\"noopener\">Around Prague<\/a>.<\/strong><\/p>\n<p>Este un nou record pentru o \u021bar\u0103 care, practic, a trecut deja aproape \u00een \u00eentregime la electricitate. O cre\u0219tere a fost \u00eenregistrat\u0103 \u0219i \u00een segmentul vehiculelor utilitare u\u0219oare. Acolo, modelele electrice au reprezentat 44,9% din cele 3.139 de vehicule \u00eenmatriculate \u00een aceast\u0103 categorie. Aceast\u0103 cifr\u0103 este \u00eenc\u0103 sub recordul absolut stabilit la \u00eenceputul acestui an, c\u00e2nd a ajuns la 53,1%.<\/p>\n<p>Norvegia \u0219i-a stabilit obiectivul de a atinge o electrificare de 100% a v\u00e2nz\u0103rilor de autoturisme noi \u00eenc\u0103 din 2025. Autorit\u0103\u021bile \u021b\u0103rii nu au introdus niciodat\u0103 o interdic\u021bie total\u0103 privind v\u00e2nzarea sau \u00eenmatricularea ma\u0219inilor cu motor cu ardere intern\u0103. Pia\u021ba a trecut la vehicule electrice \u00een mod organic, impulsionat\u0103 de cererea consumatorilor \u0219i de politicile de stimulare guvernamental\u0103.<\/p>\n<p>Volkswagen a condus pia\u021ba norvegian\u0103 \u00een august, urmat\u0103 de Toyota, BMW, Volvo, Xpeng, BYD \u0219i Tesla. Skoda Auto a intrat \u0219i ea \u00een top zece, ocup\u00e2nd locul nou\u0103.<\/p>\n<p>Cel mai bine v\u00e2ndut model al lunii a fost Volkswagen ID.4, urmat de Toyota bZ4X \u0219i BMW iX3. \u00cen v\u00e2nz\u0103rile de la \u00eenceputul anului, Tesla este \u00eenc\u0103 lider, de\u0219i avansul s\u0103u fa\u021b\u0103 de Toyota, aflat\u0103 pe locul doi, s-a redus considerabil.<\/p>\n<h2><strong>\u021a\u0103rile nordice adopt\u0103 ma\u0219inile electrice mult mai repde<\/strong><\/h2>\n<p>\u00a0<\/p>\n<p>\u021a\u0103rile nordice, precum Norvegia, ofer\u0103 stimulente financiare importante pentru cump\u0103rarea ma\u0219inilor electrice. Taxele pentru ma\u0219inile poluante sunt mai mari, iar cele electrice beneficiaz\u0103 de avantaje fiscale.<\/p>\n<p>Un alt motiv este infrastructura foarte bine dezvoltat\u0103 pentru \u00eenc\u0103rcarea ma\u0219inilor electrice. Exist\u0103 numeroase sta\u021bii publice, inclusiv \u00een zone mai pu\u021bin populate, ceea ce \u00eencurajeaz\u0103 oamenii s\u0103 renun\u021be la ma\u0219inile tradi\u021bionale.<\/p>\n<p>\u00cen plus, aceste \u021b\u0103ri acord\u0103 o importan\u021b\u0103 deosebit\u0103 protec\u021biei mediului \u0219i reducerii emisiilor de carbon. Norvegienii sunt obi\u0219nui\u021bi cu politici ecologice, iar tranzi\u021bia c\u0103tre transportul electric este sus\u021binut\u0103 de stat \u0219i popula\u021bie.<\/p>\n<p>La fel ca \u00een Norvegia, \u0219i \u00een Danemarca, v\u00e2zn\u0103rile de ma\u0219ini electrice <a href=\"https:\/\/r3media.ro\/vanzari-masini-electrice-explozie-danemarca\/\" target=\"_blank\" rel=\"noopener\">au explodat<\/a>. Datele au ar\u0103tat c\u0103 97% dintre vehiculele achizi\u021bionate de cump\u0103r\u0103torii priva\u021bi \u00een luna iulie au fost complet electrice cu baterii. Un total de 14.562 de autoturisme noi au fost \u00eenmatriculate \u00een Danemarca \u00een iulie. Dintre acestea, 11.672 au fost vehicule electrice cu baterii (BEV). Totalul a reprezentat 80,2% din num\u0103rul total de \u00eenmatricul\u0103ri \u0219i 97% din achizi\u021biile private.<\/p>\n<div class=\"crp_related     crp-masonry\">\n<h2>\u00ceN CONTEXT<\/h2>\n<ul>\n<li><a href=\"https:\/\/r3media.ro\/tara-europa-norvegia-masini-electrice-inmatriculate-cota-ridicata\/\" target=\"_blank\" class=\"crp_link post-120796\"><span class=\"crp_title\">\u021aara din Europa unde aproape toate ma\u0219inile \u00eenmatriculate sune electrice. Cota a ajuns la\u2026<\/span><\/a><\/li>\n<li><a href=\"https:\/\/r3media.ro\/pret-rovinieta-2026-tarife-poluare\/\" target=\"_blank\" class=\"crp_link post-116377\"><span class=\"crp_title\">Ministerul Transporturilor revolu\u021bioneaz\u0103 pre\u021bul Rovinietei (din nou) \u00een 2026: Tarife noi,\u2026<\/span><\/a><\/li>\n<li><a href=\"https:\/\/r3media.ro\/kia-recheama-service-prima-generatie-masini-electrice-e-niro-risc-incendiu\/\" target=\"_blank\" class=\"crp_link post-120931\"><span class=\"crp_title\">Kia recheam\u0103 \u00een service prima genera\u021bie de ma\u0219ini electrice e-Niro din cauza riscului de incendiu<\/span><\/a><\/li>\n<li><a href=\"https:\/\/r3media.ro\/propunere-bruxelles-industria-auto-romania-dacia-ford-otosan\/\" target=\"_blank\" class=\"crp_link post-116333\"><span class=\"crp_title\">Propunere de la Bruxelles cu poten\u021bial impact masiv pentru industria auto din Rom\u00e2nia: Dacia\u2026<\/span><\/a><\/li>\n<li><a href=\"https:\/\/r3media.ro\/masini-electrice-tesla-rechemate-service-china\/\" target=\"_blank\" class=\"crp_link post-121546\"><span class=\"crp_title\">Trei milioane de ma\u0219ini electrice Tesla sunt rechemate \u00een service \u00een China<\/span><\/a><\/li>\n<li><a href=\"https:\/\/r3media.ro\/hyundai-recheama-service-masini-electrice-inster-risc-incendiu\/\" target=\"_blank\" class=\"crp_link post-120703\"><span class=\"crp_title\">Hyundai recheam\u0103 \u00een service zeci de mii de ma\u0219ini electrice din cauza riscului de incendiu<\/span><\/a><\/li>\n<li><a href=\"https:\/\/r3media.ro\/piata-masini-electrice-prabusire-statele-unite-ale-americii-vanzari-scazut-80-credit-fiscal-federal-vehicule-prietenoase-mediu-eliminat-donald-trump\/\" target=\"_blank\" class=\"crp_link post-114057\"><span class=\"crp_title\">Pia\u021ba ma\u0219inilor electrice s-a pr\u0103bu\u0219it \u00een Statele Unite ale Americii: V\u00e2nz\u0103rile au sc\u0103zut cu\u2026<\/span><\/a><\/li>\n<li><a href=\"https:\/\/r3media.ro\/europa-vanzari-masini-electrice-china-america-de-nord\/\" target=\"_blank\" class=\"crp_link post-116212\"><span class=\"crp_title\">Europa, singurul continent unde v\u00e2nz\u0103rile de ma\u0219ini electrice au crescut. China \u0219i America\u2026<\/span><\/a><\/li>\n<\/ul>\n<\/div>\n<\/div>\n<\/div>\n<div class=\"td_block_wrap tdb_single_tags tdi_21 td-pb-border-top td_block_template_1\" data-td-block-uid=\"tdi_21\">\n<div class=\"tdb-block-inner td-fix-index\">\n<ul class=\"tdb-tags\">\n<li><span>SUBIECTE FIERBIN\u021aI<\/span><\/li>\n<li><a href=\"https:\/\/r3media.ro\/tag\/masini-electrice\/\">masini electrice<\/a><\/li>\n<li><a href=\"https:\/\/r3media.ro\/tag\/norvegia\/\">norvegia<\/a><\/li>\n<\/ul>\n<\/div>\n<\/div>\n<div class=\"td_block_wrap td_block_9 tdi_22 td_with_ajax_pagination td-pb-border-top td_block_template_1 td-column-2 td_block_padding td_block_bot_line\" data-td-block-uid=\"tdi_22\">\n<div class=\"td-block-title-wrap\">\n<h4 class=\"block-title td-block-title\"><span class=\"td-pulldown-size\">CITE\u0218TE MAI MULT<\/span><\/h4>\n<\/div>\n<div id=\"tdi_22\" class=\"td_block_inner\">\n<div class=\"td-block-row\">\n<div class=\"td-block-span6\">\n<div class=\"td_module_8 td_module_wrap\">\n<div class=\"item-details\">\n<h3 class=\"entry-title td-module-title\"><a href=\"https:\/\/r3media.ro\/usr-ca-partid-revolutionar-1\/\" rel=\"bookmark\" title=\"USR ca partid revolu\u021bionar (1)\">USR ca partid revolu\u021bionar (1)<\/a><\/h3>\n<div class=\"td-module-meta-info\"><a href=\"https:\/\/r3media.ro\/category\/economie\/\" class=\"td-post-category\">ECONOMIE<\/a><span class=\"td-post-author-name\"><a href=\"https:\/\/r3media.ro\/author\/dragoman\/\">Drago\u0219 Dragoman<\/a><span>&#8211;<\/span><\/span><span class=\"td-post-date\"><time class=\"entry-date updated td-module-date\" datetime=\"2026-09-03T10:01:00+03:00\">03\/09\/2026<\/time><\/span><\/div>\n<\/div>\n<\/div>\n<\/div>\n<div class=\"td-block-span6\">\n<div class=\"td_module_8 td_module_wrap\">\n<div class=\"item-details\">\n<h3 class=\"entry-title td-module-title\"><a href=\"https:\/\/r3media.ro\/achtung-pnrr-iada-nu-e-mineriada\/\" rel=\"bookmark\" title=\"Achtung: \u201ePNRR-iada\u201d nu e \u201emineriad\u0103\u201d!\">Achtung: \u201ePNRR-iada\u201d nu e \u201emineriad\u0103\u201d!<\/a><\/h3>\n<div class=\"td-module-meta-info\"><a href=\"https:\/\/r3media.ro\/category\/opinii\/\" class=\"td-post-category\">OPINII<\/a><span class=\"td-post-author-name\"><a href=\"https:\/\/r3media.ro\/author\/cosmintinta\/\">Cosmin \u021a\u00eent\u0103<\/a><span>&#8211;<\/span><\/span><span class=\"td-post-date\"><time class=\"entry-date updated td-module-date\" datetime=\"2026-09-03T11:48:32+03:00\">03\/09\/2026<\/time><\/span><\/div>\n<\/div>\n<\/div>\n<\/div>\n<\/div>\n<div class=\"td-block-row\">\n<div class=\"td-block-span6\">\n<div class=\"td_module_8 td_module_wrap\">\n<div class=\"item-details\">\n<h3 class=\"entry-title td-module-title\"><a href=\"https:\/\/r3media.ro\/radu-georgescu-scadere-puternica-bursa-de-valori-bucuresti-bvb\/\" rel=\"bookmark\" title=\"Radu Georgescu trage linie dup\u0103 o sc\u0103dere puternic\u0103 pe Bursa de Valori Bucure\u0219ti (BVB): S\u0103 fie economie\">Radu Georgescu trage linie dup\u0103 o sc\u0103dere puternic\u0103 pe Bursa de Valori Bucure\u0219ti (BVB):&#8230;<\/a><\/h3>\n<div class=\"td-module-meta-info\"><a href=\"https:\/\/r3media.ro\/category\/economie\/\" class=\"td-post-category\">ECONOMIE<\/a><span class=\"td-post-author-name\"><a href=\"https:\/\/r3media.ro\/author\/oana\/\">Oana Ivan<\/a><span>&#8211;<\/span><\/span><span class=\"td-post-date\"><time class=\"entry-date updated td-module-date\" datetime=\"2026-08-31T21:22:43+03:00\">31\/08\/2026<\/time><\/span><\/div>\n<\/div>\n<\/div>\n<\/div>\n<div class=\"td-block-span6\">\n<div class=\"td_module_8 td_module_wrap\">\n<div class=\"item-details\">\n<h3 class=\"entry-title td-module-title\"><a href=\"https:\/\/r3media.ro\/cod-urbanism-interzicere-masini-oras-15-minute\/\" rel=\"bookmark\" title=\"A fost adoptat noul Cod al Urbanismului. Interzicerea ma\u0219inilor poluante \u00een unele zone urbane, ora\u0219ul de 15 minute devin norme\">A fost adoptat noul Cod al Urbanismului. Interzicerea ma\u0219inilor poluante \u00een unele zone urbane,&#8230;<\/a><\/h3>\n<div class=\"td-module-meta-info\"><a href=\"https:\/\/r3media.ro\/category\/stiri\/\" class=\"td-post-category\">\u0218TIRI<\/a><span class=\"td-post-author-name\"><a href=\"https:\/\/r3media.ro\/author\/teodor_stan\/\">Teodor Stan<\/a><span>&#8211;<\/span><\/span><span class=\"td-post-date\"><time class=\"entry-date updated td-module-date\" datetime=\"2026-08-27T11:31:03+03:00\">27\/08\/2026<\/time><\/span><\/div>\n<\/div>\n<\/div>\n<\/div>\n<\/div>\n<div class=\"td-block-row\">\n<div class=\"td-block-span6\">\n<div class=\"td_module_8 td_module_wrap\">\n<div class=\"item-details\">\n<h3 class=\"entry-title td-module-title\"><a href=\"https:\/\/r3media.ro\/actor-alex-bogdan-nicusor-dan-video\/\" rel=\"bookmark\" title=\"VIDEO | Actorul Alex Bogdan: \u00cemi e sc\u00e2rb\u0103 c\u0103 mi-am pus la b\u0103taie reputa\u021bia, familia \u0219i energia pentru Nicu\u0219or Dan. Pentru ce? Dac\u0103-l v\u0103d vreodat\u0103 \u00een fa\u021ba mea, \u00eel scuip!\">VIDEO | Actorul Alex Bogdan: \u00cemi e sc\u00e2rb\u0103 c\u0103 mi-am pus la b\u0103taie reputa\u021bia,&#8230;<\/a><\/h3>\n<div class=\"td-module-meta-info\"><a href=\"https:\/\/r3media.ro\/category\/stiri\/\" class=\"td-post-category\">\u0218TIRI<\/a><span class=\"td-post-author-name\"><a href=\"https:\/\/r3media.ro\/author\/oana\/\">Oana Ivan<\/a><span>&#8211;<\/span><\/span><span class=\"td-post-date\"><time class=\"entry-date updated td-module-date\" datetime=\"2026-08-28T21:43:58+03:00\">28\/08\/2026<\/time><\/span><\/div>\n<\/div>\n<\/div>\n<\/div>\n<div class=\"td-block-span6\">\n<div class=\"td_module_8 td_module_wrap\">\n<div class=\"item-details\">\n<h3 class=\"entry-title td-module-title\"><a href=\"https:\/\/r3media.ro\/stapanul-inelelor-vanatoarea-lui-gollum-regizor-andy-serkis-actori-intineriti-inteligenta-artificiala\/\" rel=\"bookmark\" title=\"St\u0103p\u00e2nul Inelelor: V\u00e2n\u0103toarea lui Gollum. Regizorul Andy Serkis a confirmat c\u0103 actorii originari care revin vor fi \u00eentineri\u021bi cu ajutorul inteligen\u021bei artificiale (IA)\">St\u0103p\u00e2nul Inelelor: V\u00e2n\u0103toarea lui Gollum. Regizorul Andy Serkis a confirmat c\u0103 actorii originari care&#8230;<\/a><\/h3>\n<div class=\"td-module-meta-info\"><a href=\"https:\/\/r3media.ro\/category\/actualitate\/\" class=\"td-post-category\">ACTUALITATE<\/a><span class=\"td-post-author-name\"><a href=\"https:\/\/r3media.ro\/author\/oana\/\">Oana Ivan<\/a><span>&#8211;<\/span><\/span><span class=\"td-post-date\"><time class=\"entry-date updated td-module-date\" datetime=\"2026-08-28T21:45:04+03:00\">28\/08\/2026<\/time><\/span><\/div>\n<\/div>\n<\/div>\n<\/div>\n<\/div>\n<div class=\"td-block-row\">\n<div class=\"td-block-span6\">\n<div class=\"td_module_8 td_module_wrap\">\n<div class=\"item-details\">\n<h3 class=\"entry-title td-module-title\"><a href=\"https:\/\/r3media.ro\/america-implicare-capete-razboiul-din-iugoslavia\/\" rel=\"bookmark\" title=\"Cum a jucat America la toate capetele r\u0103zboiului din fosta Iugoslavie\">Cum a jucat America la toate capetele r\u0103zboiului din fosta Iugoslavie<\/a><\/h3>\n<div class=\"td-module-meta-info\"><a href=\"https:\/\/r3media.ro\/category\/actualitate\/\" class=\"td-post-category\">ACTUALITATE<\/a><span class=\"td-post-author-name\"><a href=\"https:\/\/r3media.ro\/author\/radu_ursan\/\">Radu Ursan<\/a><span>&#8211;<\/span><\/span><span class=\"td-post-date\"><time class=\"entry-date updated td-module-date\" datetime=\"2026-08-26T19:58:22+03:00\">26\/08\/2026<\/time><\/span><\/div>\n<\/div>\n<\/div>\n<\/div>\n<div class=\"td-block-span6\">\n<div class=\"td_module_8 td_module_wrap\">\n<div class=\"item-details\">\n<h3 class=\"entry-title td-module-title\"><a href=\"https:\/\/r3media.ro\/jurnalista-liliana-ruse-digi24-cancer-tratament-povara-financiara\/\" rel=\"bookmark\" title=\"Jurnalista Liliana Ruse de la Digi24 se lupt\u0103 cu o form\u0103 de cancer \u0219i \u00ee\u0219i procur\u0103 singur\u0103 tratamentul: Nu mi se pare normal s\u0103 mai suport o asemenea povar\u0103 financiar\u0103\">Jurnalista Liliana Ruse de la Digi24 se lupt\u0103 cu o form\u0103 de cancer \u0219i&#8230;<\/a><\/h3>\n<div class=\"td-module-meta-info\"><a href=\"https:\/\/r3media.ro\/category\/actualitate\/\" class=\"td-post-category\">ACTUALITATE<\/a><span class=\"td-post-author-name\"><a href=\"https:\/\/r3media.ro\/author\/oana\/\">Oana Ivan<\/a><span>&#8211;<\/span><\/span><span class=\"td-post-date\"><time class=\"entry-date updated td-module-date\" datetime=\"2026-08-26T11:35:58+03:00\">26\/08\/2026<\/time><\/span><\/div>\n<\/div>\n<\/div>\n<\/div>\n<\/div>\n<div class=\"td-block-row\">\n<div class=\"td-block-span6\">\n<div class=\"td_module_8 td_module_wrap\">\n<div class=\"item-details\">\n<h3 class=\"entry-title td-module-title\"><a href=\"https:\/\/r3media.ro\/asociatia-parakletos-ong-banci-franci-elvetieni\/\" rel=\"bookmark\" title=\"Asocia\u021bia Parakletos a disp\u0103rut, oficial. ONG-ul a fost distrus de procesul contra b\u0103ncilor care oferiser\u0103 credite \u00een franci elve\u021bieni\">Asocia\u021bia Parakletos a disp\u0103rut, oficial. ONG-ul a fost distrus de procesul contra b\u0103ncilor care&#8230;<\/a><\/h3>\n<div class=\"td-module-meta-info\"><a href=\"https:\/\/r3media.ro\/category\/actualitate\/\" class=\"td-post-category\">ACTUALITATE<\/a><span class=\"td-post-author-name\"><a href=\"https:\/\/r3media.ro\/author\/redactia\/\">Redac\u021bia<\/a><span>&#8211;<\/span><\/span><span class=\"td-post-date\"><time class=\"entry-date updated td-module-date\" datetime=\"2026-08-24T11:50:15+03:00\">24\/08\/2026<\/time><\/span><\/div>\n<\/div>\n<\/div>\n<\/div>\n<div class=\"td-block-span6\">\n<div class=\"td_module_8 td_module_wrap\">\n<div class=\"item-details\">\n<h3 class=\"entry-title td-module-title\"><a href=\"https:\/\/r3media.ro\/drona-aeriana-incarcata-explozibil-ajunsa-plaja-tuzla-ucraineana\/\" rel=\"bookmark\" title=\"VIDEO | O dron\u0103 aerian\u0103 \u00eenc\u0103rcat\u0103 cu explozibil \u0219i ajuns\u0103 pe plaja Tuzla s-a dovedit a fi ucrainean\u0103\">VIDEO | O dron\u0103 aerian\u0103 \u00eenc\u0103rcat\u0103 cu explozibil \u0219i ajuns\u0103 pe plaja Tuzla s-a&#8230;<\/a><\/h3>\n<div class=\"td-module-meta-info\"><a href=\"https:\/\/r3media.ro\/category\/actualitate\/\" class=\"td-post-category\">ACTUALITATE<\/a><span class=\"td-post-author-name\"><a href=\"https:\/\/r3media.ro\/author\/oana\/\">Oana Ivan<\/a><span>&#8211;<\/span><\/span><span class=\"td-post-date\"><time class=\"entry-date updated td-module-date\" datetime=\"2026-08-22T21:13:17+03:00\">22\/08\/2026<\/time><\/span><\/div>\n<\/div>\n<\/div>\n<\/div>\n<\/div>\n<div class=\"td-block-row\">\n<div class=\"td-block-span6\">\n<div class=\"td_module_8 td_module_wrap\">\n<div class=\"item-details\">\n<h3 class=\"entry-title td-module-title\"><a href=\"https:\/\/r3media.ro\/stapanul-ineleor-inelele-puterii-producator-patrick-mckay-public\/\" rel=\"bookmark\" title=\"St\u0103p\u00e2nul Inelelor: Inelele Puterii. Produc\u0103torul Patrick McKay: Nu cred c\u0103 publicul este cu adev\u0103rat preg\u0103tit pentru ceea ce urmeaz\u0103 de data aceasta\">St\u0103p\u00e2nul Inelelor: Inelele Puterii. Produc\u0103torul Patrick McKay: Nu cred c\u0103 publicul este cu adev\u0103rat&#8230;<\/a><\/h3>\n<div class=\"td-module-meta-info\"><a href=\"https:\/\/r3media.ro\/category\/actualitate\/\" class=\"td-post-category\">ACTUALITATE<\/a><span class=\"td-post-author-name\"><a href=\"https:\/\/r3media.ro\/author\/oana\/\">Oana Ivan<\/a><span>&#8211;<\/span><\/span><span class=\"td-post-date\"><time class=\"entry-date updated td-module-date\" datetime=\"2026-08-21T23:24:20+03:00\">21\/08\/2026<\/time><\/span><\/div>\n<\/div>\n<\/div>\n<\/div>\n<div class=\"td-block-span6\">\n<div class=\"td_module_8 td_module_wrap\">\n<div class=\"item-details\">\n<h3 class=\"entry-title td-module-title\"><a href=\"https:\/\/r3media.ro\/ultimul-climat\/\" rel=\"bookmark\" title=\"Ultimul climat\u00a0\u00a0\u00a0\u00a0\u00a0\">Ultimul climat\u00a0\u00a0\u00a0\u00a0\u00a0<\/a><\/h3>\n<div class=\"td-module-meta-info\"><a href=\"https:\/\/r3media.ro\/category\/opinii\/\" class=\"td-post-category\">OPINII<\/a><span class=\"td-post-author-name\"><a href=\"https:\/\/r3media.ro\/author\/tru\/\">TRU (Traian Ungureanu)<\/a><span>&#8211;<\/span><\/span><span class=\"td-post-date\"><time class=\"entry-date updated td-module-date\" datetime=\"2026-08-20T19:12:13+03:00\">20\/08\/2026<\/time><\/span><\/div>\n<\/div>\n<\/div>\n<\/div>\n<\/div>\n<\/div>\n<div class=\"td-load-more-wrap td-load-more-infinite-wrap\" id=\"infinite-lm-tdi_22\"><a href=\"https:\/\/r3media.ro\/masinile-electrice-vandute-norvegia-august-2026\/\" class=\"td_ajax_load_more td_ajax_load_more_js\" aria-label=\"\u00cenc\u0103rca\u021bi mai multe\" id=\"next-page-tdi_22\" data-td_block_id=\"tdi_22\">\u00cenc\u0103rca\u021bi mai multe<\/a><\/div>\n<\/div>\n<div class=\"td_block_wrap tdb_single_comments tdi_23 tdb-comm-layout2 td-pb-border-top td_block_template_1\" data-td-block-uid=\"tdi_23\">\n<div class=\"tdb-block-inner td-fix-index\">\n<div class=\"comments\" id=\"comments\">\n<div id=\"respond\" class=\"comment-respond\">\n<h3 id=\"reply-title\" class=\"comment-reply-title\">AI CEVA DE SPUS? <small><a rel=\"nofollow\" id=\"cancel-comment-reply-link\" href=\"https:\/\/r3media.ro\/masinile-electrice-vandute-norvegia-august-2026\/#respond\">Renun\u021ba\u021bi la r\u0103spuns<\/a><\/small><\/h3>\n<div class=\"comment-form-input-wrap td-form-comment\">\n<div class=\"td-warning-comment\">V\u0103 rug\u0103m s\u0103 introduce\u021bi comentariul dvs.!<\/div>\n<\/div>\n<div class=\"comment-form-input-wrap td-form-author\">\n<div class=\"td-warning-author\">Introduce\u021bi aici numele dvs.<\/div>\n<\/div>\n<div class=\"comment-form-input-wrap td-form-email\">\n<div class=\"td-warning-email-error\">A\u021bi introdus o adres\u0103 de e-mail incorect\u0103!<\/div>\n<div class=\"td-warning-email\">V\u0103 rug\u0103m s\u0103 introduce\u021bi adresa dvs. de e-mail aici<\/div>\n<\/div>\n<\/div>\n<\/div>\n<\/div>\n<\/div>\n<\/div>\n<\/div>\n<div class=\"vc_column tdi_25  wpb_column vc_column_container tdc-column td-pb-span4 td-is-sticky\">\n<div class=\"wpb_wrapper\" data-sticky-enabled-on=\"W3RydWUsdHJ1ZSx0cnVlLHRydWVd\" data-sticky-offset=\"20\" data-sticky-is-width-auto=\"W2ZhbHNlLGZhbHNlLGZhbHNlLGZhbHNlXQ==\">\n<div class=\"wpb_wrapper td_block_wrap vc_widget_sidebar tdi_27 \">\n<div class=\"td_block_wrap td_block_7 td_block_widget tdi_28 td-pb-border-top td_block_template_1 td-column-1 td_block_padding\" data-td-block-uid=\"tdi_28\">\n<div class=\"td-block-title-wrap\">\n<h4 class=\"block-title td-block-title\"><span class=\"td-pulldown-size\">Articole RELA\u021aIONATE<\/span><\/h4>\n<\/div>\n<div id=\"tdi_28\" class=\"td_block_inner\">\n<div class=\"td-block-span12\">\n<div class=\"td_module_6 td_module_wrap td-animation-stack\">\n<div class=\"td-module-thumb\"><a href=\"https:\/\/r3media.ro\/ccr-destructureaza-conduceri-tvr-radio-romania-dupa-sesizarea-aur\/\" rel=\"bookmark\" class=\"td-image-wrap \" title=\"CCR destructureaz\u0103 conducerile TVR \u0219i Radio Rom\u00e2nia dup\u0103 sesizarea AUR\"><img loading=\"lazy\" decoding=\"async\" class=\"entry-thumb\" src=\"https:\/\/r3media.ro\/wp-content\/uploads\/2026\/07\/conducere-aur-100x70.jpg\" alt title=\"CCR destructureaz\u0103 conducerile TVR \u0219i Radio Rom\u00e2nia dup\u0103 sesizarea AUR\" width=\"100\" height=\"70\"><\/a><\/div>\n<div class=\"item-details\">\n<h3 class=\"entry-title td-module-title\"><a href=\"https:\/\/r3media.ro\/ccr-destructureaza-conduceri-tvr-radio-romania-dupa-sesizarea-aur\/\" rel=\"bookmark\" title=\"CCR destructureaz\u0103 conducerile TVR \u0219i Radio Rom\u00e2nia dup\u0103 sesizarea AUR\">CCR destructureaz\u0103 conducerile TVR \u0219i Radio Rom\u00e2nia dup\u0103 sesizarea AUR<\/a><\/h3>\n<div class=\"td-module-meta-info\"><span class=\"td-post-date\"><time class=\"entry-date updated td-module-date\" datetime=\"2026-09-03T22:27:18+03:00\">03\/09\/2026<\/time><\/span><\/div>\n<\/div>\n<\/div>\n<\/div>\n<div class=\"td-block-span12\">\n<div class=\"td_module_6 td_module_wrap td-animation-stack\">\n<div class=\"td-module-thumb\"><a href=\"https:\/\/r3media.ro\/4-septembrie-sf-vavila-si-sf-proroc-moise\/\" rel=\"bookmark\" class=\"td-image-wrap \" title=\"Calendarul zilei 4 septembrie: Sf. Vavila \u0219i Sf. Proroc Moise\"><img loading=\"lazy\" decoding=\"async\" class=\"entry-thumb\" src=\"https:\/\/r3media.ro\/wp-content\/uploads\/2023\/09\/sddefault-2-100x70.jpg\" alt title=\"Calendarul zilei 4 septembrie: Sf. Vavila \u0219i Sf. Proroc Moise\" width=\"100\" height=\"70\"><\/a><\/div>\n<div class=\"item-details\">\n<h3 class=\"entry-title td-module-title\"><a href=\"https:\/\/r3media.ro\/4-septembrie-sf-vavila-si-sf-proroc-moise\/\" rel=\"bookmark\" title=\"Calendarul zilei 4 septembrie: Sf. Vavila \u0219i Sf. Proroc Moise\">Calendarul zilei 4 septembrie: Sf. Vavila \u0219i Sf. Proroc Moise<\/a><\/h3>\n<div class=\"td-module-meta-info\"><span class=\"td-post-date\"><time class=\"entry-date updated td-module-date\" datetime=\"2026-09-03T22:22:16+03:00\">03\/09\/2026<\/time><\/span><\/div>\n<\/div>\n<\/div>\n<\/div>\n<div class=\"td-block-span12\">\n<div class=\"td_module_6 td_module_wrap td-animation-stack\">\n<div class=\"td-module-thumb\"><a href=\"https:\/\/r3media.ro\/nicusor-dan-eliminare-scutire-accize-bauturi-traditionale-200litri\/\" rel=\"bookmark\" class=\"td-image-wrap \" title=\"La cererea lui Nicu\u0219or Dan, Senatul a eliminat scutirea de accize pentru b\u0103uturile alcoolice tradi\u021bionale, care nu sunt destinate v\u00e2nz\u0103rii, \u00een limita a 200 litri anual pe o gospod\u0103rie\"><img loading=\"lazy\" decoding=\"async\" class=\"entry-thumb\" src=\"https:\/\/r3media.ro\/wp-content\/uploads\/2026\/09\/nicusor-dan-tuica-100x70.jpg\" alt title=\"La cererea lui Nicu\u0219or Dan, Senatul a eliminat scutirea de accize pentru b\u0103uturile alcoolice tradi\u021bionale, care nu sunt destinate v\u00e2nz\u0103rii, \u00een limita a 200 litri anual pe o gospod\u0103rie\" width=\"100\" height=\"70\"><\/a><\/div>\n<div class=\"item-details\">\n<h3 class=\"entry-title td-module-title\"><a href=\"https:\/\/r3media.ro\/nicusor-dan-eliminare-scutire-accize-bauturi-traditionale-200litri\/\" rel=\"bookmark\" title=\"La cererea lui Nicu\u0219or Dan, Senatul a eliminat scutirea de accize pentru b\u0103uturile alcoolice tradi\u021bionale, care nu sunt destinate v\u00e2nz\u0103rii, \u00een limita a 200 litri anual pe o gospod\u0103rie\">La cererea lui Nicu\u0219or Dan, Senatul a eliminat scutirea de accize&#8230;<\/a><\/h3>\n<div class=\"td-module-meta-info\"><span class=\"td-post-date\"><time class=\"entry-date updated td-module-date\" datetime=\"2026-09-03T21:43:29+03:00\">03\/09\/2026<\/time><\/span><\/div>\n<\/div>\n<\/div>\n<\/div>\n<div class=\"td-block-span12\">\n<div class=\"td_module_6 td_module_wrap td-animation-stack\">\n<div class=\"td-module-thumb\"><a href=\"https:\/\/r3media.ro\/dupa-ursi-acum-si-lupii-terorizeaza-romanii-autoritatile-nu-pot-interveni-deoarece-legea-protejeaza-animalele\/\" rel=\"bookmark\" class=\"td-image-wrap \" title=\"Dup\u0103 ur\u0219i, acum \u0219i lupii terorizeaz\u0103 rom\u00e2nii: Autorit\u0103\u021bile nu pot interveni, deoarece legea protejeaz\u0103 animalele\"><img loading=\"lazy\" decoding=\"async\" class=\"entry-thumb\" src=\"https:\/\/r3media.ro\/wp-content\/uploads\/2026\/09\/lupii-merg-pe-ulita-100x70.jpg\" alt title=\"Dup\u0103 ur\u0219i, acum \u0219i lupii terorizeaz\u0103 rom\u00e2nii: Autorit\u0103\u021bile nu pot interveni, deoarece legea protejeaz\u0103 animalele\" width=\"100\" height=\"70\"><\/a><\/div>\n<div class=\"item-details\">\n<h3 class=\"entry-title td-module-title\"><a href=\"https:\/\/r3media.ro\/dupa-ursi-acum-si-lupii-terorizeaza-romanii-autoritatile-nu-pot-interveni-deoarece-legea-protejeaza-animalele\/\" rel=\"bookmark\" title=\"Dup\u0103 ur\u0219i, acum \u0219i lupii terorizeaz\u0103 rom\u00e2nii: Autorit\u0103\u021bile nu pot interveni, deoarece legea protejeaz\u0103 animalele\">Dup\u0103 ur\u0219i, acum \u0219i lupii terorizeaz\u0103 rom\u00e2nii: Autorit\u0103\u021bile nu pot interveni,&#8230;<\/a><\/h3>\n<div class=\"td-module-meta-info\"><span class=\"td-post-date\"><time class=\"entry-date updated td-module-date\" datetime=\"2026-09-03T21:10:47+03:00\">03\/09\/2026<\/time><\/span><\/div>\n<\/div>\n<\/div>\n<\/div>\n<div class=\"td-block-span12\">\n<div class=\"td_module_6 td_module_wrap td-animation-stack\">\n<div class=\"td-module-thumb\"><a href=\"https:\/\/r3media.ro\/analiza-decizia-cna-inregistrare-creatori-continut-online-reduce-voci-independente-social-media\/\" rel=\"bookmark\" class=\"td-image-wrap \" title=\"ANALIZ\u0102: Decizia CNA de a \u00eenregistra la stat creatorii de con\u021binut din online va reduce drastic num\u0103rul vocilor independente din social media\"><img loading=\"lazy\" decoding=\"async\" class=\"entry-thumb\" src=\"https:\/\/r3media.ro\/wp-content\/uploads\/2025\/03\/jucan-nazism-100x70.jpg\" alt title=\"ANALIZ\u0102: Decizia CNA de a \u00eenregistra la stat creatorii de con\u021binut din online va reduce drastic num\u0103rul vocilor independente din social media\" width=\"100\" height=\"70\"><\/a><\/div>\n<div class=\"item-details\">\n<h3 class=\"entry-title td-module-title\"><a href=\"https:\/\/r3media.ro\/analiza-decizia-cna-inregistrare-creatori-continut-online-reduce-voci-independente-social-media\/\" rel=\"bookmark\" title=\"ANALIZ\u0102: Decizia CNA de a \u00eenregistra la stat creatorii de con\u021binut din online va reduce drastic num\u0103rul vocilor independente din social media\">ANALIZ\u0102: Decizia CNA de a \u00eenregistra la stat creatorii de con\u021binut&#8230;<\/a><\/h3>\n<div class=\"td-module-meta-info\"><span class=\"td-post-date\"><time class=\"entry-date updated td-module-date\" datetime=\"2026-09-03T17:12:20+03:00\">03\/09\/2026<\/time><\/span><\/div>\n<\/div>\n<\/div>\n<\/div>\n<div class=\"td-block-span12\">\n<div class=\"td_module_6 td_module_wrap td-animation-stack\">\n<div class=\"td-module-thumb\"><a href=\"https:\/\/r3media.ro\/patriarhul-daniel-mesaj-nicusor-dan-patriarh-importanta-familie-casatorie\/\" rel=\"bookmark\" class=\"td-image-wrap \" title=\"Patriarhul Daniel, mesaj pentru Nicu\u0219or Dan? Patriarhul a subliniat tinerilor ortodoc\u0219i importan\u021ba familiei bazate pe C\u0102S\u0102TORIE\"><img loading=\"lazy\" decoding=\"async\" class=\"entry-thumb\" src=\"https:\/\/r3media.ro\/wp-content\/uploads\/2026\/09\/pf-daniel-nicusor-dan-100x70.webp\" alt title=\"Patriarhul Daniel, mesaj pentru Nicu\u0219or Dan? Patriarhul a subliniat tinerilor ortodoc\u0219i importan\u021ba familiei bazate pe C\u0102S\u0102TORIE\" width=\"100\" height=\"70\"><\/a><\/div>\n<div class=\"item-details\">\n<h3 class=\"entry-title td-module-title\"><a href=\"https:\/\/r3media.ro\/patriarhul-daniel-mesaj-nicusor-dan-patriarh-importanta-familie-casatorie\/\" rel=\"bookmark\" title=\"Patriarhul Daniel, mesaj pentru Nicu\u0219or Dan? Patriarhul a subliniat tinerilor ortodoc\u0219i importan\u021ba familiei bazate pe C\u0102S\u0102TORIE\">Patriarhul Daniel, mesaj pentru Nicu\u0219or Dan? Patriarhul a subliniat tinerilor ortodoc\u0219i&#8230;<\/a><\/h3>\n<div class=\"td-module-meta-info\"><span class=\"td-post-date\"><time class=\"entry-date updated td-module-date\" datetime=\"2026-09-03T12:44:02+03:00\">03\/09\/2026<\/time><\/span><\/div>\n<\/div>\n<\/div>\n<\/div>\n<div class=\"td-block-span12\">\n<div class=\"td_module_6 td_module_wrap td-animation-stack\">\n<div class=\"td-module-thumb\"><a href=\"https:\/\/r3media.ro\/achtung-pnrr-iada-nu-e-mineriada\/\" rel=\"bookmark\" class=\"td-image-wrap \" title=\"Achtung: \u201ePNRR-iada\u201d nu e \u201emineriad\u0103\u201d!\"><img loading=\"lazy\" decoding=\"async\" class=\"entry-thumb\" src=\"https:\/\/r3media.ro\/wp-content\/uploads\/2026\/09\/fritz-ursula-100x70.png\" alt title=\"Achtung: \u201ePNRR-iada\u201d nu e \u201emineriad\u0103\u201d!\" width=\"100\" height=\"70\"><\/a><\/div>\n<div class=\"item-details\">\n<h3 class=\"entry-title td-module-title\"><a href=\"https:\/\/r3media.ro\/achtung-pnrr-iada-nu-e-mineriada\/\" rel=\"bookmark\" title=\"Achtung: \u201ePNRR-iada\u201d nu e \u201emineriad\u0103\u201d!\">Achtung: \u201ePNRR-iada\u201d nu e \u201emineriad\u0103\u201d!<\/a><\/h3>\n<div class=\"td-module-meta-info\"><span class=\"td-post-date\"><time class=\"entry-date updated td-module-date\" datetime=\"2026-09-03T11:48:32+03:00\">03\/09\/2026<\/time><\/span><\/div>\n<\/div>\n<\/div>\n<\/div>\n<\/div>\n<\/div>\n<aside class=\"td_block_template_1 widget widget_recent_comments\">\n<h4 class=\"block-title\"><span>INTR\u0102 \u00ceN DISCU\u021aIE!<\/span><\/h4>\n<ul id=\"recentcomments\">\n<li class=\"recentcomments\"><span class=\"comment-author-link\">Nelu<\/span> la <a href=\"https:\/\/r3media.ro\/achtung-pnrr-iada-nu-e-mineriada\/#comment-40456\">Achtung: \u201ePNRR-iada\u201d nu e \u201emineriad\u0103\u201d!<\/a><\/li>\n<li class=\"recentcomments\"><span class=\"comment-author-link\">Arhanghelul Mihail<\/span> la <a href=\"https:\/\/r3media.ro\/patriarhul-daniel-mesaj-nicusor-dan-patriarh-importanta-familie-casatorie\/#comment-40455\">Patriarhul Daniel, mesaj pentru Nicu\u0219or Dan? Patriarhul a subliniat tinerilor ortodoc\u0219i importan\u021ba familiei bazate pe C\u0102S\u0102TORIE<\/a><\/li>\n<li class=\"recentcomments\"><span class=\"comment-author-link\">Arhanghelul Mihail<\/span> la <a href=\"https:\/\/r3media.ro\/aur-denunt-dna-contracte-safe-guvernul-bolojan\/#comment-40454\">AUR face denun\u021b la DNA \u00een leg\u0103tur\u0103 cu atribuirea contractelor de 16,7 miliarde de euro prin SAFE de Guvernul Bolojan<\/a><\/li>\n<li class=\"recentcomments\"><span class=\"comment-author-link\">Nicu<\/span> la <a href=\"https:\/\/r3media.ro\/bucurestiul-anexa-berlinului-mae-al-romaniei-conoaca-ambasador-rusiei-pentru-incidente-germania\/#comment-40453\">Bucure\u0219tiul, anexa Berlinului. MAE al Rom\u00e2niei \u00eel convoac\u0103 pe ambasadorul Rusiei pentru incidente petrecute \u00een Germania<\/a><\/li>\n<li class=\"recentcomments\"><span class=\"comment-author-link\">Cet\u0103\u021bean<\/span> la <a href=\"https:\/\/r3media.ro\/bucurestiul-anexa-berlinului-mae-al-romaniei-conoaca-ambasador-rusiei-pentru-incidente-germania\/#comment-40452\">Bucure\u0219tiul, anexa Berlinului. MAE al Rom\u00e2niei \u00eel convoac\u0103 pe ambasadorul Rusiei pentru incidente petrecute \u00een Germania<\/a><\/li>\n<li class=\"recentcomments\"><span class=\"comment-author-link\">E.T.<\/span> la <a href=\"https:\/\/r3media.ro\/oare-poporul-mai-are-rabdare\/#comment-40451\">Oare poporul mai are r\u0103bdare?<\/a><\/li>\n<li class=\"recentcomments\"><span class=\"comment-author-link\">anonim<\/span> la <a href=\"https:\/\/r3media.ro\/nicusor-dan-ito-2026-discursul-nu-a-starnit-entuziasm-printre-participanti\/#comment-40450\">Nicu\u0219or Dan, la deschiderea \u00cent\u00e2lnirii Tinerilor Ortodoc\u0219i 2026. Discursul nu a st\u00e2rnit entuziasm printre participan\u021bi<\/a><\/li>\n<\/ul>\n<\/aside>\n<aside class=\"td_block_template_1 widget widget_search\">\n<h4 class=\"block-title\"><span>CAUT\u0102 \u0218I VEI G\u0102SI<\/span><\/h4>\n<\/aside>\n<\/div>\n<\/div>\n<\/div>\n<\/div>\n<\/div>\n<\/div>\n<\/div>\n<p><span class=\"td-page-meta\"><\/span><span class=\"td-page-meta\"><span class=\"td-page-meta\"><\/span><\/span><span class=\"td-page-meta\"><\/span><\/article>\n<\/p>\n<div class=\"td_block_wrap tdb_single_content tdi_20 td-pb-border-top td_block_template_1 td-post-content tagdiv-type\" data-td-block-uid=\"tdi_20\">\n<div class=\"tdb-block-inner td-fix-index\">\n<p><strong>Norvegia a \u00eenmatriculat 13.451 de vehicule noi \u00een august, pu\u021bin mai multe dec\u00e2t \u00een aceea\u0219i lun\u0103 din 2025. Totu\u0219i, ponderea <a href=\"https:\/\/r3media.ro\/tag\/masini-electrice\/\" target=\"_blank\" rel=\"noopener\">ma\u0219inilor electrice<\/a> a crescut la 98,7%, fa\u021b\u0103 de 96,9% \u00een august anul trecut, potrivit publica\u021biei <a href=\"https:\/\/aroundprague.cz\/en\/news\/norway-sets-new-record-electric-cars-capture-almost-99-of-new-car-market\" target=\"_blank\" rel=\"noopener\">Around Prague<\/a>.<\/strong><\/p>\n<p>Este un nou record pentru o \u021bar\u0103 care, practic, a trecut deja aproape \u00een \u00eentregime la electricitate. O cre\u0219tere a fost \u00eenregistrat\u0103 \u0219i \u00een segmentul vehiculelor utilitare u\u0219oare. Acolo, modelele electrice au reprezentat 44,9% din cele 3.139 de vehicule \u00eenmatriculate \u00een aceast\u0103 categorie. Aceast\u0103 cifr\u0103 este \u00eenc\u0103 sub recordul absolut stabilit la \u00eenceputul acestui an, c\u00e2nd a ajuns la 53,1%.<\/p>\n<p>Norvegia \u0219i-a stabilit obiectivul de a atinge o electrificare de 100% a v\u00e2nz\u0103rilor de autoturisme noi \u00eenc\u0103 din 2025. Autorit\u0103\u021bile \u021b\u0103rii nu au introdus niciodat\u0103 o interdic\u021bie total\u0103 privind v\u00e2nzarea sau \u00eenmatricularea ma\u0219inilor cu motor cu ardere intern\u0103. Pia\u021ba a trecut la vehicule electrice \u00een mod organic, impulsionat\u0103 de cererea consumatorilor \u0219i de politicile de stimulare guvernamental\u0103.<\/p>\n<p>Volkswagen a condus pia\u021ba norvegian\u0103 \u00een august, urmat\u0103 de Toyota, BMW, Volvo, Xpeng, BYD \u0219i Tesla. Skoda Auto a intrat \u0219i ea \u00een top zece, ocup\u00e2nd locul nou\u0103.<\/p>\n<p>Cel mai bine v\u00e2ndut model al lunii a fost Volkswagen ID.4, urmat de Toyota bZ4X \u0219i BMW iX3. \u00cen v\u00e2nz\u0103rile de la \u00eenceputul anului, Tesla este \u00eenc\u0103 lider, de\u0219i avansul s\u0103u fa\u021b\u0103 de Toyota, aflat\u0103 pe locul doi, s-a redus considerabil.<\/p>\n<h2><strong>\u021a\u0103rile nordice adopt\u0103 ma\u0219inile electrice mult mai repde<\/strong><\/h2>\n<p>\u00a0<\/p>\n<p>\u021a\u0103rile nordice, precum Norvegia, ofer\u0103 stimulente financiare importante pentru cump\u0103rarea ma\u0219inilor electrice. Taxele pentru ma\u0219inile poluante sunt mai mari, iar cele electrice beneficiaz\u0103 de avantaje fiscale.<\/p>\n<p>Un alt motiv este infrastructura foarte bine dezvoltat\u0103 pentru \u00eenc\u0103rcarea ma\u0219inilor electrice. Exist\u0103 numeroase sta\u021bii publice, inclusiv \u00een zone mai pu\u021bin populate, ceea ce \u00eencurajeaz\u0103 oamenii s\u0103 renun\u021be la ma\u0219inile tradi\u021bionale.<\/p>\n<p>\u00cen plus, aceste \u021b\u0103ri acord\u0103 o importan\u021b\u0103 deosebit\u0103 protec\u021biei mediului \u0219i reducerii emisiilor de carbon. Norvegienii sunt obi\u0219nui\u021bi cu politici ecologice, iar tranzi\u021bia c\u0103tre transportul electric este sus\u021binut\u0103 de stat \u0219i popula\u021bie.<\/p>\n<p>La fel ca \u00een Norvegia, \u0219i \u00een Danemarca, v\u00e2zn\u0103rile de ma\u0219ini electrice <a href=\"https:\/\/r3media.ro\/vanzari-masini-electrice-explozie-danemarca\/\" target=\"_blank\" rel=\"noopener\">au explodat<\/a>. Datele au ar\u0103tat c\u0103 97% dintre vehiculele achizi\u021bionate de cump\u0103r\u0103torii priva\u021bi \u00een luna iulie au fost complet electrice cu baterii. Un total de 14.562 de autoturisme noi au fost \u00eenmatriculate \u00een Danemarca \u00een iulie. Dintre acestea, 11.672 au fost vehicule electrice cu baterii (BEV). Totalul a reprezentat 80,2% din num\u0103rul total de \u00eenmatricul\u0103ri \u0219i 97% din achizi\u021biile private.<\/p>\n<div class=\"crp_related     crp-masonry\">\n<h2>\u00ceN CONTEXT<\/h2>\n<ul>\n<li><a href=\"https:\/\/r3media.ro\/tara-europa-norvegia-masini-electrice-inmatriculate-cota-ridicata\/\" target=\"_blank\" class=\"crp_link post-120796\"><span class=\"crp_title\">\u021aara din Europa unde aproape toate ma\u0219inile \u00eenmatriculate sune electrice. Cota a ajuns la\u2026<\/span><\/a><\/li>\n<li><a href=\"https:\/\/r3media.ro\/pret-rovinieta-2026-tarife-poluare\/\" target=\"_blank\" class=\"crp_link post-116377\"><span class=\"crp_title\">Ministerul Transporturilor revolu\u021bioneaz\u0103 pre\u021bul Rovinietei (din nou) \u00een 2026: Tarife noi,\u2026<\/span><\/a><\/li>\n<li><a href=\"https:\/\/r3media.ro\/kia-recheama-service-prima-generatie-masini-electrice-e-niro-risc-incendiu\/\" target=\"_blank\" class=\"crp_link post-120931\"><span class=\"crp_title\">Kia recheam\u0103 \u00een service prima genera\u021bie de ma\u0219ini electrice e-Niro din cauza riscului de incendiu<\/span><\/a><\/li>\n<li><a href=\"https:\/\/r3media.ro\/propunere-bruxelles-industria-auto-romania-dacia-ford-otosan\/\" target=\"_blank\" class=\"crp_link post-116333\"><span class=\"crp_title\">Propunere de la Bruxelles cu poten\u021bial impact masiv pentru industria auto din Rom\u00e2nia: Dacia\u2026<\/span><\/a><\/li>\n<li><a href=\"https:\/\/r3media.ro\/masini-electrice-tesla-rechemate-service-china\/\" target=\"_blank\" class=\"crp_link post-121546\"><span class=\"crp_title\">Trei milioane de ma\u0219ini electrice Tesla sunt rechemate \u00een service \u00een China<\/span><\/a><\/li>\n<li><a href=\"https:\/\/r3media.ro\/hyundai-recheama-service-masini-electrice-inster-risc-incendiu\/\" target=\"_blank\" class=\"crp_link post-120703\"><span class=\"crp_title\">Hyundai recheam\u0103 \u00een service zeci de mii de ma\u0219ini electrice din cauza riscului de incendiu<\/span><\/a><\/li>\n<li><a href=\"https:\/\/r3media.ro\/piata-masini-electrice-prabusire-statele-unite-ale-americii-vanzari-scazut-80-credit-fiscal-federal-vehicule-prietenoase-mediu-eliminat-donald-trump\/\" target=\"_blank\" class=\"crp_link post-114057\"><span class=\"crp_title\">Pia\u021ba ma\u0219inilor electrice s-a pr\u0103bu\u0219it \u00een Statele Unite ale Americii: V\u00e2nz\u0103rile au sc\u0103zut cu\u2026<\/span><\/a><\/li>\n<li><a href=\"https:\/\/r3media.ro\/europa-vanzari-masini-electrice-china-america-de-nord\/\" target=\"_blank\" class=\"crp_link post-116212\"><span class=\"crp_title\">Europa, singurul continent unde v\u00e2nz\u0103rile de ma\u0219ini electrice au crescut. China \u0219i America\u2026<\/span><\/a><\/li>\n<\/ul>\n<\/div>\n<\/div>\n<\/div>\n<p>[analyse_source url=&#8221;https:\/\/r3media.ro\/masinile-electrice-vandute-norvegia-august-2026\/&#8221;]<\/p>\n","protected":false},"excerpt":{"rendered":"<p>[analyse_image type=&#8221;featured&#8221; src=&#8221;https:\/\/r3media.ro\/wp-content\/uploads\/2025\/07\/ingrijorare-masini-electrice-e1752909028992.pnghttps:\/\/r3media.ro\/wp-content\/uploads\/2025\/07\/ingrijorare-masini-electrice-e1752909028992.png&#8221;] PRIM PLAN99% din ma\u0219inile v\u00e2ndute \u00een Norvegia \u00een luna august au fost electrice PRIM PLAN\u0218TIRI 99% din ma\u0219inile v\u00e2ndute \u00een Norvegia \u00een luna august au fost electrice Oana Ivan 03\/09\/2026 Surs\u0103 &#8211; Unsplash Ad\u0103uga\u021bi R3media la sursele preferate din Google Norvegia a \u00eenmatriculat 13.451 de vehicule noi \u00een august, pu\u021bin mai multe [&hellip;]<\/p>\n","protected":false},"author":1,"featured_media":0,"comment_status":"open","ping_status":"","sticky":false,"template":"","format":"standard","meta":{"footnotes":""},"categories":[89],"tags":[226,93],"class_list":["post-2126819","post","type-post","status-publish","format-standard","hentry","category-romania","tag-crawlmanager","tag-r3media-ro"],"_links":{"self":[{"href":"https:\/\/analyse.optim.biz\/index.php?rest_route=\/wp\/v2\/posts\/2126819","targetHints":{"allow":["GET"]}}],"collection":[{"href":"https:\/\/analyse.optim.biz\/index.php?rest_route=\/wp\/v2\/posts"}],"about":[{"href":"https:\/\/analyse.optim.biz\/index.php?rest_route=\/wp\/v2\/types\/post"}],"author":[{"embeddable":true,"href":"https:\/\/analyse.optim.biz\/index.php?rest_route=\/wp\/v2\/users\/1"}],"replies":[{"embeddable":true,"href":"https:\/\/analyse.optim.biz\/index.php?rest_route=%2Fwp%2Fv2%2Fcomments&post=2126819"}],"version-history":[{"count":0,"href":"https:\/\/analyse.optim.biz\/index.php?rest_route=\/wp\/v2\/posts\/2126819\/revisions"}],"wp:attachment":[{"href":"https:\/\/analyse.optim.biz\/index.php?rest_route=%2Fwp%2Fv2%2Fmedia&parent=2126819"}],"wp:term":[{"taxonomy":"category","embeddable":true,"href":"https:\/\/analyse.optim.biz\/index.php?rest_route=%2Fwp%2Fv2%2Fcategories&post=2126819"},{"taxonomy":"post_tag","embeddable":true,"href":"https:\/\/analyse.optim.biz\/index.php?rest_route=%2Fwp%2Fv2%2Ftags&post=2126819"}],"curies":[{"name":"wp","href":"https:\/\/api.w.org\/{rel}","templated":true}]}}