{"id":2126800,"date":"2026-09-03T15:02:50","date_gmt":"2026-09-03T12:02:50","guid":{"rendered":"https:\/\/analyse.optim.biz\/?p=2126800"},"modified":"2026-09-03T15:02:50","modified_gmt":"2026-09-03T12:02:50","slug":"gigi-becali-a-spart-banca-inainte-de-derby-ul-cu-dinamo-trei-transferuri-dintr-un-foc-la-fcsb","status":"publish","type":"post","link":"https:\/\/analyse.optim.biz\/?p=2126800","title":{"rendered":"Gigi Becali a spart banca \u00eenainte de derby-ul cu Dinamo. Trei transferuri dintr-un foc la FCSB"},"content":{"rendered":"<p>[analyse_image type=&#8221;featured&#8221; src=&#8221;https:\/\/cdn.adh.reperio.news\/image-3\/30d1a9b4-d197-4089-afdf-c5d9cac8d8a8\/index.jpeg?p=f%3Djpeg%26w%3D1200%26h%3D630%26r%3Dcover&#8221;]<\/p>\n<article class=\"svelte-x63bga\">\n<nav>\n<ul class=\"breadcrump svelte-1pk9a69\">\n<li class=\"svelte-1pk9a69\"><a href=\"https:\/\/adevarul.ro\/\" title=\"Adev\u0103rul\" class=\"svelte-1pk9a69\">Home<\/a><\/li>\n<li class=\"svelte-1pk9a69\"><a href=\"https:\/\/adevarul.ro\/sport\" class=\"svelte-1pk9a69\">Sport<\/a><\/li>\n<li class=\"svelte-1pk9a69\"><a href=\"https:\/\/adevarul.ro\/sport\/gigi-becali-a-spart-banca-inainte-de-derby-ul-cu-2553948.html\" class=\"svelte-1pk9a69\">Gigi Becali a spart banca \u00eenainte de derby-ul cu Dinamo. Trei transferuri dintr-un foc la FCSB<\/a><\/li>\n<\/ul>\n<\/nav>\n<p><main class=\"svelte-x63bga\"><\/p>\n<p>Cu dou\u0103 zile<br \/>\n\u00eenaintea derby-ului cu Dinamo \u0219i la doar c\u00e2teva ore dup\u0103 victoria categoric\u0103,<br \/>\n5-0 cu FC Arge\u0219, la Mioveni, \u00een Cupa Rom\u00e2niei, Gigi Becali a spart b\u0103ierile<br \/>\npungii. Patronul FCSB a anun\u021bat trei transferuri dintr-un foc: Denis Dr\u0103gu\u0219,<br \/>\nKarlo Muhar \u0219i Meriton Korenica. Toate mut\u0103rile, cu salarii \u0219i bonusuri, ar<br \/>\nurma s\u0103-l coste \u00een jur de cinci milioane de euro.<\/p>\n<div class=\"container-image  svelte-1xbw4f3\"><source type=\"image\/webp\" srcset=\"https:\/\/cdn.adh.reperio.news\/image-3\/30d1a9b4-d197-4089-afdf-c5d9cac8d8a8\/index.jpeg?p=a%3D1%26co%3D1.05%26w%3D1400%26h%3D750%26r%3Dcontain%26f%3Dwebp 1400w\" media=\"(min-width: 1400px)\" \/><\/p>\n<div class=\"caption svelte-1xbw4f3\"><span class=\"captionText svelte-1xbw4f3\">Denis Dr\u0103gu\u0219 a dezam\u0103git \u00een Turcia, dar a fost adus ca salvator al FCSB <span class=\"source svelte-1xbw4f3\">Foto: Profimedia<\/span><\/span><\/div>\n<\/div>\n<p>FCSB vine<br \/>\ndup\u0103 recitalul din Cup\u0103, dar \u0219i dup\u0103 e\u0219ecul 1-3 cu UTA din campionat. Derby-ul<br \/>\nDinamo \u2013 FCSB este programat s\u00e2mb\u0103t\u0103, 5 septembrie, de la ora 20.30, pe<br \/>\nstadionul Arcul de Triumf. Becali spune \u00eens\u0103 c\u0103 noile achizi\u021bii nu schimb\u0103<br \/>\nstatutul echipei sale \u00eenaintea marelui meci. \u201eFavori\u0163i \u00een fa\u0163a lui Dinamo<br \/>\nsuntem \u015fi f\u0103r\u0103 \u0103ia! Favori\u0163i \u00een fa\u0163a lui Dinamo am fost \u015fi vom fi! Eu sunt<br \/>\nBecali \u015fi sunt mereu favorit indiferent cu cine joc! Cu Arad a fost doar un du\u015f<br \/>\nrece!\u201d, a declarat Gigi Becali pentru Prima Sport.<\/p>\n<p>Transferul<br \/>\ncare \u00eel entuziasmeaz\u0103 cel mai mult este cel al lui Denis Dr\u0103gu\u0219. Atacantul de<br \/>\n27 de ani \u0219i-a reziliat contractul cu Trabzonspor \u0219i va semna pe trei ani cu<br \/>\nFCSB. Becali a dezv\u0103luit c\u0103 a \u021binut leg\u0103tura permanent cu interna\u021bionalul<br \/>\nrom\u00e2n, dar a p\u0103strat negocierile \u00een secret. \u201e\u00cemi spunea: \u00abVin, nea Gigi. Juc\u0103m<br \/>\nChampions League \u015fi \u00eel aducem pe Mbappe pe Arena Na\u0163ional\u0103\u00bb, a\u015fa cum ziceam eu<br \/>\nla \u00eenceput c\u0103 aduc Real Madrid la Bucure\u015fti. Am \u0163inut leg\u0103tura cu el tot<br \/>\ntimpul, dar nu puteam s\u0103 spun\u201d, a povestit patronul FCSB la Prima Sport.<\/p>\n<p>Becali are<br \/>\na\u0219tept\u0103ri uria\u0219e de la Dr\u0103gu\u0219: \u201eE un juc\u0103tor foarte puternic, poate c\u00e2\u015ftiga<br \/>\nmeciul de unul singur. Ia mingea \u015fi trece ca tancul, se duce p\u00e2n\u0103 \u00een poart\u0103\u201d.<br \/>\nFinan\u021batorul a mers chiar mai departe \u0219i a spus c\u0103 \u00eel considera mai bun dec\u00e2t<br \/>\nDaniel B\u00eerligea. Dr\u0103gu\u0219 va avea o clauz\u0103 de reziliere de patru milioane de<br \/>\neuro. \u201eSingurul care m-a interesat, s\u0103 c\u00e2\u0219tig bani cu el, este Dr\u0103gu\u0219. Am zis:<br \/>\n\u00eel iau, c\u00e2\u0219tig \u0219i cu el rezultate, apoi \u00eel \u0219i v\u00e2nd\u201d, a completat Becali la<br \/>\nFanatik.<\/p>\n<h2>Muhar \u0219i Korenica vin \u201epachet\u201d de la CFR Cluj<\/h2>\n<p>Celelalte<br \/>\ndou\u0103 lovituri vin din \u201efiliera CFR\u201d. Karlo Muhar \u0219i Meriton Korenica, fo\u0219ti<br \/>\njuc\u0103tori ai clujenilor, ajung \u0219i ei la FCSB. Becali spune c\u0103 Muhar va fi omul<br \/>\nde baz\u0103 la mijloc: \u201eNu am nevoie de 6 pentru c\u0103 acolo \u00eel am pe cel mai bun, pe<br \/>\nMuhar\u201d. Pentru Korenica, patronul \u00eenc\u0103 analizeaz\u0103 pozi\u021bia ideal\u0103 \u0219i chiar a<br \/>\nanun\u021bat c\u0103 \u00eel va \u00eentreba pe Dan Petrescu dac\u0103 e mai potrivit \u00een st\u00e2nga atacului<br \/>\nsau ca inter. \u00cen privin\u021ba salariilor, Becali a spus pentru Fanatik c\u0103 Muhar ar<br \/>\nurma s\u0103 primeasc\u0103 aproximativ 20.000-25.000 de euro pe lun\u0103, iar Korenica \u00een<br \/>\njur de 30.000 de euro.<\/p>\n<p>Cu cele trei<br \/>\ntransferuri rezolvate, Becali \u0219i-a ridicat din nou \u021binta. \u201eIau campionatul la<br \/>\npas cu echipa asta pe care o fac acum. Ce play-off de Champions? C\u0103 o mai<br \/>\n\u00eent\u0103resc\u201d, a spus el la Digi Sport. Iar \u00eenainte de Dinamo, mesajul a r\u0103mas \u00een<br \/>\nregistrul obi\u0219nuit: \u201e\u0218i \u00eenainte eram favori\u021bi cu Dinamo\u201d. Ba chiar nu exclude<br \/>\nnici transferul cu num\u0103rul patru, tot un atacant, \u00eenainte de \u00eenchiderea<br \/>\nperioadei de mercato. Cert este c\u0103, dup\u0103 5-0 la Mioveni, Becali a ap\u0103sat<br \/>\nputernic accelera\u021bia \u0219i pe pia\u021ba transferurilor. <\/p>\n<p><\/main><\/p>\n<footer class=\"svelte-x63bga\">\n<div class=\"related-wrap related-footer svelte-78g0vl\"><span class=\"related-label svelte-78g0vl\">Cite\u0219te \u0219i<\/span><a class=\"related svelte-78g0vl\" data-gtrack=\"{&quot;event&quot;:&quot;utm_click&quot;,&quot;data&quot;:{&quot;event_category&quot;:&quot;article_related&quot;}}\" href=\"https:\/\/adevarul.ro\/sport\/gigi-becali-il-vrea-pe-dan-petrescu-la-fcsb-2547612.html\" title=\"Alt articol de interes pentru tine\"><img decoding=\"async\" class=\"thumb svelte-78g0vl\" src=\"https:\/\/cdn.adh.reperio.news\/image-3\/37b3e358-82ad-40fd-ac3f-90e109e3d452\/index.jpeg?p=f%3Dwebp%26w%3D120%26h%3D80%26r%3Dcover%26a%3D0\" alt loading=\"lazy\" width=\"80\" height=\"54\"><span class=\"title svelte-78g0vl\">Gigi Becali \u00eel vrea pe Dan Petrescu la FCSB! <\/span><\/a><a class=\"related svelte-78g0vl\" data-gtrack=\"{&quot;event&quot;:&quot;utm_click&quot;,&quot;data&quot;:{&quot;event_category&quot;:&quot;article_related&quot;}}\" href=\"https:\/\/adevarul.ro\/sport\/becali-s-a-dus-cu-sacul-de-bani-pe-muntele-athos-2551503.html\" title=\"Alt articol de interes pentru tine\"><img decoding=\"async\" class=\"thumb svelte-78g0vl\" src=\"https:\/\/cdn.adh.reperio.news\/image-9\/98ae9bf5-4fca-4177-b73c-9a09ff557aa5\/index.png?p=f%3Dwebp%26w%3D120%26h%3D80%26r%3Dcover%26a%3D0\" alt loading=\"lazy\" width=\"80\" height=\"54\"><span class=\"title svelte-78g0vl\">Becali s-a dus cu sacul de bani pe Muntele Athos! A achitat 3 milioane de dolari, cash, ca s\u0103-i scape pe c\u0103lug\u0103rii rom\u00e2ni \u201esubjuga\u021bi de greci\u201d<\/span><\/a><a class=\"related svelte-78g0vl\" data-gtrack=\"{&quot;event&quot;:&quot;utm_click&quot;,&quot;data&quot;:{&quot;event_category&quot;:&quot;article_related&quot;}}\" href=\"https:\/\/adevarul.ro\/sport\/cine-preia-banderola-fcsb-are-4-variante-pentru-2553178.html\" title=\"Alt articol de interes pentru tine\"><img decoding=\"async\" class=\"thumb svelte-78g0vl\" src=\"https:\/\/cdn.adh.reperio.news\/image-5\/5afb8b59-08b4-4b8a-a846-6b1f467cc2f9\/index.jpeg?p=f%3Dwebp%26w%3D120%26h%3D80%26r%3Dcover%26a%3D0\" alt loading=\"lazy\" width=\"80\" height=\"54\"><span class=\"title svelte-78g0vl\">Cine preia banderola? FCSB are 4 variante pentru noul c\u0103pitan<\/span><\/a><\/div>\n<div class=\"meta svelte-x63bga\">\n<div class=\"authors svelte-x63bga\"><span class=\"names svelte-x63bga\"><a href=\"https:\/\/adevarul.ro\/author\/1\" rel=\"author\" class=\"svelte-x63bga\">Andrei Constantinescu<\/a><\/span><\/p>\n<div class=\"_hydratable\" data-props=\"%7B%22showLive%22%3Atrue%7D\" data-context=\"%7B%22parentBlockColumnCount%22%3A%7B%22value%22%3A0%2C%22type%22%3A%22store%2Freadable%22%7D%2C%22parentBlockBackgroundColor%22%3A%7B%22type%22%3A%22store%2Freadable%22%7D%7D\" data-component=\"ShareButton\">\n<div class=\"shareButtons svelte-itwbrr\">\n<div class=\"liveSessions metaFont svelte-1maxmbf\"><span class=\"value svelte-1maxmbf\">1<\/span> live <\/div>\n<\/div>\n<\/div>\n<\/div>\n<div class=\"tags svelte-1l3vwp1\"><span class=\"tags-label metaFont svelte-1l3vwp1\">Cite\u0219te mai multe despre<\/span><\/p>\n<div class=\"tags-list svelte-1l3vwp1\"><a href=\"https:\/\/adevarul.ro\/tag\/fcsb\" title=\"Ultimele \u0219tiri despre fcsb\" class=\"tag-pill svelte-1l3vwp1\">fcsb<\/a><a href=\"https:\/\/adevarul.ro\/tag\/gigi%20becali\" title=\"Ultimele \u0219tiri despre gigi becali\" class=\"tag-pill svelte-1l3vwp1\">gigi becali<\/a><a href=\"https:\/\/adevarul.ro\/tag\/dr%C4%83gu%C8%99\" title=\"Ultimele \u0219tiri despre dr\u0103gu\u0219\" class=\"tag-pill svelte-1l3vwp1\">dr\u0103gu\u0219<\/a><\/div>\n<\/div>\n<\/div>\n<p><a class=\"moreFromCategory svelte-x63bga\" href=\"https:\/\/adevarul.ro\/sport\" title=\"Sport\">Mai multe din <strong class=\"svelte-x63bga\">Sport<\/strong> \u203a<\/a><\/footer>\n<\/article>\n<p>[analyse_source url=&#8221;https:\/\/adevarul.ro\/sport\/gigi-becali-a-spart-banca-inainte-de-derby-ul-cu-2553948.html&#8221;]<\/p>\n","protected":false},"excerpt":{"rendered":"<p>[analyse_image type=&#8221;featured&#8221; src=&#8221;https:\/\/cdn.adh.reperio.news\/image-3\/30d1a9b4-d197-4089-afdf-c5d9cac8d8a8\/index.jpeg?p=f%3Djpeg%26w%3D1200%26h%3D630%26r%3Dcover&#8221;] Home Sport Gigi Becali a spart banca \u00eenainte de derby-ul cu Dinamo. Trei transferuri dintr-un foc la FCSB Cu dou\u0103 zile \u00eenaintea derby-ului cu Dinamo \u0219i la doar c\u00e2teva ore dup\u0103 victoria categoric\u0103, 5-0 cu FC Arge\u0219, la Mioveni, \u00een Cupa Rom\u00e2niei, Gigi Becali a spart b\u0103ierile pungii. Patronul FCSB a anun\u021bat [&hellip;]<\/p>\n","protected":false},"author":1,"featured_media":0,"comment_status":"open","ping_status":"","sticky":false,"template":"","format":"standard","meta":{"footnotes":""},"categories":[89],"tags":[],"class_list":["post-2126800","post","type-post","status-publish","format-standard","hentry","category-romania"],"_links":{"self":[{"href":"https:\/\/analyse.optim.biz\/index.php?rest_route=\/wp\/v2\/posts\/2126800","targetHints":{"allow":["GET"]}}],"collection":[{"href":"https:\/\/analyse.optim.biz\/index.php?rest_route=\/wp\/v2\/posts"}],"about":[{"href":"https:\/\/analyse.optim.biz\/index.php?rest_route=\/wp\/v2\/types\/post"}],"author":[{"embeddable":true,"href":"https:\/\/analyse.optim.biz\/index.php?rest_route=\/wp\/v2\/users\/1"}],"replies":[{"embeddable":true,"href":"https:\/\/analyse.optim.biz\/index.php?rest_route=%2Fwp%2Fv2%2Fcomments&post=2126800"}],"version-history":[{"count":0,"href":"https:\/\/analyse.optim.biz\/index.php?rest_route=\/wp\/v2\/posts\/2126800\/revisions"}],"wp:attachment":[{"href":"https:\/\/analyse.optim.biz\/index.php?rest_route=%2Fwp%2Fv2%2Fmedia&parent=2126800"}],"wp:term":[{"taxonomy":"category","embeddable":true,"href":"https:\/\/analyse.optim.biz\/index.php?rest_route=%2Fwp%2Fv2%2Fcategories&post=2126800"},{"taxonomy":"post_tag","embeddable":true,"href":"https:\/\/analyse.optim.biz\/index.php?rest_route=%2Fwp%2Fv2%2Ftags&post=2126800"}],"curies":[{"name":"wp","href":"https:\/\/api.w.org\/{rel}","templated":true}]}}