{"id":2126788,"date":"2026-09-03T18:59:07","date_gmt":"2026-09-03T15:59:07","guid":{"rendered":"https:\/\/analyse.optim.biz\/?p=2126788"},"modified":"2026-09-03T18:59:07","modified_gmt":"2026-09-03T15:59:07","slug":"rasturnarea-regimului-iranian-principala-misiune-a-israelului-benjamin-netanyahu-nu-este-imposibila","status":"publish","type":"post","link":"https:\/\/analyse.optim.biz\/?p=2126788","title":{"rendered":"R\u0103sturnarea regimului iranian, \u201eprincipala misiune\u201d a Israelului. Benjamin Netanyahu: \u201eNu este imposibil\u0103&#8230;"},"content":{"rendered":"<p>[analyse_image type=&#8221;featured&#8221; src=&#8221;https:\/\/s.iw.ro\/gateway\/g\/ZmlsZVNvdXJjZT1odHRwJTNBJTJGJTJG\/c3RvcmFnZTA4dHJhbnNjb2Rlci5yY3Mt\/cmRzLnJvJTJGc3RvcmFnZSUyRjIwMjUl\/MkYwNiUyRjI0JTJGMjI5MDQ1N18yMjkw\/NDU3X3Byb2ZpbWVkaWEtMTAxNDQ5Nzc5\/My5qcGcmdz0xMjAwJmg9NjMwJnpjPTEm\/aGFzaD05YWRhNjA0Y2Q0MDZiZWE1OGY2NjlkNmUxNzJiM2UyNw==.thumb.jpg&#8221;]<\/p>\n<div class=\"entry data-app-meta data-app-meta-article\" data-embed-base-url-canonical=\"https:\/\/www.digi24.ro\/embed\/stiri\/externe\/mapamond\/rasturnarea-regimului-iranian-principala-misiune-a-israelului-benjamin-netanyahu-nu-este-imposibila-este-la-indemana-3934247\">\n<p data-index=\"1\"><strong>Prim-ministrul israelian Benjamin Netanyahu a declarat joi c\u0103 este \u201ela \u00eendem\u00e2n\u0103\u201d c\u0103derea regimului iranian, potrivit unui videoclip difuzat de biroul s\u0103u, \u00een urma unei \u00eent\u00e2lniri cu responsabili din domeniul securit\u0103\u0163ii, relateaz\u0103 AFP.<\/strong><\/p>\n<p data-index=\"2\"><span>Afirm\u00e2nd c\u0103 regimul iranian \u201ese clatin\u0103\u201d, \u201eeste mai slab ca niciodat\u0103\u201d \u015fi \u201elupt\u0103 pentru supravie\u0163uire\u201d, el a declarat c\u0103, \u00een opinia sa, Israelul are \u201ecapacitatea de a elimina aceast\u0103 amenin\u0163are odat\u0103 pentru totdeauna. Adic\u0103 de a r\u0103sturna acest regim. Aceasta este principala misiune care ne-a mai r\u0103mas, dar este aproape, nu este imposibil\u0103, este la \u00eendem\u00e2n\u0103\u201d, a spus el amenin\u0163\u0103tor.<\/span><\/p>\n<p data-index=\"3\"><span>Declara\u0163ia intervine \u00eenaintea alegerilor generale israeliene din 27 octombrie, \u00een condi\u0163iile \u00een care unele sondaje \u00eel dau pe Netanyahu \u00een urm\u0103, iar liderii opozi\u0163iei \u00eel acuz\u0103 c\u0103 a e\u015fuat \u00een privin\u0163a Iranului.<\/span><\/p>\n<p data-index=\"4\"><span>\u00cen pofida declara\u0163iilor lui Netanyahu, bilan\u0163ul primelor \u015fase luni de r\u0103zboi cu Iranul r\u0103m\u00e2ne controversat \u00een Israel. Republica Islamic\u0103 a supravie\u0163uit conflictului, iar unii anali\u015fti israelieni consider\u0103 c\u0103, \u00een pofida succeselor militare \u015fi a pagubelor provocate programului nuclear iranian, Israelul nu \u015fi-a atins obiectivele strategice.<\/span><\/p>\n<p data-index=\"5\"><span>Israelul \u015fi Statele Unite au lansat r\u0103zboiul \u00eempotriva Iranului la sf\u00e2r\u015fitul lui februarie, dup\u0103 ani \u00een care Netanyahu a prezentat programul nuclear iranian drept o amenin\u0163are existen\u0163ial\u0103 la adresa Israelului \u015fi a \u00eendemnat Washingtonul s\u0103 adopte o pozi\u0163ie mai dur\u0103 fa\u0163\u0103 de Teheran. Pre\u015fedintele american Donald Trump a impus \u00eens\u0103 \u00een aprilie un armisti\u0163iu \u015fi a \u00eencercat s\u0103 ob\u0163in\u0103 un acord negociat, pe fondul sc\u0103derii sprijinului opiniei publice americane pentru r\u0103zboi \u015fi al cre\u015fterii puternice a pre\u0163ului petrolului.<\/span><\/p>\n<p data-index=\"6\"><span>Atacurile israeliene au provocat pierderi importante Iranului, inclusiv \u00een programul nuclear, \u015fi l-au ucis, chiar \u00een prima zi a r\u0103zboiului, pe liderul suprem iranian, ayatollahul Ali Khamenei. \u00cens\u0103 exper\u0163i cita\u0163i de AFP avertizeaz\u0103 c\u0103 eliminarea acestuia ar putea avea \u015fi efectul invers celui urm\u0103rit de Israel: Khamenei era considerat unul dintre cei care se opuneau fabric\u0103rii efective a armei nucleare, iar succesorii s\u0103i ar putea decide c\u0103 Iranul are nevoie de aceasta dup\u0103 sl\u0103birea capacit\u0103\u0163ii sale conven\u0163ionale de descurajare.<\/span><\/p>\n<p data-index=\"7\"><span>Netanyahu a declarat anterior c\u0103 obiectivul s\u0103u este s\u0103 creeze \u201econdi\u0163iile pentru o schimbare de regim\u201d \u00een Iran, f\u0103r\u0103 s\u0103 prezinte \u00eens\u0103 \u00eenl\u0103turarea Republicii Islamice drept un obiectiv militar explicit. Declara\u0163ia sa de joi, potrivit c\u0103reia r\u0103sturnarea regimului este acum \u201ela \u00eendem\u00e2n\u0103\u201d, merge a\u015fadar sensibil mai departe dec\u00e2t formularea anterioar\u0103, dar trebuie privit\u0103 \u015fi \u00een context electoral.<\/span><\/p>\n<p data-index=\"8\"><strong>Cite\u0219te \u0219i:<\/strong><\/p>\n<p data-index=\"9\"><a href=\"https:\/\/www.digi24.ro\/stiri\/externe\/israelul-se-asteapta-la-un-atac-iminent-al-iranului-katz-nu-vrem-sa-fim-luati-prin-surprindere-3932183\" target=\"_blank\" rel=\"noopener\" data-skip-linkfix=\"1\"><strong>Israelul se a\u0219teapt\u0103 la un atac iminent al Iranului. Katz: \u201eNu vrem s\u0103 fim lua\u0163i prin surprindere\u201d<\/strong><\/a><\/p>\n<p data-index=\"10\"><a href=\"https:\/\/www.digi24.ro\/stiri\/externe\/fiul-lui-benjamin-netanyahu-a-devenit-o-tinta-pentru-teheran-el-a-fost-scos-in-graba-din-sua-iranul-a-incercat-sa-il-ucida-3929125\" target=\"_blank\" rel=\"noopener\" data-skip-linkfix=\"1\"><strong>Fiul lui Benjamin Netanyahu a devenit o \u021bint\u0103 pentru Teheran. El a fost scos \u00een grab\u0103 din SUA. \u201eIranul a \u00eencercat s\u0103 \u00eel ucid\u0103!\u201d<\/strong><\/a><\/p>\n<p> Editor : <a href=\"https:\/\/www.digi24.ro\/autor\/ana-gherghita\"> A.M.G. <\/a><\/p>\n<\/div>\n<p>[analyse_source url=&#8221;https:\/\/www.digi24.ro\/stiri\/externe\/mapamond\/rasturnarea-regimului-iranian-principala-misiune-a-israelului-benjamin-netanyahu-nu-este-imposibila-este-la-indemana-3934247&#8243;]<\/p>\n","protected":false},"excerpt":{"rendered":"<p>[analyse_image type=&#8221;featured&#8221; src=&#8221;https:\/\/s.iw.ro\/gateway\/g\/ZmlsZVNvdXJjZT1odHRwJTNBJTJGJTJG\/c3RvcmFnZTA4dHJhbnNjb2Rlci5yY3Mt\/cmRzLnJvJTJGc3RvcmFnZSUyRjIwMjUl\/MkYwNiUyRjI0JTJGMjI5MDQ1N18yMjkw\/NDU3X3Byb2ZpbWVkaWEtMTAxNDQ5Nzc5\/My5qcGcmdz0xMjAwJmg9NjMwJnpjPTEm\/aGFzaD05YWRhNjA0Y2Q0MDZiZWE1OGY2NjlkNmUxNzJiM2UyNw==.thumb.jpg&#8221;] Prim-ministrul israelian Benjamin Netanyahu a declarat joi c\u0103 este \u201ela \u00eendem\u00e2n\u0103\u201d c\u0103derea regimului iranian, potrivit unui videoclip difuzat de biroul s\u0103u, \u00een urma unei \u00eent\u00e2lniri cu responsabili din domeniul securit\u0103\u0163ii, relateaz\u0103 AFP. Afirm\u00e2nd c\u0103 regimul iranian \u201ese clatin\u0103\u201d, \u201eeste mai slab ca niciodat\u0103\u201d \u015fi \u201elupt\u0103 pentru supravie\u0163uire\u201d, el a declarat c\u0103, \u00een [&hellip;]<\/p>\n","protected":false},"author":1,"featured_media":0,"comment_status":"open","ping_status":"","sticky":false,"template":"","format":"standard","meta":{"footnotes":""},"categories":[89],"tags":[11],"class_list":["post-2126788","post","type-post","status-publish","format-standard","hentry","category-romania","tag-digi24"],"_links":{"self":[{"href":"https:\/\/analyse.optim.biz\/index.php?rest_route=\/wp\/v2\/posts\/2126788","targetHints":{"allow":["GET"]}}],"collection":[{"href":"https:\/\/analyse.optim.biz\/index.php?rest_route=\/wp\/v2\/posts"}],"about":[{"href":"https:\/\/analyse.optim.biz\/index.php?rest_route=\/wp\/v2\/types\/post"}],"author":[{"embeddable":true,"href":"https:\/\/analyse.optim.biz\/index.php?rest_route=\/wp\/v2\/users\/1"}],"replies":[{"embeddable":true,"href":"https:\/\/analyse.optim.biz\/index.php?rest_route=%2Fwp%2Fv2%2Fcomments&post=2126788"}],"version-history":[{"count":0,"href":"https:\/\/analyse.optim.biz\/index.php?rest_route=\/wp\/v2\/posts\/2126788\/revisions"}],"wp:attachment":[{"href":"https:\/\/analyse.optim.biz\/index.php?rest_route=%2Fwp%2Fv2%2Fmedia&parent=2126788"}],"wp:term":[{"taxonomy":"category","embeddable":true,"href":"https:\/\/analyse.optim.biz\/index.php?rest_route=%2Fwp%2Fv2%2Fcategories&post=2126788"},{"taxonomy":"post_tag","embeddable":true,"href":"https:\/\/analyse.optim.biz\/index.php?rest_route=%2Fwp%2Fv2%2Ftags&post=2126788"}],"curies":[{"name":"wp","href":"https:\/\/api.w.org\/{rel}","templated":true}]}}