{"id":2126780,"date":"2026-09-03T00:00:00","date_gmt":"2026-09-02T21:00:00","guid":{"rendered":"https:\/\/analyse.optim.biz\/?p=2126780"},"modified":"2026-09-03T00:00:00","modified_gmt":"2026-09-02T21:00:00","slug":"muzeul-pierre-cardin-amenajat-intr-un-palat-venetian-se-deschide-pe-13-septembrie","status":"publish","type":"post","link":"https:\/\/analyse.optim.biz\/?p=2126780","title":{"rendered":"Muzeul Pierre Cardin, amenajat \u00eentr-un palat vene\u021bian, se deschide pe 13 septembrie"},"content":{"rendered":"<p>[analyse_image type=&#8221;featured&#8221; src=&#8221;https:\/\/agerpres.ro\/data\/202609\/20260903215342_974751.jpg&#8221;]<\/p>\n<div class=\"mx-auto pt-3\">\n<p><strong>Sute de crea\u021bii emblematice ale designerului francez Pierre Cardin, decedat \u00een 2020, vor fi expuse \u00eentr-un palat vene\u021bian \u00een aceast\u0103 lun\u0103, \u00een cadrul unui nou muzeu care celebreaz\u0103 viziunea avangardist\u0103 a acestui vizionar al modei, informeaz\u0103 joi AFP.<\/strong><\/p>\n<p>Un bal mascat, care va avea loc joi sear\u0103 \u00een re\u0219edin\u021ba vene\u021bian\u0103 a lui Pierre Cardin &#8211; Palazzo Bragadin, unde acesta a locuit timp de aproape 40 de ani -, va marca deschiderea oficial\u0103 a muzeului, programat\u0103 s\u0103 aib\u0103 loc pentru publicul general \u00een data de 13 septembrie.<\/p>\n<p>Pierre Cardin, un creator de mod\u0103 francez n\u0103scut \u00een Italia, decedat \u00een decembrie 2020 la v\u00e2rsta de 98 de ani, a fost o personalitate major\u0103 a modei anilor 1960, datorit\u0103 crea\u021biilor sale unisex, futuriste \u0219i inspirate de spa\u021biul cosmic, care au declan\u0219at adev\u0103rate unde de \u0219oc \u00een cultura tinerilor, de pe bulevardele din Paris \u0219i p\u00e2n\u0103 pe Carnaby Street din Londra.<\/p>\n<p>Rochiile mini tricotate \u0219i cu motive geometrice \u00eendr\u0103zne\u021be, croielile nea\u0219teptate \u0219i o predilec\u021bie pentru \u021bes\u0103turile sintetice au consolidat reputa\u021bia lui Pierre Cardin de modernist aflat \u00een pas cu spiritul acelui deceniu.<\/p>\n<p>Celebrul creator de mod\u0103 \u00ee\u0219i folosea palatul vene\u021bian, pe care l-a cump\u0103rat \u00een 1981, ca pe un refugiu \u0219i un spa\u021biu \u00een care \u00ee\u0219i realimenta imagina\u021bia, a explicat nepotul s\u0103u, Rodrigo Basilicati-Cardin, directorul general al casei de mod\u0103 Pierre Cardin, al c\u0103rei atelier a r\u0103mas totu\u0219i la Paris.<\/p>\n<p>&#8221;Avem un spa\u021biu de aproape 1.000 de metri p\u0103tra\u021bi, cu tavane \u00eenalte &#8211; ce cadru mai bun dec\u00e2t acesta pentru a expune cel pu\u021bin 100 de \u021binute vestimentare?&#8221;, a declarat el \u00een timpul unei vizite \u00een spa\u021biul expozi\u021bional.<\/p>\n<p>\u00cen zilele noastre, Pierre Cardin este asociat mai ales cu strategia sa comercial\u0103, considerat\u0103 inovatoare \u0219i care a constat \u00een acordarea de licen\u021be cu numele s\u0103u \u00een lumea \u00eentreag\u0103 pentru mii de produse, de la lenjerii de pat \u0219i curele p\u00e2n\u0103 la robo\u021bi telefonici, o strategie care l-a \u00eembog\u0103\u021bit, dar care a \u0219tirbit, \u00eentr-o oarecare m\u0103sur\u0103, prestigiul brandului s\u0103u, c\u00e2ndva extrem de r\u00e2vnit.<\/p>\n<p>Compania sa num\u0103r\u0103 \u00eenc\u0103 \u0219i ast\u0103zi aproximativ 130 de produse comercializate sub licen\u021b\u0103. Muzeul din Vene\u021bia dore\u0219te s\u0103 le reaminteasc\u0103 vizitatorilor spiritul de inova\u021bie al creatorului de mod\u0103, care a lucrat pentru Elsa Schiaparelli \u0219i Christian Dior la Paris \u00eenainte s\u0103 \u00ee\u0219i lanseze propria marc\u0103 \u00een 1950.<\/p>\n<p>Casa lui de mod\u0103 \u00eencearc\u0103 s\u0103 se relanseze \u00een sectorul pret-a-porter de lux extrem, cu magazine la Paris \u0219i New York, revenind totodat\u0103 la S\u0103pt\u0103m\u00e2na Modei de la Paris \u00een 2023.<\/p>\n<p><strong>&#8221;Sculpturi&#8221;<\/strong><\/p>\n<p>La Vene\u021bia, aproximativ 130 de \u021binute vestimentare vor fi expuse \u00een somptuoasele camere ale palatului, acoperind perioada 1951-2018: \u00eentr-o \u00eenc\u0103pere poate fi admirat\u0103 o tunic\u0103 verde-smarald tricotat\u0103, cu un cordon \u0219i decupaje laterale spectaculoase, dat\u00e2nd din 1971, iar \u00een alta o rochie de sear\u0103 din catifea neagr\u0103, din 1991, \u00eempodobit\u0103 cu un trandafir supradimensionat din tafta, plasat \u00een dreptul \u0219oldului.<\/p>\n<p>Rodrigo Basilicati-Cardin a explicat c\u0103, pentru unchiul s\u0103u, trupul uman reprezenta un aspect secundar \u00een raport cu ceea ce trebuia s\u0103 sus\u021bin\u0103: sculptura vestimenta\u021biei. &#8221;\u00centreaga sa via\u021b\u0103 era centrat\u0103 pe structuri; toate vestimenta\u021biile sale sunt arhitecturale &#8211; nimic nu este pur fluid. \u00ce\u0219i privea rochiile ca pe ni\u0219te sculpturi&#8221;.<\/p>\n<p><strong>O \u00eentors\u0103tur\u0103 a sor\u021bii<\/strong><\/p>\n<p>Balul mascat de joi sear\u0103 are loc la exact 75 de ani dup\u0103 un celebru bal organizat \u00eentr-un palat vene\u021bian vecin, care a contribuit la lansarea carierei lui Pierre Cardin.<\/p>\n<p>Supranumit &#8221;Balul Secolului&#8221;, evenimentul din 1951, organizat de colec\u021bionarul Charles de Beistegui, o personalitate a monden\u0103 a acelor vremuri, a reunit elita \u00eenaltei societ\u0103\u021bi &#8211; printre participan\u021bi num\u0103r\u00e2ndu-se Orson Welles, Aga Khan al III-lea \u0219i Cecil Beaton, acesta din urm\u0103 realiz\u00e2nd numeroase fotografii \u00een timpul petrecerii.<\/p>\n<p>La scurt timp dup\u0103 ce a p\u0103r\u0103sit casa Dior, renumitul creator de mod\u0103 i-a \u00eencredin\u021bat fostului s\u0103u asistent o comand\u0103 pentru aproximativ treizeci de costume destinate unui viitor bal la Vene\u021bia &#8211; o lucrare pe care el \u00eensu\u0219i nu avea timp s\u0103 o execute. A fost o \u00eentors\u0103tur\u0103 a sor\u021bii care a contribuit la consacrarea reputa\u021biei t\u00e2n\u0103rului designer.<\/p>\n<p>&#8221;Pe atunci, avea doar \u0219ase angaja\u021bi &#8211; \u0219ase croitorese &#8211; \u0219i a realizat acele 30 de costume, \u00een special pe cele pentru Salvador Dali \u0219i prietenii s\u0103i&#8221;, a povestit nepotul s\u0103u.<\/p>\n<p>Joi, Ren\u00e9e Taponier, \u00een v\u00e2rst\u0103 de 79 de ani, punea la punct ultimele detalii pentru viitorul muzeu. &#8221;\u00cemi lipse\u0219te. El a modelat \u00eentreaga mea via\u021b\u0103&#8221;, a declarat Ren\u00e9e Taponier pentru AFP.<\/p>\n<p>\u00cen cei peste 60 de ani petrecu\u021bi \u00een cadrul casei de mod\u0103 Pierre Cardin, Ren\u00e9e Taponier a cusut rochii, a lucrat \u00een v\u00e2nz\u0103ri \u0219i a contribuit la organizarea prezent\u0103rilor de mod\u0103, printre multe alte activit\u0103\u021bi. &#8221;Era un om exigent, dar care ne oferea \u0219i foarte multe satisfac\u021bii&#8221;, a ad\u0103ugat ea. AGERPRES\/(AS &#8211; redactor: Florin B\u0103descu, editor online: Gabriela Badea)<\/p>\n<p><strong>* Sursa foto:<\/strong>\u00a0<a href=\"https:\/\/www.facebook.com\/museepierrecardin\/\" target=\"_blank\">Mus\u00e9e Pierre Cardin<\/a> \/ Facebook.com<\/p>\n<\/div>\n<div class=\"mx-auto pt-3\">\n                                Afisari: 93\n                            <\/div>\n<p>[analyse_source url=&#8221;https:\/\/agerpres.ro\/cultura\/2026\/09\/03\/muzeul-pierre-cardin-amenajat-intr-un-palat-venetian-se-deschide-pe-13-septembrie&#8211;1590565&#8243;]<\/p>\n","protected":false},"excerpt":{"rendered":"<p>[analyse_image type=&#8221;featured&#8221; src=&#8221;https:\/\/agerpres.ro\/data\/202609\/20260903215342_974751.jpg&#8221;] Sute de crea\u021bii emblematice ale designerului francez Pierre Cardin, decedat \u00een 2020, vor fi expuse \u00eentr-un palat vene\u021bian \u00een aceast\u0103 lun\u0103, \u00een cadrul unui nou muzeu care celebreaz\u0103 viziunea avangardist\u0103 a acestui vizionar al modei, informeaz\u0103 joi AFP. Un bal mascat, care va avea loc joi sear\u0103 \u00een re\u0219edin\u021ba vene\u021bian\u0103 a lui [&hellip;]<\/p>\n","protected":false},"author":1,"featured_media":0,"comment_status":"open","ping_status":"","sticky":false,"template":"","format":"standard","meta":{"footnotes":""},"categories":[2],"tags":[37,226],"class_list":["post-2126780","post","type-post","status-publish","format-standard","hentry","category-politics","tag-agerpres-ro","tag-crawlmanager"],"_links":{"self":[{"href":"https:\/\/analyse.optim.biz\/index.php?rest_route=\/wp\/v2\/posts\/2126780","targetHints":{"allow":["GET"]}}],"collection":[{"href":"https:\/\/analyse.optim.biz\/index.php?rest_route=\/wp\/v2\/posts"}],"about":[{"href":"https:\/\/analyse.optim.biz\/index.php?rest_route=\/wp\/v2\/types\/post"}],"author":[{"embeddable":true,"href":"https:\/\/analyse.optim.biz\/index.php?rest_route=\/wp\/v2\/users\/1"}],"replies":[{"embeddable":true,"href":"https:\/\/analyse.optim.biz\/index.php?rest_route=%2Fwp%2Fv2%2Fcomments&post=2126780"}],"version-history":[{"count":0,"href":"https:\/\/analyse.optim.biz\/index.php?rest_route=\/wp\/v2\/posts\/2126780\/revisions"}],"wp:attachment":[{"href":"https:\/\/analyse.optim.biz\/index.php?rest_route=%2Fwp%2Fv2%2Fmedia&parent=2126780"}],"wp:term":[{"taxonomy":"category","embeddable":true,"href":"https:\/\/analyse.optim.biz\/index.php?rest_route=%2Fwp%2Fv2%2Fcategories&post=2126780"},{"taxonomy":"post_tag","embeddable":true,"href":"https:\/\/analyse.optim.biz\/index.php?rest_route=%2Fwp%2Fv2%2Ftags&post=2126780"}],"curies":[{"name":"wp","href":"https:\/\/api.w.org\/{rel}","templated":true}]}}