{"id":2126779,"date":"2026-09-03T18:08:16","date_gmt":"2026-09-03T15:08:16","guid":{"rendered":"https:\/\/analyse.optim.biz\/?p=2126779"},"modified":"2026-09-03T18:08:16","modified_gmt":"2026-09-03T15:08:16","slug":"cand-ar-putea-avea-loc-prima-vizita-a-emisarilor-lui-trump-in-ucraina-zelenski-acest-lucru-este-foarte","status":"publish","type":"post","link":"https:\/\/analyse.optim.biz\/?p=2126779","title":{"rendered":"C\u00e2nd ar putea avea loc prima vizit\u0103 a emisarilor lui Trump \u00een Ucraina. Zelenski: \u201eAcest lucru este foarte&#8230;"},"content":{"rendered":"<p>[analyse_image type=&#8221;featured&#8221; src=&#8221;https:\/\/s.iw.ro\/gateway\/g\/ZmlsZVNvdXJjZT1odHRwJTNBJTJGJTJG\/c3RvcmFnZTA4dHJhbnNjb2Rlci5yY3Mt\/cmRzLnJvJTJGc3RvcmFnZSUyRjIwMjUl\/MkYxMCUyRjA0JTJGMjM4NDQ4Ml8yMzg0\/NDgyX3Byb2ZpbWVkaWEtMTA0MTc0NTE3\/Ni5qcGcmdz0xMjAwJmg9NjMwJnpjPTEm\/aGFzaD1iOTQ1MzI1ODk2M2VmNzk1ZTMzNTgzYWY2ZmYwYTkyMQ==.thumb.jpg&#8221;]<\/p>\n<div class=\"entry data-app-meta data-app-meta-article\" data-embed-base-url-canonical=\"https:\/\/www.digi24.ro\/embed\/stiri\/externe\/ue\/cand-ar-putea-avea-loc-prima-vizita-a-emisarilor-lui-trump-in-ucraina-zelenski-acest-lucru-este-foarte-important-3934209\">\n<p data-index=\"1\"><strong>Emisarii pre\u0219edintelui american Donald Trump, Steve Witkoff \u0219i Jared Kushner, au confirmat c\u0103 ar putea vizita Ucraina \u00een zilele urm\u0103toare, a declarat joi, 3 septembrie, pre\u0219edintele ucrainean Volodimir Zelenski, relateaz\u0103 <a href=\"https:\/\/kyivindependent.com\/ukraine-expects-witkoff-kushner-to-visit-kyiv-in-coming-days-zelensky-says\/\" target=\"_blank\" rel=\"noopener\" data-skip-linkfix=\"1\">Kyiv Independent<\/a>.<\/strong><\/p>\n<p data-index=\"2\"><span>C\u0103l\u0103toria planificat\u0103 ar marca prima vizit\u0103 a celor doi reprezentan\u021bi ai SUA \u00een Ucraina, dup\u0103 numeroase vizite la Moscova pentru a se \u00eent\u00e2lni cu pre\u0219edintele rus Vladimir Putin \u0219i cu al\u021bi \u00eenal\u021bi oficiali ru\u0219i.\u00a0<\/span><\/p>\n<p data-index=\"3\"><span>Potrivit liderului de la Kiev, se preconizeaz\u0103 c\u0103 Witkoff \u0219i Kushner vor face din nou o vizit\u0103 la Moscova. El a afirmat c\u0103 au fost stabilite date provizorii pentru vizita lor la Kiev \u0219i c\u0103 partea ucrainean\u0103 se preg\u0103te\u0219te pentru aceste \u00eent\u00e2lniri.<\/span><\/p>\n<p data-index=\"4\"><span>\u201eNe a\u0219tept\u0103m ca reprezentan\u021bii pre\u0219edintelui SUA s\u0103 soseasc\u0103 aici, la Kiev&#8230; Ne a\u0219tept\u0103m ca \u00eent\u00e2lnirea s\u0103 aib\u0103 loc \u00een zilele urm\u0103toare\u201d, a declarat Zelenski.<\/span><\/p>\n<p data-index=\"5\"><span>\u201eAcest lucru este foarte important. Este important ca Statele Unite s\u0103 r\u0103m\u00e2n\u0103 implicate. Suntem preg\u0103ti\u021bi s\u0103 ne \u00eent\u00e2lnim cu reprezentan\u021bii lor \u00een Ucraina \u2014 la nivelul corespunz\u0103tor \u0219i pentru discu\u021bii substan\u021biale\u201d.<\/span><\/p>\n<p data-index=\"6\"><span>Washingtonul nu a f\u0103cut niciun comentariu cu privire la planurile lui Witkoff \u0219i Kushner de a vizita Ucraina.<\/span><\/p>\n<p data-index=\"7\"><span>Se preconiza ca Witkoff \u0219i Kushner s\u0103 efectueze primele lor vizite \u00een Ucraina la \u00eenceputul acestei luni, dar c\u0103l\u0103toria a fost am\u00e2nat\u0103, se pare pentru c\u0103 Trump a dorit s\u0103-i \u021bin\u0103 pe diploma\u021bi aproape, av\u00e2nd \u00een vedere impasul nerezolvat cu Iranul.<\/span><\/p>\n<p data-index=\"8\"><span>Anun\u021bul lui Zelenski vine la c\u00e2teva zile dup\u0103 ce secretarul Trezoreriei SUA, Scott Bessent, s-a \u00eent\u00e2lnit cu ministrul rus al Finan\u021belor, Anton Siluanov, \u00een Statele Unite, pentru a discuta planul de pace \u00een 28 de puncte al lui Trump.<\/span><\/p>\n<p data-index=\"9\"><span>O versiune original\u0103 a planului de pace \u00een 28 de puncte, negociat de Witkoff \u0219i de trimisul rus Kirill Dmitriev \u0219i publicat pentru prima dat\u0103 \u00een noiembrie anul trecut, impunea cerin\u021be severe Ucrainei \u0219i a fost perceput\u0103 pe scar\u0103 larg\u0103 ca o cerere adresat\u0103 Kievului de a se preda.<\/span><\/p>\n<p data-index=\"10\"><span>Planul a fost revizuit ulterior \u0219i redus la 20 de puncte \u00een cadrul unei serii de discu\u021bii \u00eentre oficialii ucraineni \u0219i cei occidentali, \u00eens\u0103 Kremlinul a respins modific\u0103rile, iar negocierile au ajuns \u00eentr-un impas.<\/span><\/p>\n<p data-index=\"11\"><span>Nu este \u00eenc\u0103 clar ce versiune a planului de pace a prezentat Bessent, iar un oficial ucrainean a declarat pentru Kyiv Independent c\u0103 Ucraina \u201enu \u0219tie nimic\u201d despre \u00eent\u00e2lnirea \u0219efului Trezoreriei cu ministrul rus.<\/span><\/p>\n<p data-index=\"12\"><strong>Cite\u0219te \u0219i:<\/strong><\/p>\n<p data-index=\"13\"><a href=\"https:\/\/www.digi24.ro\/stiri\/externe\/sua\/trump-spune-ca-sua-vor-cere-europei-rambursarea-costurilor-pentru-ajutorul-acordat-ucrainei-chiar-daca-o-facem-cu-intarziere-3934077\" target=\"_blank\" rel=\"noopener\" data-skip-linkfix=\"1\"><strong>Trump spune c\u0103 SUA vor cere Europei rambursarea costurilor pentru ajutorul acordat Ucrainei: \u201eChiar dac\u0103 o facem cu \u00eent\u00e2rziere\u201d<\/strong><\/a><\/p>\n<p data-index=\"14\"><a href=\"https:\/\/www.digi24.ro\/stiri\/externe\/rusia\/putin-face-o-evaluare-optimista-privind-posibilitatea-unui-acord-de-pace-in-timp-ce-ucraina-se-asteapta-la-o-noua-dinamica-3933837\" target=\"_blank\" rel=\"noopener\" data-skip-linkfix=\"1\"><strong>Putin face o evaluare optimist\u0103 privind posibilitatea unui acord de pace, \u00een timp ce Ucraina se a\u0219teapt\u0103 la o \u201enou\u0103 dinamic\u0103\u201d<\/strong><\/a><\/p>\n<p> Editor : <a href=\"https:\/\/www.digi24.ro\/autor\/ana-gherghita\"> A.M.G. <\/a><\/p>\n<\/div>\n<p>[analyse_source url=&#8221;https:\/\/www.digi24.ro\/stiri\/externe\/ue\/cand-ar-putea-avea-loc-prima-vizita-a-emisarilor-lui-trump-in-ucraina-zelenski-acest-lucru-este-foarte-important-3934209&#8243;]<\/p>\n","protected":false},"excerpt":{"rendered":"<p>[analyse_image type=&#8221;featured&#8221; src=&#8221;https:\/\/s.iw.ro\/gateway\/g\/ZmlsZVNvdXJjZT1odHRwJTNBJTJGJTJG\/c3RvcmFnZTA4dHJhbnNjb2Rlci5yY3Mt\/cmRzLnJvJTJGc3RvcmFnZSUyRjIwMjUl\/MkYxMCUyRjA0JTJGMjM4NDQ4Ml8yMzg0\/NDgyX3Byb2ZpbWVkaWEtMTA0MTc0NTE3\/Ni5qcGcmdz0xMjAwJmg9NjMwJnpjPTEm\/aGFzaD1iOTQ1MzI1ODk2M2VmNzk1ZTMzNTgzYWY2ZmYwYTkyMQ==.thumb.jpg&#8221;] Emisarii pre\u0219edintelui american Donald Trump, Steve Witkoff \u0219i Jared Kushner, au confirmat c\u0103 ar putea vizita Ucraina \u00een zilele urm\u0103toare, a declarat joi, 3 septembrie, pre\u0219edintele ucrainean Volodimir Zelenski, relateaz\u0103 Kyiv Independent. C\u0103l\u0103toria planificat\u0103 ar marca prima vizit\u0103 a celor doi reprezentan\u021bi ai SUA \u00een Ucraina, dup\u0103 numeroase vizite la Moscova pentru [&hellip;]<\/p>\n","protected":false},"author":1,"featured_media":0,"comment_status":"open","ping_status":"","sticky":false,"template":"","format":"standard","meta":{"footnotes":""},"categories":[89],"tags":[226,11],"class_list":["post-2126779","post","type-post","status-publish","format-standard","hentry","category-romania","tag-crawlmanager","tag-digi24"],"_links":{"self":[{"href":"https:\/\/analyse.optim.biz\/index.php?rest_route=\/wp\/v2\/posts\/2126779","targetHints":{"allow":["GET"]}}],"collection":[{"href":"https:\/\/analyse.optim.biz\/index.php?rest_route=\/wp\/v2\/posts"}],"about":[{"href":"https:\/\/analyse.optim.biz\/index.php?rest_route=\/wp\/v2\/types\/post"}],"author":[{"embeddable":true,"href":"https:\/\/analyse.optim.biz\/index.php?rest_route=\/wp\/v2\/users\/1"}],"replies":[{"embeddable":true,"href":"https:\/\/analyse.optim.biz\/index.php?rest_route=%2Fwp%2Fv2%2Fcomments&post=2126779"}],"version-history":[{"count":0,"href":"https:\/\/analyse.optim.biz\/index.php?rest_route=\/wp\/v2\/posts\/2126779\/revisions"}],"wp:attachment":[{"href":"https:\/\/analyse.optim.biz\/index.php?rest_route=%2Fwp%2Fv2%2Fmedia&parent=2126779"}],"wp:term":[{"taxonomy":"category","embeddable":true,"href":"https:\/\/analyse.optim.biz\/index.php?rest_route=%2Fwp%2Fv2%2Fcategories&post=2126779"},{"taxonomy":"post_tag","embeddable":true,"href":"https:\/\/analyse.optim.biz\/index.php?rest_route=%2Fwp%2Fv2%2Ftags&post=2126779"}],"curies":[{"name":"wp","href":"https:\/\/api.w.org\/{rel}","templated":true}]}}