{"id":2126776,"date":"2026-09-03T00:00:00","date_gmt":"2026-09-02T21:00:00","guid":{"rendered":"https:\/\/analyse.optim.biz\/?p=2126776"},"modified":"2026-09-03T00:00:00","modified_gmt":"2026-09-02T21:00:00","slug":"concursul-enescu-2026-sase-tineri-s-au-calificat-in-semifinala-sectiunii-violoncel","status":"publish","type":"post","link":"https:\/\/analyse.optim.biz\/?p=2126776","title":{"rendered":"Concursul Enescu 2026: \u0218ase tineri s-au calificat \u00een semifinala Sec\u021biunii Violoncel"},"content":{"rendered":"<p>[analyse_image type=&#8221;featured&#8221; src=&#8221;https:\/\/agerpres.ro\/data\/202609\/20260903215047_468123.jpg&#8221;]<\/p>\n<div class=\"mx-auto pt-3\">\n<p><strong>\u0218ase tineri din Statele Unite ale Americii, Coreea de Sud, China \u0219i Elve\u021bia s-au calificat \u00een semifinala Sec\u021biunii Violoncel a Concursului Interna\u021bional George Enescu 2026, dup\u0103 primele dou\u0103 etape desf\u0103\u0219urate la Universitatea Na\u021bional\u0103 de Muzic\u0103 din Bucure\u0219ti.<\/strong><\/p>\n<iframe loading=\"lazy\" src=\"https:\/\/www.facebook.com\/plugins\/post.php?href=https%3A%2F%2Fwww.facebook.com%2Fenescu.festival%2Fposts%2Fpfbid02VKFtvjwPLpjkMeY7dY3EjFcW2WE9GDE6nmvt1b5JJXRxLe4rUkohTZdH9tSbVNjZl&amp;show_text=true&amp;width=500\" width=\"500\" height=\"809\" scrolling=\"no\" frameborder allowfullscreen=\"true\" allow=\"autoplay; clipboard-write; encrypted-media; picture-in-picture; web-share\"><\/iframe>\n<hr>\n<p>Potrivit unui comunicat al ARTEXIM transmis, joi, AGERPRES, \u00een etapa a doua a concursului s-au calificat 12 violonceli\u0219ti din \u0219ase \u021b\u0103ri, iar \u00een urma juriz\u0103rii, \u0219ase dintre ace\u0219tia au ob\u021binut calificarea \u00een semifinal\u0103.<\/p>\n<p>Printre semifinali\u0219ti se afl\u0103 Seojin Jung (14 ani) din Coreea de Sud \u0219i Ziyang Zhao (17 ani) din China, \u00een v\u00e2rst\u0103 de 17 ani.<\/p>\n<iframe loading=\"lazy\" src=\"https:\/\/www.facebook.com\/plugins\/post.php?href=https%3A%2F%2Fwww.facebook.com%2Fenescu.festival%2Fposts%2Fpfbid02RuNKrGifJANqbQkiyLk3tnHz1sbMX1SGGP5GT4AKcCborJtFvhViFgZUE2YhtN53l&amp;show_text=true&amp;width=500\" width=\"500\" height=\"734\" scrolling=\"no\" frameborder allowfullscreen=\"true\" allow=\"autoplay; clipboard-write; encrypted-media; picture-in-picture; web-share\"><\/iframe>\n<hr>\n<p>Ceilal\u021bi patru semifinali\u0219ti sunt: Joshua Kovac &#8211; Statele Unite ale Americii, Sanghyeok Park &#8211; Coreea de Sud, Samuel Niederhauser &#8211; Elve\u021bia \u0219i Goeunsol Heo &#8211; Coreea de Sud.<\/p>\n<p>Semifinala Sec\u021biunii Violoncel are loc s\u00e2mb\u0103t\u0103, 5 septembrie, la Ateneul Rom\u00e2n. De la ora 10:00, \u00een prima parte a semifinalei, fiecare concurent va interpreta Sonata nr. 2 \u00een Do major pentru violoncel \u0219i pian, op. 26 de George Enescu, cu acompaniament de pian. Accesul publicului la aceast\u0103 etap\u0103 este liber.<\/p>\n<p>De la ora 16:00, semifinali\u0219tii vor evolua al\u0103turi de Orchestra de Camer\u0103 Radio \u0219i Bogdan Zvori\u0219teanu, concertmaestru invitat, \u00eentr-un format introdus \u00een premier\u0103 la edi\u021bia din 2026 a Concursului Interna\u021bional George Enescu: Play &amp; Conduct.<\/p>\n<p>Concuren\u021bii vor trebui s\u0103 c\u00e2nte \u0219i, simultan, s\u0103 conduc\u0103 ansamblul, asum\u00e2ndu-\u0219i construc\u021bia muzical\u0103 \u0219i dialogul cu orchestra. Proba pune astfel \u00een eviden\u021b\u0103 nu doar virtuozitatea \u0219i calitatea interpret\u0103rii, ci \u0219i maturitatea muzical\u0103, capacitatea de comunicare, viziunea artistic\u0103 \u0219i abilitatea fiec\u0103rui concurent de a construi \u00eempreun\u0103 cu orchestra o interpretare coerent\u0103.<\/p>\n<p>\u00cen aceast\u0103 parte a semifinalei, concuren\u021bii vor interpreta Concertul nr. 1 \u00een Do major pentru violoncel \u0219i orchestr\u0103 sau Concertul nr. 2 \u00een Re major pentru violoncel \u0219i orchestr\u0103 de Joseph Haydn, lucr\u0103ri fundamentale ale repertoriului pentru violoncel.<\/p>\n<p>Din juriul prezidat de violoncelistul finlandez Arto Noras fac parte Frans Helmerson, Enrico Dindo, Marin Cazacu, Valentin R\u0103du\u021biu, Dan Prelipcean, Claudio Bohorquez, Inbal Segev \u0219i Elena Dubinets.<\/p>\n<p>La finalul semifinalei vor fi stabili\u021bi cei trei violonceli\u0219ti care se calific\u0103 \u00een Finala Sec\u021biunii Violoncel.<\/p>\n<p>Finala va avea loc la Ateneului Rom\u00e2n, al\u0103turi de Orchestra Na\u021bional\u0103 Radio, sub bagheta dirijorului Case Scaglione.<\/p>\n<p>Edi\u021bia din 2026 a Concursului Interna\u021bional George Enescu se desf\u0103\u0219oar\u0103 la Bucure\u0219ti p\u00e2n\u0103 la data de 19 septembrie, sub tema &#8221;\u00cen c\u0103utarea excelen\u021bei \/ In Pursuit of Excellence&#8221;, \u0219i cuprinde sec\u021biunile Violoncel, Vioar\u0103, Pian \u0219i Compozi\u021bie, al\u0103turi de programul de masterclassuri introdus \u00een structura acestei edi\u021bii.<\/p>\n<p>Concursul a \u00eenregistrat \u00een 2026 un num\u0103r record de 819 \u00eenscrieri din 58 de \u021b\u0103ri &#8211; 756 pentru sec\u021biunile competi\u021bionale \u0219i 63 pentru masterclassuri. \u00cen urma preselec\u021biei interna\u021bionale, c\u00e2te 50 de tineri muzicieni au fost selecta\u021bi pentru fiecare dintre cele trei sec\u021biuni instrumentale.<\/p>\n<p>Concursul Interna\u021bional George Enescu 2026 continu\u0103 o tradi\u021bie \u00eenceput\u0103 \u00een 1958. AGERPRES\/(A &#8211; redactor: Daniel Popescu, editor: Anamaria Constantin, editor online: Gabriela Badea)\u00a0<\/p>\n<p><strong>* Sursa foto:<\/strong><a href=\"https:\/\/www.facebook.com\/enescu.festival\/posts\/pfbid02VKFtvjwPLpjkMeY7dY3EjFcW2WE9GDE6nmvt1b5JJXRxLe4rUkohTZdH9tSbVNjZl\" target=\"_blank\">George Enescu Festival<\/a> \/ Facebook.com<\/p>\n<\/div>\n<div class=\"mx-auto pt-3\">\n                                Afisari: 132\n                            <\/div>\n<p>[analyse_source url=&#8221;https:\/\/agerpres.ro\/cultura-media\/2026\/09\/03\/concursul-enescu-2026-sase-tineri-s-au-calificat-in-semifinala-sectiunii-violoncel&#8211;1590563&#8243;]<\/p>\n","protected":false},"excerpt":{"rendered":"<p>[analyse_image type=&#8221;featured&#8221; src=&#8221;https:\/\/agerpres.ro\/data\/202609\/20260903215047_468123.jpg&#8221;] \u0218ase tineri din Statele Unite ale Americii, Coreea de Sud, China \u0219i Elve\u021bia s-au calificat \u00een semifinala Sec\u021biunii Violoncel a Concursului Interna\u021bional George Enescu 2026, dup\u0103 primele dou\u0103 etape desf\u0103\u0219urate la Universitatea Na\u021bional\u0103 de Muzic\u0103 din Bucure\u0219ti. Potrivit unui comunicat al ARTEXIM transmis, joi, AGERPRES, \u00een etapa a doua a concursului s-au [&hellip;]<\/p>\n","protected":false},"author":1,"featured_media":0,"comment_status":"open","ping_status":"","sticky":false,"template":"","format":"standard","meta":{"footnotes":""},"categories":[2],"tags":[37,226],"class_list":["post-2126776","post","type-post","status-publish","format-standard","hentry","category-politics","tag-agerpres-ro","tag-crawlmanager"],"_links":{"self":[{"href":"https:\/\/analyse.optim.biz\/index.php?rest_route=\/wp\/v2\/posts\/2126776","targetHints":{"allow":["GET"]}}],"collection":[{"href":"https:\/\/analyse.optim.biz\/index.php?rest_route=\/wp\/v2\/posts"}],"about":[{"href":"https:\/\/analyse.optim.biz\/index.php?rest_route=\/wp\/v2\/types\/post"}],"author":[{"embeddable":true,"href":"https:\/\/analyse.optim.biz\/index.php?rest_route=\/wp\/v2\/users\/1"}],"replies":[{"embeddable":true,"href":"https:\/\/analyse.optim.biz\/index.php?rest_route=%2Fwp%2Fv2%2Fcomments&post=2126776"}],"version-history":[{"count":0,"href":"https:\/\/analyse.optim.biz\/index.php?rest_route=\/wp\/v2\/posts\/2126776\/revisions"}],"wp:attachment":[{"href":"https:\/\/analyse.optim.biz\/index.php?rest_route=%2Fwp%2Fv2%2Fmedia&parent=2126776"}],"wp:term":[{"taxonomy":"category","embeddable":true,"href":"https:\/\/analyse.optim.biz\/index.php?rest_route=%2Fwp%2Fv2%2Fcategories&post=2126776"},{"taxonomy":"post_tag","embeddable":true,"href":"https:\/\/analyse.optim.biz\/index.php?rest_route=%2Fwp%2Fv2%2Ftags&post=2126776"}],"curies":[{"name":"wp","href":"https:\/\/api.w.org\/{rel}","templated":true}]}}