{"id":2126775,"date":"2026-09-03T17:54:25","date_gmt":"2026-09-03T14:54:25","guid":{"rendered":"https:\/\/analyse.optim.biz\/?p=2126775"},"modified":"2026-09-03T17:54:25","modified_gmt":"2026-09-03T14:54:25","slug":"parlamentul-trebuie-sa-numeasca-noi-membri-in-ca-ale-tvr-si-radio-romania-ccr-a-publicat-motivarea","status":"publish","type":"post","link":"https:\/\/analyse.optim.biz\/?p=2126775","title":{"rendered":"Parlamentul trebuie s\u0103 numeasc\u0103 noi membri \u00een CA ale TVR \u0219i Radio Rom\u00e2nia. CCR a publicat motivarea&#8230;"},"content":{"rendered":"<p>[analyse_image type=&#8221;featured&#8221; src=&#8221;https:\/\/s.iw.ro\/gateway\/g\/ZmlsZVNvdXJjZT1odHRwJTNBJTJGJTJG\/c3RvcmFnZTA4dHJhbnNjb2Rlci5yY3Mt\/cmRzLnJvJTJGc3RvcmFnZSUyRjIwMjYl\/MkYwMyUyRjIzJTJGMjY0OTU4OF8yNjQ5\/NTg4X2Njci1pbnF1YW0tZ2VvcmdlLWNh\/bGluLmpwZyZ3PTEyMDAmaD02MzAmemM9\/MSZoYXNoPTk4MmM2MzAyNDU0ZWNmNGZkNzY3YWVlNzAwYWRmNDkx.thumb.jpg&#8221;]<\/p>\n<div class=\"entry data-app-meta data-app-meta-article\" data-embed-base-url-canonical=\"https:\/\/www.digi24.ro\/embed\/stiri\/actualitate\/politica\/parlamentul-trebuie-sa-numeasca-noi-membri-in-ca-ale-tvr-si-radio-romania-ccr-a-publicat-motivarea-deciziilor-de-neconstitutionalitate-3934201\">\n<p data-index=\"1\"><strong>CCR a publicat, joi, motivarea deciziilor privind neconstitu\u0163ionalitatea Hot\u0103r\u00e2rilor Parlamentului cu privire la desemnarea membrilor CA ai SRTV (Televiziunea Rom\u00e2n\u0103, TVR) \u015fi SRR (Radio Rom\u00e2nia), \u00een care arat\u0103 c\u0103 deciziile Parlamentului sunt neconstitu\u0163ionale \u00een ceea ce prive\u015fte desemnarea candida\u0163ilor de c\u0103tre grupurile parlamentare reunite ale celor dou\u0103 Camere ale Parlamentului, fiind \u00eenc\u0103lcate dispozi\u0163iile din Constitu\u0163ie care prev\u0103d c\u0103 respectarea legilor este obligatorie, precum \u015fi cele referitoare la principiul statului de drept.<\/strong><\/p>\n<p data-index=\"2\">CCR precizeaz\u0103 c\u0103 actele de numire efectuate de Parlament \u00ee\u015fi \u00eenceteaz\u0103 efectele juridice la data public\u0103rii prezentei decizii \u00een Monitorul Oficial al Rom\u00e2niei, urm\u00e2nd ca Parlamentul s\u0103 fac\u0103 o nou\u0103 numire, dintre persoanele care vor alc\u0103tui noua componen\u0163\u0103 a Consiliilor de administra\u0163ie ale SRTV \u015fi SRR, scrie News.ro.<\/p>\n<p data-index=\"3\">CCR arat\u0103 \u00een motivarea deciziilor privind alegerea Consiliului de Administra\u0163ie al SRTV \u015fi SRR c\u0103, la data de 18 noiembrie 2025, data adopt\u0103rii hot\u0103r\u00e2rii deduse controlului de constitu\u0163ionalitate, din totalul de 463 de deputa\u0163i \u015fi senatori, repartizarea parlamentarilor pe grupuri parlamentare era urm\u0103toarea:<\/p>\n<ul>\n<li>grupurile parlamentare ale Partidului Social Democrat din Camera Deputa\u0163ilor \u015fi Senat &#8211; 129 de membri (reprezent\u00e2nd 27,8% din totalul parlamentarilor),<\/li>\n<li>grupurile parlamentare ale Alian\u0163ei pentru Unirea Rom\u00e2nilor din Camera Deputa\u0163ilor \u015fi Senat &#8211; 90 de membri (reprezent\u00e2nd 19,4% din totalul parlamentarilor),<\/li>\n<li>grupurile parlamentare ale Partidului Na\u0163ional Liberal din Camera Deputa\u0163ilor \u015fi Senat &#8211; 73 de membri (reprezent\u00e2nd 15,7% din totalul parlamentarilor),<\/li>\n<li>grupurile parlamentare ale Uniunii Salva\u0163i Rom\u00e2nia din Camera Deputa\u0163ilor \u015fi Senat &#8211; 59 de membri (reprezent\u00e2nd 12,7% din totalul parlamentarilor),<\/li>\n<li>grupurile parlamentare ale Uniunii Democrate Maghiare din Rom\u00e2nia din Camera Deputa\u0163ilor \u015fi Senat &#8211; 32 de membri (reprezent\u00e2nd 6,9% din totalul parlamentarilor),<\/li>\n<li>grupul parlamentar al Minorit\u0103\u0163ilor Na\u0163ionale din Camera Deputa\u0163ilor &#8211; 17 membri (reprezent\u00e2nd 3,6% din totalul parlamentarilor),<\/li>\n<li>grupul parlamentar al Partidului S.O.S. Rom\u00e2nia din Camera Deputa\u0163ilor &#8211; 15 membri (reprezent\u00e2nd 3,2% din totalul parlamentarilor),<\/li>\n<li>grupul parlamentar al Partidului Oamenilor Tineri din Camera Deputa\u0163ilor &#8211; 14 membri (reprezent\u00e2nd 3,02% din totalul parlamentarilor),<\/li>\n<li>grupul parlamentar PACE &#8211; \u00cent\u00e2i Rom\u00e2nia din Senat &#8211; 12 membri (reprezent\u00e2nd 2,5% din totalul parlamentarilor) \u015f<\/li>\n<li>22 de parlamentari neafilia\u0163i niciunui grup parlamentar (reprezent\u00e2nd 4,7% din totalul parlamentarilor).<\/li>\n<\/ul>\n<p data-index=\"4\">\u201eFa\u0163\u0103 de aceste date, ce reflect\u0103, la data adopt\u0103rii Hot\u0103r\u00e2rii Parlamentului Rom\u00e2niei nr.46\/2025, ponderea \u00een Parlament a grupurilor parlamentare ale partidelor politice care au ob\u0163inut mandate \u00een alegeri, \u0163in\u00e2nd cont \u015fi de componen\u0163a nominal\u0103 a Consiliului de administra\u0163ie al SRR votat\u0103 de Parlament, Curtea constat\u0103 c\u0103 hot\u0103r\u00e2rea criticat\u0103 nu respect\u0103 criteriul imperativ al ponderii \u00een Parlament stabilit de Legea nr.41\/1994, \u00eentruc\u00e2t, pe de o parte, grupuri parlamentare cu pondere de peste 10% din totalul parlamentarilor au primit acela\u015fi num\u0103r de locuri \u00een Consiliul de administra\u0163ie al SRR ca \u015fi un grup parlamentar cu pondere de sub 10% din totalul parlamentarilor, iar, pe de alt\u0103 parte, grupuri parlamentare cu o pondere de sub 10% din totalul parlamentarilor nu sunt reprezentate \u00een Consiliul de administra\u0163ie al SRR \u015fi SRTV\u201d, precizeaz\u0103 motivarea.<\/p>\n<p data-index=\"5\">Or, o pondere semnificativ diferit\u0103 a grupurilor parlamentare &#8211; \u00een prezenta cauz\u0103 fiind vorba despre ponderi de aproximativ dou\u0103 ori sau chiar de trei ori mai mari unele fa\u0163\u0103 de altele &#8211; ar fi trebuit s\u0103 determine alocarea unui num\u0103r de locuri adecvat, diferit, \u00een cadrul Consiliului de administra\u0163ie al SRR, stabilit \u00een marja ponderii grupurilor parlamentare\u201d, se arat\u0103 \u00een motivare.<\/p>\n<p data-index=\"6\">Curtea re\u0163ine \u015fi c\u0103 o ipotetic\u0103 negociere politic\u0103 \u00eentre grupurile parlamentare care au propus candida\u0163i pentru func\u0163iile de membru titular \u015fi membru supleant \u00een Consiliul de administra\u0163ie al SRR (SRTV) nu se putea plasa \u00een afara criteriilor stabilite de Legea nr.41\/1994. 60.<\/p>\n<p data-index=\"7\">Curtea Constitu\u0163ional\u0103 a admis sesizarea de neconstitu\u0163ionalitate formulat\u0103 de grupurile parlamentare ale Alian\u0163ei pentru Unirea Rom\u00e2nilor din Camera Deputa\u0163ilor \u015fi Senat \u015fi a constatat c\u0103 hot\u0103r\u00e2rea Parlamentului privind desemnarea membrilor Consiliului de administra\u0163ie al Societ\u0103\u0163ii Rom\u00e2ne de Radiodifuziune \u015fi cea privind Consiliul de administra\u0163ie al SRTV sunt neconstitu\u0163ionale \u00een ceea ce prive\u015fte desemnarea candida\u0163ilor de c\u0103tre grupurile parlamentare reunite ale celor dou\u0103 Camere ale Parlamentului.<\/p>\n<p data-index=\"8\">Potrivit CCR, actele juridice adoptate de Consiliul de administra\u0163ie al SRTV \u015fi cele ale SRR p\u00e2n\u0103 la aceast\u0103 dat\u0103, r\u0103m\u00e2n valabile.<\/p>\n<p data-index=\"9\">Totodat\u0103, actele de numire efectuate de Parlament \u00ee\u015fi \u00eenceteaz\u0103 efectele juridice la data public\u0103rii prezentei decizii \u00een Monitorul Oficial al Rom\u00e2niei, Partea I, urm\u00e2nd ca Parlamentul s\u0103 fac\u0103 o nou\u0103 numire, dintre persoanele care vor alc\u0103tui noua componen\u0163\u0103 a Consiliului de administra\u0163ie al SRTV \u015fi SRR.<\/p>\n<p data-index=\"10\"><a href=\"https:\/\/www.digi24.ro\/stiri\/actualitate\/politica\/aur-solicita-ccr-sa-publice-de-urgenta-deciziile-prin-care-sunt-desemnati-membrii-sai-in-conducerile-tvr-si-radioului-public-3934049\" target=\"_blank\" rel=\"noopener\" data-skip-linkfix=\"1\">Alian\u0163a pentru Unirea Rom\u00e2nilor a solicitat joi Cur\u0163ii Constitu\u0163ionale a Rom\u00e2niei<\/a> urgentarea redact\u0103rii \u015fi transmiterii spre publicare \u00een Monitorul Oficial a deciziilor pronun\u0163ate la 29 aprilie 2026 privind desemnarea membrilor Consiliilor de administra\u0163ie ale Societ\u0103\u0163ii Rom\u00e2ne de Televiziune \u015fi Societ\u0103\u0163ii Rom\u00e2ne de Radiodifuziune.<\/p>\n<p data-index=\"11\">AUR arat\u0103 c\u0103, de\u015fi CCR a admis sesiz\u0103rile AUR \u015fi a constatat neconstitu\u0163ionalitatea hot\u0103r\u00e2rilor Parlamentului, au trecut 127 de zile f\u0103r\u0103 ca deciziile s\u0103 fie redactate \u015fi publicate, iar persoane a c\u0103ror desemnare a fost constatat\u0103 ca fiind neconstitu\u0163ional\u0103 \u00ee\u015fi continu\u0103 mandatele.<\/p>\n<p> Editor : <a href=\"https:\/\/www.digi24.ro\/autor\/bogdan-enache\"> B.E. <\/a><\/p>\n<\/div>\n<p>[analyse_source url=&#8221;https:\/\/www.digi24.ro\/stiri\/actualitate\/politica\/parlamentul-trebuie-sa-numeasca-noi-membri-in-ca-ale-tvr-si-radio-romania-ccr-a-publicat-motivarea-deciziilor-de-neconstitutionalitate-3934201&#8243;]<\/p>\n","protected":false},"excerpt":{"rendered":"<p>[analyse_image type=&#8221;featured&#8221; src=&#8221;https:\/\/s.iw.ro\/gateway\/g\/ZmlsZVNvdXJjZT1odHRwJTNBJTJGJTJG\/c3RvcmFnZTA4dHJhbnNjb2Rlci5yY3Mt\/cmRzLnJvJTJGc3RvcmFnZSUyRjIwMjYl\/MkYwMyUyRjIzJTJGMjY0OTU4OF8yNjQ5\/NTg4X2Njci1pbnF1YW0tZ2VvcmdlLWNh\/bGluLmpwZyZ3PTEyMDAmaD02MzAmemM9\/MSZoYXNoPTk4MmM2MzAyNDU0ZWNmNGZkNzY3YWVlNzAwYWRmNDkx.thumb.jpg&#8221;] CCR a publicat, joi, motivarea deciziilor privind neconstitu\u0163ionalitatea Hot\u0103r\u00e2rilor Parlamentului cu privire la desemnarea membrilor CA ai SRTV (Televiziunea Rom\u00e2n\u0103, TVR) \u015fi SRR (Radio Rom\u00e2nia), \u00een care arat\u0103 c\u0103 deciziile Parlamentului sunt neconstitu\u0163ionale \u00een ceea ce prive\u015fte desemnarea candida\u0163ilor de c\u0103tre grupurile parlamentare reunite ale celor dou\u0103 Camere ale Parlamentului, fiind \u00eenc\u0103lcate [&hellip;]<\/p>\n","protected":false},"author":1,"featured_media":0,"comment_status":"open","ping_status":"","sticky":false,"template":"","format":"standard","meta":{"footnotes":""},"categories":[89],"tags":[226,11],"class_list":["post-2126775","post","type-post","status-publish","format-standard","hentry","category-romania","tag-crawlmanager","tag-digi24"],"_links":{"self":[{"href":"https:\/\/analyse.optim.biz\/index.php?rest_route=\/wp\/v2\/posts\/2126775","targetHints":{"allow":["GET"]}}],"collection":[{"href":"https:\/\/analyse.optim.biz\/index.php?rest_route=\/wp\/v2\/posts"}],"about":[{"href":"https:\/\/analyse.optim.biz\/index.php?rest_route=\/wp\/v2\/types\/post"}],"author":[{"embeddable":true,"href":"https:\/\/analyse.optim.biz\/index.php?rest_route=\/wp\/v2\/users\/1"}],"replies":[{"embeddable":true,"href":"https:\/\/analyse.optim.biz\/index.php?rest_route=%2Fwp%2Fv2%2Fcomments&post=2126775"}],"version-history":[{"count":0,"href":"https:\/\/analyse.optim.biz\/index.php?rest_route=\/wp\/v2\/posts\/2126775\/revisions"}],"wp:attachment":[{"href":"https:\/\/analyse.optim.biz\/index.php?rest_route=%2Fwp%2Fv2%2Fmedia&parent=2126775"}],"wp:term":[{"taxonomy":"category","embeddable":true,"href":"https:\/\/analyse.optim.biz\/index.php?rest_route=%2Fwp%2Fv2%2Fcategories&post=2126775"},{"taxonomy":"post_tag","embeddable":true,"href":"https:\/\/analyse.optim.biz\/index.php?rest_route=%2Fwp%2Fv2%2Ftags&post=2126775"}],"curies":[{"name":"wp","href":"https:\/\/api.w.org\/{rel}","templated":true}]}}