{"id":2126772,"date":"2026-09-03T00:00:00","date_gmt":"2026-09-02T21:00:00","guid":{"rendered":"https:\/\/analyse.optim.biz\/?p=2126772"},"modified":"2026-09-03T00:00:00","modified_gmt":"2026-09-02T21:00:00","slug":"eduard-novak-politicul-isi-va-da-seama-ca-mai-jos-de-atat-nu-se-poate-si-ca-avem-nevoie-de-un-minister-al-sportului","status":"publish","type":"post","link":"https:\/\/analyse.optim.biz\/?p=2126772","title":{"rendered":"Eduard Novak: Politicul \u00ee\u0219i va da seama c\u0103 mai jos de at\u00e2t nu se poate \u0219i c\u0103 avem nevoie de un Minister al Sportului"},"content":{"rendered":"<p>[analyse_image type=&#8221;featured&#8221; src=&#8221;https:\/\/agerpres.ro\/data\/202609\/20260903213831_796610.jpg&#8221;]<\/p>\n<div class=\"mx-auto pt-3\">\n<p><strong>Pre\u0219edintele Comitetului Na\u021bional Paralimpic \u0219i fost ministru al Sportului, Eduard Novak, a declarat, joi, la Ceremonia Oficial\u0103 de Deschidere a primei edi\u021bii a Jocurilor Parasport Rom\u00e2nia Bucure\u0219ti 2026, c\u0103 sportul rom\u00e2nesc nu are viitor \u00een actuala formul\u0103 institu\u021bional\u0103 \u0219i c\u0103 este nevoie de re\u00eenfiin\u021barea Ministerului Sportului pentru a reforma \u00eentregul sistem.<\/strong><\/p>\n<p>Novak a criticat actuala organizare a sportului la nivel guvernamental \u0219i a sus\u021binut c\u0103 Rom\u00e2nia are nevoie de o institu\u021bie care s\u0103 coordoneze \u00eentregul domeniu.<\/p>\n<p>&#8221;C\u00e2nd am plecat de la minister am spus &#8216;RIP sportul rom\u00e2nesc&#8217;. Ast\u0103zi afirm c\u0103 situa\u021bia sportului rom\u00e2nesc, \u00een acest context al Agen\u021biei Na\u021bionale pentru Sport, nu are niciun viitor, din p\u0103cate. Sportul rom\u00e2nesc are nevoie de reform\u0103, are nevoie de direc\u021bie, de o conducere pentru tot sistemul sportiv rom\u00e2nesc&#8221;, a declarat Eduard Novak.<\/p>\n<p>Fostul ministru s-a declarat convins c\u0103, \u00een cele din urm\u0103, clasa politic\u0103 va \u00een\u021belege necesitatea revenirii la un minister dedicat sportului.<\/p>\n<p>&#8221;Eu am \u00eencredere c\u0103, la un moment dat, toat\u0103 lumea sportului \u0219i politicul \u00ee\u0219i vor da seama c\u0103 mai jos de at\u00e2t nu se poate \u0219i c\u0103 avem nevoie de un Minister al Sportului. Eu voi milita \u00eentotdeauna pentru acest lucru. Avem nevoie de implementarea strategiei care este \u00eentr-un sertar de c\u00e2nd am plecat, iar tinerii a\u0219teapt\u0103 \u00een continuare ca cineva s\u0103 \u00eei ajute s\u0103 devin\u0103 campioni&#8221;, a afirmat el.<\/p>\n<p>Novak a criticat \u0219i \u00eent\u00e2rzierea pl\u0103\u021bii premierilor pentru sportivii care au ob\u021binut performan\u021be interna\u021bionale, apreciind c\u0103 astfel de situa\u021bii nu ar trebui s\u0103 existe.<\/p>\n<p>&#8221;Eu consider c\u0103 este foarte grav c\u0103 sportivii nu \u0219i-au primit primele \u00een ultimii doi ani. Nu avem foarte mul\u021bi sportivi, cunoa\u0219tem foarte bine hibele sistemului \u0219i avem doar c\u00e2\u021biva campioni. Nu ar trebui s\u0103 ajungem \u00een aceast\u0103 situa\u021bie. Sportivi de valoarea lui David Popovici nu pot veni acas\u0103 \u0219i s\u0103 \u00ee\u0219i cear\u0103 scuze c\u0103 au c\u00e2\u0219tigat din nou \u0219i c\u0103 trebuie s\u0103 \u00ee\u0219i primeasc\u0103 premiile. C\u00e2t timp am fost ministru, aceste lucruri nu au existat \u0219i ar trebui s\u0103 fie o prioritate ca acei c\u00e2\u021biva campioni ai no\u0219tri s\u0103 fie recompensa\u021bi imediat&#8221;, a spus pre\u0219edintele Comitetului Na\u021bional Paralimpic.<\/p>\n<p>\u00cen acela\u0219i timp, el a precizat c\u0103, \u00een cazul sportivilor paralimpici, plata premierilor este la zi, \u00een ciuda resurselor financiare limitate ale institu\u021biei pe care o conduce.<\/p>\n<p>&#8221;La sportivii paralimpici nu exist\u0103 \u00eent\u00e2rzieri ale primelor, suntem la zi cu plata. Noi \u00eenc\u0103 rezist\u0103m, pentru c\u0103 noi pl\u0103tim premierile. Avem un buget limitat, v\u0103 da\u021bi seama, dar suntem la zi&#8221;, a ad\u0103ugat Eduard Novak.<br \/>\nAGERPRES\/ (A, AS &#8211; redactor: Adrian \u021aone, editor: Mihai \u021aenea, editor online: Gabriela Badea)<\/p>\n<p><strong>* Mai multe imagini pe\u00a0<a href=\"https:\/\/foto.agerpres.ro\/ro\/bucuresti-deschidere-jocurile-parasport-bucuresti-2026\" target=\"_blank\">AGERPRES FOTO<\/a>\u00a0<\/strong><\/p>\n<p><strong>** Cite\u015fte \u015fi:<\/strong><\/p>\n<p><a href=\"https:\/\/agerpres.ro\/sport\/2026\/09\/03\/alexandru-bologa-avem-nevoie-de-competitii-pentru-a-aduce-copiii-cu-dizabilitati-spre-sport--1590561\" target=\"_blank\">Alexandru Bologa: Avem nevoie de competi\u021bii pentru a aduce copiii cu dizabilit\u0103\u021bi spre sport<\/a>\u00a0<\/p>\n<p><a href=\"https:\/\/agerpres.ro\/sport\/2026\/09\/03\/eduard-novak-cnp-ne-dorim-ca-sportivii-paralimpici-sa-fie-priviti-prin-prisma-talentului-si-muncii-l--1590559\" target=\"_blank\">Eduard Novak (CNP): Ne dorim ca sportivii paralimpici s\u0103 fie privi\u021bi prin prisma talentului \u0219i muncii lor (GALERIE FOTO)<\/a>\u00a0\u00a0<\/p>\n<\/div>\n<div class=\"mx-auto pt-3\">\n                                Afisari: 137\n                            <\/div>\n<p>[analyse_source url=&#8221;https:\/\/agerpres.ro\/sport\/2026\/09\/03\/eduard-novak-politicul-isi-va-da-seama-ca-mai-jos-de-atat-nu-se-poate-si-ca-avem-nevoie-de-un-minist&#8211;1590562&#8243;]<\/p>\n","protected":false},"excerpt":{"rendered":"<p>[analyse_image type=&#8221;featured&#8221; src=&#8221;https:\/\/agerpres.ro\/data\/202609\/20260903213831_796610.jpg&#8221;] Pre\u0219edintele Comitetului Na\u021bional Paralimpic \u0219i fost ministru al Sportului, Eduard Novak, a declarat, joi, la Ceremonia Oficial\u0103 de Deschidere a primei edi\u021bii a Jocurilor Parasport Rom\u00e2nia Bucure\u0219ti 2026, c\u0103 sportul rom\u00e2nesc nu are viitor \u00een actuala formul\u0103 institu\u021bional\u0103 \u0219i c\u0103 este nevoie de re\u00eenfiin\u021barea Ministerului Sportului pentru a reforma \u00eentregul sistem. Novak [&hellip;]<\/p>\n","protected":false},"author":1,"featured_media":0,"comment_status":"open","ping_status":"","sticky":false,"template":"","format":"standard","meta":{"footnotes":""},"categories":[2],"tags":[37,226],"class_list":["post-2126772","post","type-post","status-publish","format-standard","hentry","category-politics","tag-agerpres-ro","tag-crawlmanager"],"_links":{"self":[{"href":"https:\/\/analyse.optim.biz\/index.php?rest_route=\/wp\/v2\/posts\/2126772","targetHints":{"allow":["GET"]}}],"collection":[{"href":"https:\/\/analyse.optim.biz\/index.php?rest_route=\/wp\/v2\/posts"}],"about":[{"href":"https:\/\/analyse.optim.biz\/index.php?rest_route=\/wp\/v2\/types\/post"}],"author":[{"embeddable":true,"href":"https:\/\/analyse.optim.biz\/index.php?rest_route=\/wp\/v2\/users\/1"}],"replies":[{"embeddable":true,"href":"https:\/\/analyse.optim.biz\/index.php?rest_route=%2Fwp%2Fv2%2Fcomments&post=2126772"}],"version-history":[{"count":0,"href":"https:\/\/analyse.optim.biz\/index.php?rest_route=\/wp\/v2\/posts\/2126772\/revisions"}],"wp:attachment":[{"href":"https:\/\/analyse.optim.biz\/index.php?rest_route=%2Fwp%2Fv2%2Fmedia&parent=2126772"}],"wp:term":[{"taxonomy":"category","embeddable":true,"href":"https:\/\/analyse.optim.biz\/index.php?rest_route=%2Fwp%2Fv2%2Fcategories&post=2126772"},{"taxonomy":"post_tag","embeddable":true,"href":"https:\/\/analyse.optim.biz\/index.php?rest_route=%2Fwp%2Fv2%2Ftags&post=2126772"}],"curies":[{"name":"wp","href":"https:\/\/api.w.org\/{rel}","templated":true}]}}