{"id":2126765,"date":"2026-09-03T00:00:00","date_gmt":"2026-09-02T21:00:00","guid":{"rendered":"https:\/\/analyse.optim.biz\/?p=2126765"},"modified":"2026-09-03T00:00:00","modified_gmt":"2026-09-02T21:00:00","slug":"eduard-novak-cnp-ne-dorim-ca-sportivii-paralimpici-sa-fie-priviti-prin-prisma-talentului-si-muncii-lor-galerie-foto","status":"publish","type":"post","link":"https:\/\/analyse.optim.biz\/?p=2126765","title":{"rendered":"Eduard Novak (CNP): Ne dorim ca sportivii paralimpici s\u0103 fie privi\u021bi prin prisma talentului \u0219i muncii lor (GALERIE FOTO)"},"content":{"rendered":"<p>[analyse_image type=&#8221;featured&#8221; src=&#8221;https:\/\/agerpres.ro\/data\/202609\/20260903212853_562005.jpg&#8221;]<\/p>\n<div class=\"mx-auto pt-3\">\n<p><strong>Pre\u0219edintele Comitetului Na\u021bional Paralimpic (CNP), Eduard Novak, a declarat, joi, la Ceremonia Oficial\u0103 de Deschidere dedicat\u0103 primei edi\u021bii a Jocurilor Parasport Rom\u00e2nia Bucure\u0219ti 2026, c\u0103 \u00ee\u0219i dore\u0219te ca sportivii paralimpici s\u0103 fie aprecia\u021bi pentru talentul, munca, curajul \u0219i performan\u021bele lor, \u0219i nu prin prisma dizabilit\u0103\u021bilor.<\/strong><\/p>\n<p>Eduard Novak a subliniat importan\u021ba evenimentului pentru sportul paralimpic rom\u00e2nesc \u0219i a afirmat c\u0103 acesta poate contribui la schimbarea percep\u021biei societ\u0103\u021bii asupra sportivilor cu dizabilit\u0103\u021bi.<\/p>\n<p>&#8221;Este cel mai important eveniment din sportul paralimpic din acest an. Ne-am dorit, prin acest eveniment, s\u0103 schimb\u0103m un pic fa\u021ba \u0219i percep\u021bia asupra sportivilor paralimpici din Rom\u00e2nia \u0219i a tot ceea ce \u00eenseamn\u0103 aceast\u0103 mi\u0219care. Ne dorim ca acest eveniment s\u0103 creasc\u0103, s\u0103 fie un eveniment de referin\u021b\u0103 al sportului paralimpic rom\u00e2nesc. Eu cred foarte mult c\u0103 exist\u0103 mul\u021bi tineri acas\u0103 care \u00ee\u0219i doresc s\u0103 devin\u0103 campioni, iar acest eveniment poate fi unul dintre r\u0103spunsurile la \u00eentreb\u0103rile lor&#8221;, a declarat Novak.<\/p>\n<p>Fostul campion paralimpic a eviden\u021biat \u0219i rolul competi\u021biei \u00een crearea unor noi oportunit\u0103\u021bi pentru persoanele cu dizabilit\u0103\u021bi \u0219i \u00een promovarea incluziunii.<\/p>\n<p><img decoding=\"async\" alt src=\"https:\/\/fotob.agerpres.ro\/foto\/watermark\/19611139\"><\/p>\n<p>Foto: (c)\u00a0ALEX MICSIK \/ AGERPRES FOTO<\/p>\n<hr>\n<p>&#8221;Ast\u0103zi nu deschidem doar o competi\u021bie, deschidem o u\u0219\u0103 c\u0103tre mai multe oportunit\u0103\u021bi, incluziune \u0219i, sper eu, o schimbare de mentalitate \u00een societatea rom\u00e2neasc\u0103. Ne dorim ca Parasport Games s\u0103 devin\u0103 un eveniment de referin\u021b\u0103, care s\u0103 arate c\u0103 persoanele cu dizabilit\u0103\u021bi nu trebuie privite prin prisma limit\u0103rilor lor, ci prin prisma talentului, muncii, curajului \u0219i performan\u021belor lor. Vrem ca sportivii no\u0219tri s\u0103 fie aprecia\u021bi, s\u0103 fie privi\u021bi pentru ceea ce sunt&#8221;, a spus Eduard Novak.<\/p>\n<p>Oficialul CNP, care a reprezentat Rom\u00e2nia la mai multe edi\u021bii ale Jocurilor Paralimpice, nu exclude o revenire \u00een competi\u021bie, de\u0219i recunoa\u0219te c\u0103 o eventual\u0103 participare ar presupune un efort considerabil.<\/p>\n<p>&#8221;Nu se \u0219tie niciodat\u0103 dac\u0103 voi mai concura la Jocurile Paralimpice, pentru c\u0103 este dificil s\u0103 aju\u021bi at\u00e2\u021bia sportivi s\u0103 ajung\u0103 la Jocurile Paralimpice \u0219i tu s\u0103 stai pe afar\u0103. A\u0219a c\u0103 \u00eemi dau r\u0103gaz, un pic de timp, \u0219i poate voi anun\u021ba \u00een cur\u00e2nd c\u0103 m\u0103 preg\u0103tesc pentru \u00eenc\u0103 o edi\u021bie. Trebuie s\u0103 intru un pic la cur\u0103 de sl\u0103bire, dar se rezolv\u0103&#8221;, a afirmat el.<\/p>\n<p><strong>Pre\u0219edintele Comitetului Paralimpic European, Raymon Blondel<\/strong>, a apreciat la r\u00e2ndul s\u0103u organizarea competi\u021biei de la Bucure\u0219ti \u0219i a pus accent pe necesitatea ca sportivii s\u0103 fie evalua\u021bi pentru abilit\u0103\u021bile lor.<\/p>\n<p><img decoding=\"async\" alt src=\"https:\/\/fotob.agerpres.ro\/foto\/watermark\/19611145\"><\/p>\n<p>Foto: (c)\u00a0ALEX MICSIK \/ AGERPRES FOTO<\/p>\n<hr>\n<p>&#8221;Evenimentele de felul acesta ne reamintesc ce \u00eenseamn\u0103 parasportul. Este vorba despre posibilit\u0103\u021bi. Nu este o simpl\u0103 competi\u021bie, ci \u00eencredere, ambi\u021bie, prietenie \u0219i sentimentul de a apar\u021bine. Noi suntem to\u021bi oameni \u0219i vrem s\u0103 fim cu to\u021bii aprecia\u021bi pentru ceea ce suntem. Este o ocazie suprem\u0103 de a ar\u0103ta tuturor \u00een lume ce \u00eenseamn\u0103 s\u0103 te g\u00e2nde\u0219ti la abilit\u0103\u021bi, nu la dizabilit\u0103\u021bi&#8221;, a declarat Raymon Blondel.<\/p>\n<p>Oficialul european a eviden\u021biat \u0219i importan\u021ba competi\u021biilor na\u021bionale pentru dezvoltarea mi\u0219c\u0103rii paralimpice \u0219i pentru apari\u021bia unor noi sportivi.<\/p>\n<p>&#8221;Ca pre\u0219edinte al Comitetului Paralimpic European pot spune c\u0103 este un pas important \u0219i pentru mi\u0219carea paralimpic\u0103 din Europa. \u0218tim cu to\u021bii de lipsa de oportunit\u0103\u021bi de competi\u021bie \u0219i, deschiz\u00e2nd aceste competi\u021bii na\u021bionale, deschidem o poart\u0103 pentru sportivi. Asta dore\u0219te \u0219i Comitetul Paralimpic European: comunit\u0103\u021bi puternice de sportivi&#8221;, a mai spus Blondel.<\/p>\n<p><strong>Primarul general al Capitalei, Ciprian Ciucu<\/strong>, \u0219i-a exprimat speran\u021ba ca evenimentul de la Bucure\u0219ti s\u0103 devin\u0103 o tradi\u021bie \u0219i s\u0103 fie organizat \u00een fiecare an.<\/p>\n<p><img decoding=\"async\" alt src=\"https:\/\/fotob.agerpres.ro\/foto\/watermark\/19611134\"><\/p>\n<p>Foto: (c)\u00a0ALEX MICSIK \/ AGERPRES FOTO<\/p>\n<hr>\n<p>&#8221;Ceea ce face\u021bi este fabulos. Sunte\u021bi la prima edi\u021bie \u0219i conteaz\u0103 enorm, dar am \u00eencredere c\u0103 este ceea ce trebuie. \u0218i am \u00eencredere c\u0103 va fi o tradi\u021bie \u0219i c\u0103 se va repeta an de an. Dac\u0103 pot s\u0103 fac orice din postura de primar general pentru viitoarele competi\u021bii, voi face cu bucurie, pentru c\u0103 trebuie s\u0103 sprijinim competi\u021biile. Eu \u00eensumi sunt un mare sus\u021bin\u0103tor al sportului. \u0218tiu ceea ce \u00eenseamn\u0103 s\u0103 tragi de tine, s\u0103 \u00ee\u021bi dep\u0103\u0219e\u0219ti limitele \u0219i s\u0103 c\u00e2\u0219tigi, pentru c\u0103 este destul de dulce competi\u021bia atunci c\u00e2nd c\u00e2\u0219tigi. \u0218i Bucure\u0219tiul are de c\u00e2\u0219tigat din astfel de competi\u021bii&#8221;, a declarat Ciucu.<\/p>\n<p>Peste trei sute de sportivi particip\u0103 la prima edi\u021bie a Jocurilor Parasport Rom\u00e2nia, competi\u021bie care reune\u0219te zece discipline \u0219i care este organizat\u0103 \u00een \u0219apte baze sportive din Bucure\u0219ti \u00een perioada 1-5 septembrie.<\/p>\n<p><img decoding=\"async\" alt src=\"https:\/\/foto.agerpres.ro\/photos\/19611122\/cover.jpg\"><\/p>\n<p>Foto: (c)\u00a0ALEX MICSIK \/ AGERPRES FOTO<\/p>\n<hr>\n<p>Jocurile Parasport Rom\u00e2nia sunt construite dup\u0103 conceptul unei competi\u021bii multisport \u0219i reunesc Campionate Na\u021bionale \u00een zece discipline sportive, dintre care opt sunt sporturi paralimpice. \u00cen program se reg\u0103sesc para tenis de mas\u0103, para \u00eenot, para atletism, para powerlifting, baschet \u00een scaun rulant 3&#215;3, para tir cu arcul, judo adaptat, tenis \u00een scaun rulant, para climbing \u0219i para canoe.<\/p>\n<p>Concursurile Jocurilor Parasport Rom\u00e2nia 2026 se desf\u0103\u0219oar\u0103 \u00een \u0219apte baze sportive din Capital\u0103: Stadionul &#8221;Iolanda Bala\u0219 Soter&#8221;, Centrul Na\u021bional de Tenis, CS Olimpia Bucure\u0219ti, Arena de Baschet, CSN &#8221;Lia Manoliu&#8221;, Vertical Spirit \u0219i Parcul &#8221;Alexandru Ioan Cuza&#8221; (IOR).<\/p>\n<p><img decoding=\"async\" alt src=\"https:\/\/foto.agerpres.ro\/photos\/19611128\/cover.jpg\"><\/p>\n<p>Foto: (c)\u00a0ALEX MICSIK \/ AGERPRES FOTO<\/p>\n<hr>\n<p>Costurile organiz\u0103rii Jocurilor Parasport se ridic\u0103 la aproximativ 300.000 de euro, jum\u0103tate din aceast\u0103 sum\u0103 fiind sus\u021binut\u0103 de Comitetul Na\u021bional Paralimpic.<br \/>\nAGERPRES\/ (A, AS &#8211; redactor: Adrian \u021aone, editor: Mihai \u021aenea, editor online: Gabriela Badea)<\/p>\n<p><strong>* Mai multe imagini pe <a href=\"https:\/\/foto.agerpres.ro\/ro\/bucuresti-deschidere-jocurile-parasport-bucuresti-2026\" target=\"_blank\">AGERPRES FOTO<\/a>\u00a0<\/strong><\/p>\n<p><strong>** Cite\u015fte \u015fi:\u00a0<\/strong><\/p>\n<p><a href=\"https:\/\/agerpres.ro\/sport\/2026\/09\/03\/eduard-novak-politicul-isi-va-da-seama-ca-mai-jos-de-atat-nu-se-poate-si-ca-avem-nevoie-de-un-minist--1590562\" target=\"_blank\">Eduard Novak: Politicul \u00ee\u0219i va da seama c\u0103 mai jos de at\u00e2t nu se poate \u0219i c\u0103 avem nevoie de un Minister al Sportului<\/a><\/p>\n<p><a href=\"https:\/\/agerpres.ro\/sport\/2026\/09\/03\/alexandru-bologa-avem-nevoie-de-competitii-pentru-a-aduce-copiii-cu-dizabilitati-spre-sport--1590561\" target=\"_blank\">Alexandru Bologa: Avem nevoie de competi\u021bii pentru a aduce copiii cu dizabilit\u0103\u021bi spre sport<\/a>\u00a0<\/p>\n<\/div>\n<div class=\"mx-auto pt-3\">\n                                Afisari: 125\n                            <\/div>\n<p>[analyse_source url=&#8221;https:\/\/agerpres.ro\/sport\/2026\/09\/03\/eduard-novak-cnp-ne-dorim-ca-sportivii-paralimpici-sa-fie-priviti-prin-prisma-talentului-si-muncii-l&#8211;1590559&#8243;]<\/p>\n","protected":false},"excerpt":{"rendered":"<p>[analyse_image type=&#8221;featured&#8221; src=&#8221;https:\/\/agerpres.ro\/data\/202609\/20260903212853_562005.jpg&#8221;] Pre\u0219edintele Comitetului Na\u021bional Paralimpic (CNP), Eduard Novak, a declarat, joi, la Ceremonia Oficial\u0103 de Deschidere dedicat\u0103 primei edi\u021bii a Jocurilor Parasport Rom\u00e2nia Bucure\u0219ti 2026, c\u0103 \u00ee\u0219i dore\u0219te ca sportivii paralimpici s\u0103 fie aprecia\u021bi pentru talentul, munca, curajul \u0219i performan\u021bele lor, \u0219i nu prin prisma dizabilit\u0103\u021bilor. Eduard Novak a subliniat importan\u021ba evenimentului pentru [&hellip;]<\/p>\n","protected":false},"author":1,"featured_media":0,"comment_status":"open","ping_status":"","sticky":false,"template":"","format":"standard","meta":{"footnotes":""},"categories":[2],"tags":[37,226],"class_list":["post-2126765","post","type-post","status-publish","format-standard","hentry","category-politics","tag-agerpres-ro","tag-crawlmanager"],"_links":{"self":[{"href":"https:\/\/analyse.optim.biz\/index.php?rest_route=\/wp\/v2\/posts\/2126765","targetHints":{"allow":["GET"]}}],"collection":[{"href":"https:\/\/analyse.optim.biz\/index.php?rest_route=\/wp\/v2\/posts"}],"about":[{"href":"https:\/\/analyse.optim.biz\/index.php?rest_route=\/wp\/v2\/types\/post"}],"author":[{"embeddable":true,"href":"https:\/\/analyse.optim.biz\/index.php?rest_route=\/wp\/v2\/users\/1"}],"replies":[{"embeddable":true,"href":"https:\/\/analyse.optim.biz\/index.php?rest_route=%2Fwp%2Fv2%2Fcomments&post=2126765"}],"version-history":[{"count":0,"href":"https:\/\/analyse.optim.biz\/index.php?rest_route=\/wp\/v2\/posts\/2126765\/revisions"}],"wp:attachment":[{"href":"https:\/\/analyse.optim.biz\/index.php?rest_route=%2Fwp%2Fv2%2Fmedia&parent=2126765"}],"wp:term":[{"taxonomy":"category","embeddable":true,"href":"https:\/\/analyse.optim.biz\/index.php?rest_route=%2Fwp%2Fv2%2Fcategories&post=2126765"},{"taxonomy":"post_tag","embeddable":true,"href":"https:\/\/analyse.optim.biz\/index.php?rest_route=%2Fwp%2Fv2%2Ftags&post=2126765"}],"curies":[{"name":"wp","href":"https:\/\/api.w.org\/{rel}","templated":true}]}}