{"id":2126757,"date":"2026-09-03T16:43:00","date_gmt":"2026-09-03T13:43:00","guid":{"rendered":"https:\/\/analyse.optim.biz\/?p=2126757"},"modified":"2026-09-03T16:43:00","modified_gmt":"2026-09-03T13:43:00","slug":"leguma-cu-productie-record-costa-de-4-ori-mai-mult-la-supermarket-decat-la-ferma-recoltele-tot-nu-ne","status":"publish","type":"post","link":"https:\/\/analyse.optim.biz\/?p=2126757","title":{"rendered":"Leguma cu produc\u0163ie record cost\u0103 de 4 ori mai mult la supermarket dec\u00e2t la ferm\u0103. Recoltele tot nu ne"},"content":{"rendered":"<p>[analyse_image type=&#8221;featured&#8221; src=&#8221;https:\/\/img.observatornews.ro\/?u=https%3A%2F%2Fobservatornews.ro%2Fuploads%2Fmodules%2Fnews%2F0%2F2026%2F9%2F3%2F665134%2Fleguma-cu-productie-record-costa-de-4-ori-mai-mult-la-95b6aa7b.jpg&#8221;]<\/p>\n<article class=\"cnt\">\n<div class=\"header-cnt\">\n<h1><span class=\"marcaj\">Video<\/span> Leguma cu produc\u0163ie record cost\u0103 de 4 ori mai mult la supermarket dec\u00e2t la ferm\u0103. Recoltele tot nu ne ajung<br \/>\n            <\/h1>\n<div class=\"media-top main-video-container-wrapper\"><a href=\"https:\/\/observatornews.ro\/galerie\/leguma-cu-productie-record-costa-de-4-ori-mai-mult-la-supermarket-decat-la-ferma-recoltele-tot-nu-ne-ajung-id665134-play839278.html\" rel=\"nofollow\" class=\"link-galerie\" title=\"Galerie 2\">Galerie (2)<\/a><\/div>\n<div class=\"space-all\"><a class=\"gnews-as\" href=\"https:\/\/google.com\/preferences\/source?q=https:\/\/observatornews.ro\/\" target=\"_blank\" title=\"Adaug\u0103 Observator News ca surs\u0103 preferat\u0103 \u00een Google News\" rel=\"noopener\"><img decoding=\"async\" loading=\"lazy\" src=\"https:\/\/observatornews.ro\/templates\/default\/images\/share-v2\/google-icon.svg\" alt=\"Iconi\u021b\u0103 Google News\" width=\"24\" height=\"20\">Adaug\u0103-ne ca surs\u0103 preferat\u0103 \u00een Google<br \/>\n    <\/a><a class=\"gnews-as\" href=\"https:\/\/profile.google.com\/cp\/Cg0vZy8xMWc2czYxZzA1\" target=\"_blank\" title=\"Urm\u0103re\u0219te canalul Observator News pe Google Discover\" rel=\"noopener\"><img decoding=\"async\" loading=\"lazy\" src=\"https:\/\/observatornews.ro\/templates\/default\/images\/share-v2\/google-icon.svg\" alt=\"Iconi\u021b\u0103 Google Discover\" width=\"24\" height=\"20\">Urm\u0103re\u0219te ObservatorNews pe Discover<br \/>\n    <\/a><\/div>\n<div class=\"headline-author\">\n<div class=\"article-autor\"><span>Editor<\/span><a href=\"https:\/\/observatornews.ro\/autori\/madalina-chitac-id160.html\" class=\"headline-link\" title=\"M\u0103d\u0103lina Chi\u0163ac\">M\u0103d\u0103lina Chi\u0163ac<\/a><span class=\"article-readtime\">| Timp citire: 2 minute<\/span><\/div>\n<p><span class=\"article-created\">Publicat la 03.09.2026, 19:43<\/span><span class=\"article-updated\">| Modificat la 03.09.2026, 20:18<\/span><\/div>\n<div class=\"share-nav\"><a id=\"comments_section_trg\" data-target=\"comments_section\" href=\"https:\/\/observatornews.ro\/economic\/leguma-cu-productie-record-costa-de-4-ori-mai-mult-la-supermarket-decat-la-ferma-recoltele-tot-nu-ne-ajung-665134.html?utm_campaign=crossout&amp;utm_source=adevarul.ro#comments_section\" class=\"postcomments d-none\" title=\"Comentarii\"><img decoding=\"async\" src=\"https:\/\/observatornews.ro\/templates\/default\/images\/share-v2\/comments.svg\" width=\"36\" height=\"36\" alt=\"Comentarii articol\" loading=\"lazy\"><span id=\"comments_count\" class=\"comments_count\">\u00a0<\/span><\/a><a href=\"https:\/\/www.facebook.com\/sharer.php?u=https:\/\/observatornews.ro\/economic\/leguma-cu-productie-record-costa-de-4-ori-mai-mult-la-supermarket-decat-la-ferma-recoltele-tot-nu-ne-ajung-665134.html\" target=\"_blank\" rel=\"noreferrer noopener nofollow\" class=\"facebook\" title=\"Distribuie pe Facebook\"><img decoding=\"async\" src=\"https:\/\/observatornews.ro\/templates\/default\/images\/share-v2\/facebook.svg\" width=\"36\" height=\"36\" alt=\"Distribuie pe Facebook\" loading=\"lazy\"><\/a><a href=\"\/\/observatornews.ro\/economic\/leguma-cu-productie-record-costa-de-4-ori-mai-mult-la-supermarket-decat-la-ferma-recoltele-tot-nu-ne-ajung-665134.html\" rel=\"noreferrer noopener nofollow\" data-action=\"share\/whatsapp\/share\" class=\"whatsapp\" title=\"Trimite pe WhatsApp\"><img decoding=\"async\" src=\"https:\/\/observatornews.ro\/templates\/default\/images\/share-v2\/whatsapp.svg\" width=\"36\" height=\"36\" alt=\"Trimite pe WhatsApp\" loading=\"lazy\"><\/a><a href=\"https:\/\/news.google.com\/publications\/CAAqLQgKIidDQklTRndnTWFoTUtFVzlpYzJWeWRtRjBiM0p1WlhkekxuSnZLQUFQAQ?hl=ro&amp;gl=RO&amp;ceid=RO%3Aro\" target=\"_blank\" rel=\"noopener\" class=\"gnews\" title=\"Urm\u0103re\u0219te Observator pe Google News\"><img decoding=\"async\" src=\"https:\/\/observatornews.ro\/templates\/default\/images\/share-v2\/google-news-icon.png\" width=\"36\" height=\"36\" alt=\"Urm\u0103re\u0219te Observator pe Google News\" loading=\"lazy\"><\/a><\/div>\n<p>Avem cartofi rom\u00e2ne\u015fti din bel\u015fug anul acesta, dar asta nu \u00eenseamn\u0103 c\u0103 \u00eei cump\u0103r\u0103m mai ieftin. Ajung s\u0103 coste \u015fi de patru ori mai mult dec\u00e2t la poarta fermei. De\u015fi produc\u0163ia a crescut, tot nu ne ajunge. Importurile cresc ca s\u0103 acopere consumul &#8211; \u00een jur de 95 de kilograme pe an, \u00een medie, de persoan\u0103.<\/p>\n<\/div>\n<div class=\"center-cnt\">\n<p>George Budulan, un fermier din Dolj, vinde toamna aceasta \u00een pie\u0163ele \u015fi magazinele din jude\u0163 350.000 de kilograme de cartofi.<\/p>\n<p><i>&#8220;Curentul s-a scumpit, motorina s-a scumpit, s\u0103m\u00e2n\u0163a de cartofi a fost scump\u0103. Noi lu\u0103m din afar\u0103 s\u0103m\u00e2n\u0163\u0103, aducem din Olanda. Acum merg cu un en-gros din Craiova. [&#8230;] 1 leu 20. Mi-i ia de acas\u0103, kilogramul&#8221;<\/i> spune <b>George Budulan, cultivator de cartofi<\/b>.<\/p>\n<p>De trei ani, produc\u0163ia cre\u015fte \u015fi ar putea dep\u0103\u015fi anul acesta 1.500.000 de tone. Recoltele nu sunt suficiente, \u00eens\u0103, ca s\u0103 aduc\u0103 pre\u0163uri mai mici \u015fi s\u0103 ne scape de importuri.<\/p>\n<div class=\"outstream-text\"><span>Articolul continu\u0103 dup\u0103 reclam\u0103<\/span><\/div>\n<p class=\"activate-social-media\"><strong>INFORMARE<\/strong>Set\u0103rile tale privind cookie-urile nu permit afi\u0219area con\u021binutului din aceast\u0103 zon\u0103. E necesar s\u0103 accep\u021bi cookie-urile social media pentru afisarea acestui tip de con\u021binut. <span class=\"show-cookie\"><span>Modific\u0103 set\u0103rile<\/span><\/span><\/p>\n<p>\u00cen unele pie\u0163e, cartofii sp\u0103la\u0163i \u015fi perfect uniformi, prezenta\u0163i drept speciali pentru pr\u0103jit, cost\u0103 \u015fase sau opt lei kilogramul.<\/p>\n<p><i>&#8220;Eticheta \u00eembrac\u0103 forma. Aspectul comercial nu e ceva pentru care s\u0103 nu consumi cartoful rom\u00e2nesc. C\u0103 e ciupit sau e lovit&#8230; alea sunt aspecte mecanice&#8221;<\/i> explic\u0103 <b>Vlad Gheorghe, de la Organiza\u0163ia Produc\u0103torilor de Fructe \u015fi Legume<\/b>.<\/p>\n<div class=\"linkuri-in-article widget\">\n<div class=\"ex-h6\">Pe acela\u015fi subiect<\/div>\n<ul class=\"lista-linkuri-in-article\">\n<li><a href=\"https:\/\/observatornews.ro\/eveniment\/un-hot-a-dat-lovitura-de-doua-ori-intro-zi-la-aprozar-dupa-cartofi-prajiti-i-so-facut-pofta-de-lebenita-662027.html\" title=\"Un ho\u0163 a dat &quot;lovitura&quot; de dou\u0103 ori \u00eentr-o zi la aprozar: &quot;Dup\u0103 cartofi pr\u0103ji\u0163i i s-o f\u0103cut poft\u0103 de lebeni\u0163\u0103&quot;\"><img decoding=\"async\" src=\"https:\/\/img.observatornews.ro\/?u=https%3A%2F%2Fivm.antenaplay.ro%2Fthumbs%2Fobservatornews%2F2026%2F08%2F03%2FyetSRIS70zG_3O.jpg&amp;w=300&amp;h=180&amp;c=1\" alt=\"Un ho\u0163 a dat &quot;lovitura&quot; de dou\u0103 ori \u00eentr-o zi la aprozar: &quot;Dup\u0103 cartofi pr\u0103ji\u0163i i s-o f\u0103cut poft\u0103 de lebeni\u0163\u0103&quot;\" width=\"150\" height=\"90\" loading=\"lazy\"><span>Un ho\u0163 a dat &#8220;lovitura&#8221; de dou\u0103 ori \u00eentr-o zi la aprozar: &#8220;Dup\u0103 cartofi pr\u0103ji\u0163i i s-o f\u0103cut&#8230;<\/span><\/a><\/li>\n<li><a href=\"https:\/\/observatornews.ro\/economic\/trei-sferturi-dintre-romani-se-tem-ca-pensia-de-stat-nu-le-va-ajunge-pe-ce-bani-se-bazeaza-la-batranete-665098.html\" title=\"Trei sferturi dintre rom\u00e2ni se tem c\u0103 pensia de stat nu le va ajunge. Pe ce bani se bazeaz\u0103 la b\u0103tr\u00e2ne\u0163e\"><img decoding=\"async\" src=\"https:\/\/img.observatornews.ro\/?u=https%3A%2F%2Fobservatornews.ro%2Fuploads%2Fmodules%2Fnews%2F0%2F2026%2F9%2F3%2F665098%2Fbatrana-care-isi-numara-banii-din-portofel-4b9e0fff.jpg&amp;w=300&amp;h=180&amp;c=1\" alt=\"Trei sferturi dintre rom\u00e2ni se tem c\u0103 pensia de stat nu le va ajunge. Pe ce bani se bazeaz\u0103 la b\u0103tr\u00e2ne\u0163e\" width=\"150\" height=\"90\" loading=\"lazy\"><span>Trei sferturi dintre rom\u00e2ni se tem c\u0103 pensia de stat nu le va ajunge. Pe ce bani se bazeaz\u0103 la b\u0103tr\u00e2ne\u0163e<\/span><\/a><\/li>\n<li><a href=\"https:\/\/observatornews.ro\/economic\/fidelis-ar-putea-deveni-garantie-pentru-credite-suma-maxima-obtinuta-fara-sa-vinzi-titlurile-de-stat-665096.html\" title=\"Fidelis ar putea deveni garan\u021bie pentru credite. Suma maxim\u0103 ob\u0163inut\u0103 f\u0103r\u0103 s\u0103 vinzi titlurile de stat\"><img decoding=\"async\" src=\"https:\/\/img.observatornews.ro\/?u=https%3A%2F%2Fobservatornews.ro%2Fuploads%2Fmodules%2Fnews%2F0%2F2026%2F9%2F3%2F665096%2Fbancnota-500-lei-shutterstock-fb061272.webp&amp;w=300&amp;h=180&amp;c=1\" alt=\"Fidelis ar putea deveni garan\u021bie pentru credite. Suma maxim\u0103 ob\u0163inut\u0103 f\u0103r\u0103 s\u0103 vinzi titlurile de stat\" width=\"150\" height=\"90\" loading=\"lazy\"><span>Fidelis ar putea deveni garan\u021bie pentru credite. Suma maxim\u0103 ob\u0163inut\u0103 f\u0103r\u0103 s\u0103 vinzi titlurile de stat<\/span><\/a><\/li>\n<\/ul>\n<\/div>\n<h2 data-toc-index=\"1\" id=\"section-1\">Importurile de cartofi proaspe\u0163i sau congela\u0163i continu\u0103 s\u0103 creasc\u0103<\/h2>\n<p>\u00centre timp, tot cresc importurile de cartofi proaspe\u0163i sau congela\u0163i, gata t\u0103ia\u0163i. Anul trecut au ajuns la aproape 300.000 de tone. Cei mai mul\u0163i vin din Fran\u0163a, Germania \u015fi Polonia. Ca s\u0103 m\u00e2nc\u0103m doar cartofi autohtoni, suprafa\u0163a cultivat\u0103 ar trebui s\u0103 fie de patru ori mai mare.<\/p>\n<p>&#8220;Produc\u0103torii s\u0103 fie \u00eencuraja\u0163i s\u0103 cultive. Marfa noastr\u0103 merge \u015fi la gunoi de multe ori fiindc\u0103 nu e v\u00e2ndut\u0103, nu avem cui s-o vindem&#8221; spune George Budulan, cultivator de cartofi.<\/p>\n<p>Cultivatorii de cartofi pot ob\u0163ine fonduri de p\u00e2n\u0103 la dou\u0103 milioane de euro prin intermediul Agen\u0163iei pentru Finan\u021barea Investi\u021biilor Rurale.<\/p>\n<div id=\"renderVote\">\n<div class=\"autor-info\">\n<div class=\"autor-content\">\n<div class=\"autor-list\">\n<div class=\"autor-item\">\n<div class=\"autor-image\"><a href=\"https:\/\/observatornews.ro\/autori\/madalina-chitac-id160.html\" title=\"M\u0103d\u0103lina Chi\u0163ac\"><img decoding=\"async\" src=\"https:\/\/img.observatornews.ro\/?u=https:\/\/observatornews.ro\/uploads\/modules\/authors\/1700734439.jpg&amp;w=60\" width=\"60\" height=\"60\" loading=\"lazy\" alt=\"M\u0103d\u0103lina Chi\u0163ac\"><\/a><\/div>\n<div class=\"autor-item-content\"><span class=\"autor-info-title\"><a href=\"https:\/\/observatornews.ro\/autori\/madalina-chitac-id160.html\" title=\"M\u0103d\u0103lina Chi\u0163ac\">M\u0103d\u0103lina Chi\u0163ac<\/a><\/span><\/p>\n<p>Reporter senior la Observator Antena 1, specializat \u00een economie, cu peste 10 ani de experien\u021b\u0103 \u00een pres\u0103. Urm\u0103re\u0219te \u0219i explic\u0103 subiecte legate de pre\u021buri, infla\u021bie, energie, carburan\u021bi, retail, rate, asigur\u0103ri \u0219i deciziile BNR. <a href=\"https:\/\/observatornews.ro\/autori\/madalina-chitac-id160.html\" title=\"M\u0103d\u0103lina Chi\u0163ac\" class=\"autor-more\">\u279c<\/a><\/p>\n<\/div>\n<\/div>\n<\/div>\n<p><a href=\"https:\/\/observatornews.ro\/economic\/leguma-cu-productie-record-costa-de-4-ori-mai-mult-la-supermarket-decat-la-ferma-recoltele-tot-nu-ne-ajung-665134.html\" data-aid=\"665134\" data-csrf=\"8cc1d58bf8c8d0f29782a23890e57f6ef8254fccbde6e2bc\" id=\"like-button\" class=\"autor-like\">Like<\/a><\/div>\n<\/div>\n<\/div>\n<div class=\"taguri\"><a href=\"https:\/\/observatornews.ro\/articole-despre\/cartofi\/\" title=\"cartofi\">cartofi<\/a><a href=\"https:\/\/observatornews.ro\/articole-despre\/legume\/\" title=\"legume\">legume<\/a><a href=\"https:\/\/observatornews.ro\/articole-despre\/fermieri\/\" title=\"fermieri\">fermieri<\/a><a href=\"https:\/\/observatornews.ro\/articole-despre\/agricultura\/\" title=\"agricultura\">agricultura<\/a><a href=\"https:\/\/observatornews.ro\/articole-despre\/supermarket\/\" title=\"supermarket\">supermarket<\/a><\/div>\n<div id=\"sticky-menu\" class=\"sticky-menu bottom-menu\">\n<div class=\"inner\"><a href=\"https:\/\/observatornews.ro\/\" title=\"Homepage\"><\/p>\n<figure class=\"selected\"><img decoding=\"async\" src=\"https:\/\/observatornews.ro\/templates\/default\/images\/logo-obs-symbol.svg\" alt=\"Homepage\" width=\"46\" height=\"46\" loading=\"lazy\"><\/figure>\n<p><span>Homepage<\/span><\/a><a href=\"https:\/\/observatornews.ro\/cele-mai-noi-stiri-observator-antena-1\/\" title=\"Ultimele stiri\"><\/p>\n<figure><img decoding=\"async\" src=\"https:\/\/observatornews.ro\/templates\/default\/images\/newspaper-dark.svg\" alt=\"Ultimele stiri\" width=\"28\" height=\"19\" loading=\"lazy\"><\/figure>\n<p><span>Ultimele \u0219tiri<\/span><\/a><a href=\"https:\/\/observatornews.ro\/vremea\/\" title=\"Vremea\"><\/p>\n<figure><img decoding=\"async\" src=\"https:\/\/observatornews.ro\/templates\/default\/images\/logo-vreme.svg\" alt=\"Vremea\" width=\"46\" height=\"46\" loading=\"lazy\"><\/figure>\n<p><span>Vremea<\/span><\/a><a href=\"https:\/\/observatornews.ro\/fii-observator-contact\" title=\"Fii Observator\"><\/p>\n<figure><img decoding=\"async\" src=\"https:\/\/observatornews.ro\/templates\/default\/images\/fiiObservator-symbol.svg\" alt=\"Vremea\" width=\"46\" height=\"46\" loading=\"lazy\"><\/figure>\n<p><span>Fii Observator<\/span><\/a><\/div>\n<\/div>\n<div class=\"cnt-fixed-ads\">\n<div class=\"top-widget\">\n<div class=\"latest-trending\">\n<div id=\"latest\" class=\"tabcontent widget-tabcontent-latest\">\n<div class=\"widget-tabcontent-latest-wrap\"><a href=\"https:\/\/observatornews.ro\/economic\/romania-intra-in-programul-ue-pentru-regiunile-estice-pislaru-ue-iti-da-dar-nu-iti-baga-in-traista-665147.html\" title=\"Rom\u00e2nia intr\u0103 \u00een programul UE pentru regiunile estice. P\u00eeslaru: UE \u00ee\u021bi d\u0103, dar nu \u00ee\u021bi bag\u0103 \u00een traist\u0103\"><\/p>\n<div class=\"d-flex\"><span>22:23<\/span><\/div>\n<p><span> Rom\u00e2nia intr\u0103 \u00een programul UE pentru regiunile estice. P\u00eeslaru: UE \u00ee\u021bi d\u0103, dar nu \u00ee\u021bi bag\u0103 \u00een traist\u0103<\/span><\/a><a href=\"https:\/\/observatornews.ro\/eveniment\/un-barbat-a-intrat-intro-masina-aflata-in-mers-pe-soseaua-colentina-din-bucuresti-ar-fi-cuprins-de-teama-665146.html\" title=\"Un b\u0103rbat a intrat \u00eentr-o ma\u0219in\u0103 aflat\u0103 \u00een mers pe \u015eoseaua Colentina din Bucure\u0219ti. Ar fi cuprins de team\u0103\"><\/p>\n<div class=\"d-flex\"><span>22:22<\/span><\/div>\n<p><span> Un b\u0103rbat a intrat \u00eentr-o ma\u0219in\u0103 aflat\u0103 \u00een mers pe \u015eoseaua Colentina din Bucure\u0219ti. Ar fi cuprins de team\u0103<\/span><\/a><a href=\"https:\/\/observatornews.ro\/eveniment\/ccr-a-publicat-motivarea-deciziior-privind-numirile-la-srtv-si-srr-parlamentul-trebuie-sa-refaca-procedura-665148.html\" title=\"CCR a publicat motivarea deciziior privind numirile la SRTV \u0219i SRR. Parlamentul trebuie s\u0103 refac\u0103 procedura\"><\/p>\n<div class=\"d-flex\"><span>22:01<\/span><\/div>\n<p><span> CCR a publicat motivarea deciziior privind numirile la SRTV \u0219i SRR. Parlamentul trebuie s\u0103 refac\u0103 procedura<\/span><\/a><\/div>\n<div class=\"more\"><a href=\"https:\/\/observatornews.ro\/cele-mai-noi-stiri-observator-antena-1\/\" title=\"Mai multe stiri Observator\" class=\"mai-multe\">Vezi ultimele stiri<\/a><\/div>\n<\/div>\n<div class=\"tabcontent widget-tabcontent-topvideo\" id=\"topvideo\">\n<div class=\"widget-top__panel widget-top__top\">\n<div class=\"daily__news-item\">\n<figure><img decoding=\"async\" src=\"https:\/\/img.observatornews.ro\/?u=https%3A%2F%2Fivm.antenaplay.ro%2Fthumbs%2Fobservatornews%2F2026%2F09%2F03%2F7pJqDBhdEv3_3O.jpg&amp;w=430&amp;h=260&amp;c=1\" alt=\"Deserturile exotice care ne amintesc de concedii cuceresc cofet\u0103riile din Rom\u00e2nia\" title=\"Deserturile exotice care ne amintesc de concedii cuceresc cofet\u0103riile din Rom\u00e2nia\"><\/figure>\n<div class=\"content-wrapper\">\n<h3 class=\"headline-xxs\"> Deserturile exotice care ne amintesc de concedii cuceresc cofet\u0103riile din Rom\u00e2nia<\/h3>\n<div class=\"metadata\" data-articleid=\"665143\" data-href=\"https:\/\/observatornews.ro\/eveniment\/deserturile-exotice-care-ne-amintesc-de-concedii-cuceresc-cofetariile-din-romania-665143.html#comments_section\"><span>21:03<\/span><\/div>\n<p><a href=\"https:\/\/observatornews.ro\/eveniment\/deserturile-exotice-care-ne-amintesc-de-concedii-cuceresc-cofetariile-din-romania-665143.html\" title=\"Deserturile exotice care ne amintesc de concedii cuceresc cofet\u0103riile din Rom\u00e2nia\" class=\"full-link\">Deserturile exotice care ne amintesc de concedii cuceresc cofet\u0103riile din Rom\u00e2nia<\/a><\/div>\n<\/div>\n<div class=\"daily__news-item\">\n<figure><img decoding=\"async\" src=\"https:\/\/img.observatornews.ro\/?u=https%3A%2F%2Fivm.antenaplay.ro%2Fthumbs%2Fobservatornews%2F2026%2F09%2F03%2FGDeHneblFEH_2O.jpg&amp;w=430&amp;h=260&amp;c=1\" alt=\"Despre actorie \u0219i prejudec\u0103\u0163i cu Andreea Vasile: Gre\u0219elile &quot;nu ne organizeaz\u0103 via\u021ba&quot;\" title=\"Despre actorie \u0219i prejudec\u0103\u0163i cu Andreea Vasile: Gre\u0219elile &quot;nu ne organizeaz\u0103 via\u021ba&quot;\"><\/figure>\n<div class=\"content-wrapper\">\n<h3 class=\"headline-xxs\"> Despre actorie \u0219i prejudec\u0103\u0163i cu Andreea Vasile: Gre\u0219elile &#8220;nu ne organizeaz\u0103 via\u021ba&#8221;<\/h3>\n<div class=\"metadata\" data-articleid=\"665128\" data-href=\"https:\/\/observatornews.ro\/eveniment\/despre-actorie-si-prejudecati-cu-andreea-vasile-greselile-nu-ne-organizeaza-viata-665128.html#comments_section\"><span>20:56<\/span><\/div>\n<p><a href=\"https:\/\/observatornews.ro\/eveniment\/despre-actorie-si-prejudecati-cu-andreea-vasile-greselile-nu-ne-organizeaza-viata-665128.html\" title=\"Despre actorie \u0219i prejudec\u0103\u0163i cu Andreea Vasile: Gre\u0219elile &quot;nu ne organizeaz\u0103 via\u021ba&quot;\" class=\"full-link\">Despre actorie \u0219i prejudec\u0103\u0163i cu Andreea Vasile: Gre\u0219elile &#8220;nu ne organizeaz\u0103 via\u021ba&#8221;<\/a><\/div>\n<\/div>\n<div class=\"daily__news-item\">\n<figure><img decoding=\"async\" src=\"https:\/\/img.observatornews.ro\/?u=https%3A%2F%2Fivm.antenaplay.ro%2Fthumbs%2Fobservatornews%2F2026%2F09%2F03%2FO8QIFsTyPvt_3O.jpg&amp;w=430&amp;h=260&amp;c=1\" alt=\"Capcana pl\u0103\u0163ii cu cardul: &quot;E mai simplu, nici m\u0103car nu simt c\u0103 pl\u0103tesc&quot;\" title=\"Capcana pl\u0103\u0163ii cu cardul: &quot;E mai simplu, nici m\u0103car nu simt c\u0103 pl\u0103tesc&quot;\"><\/figure>\n<div class=\"content-wrapper\">\n<h3 class=\"headline-xxs\"> Capcana pl\u0103\u0163ii cu cardul: &#8220;E mai simplu, nici m\u0103car nu simt c\u0103 pl\u0103tesc&#8221;<\/h3>\n<div class=\"metadata\" data-articleid=\"665136\" data-href=\"https:\/\/observatornews.ro\/economic\/capcana-platii-cu-cardul-e-mai-simplu-nici-macar-nu-simt-ca-platesc-665136.html#comments_section\"><span>20:42<\/span><\/div>\n<p><a href=\"https:\/\/observatornews.ro\/economic\/capcana-platii-cu-cardul-e-mai-simplu-nici-macar-nu-simt-ca-platesc-665136.html\" title=\"Capcana pl\u0103\u0163ii cu cardul: &quot;E mai simplu, nici m\u0103car nu simt c\u0103 pl\u0103tesc&quot;\" class=\"full-link\">Capcana pl\u0103\u0163ii cu cardul: &#8220;E mai simplu, nici m\u0103car nu simt c\u0103 pl\u0103tesc&#8221;<\/a><\/div>\n<\/div>\n<\/div>\n<div class=\"more\"><a href=\"https:\/\/observatornews.ro\/video\/\" class=\"widget-top__see-more mai-multe\" id=\"see-more-video\" title=\"Vezi toate stirile video\">Vezi mai multe<\/a><\/div>\n<\/div>\n<div id=\"mostread\" class=\"tabcontent widget-tabcontent-mostread\"><a href=\"https:\/\/observatornews.ro\/economic\/afacerea-unei-familii-unica-in-romania-cultura-rara-din-propria-gospodarie-aduce-castiguri-de-mii-de-euro-665068.html\" title=\"Afacerea unei familii, unic\u0103 \u00een Rom\u00e2nia. Cultura rar\u0103 din propria gospod\u0103rie aduce c\u00e2\u015ftiguri de mii de euro\"><span class=\"numbering\">1<\/span><span> Afacerea unei familii, unic\u0103 \u00een Rom\u00e2nia. Cultura rar\u0103 din propria gospod\u0103rie aduce c\u00e2\u015ftiguri de mii de euro<\/span><\/a><a href=\"https:\/\/observatornews.ro\/eveniment\/ai-lovit-un-pieton-in-intersectie-noua-schema-prin-care-soferii-sunt-lasati-fara-mii-de-lei-665077.html\" title=\"&quot;Ai lovit un pieton \u00een intersec\u0163ie&quot;. Noua schem\u0103 prin care \u015foferii sunt l\u0103sa\u0163i f\u0103r\u0103 mii de lei\"><span class=\"numbering\">2<\/span><span> &#8220;Ai lovit un pieton \u00een intersec\u0163ie&#8221;. Noua schem\u0103 prin care \u015foferii sunt l\u0103sa\u0163i f\u0103r\u0103 mii de lei<\/span><\/a><a href=\"https:\/\/observatornews.ro\/politic\/proiectul-care-prevede-reducerea-pensiei-cu-85-pentru-angajatii-la-stat-a-trecut-tacit-de-senat-665105.html\" title=\"Proiectul care prevede reducerea pensiei cu 85% pentru angaja\u021bii la stat a trecut tacit de Senat\"><span class=\"numbering\">3<\/span><span> Proiectul care prevede reducerea pensiei cu 85% pentru angaja\u021bii la stat a trecut tacit de Senat<\/span><\/a><\/div>\n<\/div>\n<\/div>\n<\/div>\n<\/div>\n<\/article>\n<p>[analyse_source url=&#8221;https:\/\/observatornews.ro\/economic\/leguma-cu-productie-record-costa-de-4-ori-mai-mult-la-supermarket-decat-la-ferma-recoltele-tot-nu-ne-ajung-665134.html?utm_campaign=crossout&amp;utm_source=adevarul.ro&#8221;]<\/p>\n","protected":false},"excerpt":{"rendered":"<p>[analyse_image type=&#8221;featured&#8221; src=&#8221;https:\/\/img.observatornews.ro\/?u=https%3A%2F%2Fobservatornews.ro%2Fuploads%2Fmodules%2Fnews%2F0%2F2026%2F9%2F3%2F665134%2Fleguma-cu-productie-record-costa-de-4-ori-mai-mult-la-95b6aa7b.jpg&#8221;] Video Leguma cu produc\u0163ie record cost\u0103 de 4 ori mai mult la supermarket dec\u00e2t la ferm\u0103. Recoltele tot nu ne ajung Galerie (2) Adaug\u0103-ne ca surs\u0103 preferat\u0103 \u00een Google Urm\u0103re\u0219te ObservatorNews pe Discover EditorM\u0103d\u0103lina Chi\u0163ac| Timp citire: 2 minute Publicat la 03.09.2026, 19:43| Modificat la 03.09.2026, 20:18 \u00a0 Avem cartofi rom\u00e2ne\u015fti din [&hellip;]<\/p>\n","protected":false},"author":1,"featured_media":0,"comment_status":"open","ping_status":"","sticky":false,"template":"","format":"standard","meta":{"footnotes":""},"categories":[89],"tags":[19,226],"class_list":["post-2126757","post","type-post","status-publish","format-standard","hentry","category-romania","tag-adevarul","tag-crawlmanager"],"_links":{"self":[{"href":"https:\/\/analyse.optim.biz\/index.php?rest_route=\/wp\/v2\/posts\/2126757","targetHints":{"allow":["GET"]}}],"collection":[{"href":"https:\/\/analyse.optim.biz\/index.php?rest_route=\/wp\/v2\/posts"}],"about":[{"href":"https:\/\/analyse.optim.biz\/index.php?rest_route=\/wp\/v2\/types\/post"}],"author":[{"embeddable":true,"href":"https:\/\/analyse.optim.biz\/index.php?rest_route=\/wp\/v2\/users\/1"}],"replies":[{"embeddable":true,"href":"https:\/\/analyse.optim.biz\/index.php?rest_route=%2Fwp%2Fv2%2Fcomments&post=2126757"}],"version-history":[{"count":0,"href":"https:\/\/analyse.optim.biz\/index.php?rest_route=\/wp\/v2\/posts\/2126757\/revisions"}],"wp:attachment":[{"href":"https:\/\/analyse.optim.biz\/index.php?rest_route=%2Fwp%2Fv2%2Fmedia&parent=2126757"}],"wp:term":[{"taxonomy":"category","embeddable":true,"href":"https:\/\/analyse.optim.biz\/index.php?rest_route=%2Fwp%2Fv2%2Fcategories&post=2126757"},{"taxonomy":"post_tag","embeddable":true,"href":"https:\/\/analyse.optim.biz\/index.php?rest_route=%2Fwp%2Fv2%2Ftags&post=2126757"}],"curies":[{"name":"wp","href":"https:\/\/api.w.org\/{rel}","templated":true}]}}