{"id":2126751,"date":"2026-09-03T00:00:00","date_gmt":"2026-09-02T21:00:00","guid":{"rendered":"https:\/\/analyse.optim.biz\/?p=2126751"},"modified":"2026-09-03T00:00:00","modified_gmt":"2026-09-02T21:00:00","slug":"olt-simfonie-pe-malul-raului-un-spectacol-multisenzorial-organizat-la-plaja-olt-din-slatina","status":"publish","type":"post","link":"https:\/\/analyse.optim.biz\/?p=2126751","title":{"rendered":"Olt: Simfonie pe malul r\u00e2ului &#8211; un spectacol multisenzorial organizat la Plaja Olt din Slatina"},"content":{"rendered":"<p>[analyse_image type=&#8221;featured&#8221; src=&#8221;https:\/\/agerpres.ro\/data\/202609\/20260903202813_539427.jpg&#8221;]<\/p>\n<div class=\"mx-auto pt-3\">\n<p><strong>Spectacolul multisenzorial &#8221;Symphony by the River&#8221;, ce va avea loc pe 10 septembrie la Slatina, va aduce arti\u0219ti de muzic\u0103 clasic\u0103 \u00een concert pe o scen\u0103 amenajat\u0103 pe ap\u0103, la piscina de la Plaja Olt, \u00eentr-un decor cu mii de lum\u00e2n\u0103ri, a anun\u021bat joi primarul Mario De Mezzo.<\/strong><\/p>\n<p>Scena pe care va avea loc concertul va fi una transparent\u0103 \u0219i va fi \u00eenconjurat\u0103 de lumini, a informat edilul \u00eentr-un mesaj postat pe <a href=\"https:\/\/www.facebook.com\/reel\/29008142732122129\" target=\"_blank\">Facebook<\/a>.<\/p>\n<iframe loading=\"lazy\" src=\"https:\/\/www.facebook.com\/plugins\/video.php?height=476&amp;href=https%3A%2F%2Fwww.facebook.com%2Freel%2F29008142732122129%2F&amp;show_text=false&amp;width=267&amp;t=0\" width=\"267\" height=\"476\" scrolling=\"no\" frameborder allowfullscreen=\"true\" allow=\"autoplay; clipboard-write; encrypted-media; picture-in-picture; web-share\"><\/iframe>\n<hr>\n<p>&#8221;Slatina, noteaz\u0103-\u021bi \u00een calendar 10 septembrie, pentru un eveniment cum nu a mai fost niciodat\u0103 \u00een Slatina sau \u00een \u021bar\u0103. Vom avea aici la plaja Olt un concert de muzic\u0103 clasic\u0103 &#8216;Symphony by the River&#8217;, a\u0219a se nume\u0219te concertul, &#8216;Simfonie pe malul r\u00e2ului&#8217;. \u0218i ce va fi unic, vor fi arti\u0219ti, interpre\u021bi care vor c\u00e2nta piese din mari clasici ai muzicii, la Plaja Olt. Vom avea lum\u00e2n\u0103ri, sute, mii de lum\u00e2n\u0103ri pe toat\u0103 plaja, iar scena va fi amenajat\u0103 pe ap\u0103, pe piscin\u0103. Vom avea scen\u0103 transparent\u0103 cu lum\u00e2n\u0103ri de jur \u00eemprejur, cu lumini din ap\u0103, iar spectacolul va fi total. Va fi un spectacol multisenzorial \u0219i sufletele noastre \u00een seara de 10 septembrie vor cre\u0219te \u0219i vor lua doza de energie de care vor avea nevoie cel pu\u021bin \u00eenc\u0103 un an. Vom avea muzic\u0103 clasic\u0103, lum\u00e2n\u0103ri pe toat\u0103 plaja \u0219i o orchestr\u0103 care s\u0103 ne \u00eenc\u00e2nte&#8221;, a spus Mario De Mezzo.<\/p>\n<p>Edilul a precizat c\u0103 accesul va fi gratuit \u00een baza unor invita\u021bii ce se pot ob\u021bine online.<\/p>\n<p>&#8221;Codul de \u00eembr\u0103care este alb, vom fi to\u021bi \u00eembr\u0103ca\u021bi \u00een alb. Intrarea se va face \u00eencep\u00e2nd cu ora 19:00, iar concertul efectiv va \u00eencepe de la ora 20:30. \u00centre orele 19:00 \u0219i 20:30 vom socializa, ne vom saluta \u0219i ne vom bucura de seara pe care urmeaz\u0103 s\u0103 o tr\u0103im. Accesul este gratuit, dar pe baz\u0103 de invita\u021bie. Trebuie s\u0103 v\u0103 lua\u021bi invita\u021bia din linkul pe care \u00eel punem \u00een comentarii, &#8216;Symphony by the River&#8217;, \u0219i \u00een baza invita\u021biei ve\u021bi putea intra la acest concert care va fi absolut spectaculos&#8221;, a transmis Mario De Mezzo.<\/p>\n<p><strong>Primarul a declarat joi, pentru AGERPRES, c\u0103 sunt disponibile 500 de invita\u021bii, iar costurile de organizare a evenimentului sunt de aproximativ 10.000 de euro.<\/strong> AGERPRES\/(AS, A &#8211; redactor: Cristina Matei, editor: Anamaria Constantin, editor online: Gabriela Badea)\u00a0<\/p>\n<p><strong>* Sursa foto:<\/strong>\u00a0<a href=\"https:\/\/www.facebook.com\/profile.php?id=100057544424592\" target=\"_blank\">Clubul Nautic si de Agrement &#8220;Plaja Olt&#8221;<\/a> \/ Facebook.com\u00a0<\/p>\n<\/div>\n<div class=\"mx-auto pt-3\">\n                                Afisari: 236\n                            <\/div>\n<p>[analyse_source url=&#8221;https:\/\/agerpres.ro\/cultura-media\/2026\/09\/03\/olt-simfonie-pe-malul-raului&#8212;un-spectacol-multisenzorial-organizat-la-plaja-olt-din-slatina&#8211;1590547&#8243;]<\/p>\n","protected":false},"excerpt":{"rendered":"<p>[analyse_image type=&#8221;featured&#8221; src=&#8221;https:\/\/agerpres.ro\/data\/202609\/20260903202813_539427.jpg&#8221;] Spectacolul multisenzorial &#8221;Symphony by the River&#8221;, ce va avea loc pe 10 septembrie la Slatina, va aduce arti\u0219ti de muzic\u0103 clasic\u0103 \u00een concert pe o scen\u0103 amenajat\u0103 pe ap\u0103, la piscina de la Plaja Olt, \u00eentr-un decor cu mii de lum\u00e2n\u0103ri, a anun\u021bat joi primarul Mario De Mezzo. Scena pe care va [&hellip;]<\/p>\n","protected":false},"author":1,"featured_media":0,"comment_status":"open","ping_status":"","sticky":false,"template":"","format":"standard","meta":{"footnotes":""},"categories":[2],"tags":[37,226],"class_list":["post-2126751","post","type-post","status-publish","format-standard","hentry","category-politics","tag-agerpres-ro","tag-crawlmanager"],"_links":{"self":[{"href":"https:\/\/analyse.optim.biz\/index.php?rest_route=\/wp\/v2\/posts\/2126751","targetHints":{"allow":["GET"]}}],"collection":[{"href":"https:\/\/analyse.optim.biz\/index.php?rest_route=\/wp\/v2\/posts"}],"about":[{"href":"https:\/\/analyse.optim.biz\/index.php?rest_route=\/wp\/v2\/types\/post"}],"author":[{"embeddable":true,"href":"https:\/\/analyse.optim.biz\/index.php?rest_route=\/wp\/v2\/users\/1"}],"replies":[{"embeddable":true,"href":"https:\/\/analyse.optim.biz\/index.php?rest_route=%2Fwp%2Fv2%2Fcomments&post=2126751"}],"version-history":[{"count":0,"href":"https:\/\/analyse.optim.biz\/index.php?rest_route=\/wp\/v2\/posts\/2126751\/revisions"}],"wp:attachment":[{"href":"https:\/\/analyse.optim.biz\/index.php?rest_route=%2Fwp%2Fv2%2Fmedia&parent=2126751"}],"wp:term":[{"taxonomy":"category","embeddable":true,"href":"https:\/\/analyse.optim.biz\/index.php?rest_route=%2Fwp%2Fv2%2Fcategories&post=2126751"},{"taxonomy":"post_tag","embeddable":true,"href":"https:\/\/analyse.optim.biz\/index.php?rest_route=%2Fwp%2Fv2%2Ftags&post=2126751"}],"curies":[{"name":"wp","href":"https:\/\/api.w.org\/{rel}","templated":true}]}}