{"id":2126747,"date":"2026-09-03T00:00:00","date_gmt":"2026-09-02T21:00:00","guid":{"rendered":"https:\/\/analyse.optim.biz\/?p=2126747"},"modified":"2026-09-03T00:00:00","modified_gmt":"2026-09-02T21:00:00","slug":"fotbal-portarul-razvan-ducan-a-semnat-cu-rapid-bucuresti","status":"publish","type":"post","link":"https:\/\/analyse.optim.biz\/?p=2126747","title":{"rendered":"Fotbal: Portarul R\u0103zvan Ducan a semnat cu Rapid Bucure\u0219ti"},"content":{"rendered":"<p>[analyse_image type=&#8221;featured&#8221; src=&#8221;https:\/\/agerpres.ro\/data\/202609\/20260903201000_975977.jpg&#8221;]<\/p>\n<div class=\"mx-auto pt-3\">\n<p><strong>Portarul R\u0103zvan Ducan, \u00een v\u00e2rst\u0103 de 25 de ani, a semnat un contract pe un sezon, cu op\u021biune de prelungire, cu clubul de fotbal Rapid Bucure\u0219ti, au anun\u021bat giule\u0219tenii, joi seara, pe <a href=\"https:\/\/www.fcrapid.ro\/razvan-ducan-este-noul-portar-al-rapidului\/\" target=\"_blank\">site<\/a>-ul lor oficial.<\/strong><\/p>\n<p>N\u0103scut pe 9 februarie 2001, la Videle, R\u0103zvan Ducan m\u0103soar\u0103 1,92 metri \u0219i are o experien\u021b\u0103 important\u0103 la nivelul primei ligi din Rom\u00e2nia, \u00een care a jucat 62 de meciuri. Cele mai multe dintre acestea au venit \u00een tricoul lui FC Boto\u0219ani, 41 de partide, iar alte 21 de meciuri le-a jucat \u00een tricoul celor de la CS Mioveni.<\/p>\n<p>Portarul are \u0219i experien\u021b\u0103 interna\u021bional\u0103, fiind convocat la reprezentativele de juniori ale Rom\u00e2niei, de la U16 p\u00e2n\u0103 la U21.<\/p>\n<p><strong>Juc\u0103tor format de FCSB, Ducan a mai evoluat la FC Arge\u0219, Farul Constan\u021ba \u0219i Unirea Alba Iulia.<\/strong><br \/>\nAGERPRES\/ (AS &#8211; editor: Mihai \u021aenea, editor online: Gabriela Badea)\u00a0<\/p>\n<\/div>\n<div class=\"mx-auto pt-3\">\n                                Afisari: 240\n                            <\/div>\n<p>[analyse_source url=&#8221;https:\/\/agerpres.ro\/sport\/2026\/09\/03\/fotbal-portarul-razvan-ducan-a-semnat-cu-rapid-bucuresti&#8211;1590545&#8243;]<\/p>\n","protected":false},"excerpt":{"rendered":"<p>[analyse_image type=&#8221;featured&#8221; src=&#8221;https:\/\/agerpres.ro\/data\/202609\/20260903201000_975977.jpg&#8221;] Portarul R\u0103zvan Ducan, \u00een v\u00e2rst\u0103 de 25 de ani, a semnat un contract pe un sezon, cu op\u021biune de prelungire, cu clubul de fotbal Rapid Bucure\u0219ti, au anun\u021bat giule\u0219tenii, joi seara, pe site-ul lor oficial. N\u0103scut pe 9 februarie 2001, la Videle, R\u0103zvan Ducan m\u0103soar\u0103 1,92 metri \u0219i are o experien\u021b\u0103 important\u0103 [&hellip;]<\/p>\n","protected":false},"author":1,"featured_media":0,"comment_status":"open","ping_status":"","sticky":false,"template":"","format":"standard","meta":{"footnotes":""},"categories":[2],"tags":[37,226],"class_list":["post-2126747","post","type-post","status-publish","format-standard","hentry","category-politics","tag-agerpres-ro","tag-crawlmanager"],"_links":{"self":[{"href":"https:\/\/analyse.optim.biz\/index.php?rest_route=\/wp\/v2\/posts\/2126747","targetHints":{"allow":["GET"]}}],"collection":[{"href":"https:\/\/analyse.optim.biz\/index.php?rest_route=\/wp\/v2\/posts"}],"about":[{"href":"https:\/\/analyse.optim.biz\/index.php?rest_route=\/wp\/v2\/types\/post"}],"author":[{"embeddable":true,"href":"https:\/\/analyse.optim.biz\/index.php?rest_route=\/wp\/v2\/users\/1"}],"replies":[{"embeddable":true,"href":"https:\/\/analyse.optim.biz\/index.php?rest_route=%2Fwp%2Fv2%2Fcomments&post=2126747"}],"version-history":[{"count":0,"href":"https:\/\/analyse.optim.biz\/index.php?rest_route=\/wp\/v2\/posts\/2126747\/revisions"}],"wp:attachment":[{"href":"https:\/\/analyse.optim.biz\/index.php?rest_route=%2Fwp%2Fv2%2Fmedia&parent=2126747"}],"wp:term":[{"taxonomy":"category","embeddable":true,"href":"https:\/\/analyse.optim.biz\/index.php?rest_route=%2Fwp%2Fv2%2Fcategories&post=2126747"},{"taxonomy":"post_tag","embeddable":true,"href":"https:\/\/analyse.optim.biz\/index.php?rest_route=%2Fwp%2Fv2%2Ftags&post=2126747"}],"curies":[{"name":"wp","href":"https:\/\/api.w.org\/{rel}","templated":true}]}}