{"id":2126743,"date":"2026-09-03T16:28:41","date_gmt":"2026-09-03T13:28:41","guid":{"rendered":"https:\/\/analyse.optim.biz\/?p=2126743"},"modified":"2026-09-03T16:28:41","modified_gmt":"2026-09-03T13:28:41","slug":"un-suedez-suspectat-de-atentate-la-comanda-a-fost-prins-in-romania-ce-au-gasit-anchetatorii-la-perchezitii","status":"publish","type":"post","link":"https:\/\/analyse.optim.biz\/?p=2126743","title":{"rendered":"Un suedez suspectat de atentate la comand\u0103 a fost prins \u00een Rom\u00e2nia. Ce au g\u0103sit anchetatorii la perchezi\u021bii"},"content":{"rendered":"<p>[analyse_image type=&#8221;featured&#8221; src=&#8221;https:\/\/s.iw.ro\/gateway\/g\/ZmlsZVNvdXJjZT1odHRwJTNBJTJGJTJG\/c3RvcmFnZTA4dHJhbnNjb2Rlci5yY3Mt\/cmRzLnJvJTJGc3RvcmFnZSUyRjIwMjYl\/MkYwMSUyRjIzJTJGMjU1NTMyNF8yNTU1\/MzI0X29maXRlcmktZGlpY290LWlucXVh\/bS1vY3Rhdi1nYW5lYS0xLmpwZyZ3PTEy\/MDAmaD02MzAmemM9MSZoYXNoPTZiYjZl\/MWU3MjJiNzdlZjc1MWJjODZhZjk4ZTc1ODAx.thumb.jpg&#8221;]<\/p>\n<div class=\"entry data-app-meta data-app-meta-article\" data-embed-base-url-canonical=\"https:\/\/www.digi24.ro\/embed\/stiri\/actualitate\/un-suedez-suspectat-de-atentate-la-comanda-a-fost-prins-in-romania-ce-au-gasit-anchetatorii-la-perchezitii-3934083\">\n<p data-index=\"1\"><strong>Un cet\u0103\u021bean suedez, membru al unei grup\u0103ri de crim\u0103 organizat\u0103 \u0219i suspectat de implicare \u00een mai multe atentate la comand\u0103 comise \u00een Suedia, a fost prins joi \u00een Rom\u00e2nia, \u00een urma unor perchezi\u021bii desf\u0103\u0219urate \u00een Bucure\u0219ti \u0219i Otopeni. B\u0103rbatul, stabilit \u00een \u021bar\u0103 de aproximativ trei ani, era c\u0103utat \u00een baza unui mandat de arestare emis de autorit\u0103\u021bile suedeze. Anchetatorii au descoperit dou\u0103 arme, o vest\u0103 antiglon\u021b \u0219i alte mijloace de prob\u0103, scrie Agerpres.<\/strong><\/p>\n<p data-index=\"2\">\u201eDin cercet\u0103ri a reie\u0219it faptul c\u0103, \u00een luna septembrie 2024, la o adres\u0103 din Stockholm, mai mul\u021bi f\u0103ptuitori, \u00eempreun\u0103 \u0219i \u00een \u00een\u021belegere, au \u00eencercat s\u0103 suprime via\u021ba a dou\u0103 victime. Unul dintre f\u0103ptuitori a executat foc asupra imobilului \u00een care se aflau persoanele v\u0103t\u0103mate, gloan\u021bele p\u0103trunz\u00e2nd prin u\u0219a de acces \u0219i \u00een locuin\u021b\u0103. \u00cen acest context, suspectul i-a sprijinit pe f\u0103ptuitori, ac\u021biunile sale fiind considerate amenin\u021b\u0103ri ilegale grave, \u00eentruc\u00e2t amenin\u021barea a fost \u00een mod considerabil amplificat\u0103 prin folosirea unei arme\u201d, arat\u0103 anchetatorii.<\/p>\n<p data-index=\"3\">\u00cen vederea document\u0103rii activit\u0103\u021bii infrac\u021bionale desf\u0103\u0219urate de b\u0103rbat \u0219i de alte persoane \u00een leg\u0103tur\u0103 cu mai multe atentate la comand\u0103 comise \u00een Suedia, autorit\u0103\u021bile de aplicare a legii din Rom\u00e2nia \u0219i Suedia au semnat, sub egida Eurojust, un acord pentru constituirea unei echipe comune de anchet\u0103 \u2013 JIT (Joint Investigation Team), men\u021bioneaz\u0103 DIICOT.<\/p>\n<p data-index=\"4\">\u201eFa\u021b\u0103 de suspect, membru al grup\u0103rii de criminalitate organizat\u0103, autorit\u0103\u021bile suedeze au emis un mandat de arestare, acesta urm\u00e2nd s\u0103 fie prezentat \u00een fa\u021ba judec\u0103torului de drepturi \u0219i libert\u0103\u021bi din cadrul Cur\u021bii de Apel Bucure\u0219ti\u201d, transmit procurorii.<\/p>\n<p data-index=\"5\">Anterior, la sf\u00e2r\u0219itul lunii iulie, un alt b\u0103rbat, tot cet\u0103\u021bean suedez \u0219i membru al unei grup\u0103ri rivale de criminalitate organizat\u0103, a fost depistat \u00een Rom\u00e2nia. Acesta era cercetat pentru s\u0103v\u00e2r\u0219irea infrac\u021biunii de conspira\u021bie la omor, iar pe numele s\u0103u fusese emis un mandat de arestare. Judec\u0103torii de drepturi \u0219i libert\u0103\u021bi din cadrul Cur\u021bii de Apel Bucure\u0219ti au dispus arestarea sa preventiv\u0103 \u00een vederea extr\u0103d\u0103rii, precizeaz\u0103 sursa citat\u0103.<\/p>\n<p data-index=\"6\">\u201ePe parcursul perchezi\u021biilor efectuate \u00een cursul acestei dimine\u021bi au fost g\u0103site \u0219i ridicate dou\u0103 arme, una cu aer comprimat \u0219i alta cu gaze, ambele urm\u00e2nd s\u0103 fie expertizate, o vest\u0103 antiglon\u021b, diferite cantit\u0103\u021bi de substan\u021b\u0103 vegetal\u0103, dispozitive de stocare a datelor, arme albe, precum \u0219i alte mijloace de prob\u0103\u201d, mai arat\u0103 anchetatorii.<\/p>\n<p data-index=\"7\">La ac\u021biune au fost prezen\u021bi \u0219i reprezentan\u021bi ai autorit\u0103\u021bilor judiciare din Suedia, aceasta fiind desf\u0103\u0219urat\u0103 cu sprijinul Europol, informeaz\u0103 DIICOT.<\/p>\n<p> Editor : <a href=\"https:\/\/www.digi24.ro\/autor\/stefania-apostol\"> \u0218.A. <\/a><\/p>\n<\/div>\n<p>[analyse_source url=&#8221;https:\/\/www.digi24.ro\/stiri\/actualitate\/un-suedez-suspectat-de-atentate-la-comanda-a-fost-prins-in-romania-ce-au-gasit-anchetatorii-la-perchezitii-3934083&#8243;]<\/p>\n","protected":false},"excerpt":{"rendered":"<p>[analyse_image type=&#8221;featured&#8221; src=&#8221;https:\/\/s.iw.ro\/gateway\/g\/ZmlsZVNvdXJjZT1odHRwJTNBJTJGJTJG\/c3RvcmFnZTA4dHJhbnNjb2Rlci5yY3Mt\/cmRzLnJvJTJGc3RvcmFnZSUyRjIwMjYl\/MkYwMSUyRjIzJTJGMjU1NTMyNF8yNTU1\/MzI0X29maXRlcmktZGlpY290LWlucXVh\/bS1vY3Rhdi1nYW5lYS0xLmpwZyZ3PTEy\/MDAmaD02MzAmemM9MSZoYXNoPTZiYjZl\/MWU3MjJiNzdlZjc1MWJjODZhZjk4ZTc1ODAx.thumb.jpg&#8221;] Un cet\u0103\u021bean suedez, membru al unei grup\u0103ri de crim\u0103 organizat\u0103 \u0219i suspectat de implicare \u00een mai multe atentate la comand\u0103 comise \u00een Suedia, a fost prins joi \u00een Rom\u00e2nia, \u00een urma unor perchezi\u021bii desf\u0103\u0219urate \u00een Bucure\u0219ti \u0219i Otopeni. B\u0103rbatul, stabilit \u00een \u021bar\u0103 de aproximativ trei ani, era c\u0103utat \u00een baza unui mandat [&hellip;]<\/p>\n","protected":false},"author":1,"featured_media":0,"comment_status":"open","ping_status":"","sticky":false,"template":"","format":"standard","meta":{"footnotes":""},"categories":[89],"tags":[226,11],"class_list":["post-2126743","post","type-post","status-publish","format-standard","hentry","category-romania","tag-crawlmanager","tag-digi24"],"_links":{"self":[{"href":"https:\/\/analyse.optim.biz\/index.php?rest_route=\/wp\/v2\/posts\/2126743","targetHints":{"allow":["GET"]}}],"collection":[{"href":"https:\/\/analyse.optim.biz\/index.php?rest_route=\/wp\/v2\/posts"}],"about":[{"href":"https:\/\/analyse.optim.biz\/index.php?rest_route=\/wp\/v2\/types\/post"}],"author":[{"embeddable":true,"href":"https:\/\/analyse.optim.biz\/index.php?rest_route=\/wp\/v2\/users\/1"}],"replies":[{"embeddable":true,"href":"https:\/\/analyse.optim.biz\/index.php?rest_route=%2Fwp%2Fv2%2Fcomments&post=2126743"}],"version-history":[{"count":0,"href":"https:\/\/analyse.optim.biz\/index.php?rest_route=\/wp\/v2\/posts\/2126743\/revisions"}],"wp:attachment":[{"href":"https:\/\/analyse.optim.biz\/index.php?rest_route=%2Fwp%2Fv2%2Fmedia&parent=2126743"}],"wp:term":[{"taxonomy":"category","embeddable":true,"href":"https:\/\/analyse.optim.biz\/index.php?rest_route=%2Fwp%2Fv2%2Fcategories&post=2126743"},{"taxonomy":"post_tag","embeddable":true,"href":"https:\/\/analyse.optim.biz\/index.php?rest_route=%2Fwp%2Fv2%2Ftags&post=2126743"}],"curies":[{"name":"wp","href":"https:\/\/api.w.org\/{rel}","templated":true}]}}